{"id":17662,"date":"2025-08-12T03:05:18","date_gmt":"2025-08-12T00:05:18","guid":{"rendered":"https:\/\/www.dabusarquitetura.com.br\/blog\/?p=17662"},"modified":"2025-11-15T00:36:57","modified_gmt":"2025-11-14T21:36:57","slug":"solucoes-termoacustica-corporativa","status":"publish","type":"post","link":"https:\/\/www.dabusarquitetura.com.br\/blog\/solucoes-termoacustica-corporativa\/","title":{"rendered":"6 solu\u00e7\u00f5es de termoac\u00fastica corporativa para transformar seu ambiente de trabalho"},"content":{"rendered":"<div class=\"wp-block-image\">\n<figure class=\"aligncenter size-large\"><img decoding=\"async\" loading=\"lazy\" width=\"1024\" height=\"400\" src=\"http:\/\/www.dabusarquitetura.com.br\/blog\/wp-content\/uploads\/2025\/08\/solucoes-termoacustica-corporativa-1024x400.jpg\" alt=\"Solu\u00e7\u00f5es de termoac\u00fastica corporativa\" class=\"wp-image-17663\" title=\"Projeto DABUS ARQUITETURA\" srcset=\"https:\/\/www.dabusarquitetura.com.br\/blog\/wp-content\/uploads\/2025\/08\/solucoes-termoacustica-corporativa-1024x400.jpg 1024w, https:\/\/www.dabusarquitetura.com.br\/blog\/wp-content\/uploads\/2025\/08\/solucoes-termoacustica-corporativa-300x117.jpg 300w, https:\/\/www.dabusarquitetura.com.br\/blog\/wp-content\/uploads\/2025\/08\/solucoes-termoacustica-corporativa-768x300.jpg 768w, https:\/\/www.dabusarquitetura.com.br\/blog\/wp-content\/uploads\/2025\/08\/solucoes-termoacustica-corporativa.jpg 1440w\" sizes=\"(max-width: 1024px) 100vw, 1024px\" \/><\/figure><\/div>\n\n\n<p>A <strong>termoac\u00fastica corporativa<\/strong> \u00e9 fundamental para criar espa\u00e7os mais produtivos, confort\u00e1veis e funcionais. Ela controla ru\u00eddos e regula a temperatura, aumentando o bem-estar dos ocupantes. Al\u00e9m disso, <strong>contribui para a efici\u00eancia energ\u00e9tica e melhora a concentra\u00e7\u00e3o<\/strong>. Por isso, investir nesse recurso traz ganhos diretos para os colaboradores e para a empresa.<\/p>\n\n\n\n<p>Assim, neste artigo, voc\u00ea conhecer\u00e1 6 solu\u00e7\u00f5es eficazes. Elas unem t\u00e9cnica, est\u00e9tica e funcionalidade, sempre com <strong>foco no desempenho e no conforto<\/strong>. Ao aplicar essas estrat\u00e9gias, o resultado ser\u00e1 um ambiente mais silencioso, agrad\u00e1vel e eficiente.<\/p>\n\n\n\n<p>Acompanhe!<\/p>\n\n\n\n<h2 class=\"wp-block-heading\">1. Revestimentos ac\u00fasticos de parede<\/h2>\n\n\n\n<p>Os revestimentos de parede s\u00e3o \u00f3timos para <strong>absorver sons e evitar ecos<\/strong>. Com diferentes acabamentos e cores, se adaptam ao estilo da empresa. Al\u00e9m disso, s\u00e3o simples de instalar e t\u00eam f\u00e1cil manuten\u00e7\u00e3o. Desse modo, a est\u00e9tica e a funcionalidade caminham juntas.<\/p>\n\n\n\n<h3 class=\"wp-block-heading\">2. Forros termoac\u00fasticos<\/h3>\n\n\n\n<p>Forros especiais <strong>reduzem ru\u00eddos e ajudam a manter a temperatura est\u00e1vel<\/strong>. Eles funcionam como uma barreira dupla, atuando no conforto t\u00e9rmico e ac\u00fastico. Com isso, diminuem o uso de ar-condicionado e aquecedores. Portanto, <strong>o ganho \u00e9 tamb\u00e9m financeiro<\/strong>.<\/p>\n\n\n\n<h3 class=\"wp-block-heading\">3. Divis\u00f3rias com isolamento<\/h3>\n\n\n\n<p>As divis\u00f3rias isolantes criam <strong>\u00e1reas mais reservadas e livres de ru\u00eddos externos<\/strong>. Elas s\u00e3o ideais para salas de reuni\u00e3o, espa\u00e7os de foco e \u00e1reas administrativas. Al\u00e9m disso, oferecem privacidade sem comprometer o design. Assim, contribuem para a concentra\u00e7\u00e3o e a organiza\u00e7\u00e3o.<\/p>\n\n\n\n<h3 class=\"wp-block-heading\">4. Vidros duplos e laminados<\/h3>\n\n\n\n<p>O uso de vidros especiais <strong>reduz significativamente a entrada de calor e som<\/strong>. Essa solu\u00e7\u00e3o \u00e9 perfeita para fachadas ou salas envidra\u00e7adas. Ao mesmo tempo, mant\u00e9m a luminosidade natural, o que valoriza o ambiente. Com isso, h\u00e1 menos necessidade de ilumina\u00e7\u00e3o artificial.<\/p>\n\n\n\n<h3 class=\"wp-block-heading\">5. Pisos que absorvem ru\u00eddo<\/h3>\n\n\n\n<p>Certos tipos de piso, como os vin\u00edlicos e os carpetes modulares, ajudam a <strong>abafar sons de passos e movimenta\u00e7\u00e3o<\/strong>. Eles tornam o ambiente mais silencioso e confort\u00e1vel. Al\u00e9m disso, oferecem resist\u00eancia e f\u00e1cil limpeza. Por isso, s\u00e3o muito usados em escrit\u00f3rios de alto fluxo.<\/p>\n\n\n\n<h3 class=\"wp-block-heading\">6. Pain\u00e9is ac\u00fasticos suspensos<\/h3>\n\n\n\n<p>Os pain\u00e9is suspensos s\u00e3o vers\u00e1teis e podem ser instalados sobre mesas ou \u00e1reas coletivas. Eles <strong>reduzem ru\u00eddos no n\u00edvel da fala<\/strong>, melhorando a comunica\u00e7\u00e3o. Ao mesmo tempo, funcionam como elemento de ambienta\u00e7\u00e3o. Desse modo, a est\u00e9tica e o desempenho se combinam com equil\u00edbrio.<\/p>\n\n\n\n<h3 class=\"wp-block-heading\">Integrando a termoac\u00fastica corporativa ao projeto<\/h3>\n\n\n\n<p>Para que essas solu\u00e7\u00f5es tenham o m\u00e1ximo de efeito, \u00e9 importante um <strong>planejamento integrado<\/strong>. Isso envolve estudar o layout, os materiais e a rotina da empresa. Quando aplicadas de forma estrat\u00e9gica, elas <strong>aumentam a produtividade e o conforto<\/strong>. Al\u00e9m disso, reduzem gastos com climatiza\u00e7\u00e3o e manuten\u00e7\u00e3o.<\/p>\n\n\n\n<p>Quer transformar seu escrit\u00f3rio com efici\u00eancia e estilo? Fale com a gente pelo <a href=\"https:\/\/api.whatsapp.com\/send?l=pt&amp;phone=5511983276060\" target=\"_blank\" rel=\"noreferrer noopener\"><strong>WhatsApp 11 98327-6060<\/strong><\/a>.<\/p>\n","protected":false},"excerpt":{"rendered":"<p>A termoac\u00fastica corporativa \u00e9 fundamental para criar espa\u00e7os mais produtivos, confort\u00e1veis e funcionais. Ela controla ru\u00eddos e regula a temperatura, aumentando o bem-estar dos ocupantes. [&hellip;]<\/p>\n","protected":false},"author":3,"featured_media":0,"comment_status":"open","ping_status":"open","sticky":false,"template":"","format":"standard","meta":[],"categories":[7],"tags":[],"yoast_head":"<!-- This site is optimized with the Yoast SEO plugin v20.8 - https:\/\/yoast.com\/wordpress\/plugins\/seo\/ -->\n<title>6 solu\u00e7\u00f5es de termoac\u00fastica corporativa<\/title>\n<meta name=\"description\" content=\"Sem uma boa termoac\u00fastica corporativa n\u00e3o \u00e9 poss\u00edvel garantir o conforto e efici\u00eancia de um ambiente de trabalho. Conhe\u00e7a as medida!\" \/>\n<meta name=\"robots\" content=\"index, follow, max-snippet:-1, max-image-preview:large, max-video-preview:-1\" \/>\n<link rel=\"canonical\" href=\"https:\/\/www.dabusarquitetura.com.br\/blog\/solucoes-termoacustica-corporativa\/\" \/>\n<meta property=\"og:locale\" content=\"pt_BR\" \/>\n<meta property=\"og:type\" content=\"article\" \/>\n<meta property=\"og:title\" content=\"6 solu\u00e7\u00f5es de termoac\u00fastica corporativa\" \/>\n<meta property=\"og:description\" content=\"Sem uma boa termoac\u00fastica corporativa n\u00e3o \u00e9 poss\u00edvel garantir o conforto e efici\u00eancia de um ambiente de trabalho. Conhe\u00e7a as medida!\" \/>\n<meta property=\"og:url\" content=\"https:\/\/www.dabusarquitetura.com.br\/blog\/solucoes-termoacustica-corporativa\/\" \/>\n<meta property=\"og:site_name\" content=\"DABUS ARQUITETURA\" \/>\n<meta property=\"article:published_time\" content=\"2025-08-12T00:05:18+00:00\" \/>\n<meta property=\"article:modified_time\" content=\"2025-11-14T21:36:57+00:00\" \/>\n<meta property=\"og:image\" content=\"http:\/\/www.dabusarquitetura.com.br\/blog\/wp-content\/uploads\/2025\/08\/solucoes-termoacustica-corporativa-1024x400.jpg\" \/>\n<meta name=\"author\" content=\"heloisa.dabus\" \/>\n<meta name=\"twitter:card\" content=\"summary_large_image\" \/>\n<meta name=\"twitter:label1\" content=\"Escrito por\" \/>\n\t<meta name=\"twitter:data1\" content=\"heloisa.dabus\" \/>\n\t<meta name=\"twitter:label2\" content=\"Est. tempo de leitura\" \/>\n\t<meta name=\"twitter:data2\" content=\"3 minutos\" \/>\n<script type=\"application\/ld+json\" class=\"yoast-schema-graph\">{\"@context\":\"https:\/\/schema.org\",\"@graph\":[{\"@type\":\"WebPage\",\"@id\":\"https:\/\/www.dabusarquitetura.com.br\/blog\/solucoes-termoacustica-corporativa\/\",\"url\":\"https:\/\/www.dabusarquitetura.com.br\/blog\/solucoes-termoacustica-corporativa\/\",\"name\":\"6 solu\u00e7\u00f5es de termoac\u00fastica corporativa\",\"isPartOf\":{\"@id\":\"https:\/\/www.dabusarquitetura.com.br\/blog\/#website\"},\"datePublished\":\"2025-08-12T00:05:18+00:00\",\"dateModified\":\"2025-11-14T21:36:57+00:00\",\"author\":{\"@id\":\"https:\/\/www.dabusarquitetura.com.br\/blog\/#\/schema\/person\/978b78d74759412a1cd43634996237c4\"},\"description\":\"Sem uma boa termoac\u00fastica corporativa n\u00e3o \u00e9 poss\u00edvel garantir o conforto e efici\u00eancia de um ambiente de trabalho. Conhe\u00e7a as medida!\",\"breadcrumb\":{\"@id\":\"https:\/\/www.dabusarquitetura.com.br\/blog\/solucoes-termoacustica-corporativa\/#breadcrumb\"},\"inLanguage\":\"pt-BR\",\"potentialAction\":[{\"@type\":\"ReadAction\",\"target\":[\"https:\/\/www.dabusarquitetura.com.br\/blog\/solucoes-termoacustica-corporativa\/\"]}]},{\"@type\":\"BreadcrumbList\",\"@id\":\"https:\/\/www.dabusarquitetura.com.br\/blog\/solucoes-termoacustica-corporativa\/#breadcrumb\",\"itemListElement\":[{\"@type\":\"ListItem\",\"position\":1,\"name\":\"In\u00edcio\",\"item\":\"https:\/\/www.dabusarquitetura.com.br\/blog\/\"},{\"@type\":\"ListItem\",\"position\":2,\"name\":\"6 solu\u00e7\u00f5es de termoac\u00fastica corporativa para transformar seu ambiente de trabalho\"}]},{\"@type\":\"WebSite\",\"@id\":\"https:\/\/www.dabusarquitetura.com.br\/blog\/#website\",\"url\":\"https:\/\/www.dabusarquitetura.com.br\/blog\/\",\"name\":\"DABUS ARQUITETURA\",\"description\":\"Arquitetura Corporativa\",\"potentialAction\":[{\"@type\":\"SearchAction\",\"target\":{\"@type\":\"EntryPoint\",\"urlTemplate\":\"https:\/\/www.dabusarquitetura.com.br\/blog\/?s={search_term_string}\"},\"query-input\":\"required name=search_term_string\"}],\"inLanguage\":\"pt-BR\"},{\"@type\":\"Person\",\"@id\":\"https:\/\/www.dabusarquitetura.com.br\/blog\/#\/schema\/person\/978b78d74759412a1cd43634996237c4\",\"name\":\"heloisa.dabus\",\"image\":{\"@type\":\"ImageObject\",\"inLanguage\":\"pt-BR\",\"@id\":\"https:\/\/www.dabusarquitetura.com.br\/blog\/#\/schema\/person\/image\/\",\"url\":\"https:\/\/secure.gravatar.com\/avatar\/4078f4f8e54fb70a99a5e9edc642ecb1?s=96&d=mm&r=g\",\"contentUrl\":\"https:\/\/secure.gravatar.com\/avatar\/4078f4f8e54fb70a99a5e9edc642ecb1?s=96&d=mm&r=g\",\"caption\":\"heloisa.dabus\"},\"url\":\"https:\/\/www.dabusarquitetura.com.br\/blog\/author\/heloisa-dabus\/\"}]}<\/script>\n<!-- \/ Yoast SEO plugin. -->","yoast_head_json":{"title":"6 solu\u00e7\u00f5es de termoac\u00fastica corporativa","description":"Sem uma boa termoac\u00fastica corporativa n\u00e3o \u00e9 poss\u00edvel garantir o conforto e efici\u00eancia de um ambiente de trabalho. Conhe\u00e7a as medida!","robots":{"index":"index","follow":"follow","max-snippet":"max-snippet:-1","max-image-preview":"max-image-preview:large","max-video-preview":"max-video-preview:-1"},"canonical":"https:\/\/www.dabusarquitetura.com.br\/blog\/solucoes-termoacustica-corporativa\/","og_locale":"pt_BR","og_type":"article","og_title":"6 solu\u00e7\u00f5es de termoac\u00fastica corporativa","og_description":"Sem uma boa termoac\u00fastica corporativa n\u00e3o \u00e9 poss\u00edvel garantir o conforto e efici\u00eancia de um ambiente de trabalho. Conhe\u00e7a as medida!","og_url":"https:\/\/www.dabusarquitetura.com.br\/blog\/solucoes-termoacustica-corporativa\/","og_site_name":"DABUS ARQUITETURA","article_published_time":"2025-08-12T00:05:18+00:00","article_modified_time":"2025-11-14T21:36:57+00:00","og_image":[{"url":"http:\/\/www.dabusarquitetura.com.br\/blog\/wp-content\/uploads\/2025\/08\/solucoes-termoacustica-corporativa-1024x400.jpg"}],"author":"heloisa.dabus","twitter_card":"summary_large_image","twitter_misc":{"Escrito por":"heloisa.dabus","Est. tempo de leitura":"3 minutos"},"schema":{"@context":"https:\/\/schema.org","@graph":[{"@type":"WebPage","@id":"https:\/\/www.dabusarquitetura.com.br\/blog\/solucoes-termoacustica-corporativa\/","url":"https:\/\/www.dabusarquitetura.com.br\/blog\/solucoes-termoacustica-corporativa\/","name":"6 solu\u00e7\u00f5es de termoac\u00fastica corporativa","isPartOf":{"@id":"https:\/\/www.dabusarquitetura.com.br\/blog\/#website"},"datePublished":"2025-08-12T00:05:18+00:00","dateModified":"2025-11-14T21:36:57+00:00","author":{"@id":"https:\/\/www.dabusarquitetura.com.br\/blog\/#\/schema\/person\/978b78d74759412a1cd43634996237c4"},"description":"Sem uma boa termoac\u00fastica corporativa n\u00e3o \u00e9 poss\u00edvel garantir o conforto e efici\u00eancia de um ambiente de trabalho. Conhe\u00e7a as medida!","breadcrumb":{"@id":"https:\/\/www.dabusarquitetura.com.br\/blog\/solucoes-termoacustica-corporativa\/#breadcrumb"},"inLanguage":"pt-BR","potentialAction":[{"@type":"ReadAction","target":["https:\/\/www.dabusarquitetura.com.br\/blog\/solucoes-termoacustica-corporativa\/"]}]},{"@type":"BreadcrumbList","@id":"https:\/\/www.dabusarquitetura.com.br\/blog\/solucoes-termoacustica-corporativa\/#breadcrumb","itemListElement":[{"@type":"ListItem","position":1,"name":"In\u00edcio","item":"https:\/\/www.dabusarquitetura.com.br\/blog\/"},{"@type":"ListItem","position":2,"name":"6 solu\u00e7\u00f5es de termoac\u00fastica corporativa para transformar seu ambiente de trabalho"}]},{"@type":"WebSite","@id":"https:\/\/www.dabusarquitetura.com.br\/blog\/#website","url":"https:\/\/www.dabusarquitetura.com.br\/blog\/","name":"DABUS ARQUITETURA","description":"Arquitetura Corporativa","potentialAction":[{"@type":"SearchAction","target":{"@type":"EntryPoint","urlTemplate":"https:\/\/www.dabusarquitetura.com.br\/blog\/?s={search_term_string}"},"query-input":"required name=search_term_string"}],"inLanguage":"pt-BR"},{"@type":"Person","@id":"https:\/\/www.dabusarquitetura.com.br\/blog\/#\/schema\/person\/978b78d74759412a1cd43634996237c4","name":"heloisa.dabus","image":{"@type":"ImageObject","inLanguage":"pt-BR","@id":"https:\/\/www.dabusarquitetura.com.br\/blog\/#\/schema\/person\/image\/","url":"https:\/\/secure.gravatar.com\/avatar\/4078f4f8e54fb70a99a5e9edc642ecb1?s=96&d=mm&r=g","contentUrl":"https:\/\/secure.gravatar.com\/avatar\/4078f4f8e54fb70a99a5e9edc642ecb1?s=96&d=mm&r=g","caption":"heloisa.dabus"},"url":"https:\/\/www.dabusarquitetura.com.br\/blog\/author\/heloisa-dabus\/"}]}},"_links":{"self":[{"href":"https:\/\/www.dabusarquitetura.com.br\/blog\/wp-json\/wp\/v2\/posts\/17662"}],"collection":[{"href":"https:\/\/www.dabusarquitetura.com.br\/blog\/wp-json\/wp\/v2\/posts"}],"about":[{"href":"https:\/\/www.dabusarquitetura.com.br\/blog\/wp-json\/wp\/v2\/types\/post"}],"author":[{"embeddable":true,"href":"https:\/\/www.dabusarquitetura.com.br\/blog\/wp-json\/wp\/v2\/users\/3"}],"replies":[{"embeddable":true,"href":"https:\/\/www.dabusarquitetura.com.br\/blog\/wp-json\/wp\/v2\/comments?post=17662"}],"version-history":[{"count":2,"href":"https:\/\/www.dabusarquitetura.com.br\/blog\/wp-json\/wp\/v2\/posts\/17662\/revisions"}],"predecessor-version":[{"id":17665,"href":"https:\/\/www.dabusarquitetura.com.br\/blog\/wp-json\/wp\/v2\/posts\/17662\/revisions\/17665"}],"wp:attachment":[{"href":"https:\/\/www.dabusarquitetura.com.br\/blog\/wp-json\/wp\/v2\/media?parent=17662"}],"wp:term":[{"taxonomy":"category","embeddable":true,"href":"https:\/\/www.dabusarquitetura.com.br\/blog\/wp-json\/wp\/v2\/categories?post=17662"},{"taxonomy":"post_tag","embeddable":true,"href":"https:\/\/www.dabusarquitetura.com.br\/blog\/wp-json\/wp\/v2\/tags?post=17662"}],"curies":[{"name":"wp","href":"https:\/\/api.w.org\/{rel}","templated":true}]}}