{"id":17644,"date":"2025-07-14T13:56:33","date_gmt":"2025-07-14T10:56:33","guid":{"rendered":"https:\/\/www.dabusarquitetura.com.br\/blog\/?p=17644"},"modified":"2025-11-15T00:36:37","modified_gmt":"2025-11-14T21:36:37","slug":"ecossistema-corporativo-rede-de-experiencias","status":"publish","type":"post","link":"https:\/\/www.dabusarquitetura.com.br\/blog\/ecossistema-corporativo-rede-de-experiencias\/","title":{"rendered":"Ecossistema corporativo: do ponto fixo \u00e0 rede de experi\u00eancias"},"content":{"rendered":"<div class=\"wp-block-image\">\n<figure class=\"aligncenter size-large\"><img decoding=\"async\" loading=\"lazy\" width=\"1024\" height=\"396\" src=\"https:\/\/www.dabusarquitetura.com.br\/blog\/wp-content\/uploads\/2025\/07\/arquitetura-ecossistema-corporativo-1024x396.jpg\" alt=\"Ecossistema corporativo\" class=\"wp-image-17645\" title=\"Projeto DABUS ARQUITETURA \" srcset=\"https:\/\/www.dabusarquitetura.com.br\/blog\/wp-content\/uploads\/2025\/07\/arquitetura-ecossistema-corporativo-1024x396.jpg 1024w, https:\/\/www.dabusarquitetura.com.br\/blog\/wp-content\/uploads\/2025\/07\/arquitetura-ecossistema-corporativo-300x116.jpg 300w, https:\/\/www.dabusarquitetura.com.br\/blog\/wp-content\/uploads\/2025\/07\/arquitetura-ecossistema-corporativo-768x297.jpg 768w, https:\/\/www.dabusarquitetura.com.br\/blog\/wp-content\/uploads\/2025\/07\/arquitetura-ecossistema-corporativo-1536x594.jpg 1536w, https:\/\/www.dabusarquitetura.com.br\/blog\/wp-content\/uploads\/2025\/07\/arquitetura-ecossistema-corporativo-2048x793.jpg 2048w\" sizes=\"(max-width: 1024px) 100vw, 1024px\" \/><\/figure><\/div>\n\n\n<p>O <strong>ecossistema corporativo<\/strong> evoluiu. Antes, o escrit\u00f3rio era visto como um <strong>local \u00fanico e fixo<\/strong>. Hoje, ele \u00e9 apenas um dos elementos de uma <strong>rede maior e mais fluida<\/strong>. Esse movimento tem mudado n\u00e3o s\u00f3 a forma como as empresas operam, mas tamb\u00e9m como os espa\u00e7os de trabalho s\u00e3o planejados.<\/p>\n\n\n\n<p>Agora, mais do que um endere\u00e7o, o escrit\u00f3rio \u00e9 um <strong>ponto de conex\u00e3o estrat\u00e9gica<\/strong>. \u00c9 o lugar onde ideias se cruzam, onde a cultura se manifesta fisicamente e onde rela\u00e7\u00f5es ganham for\u00e7a. Mas ele j\u00e1 n\u00e3o precisa ser centralizado, tampouco r\u00edgido.<\/p>\n\n\n\n<h2 class=\"wp-block-heading\">O escrit\u00f3rio como parte de um ecossistema corporativo<\/h2>\n\n\n\n<p>A l\u00f3gica atual n\u00e3o \u00e9 mais a da presen\u00e7a constante. Em vez disso, <strong>o trabalho gira em torno da experi\u00eancia<\/strong> \u2014 seja ela digital, h\u00edbrida ou presencial. Por isso, muitas empresas est\u00e3o investindo em escrit\u00f3rios-sat\u00e9lites, hubs de inova\u00e7\u00e3o, espa\u00e7os tempor\u00e1rios, coworkings corporativos e ambientes compartilhados com parceiros estrat\u00e9gicos.<\/p>\n\n\n\n<p>Assim, nasce o ecossistema corporativo: um conjunto de pontos interligados que oferece <strong>suporte ao trabalho, \u00e0 cultura e \u00e0 inova\u00e7\u00e3o<\/strong>. E tudo isso acontece de forma integrada, mesmo que fisicamente dispersa.<\/p>\n\n\n\n<p>Al\u00e9m disso, essa abordagem aumenta a autonomia das equipes, melhora a experi\u00eancia do colaborador e cria um ambiente mais <strong>resiliente e adapt\u00e1vel \u00e0s mudan\u00e7as<\/strong>.<\/p>\n\n\n\n<h3 class=\"wp-block-heading\">Arquitetura distribu\u00edda: mais flex\u00edvel, mais estrat\u00e9gica<\/h3>\n\n\n\n<p>Na pr\u00e1tica, o escrit\u00f3rio deixa de ser o \u201ccentro de tudo\u201d e passa a funcionar como uma plataforma distribu\u00edda. Desse modo, isso significa que os espa\u00e7os precisam:<\/p>\n\n\n\n<ul>\n<li>Se adaptar com rapidez \u00e0s novas din\u00e2micas de trabalho;<\/li>\n\n\n\n<li>Funcionar de forma complementar aos demais pontos do ecossistema;<\/li>\n\n\n\n<li>Refor\u00e7ar a identidade da marca, mesmo que em formatos variados;<\/li>\n\n\n\n<li>Proporcionar experi\u00eancias coerentes, onde quer que o colaborador esteja.<\/li>\n<\/ul>\n\n\n\n<p>Dessa forma, a <a href=\"https:\/\/www.dabusarquitetura.com.br\/site\/arquitetura-corporativa\"><strong>Arquitetura Corporativa<\/strong><\/a> deixa de ser est\u00e1tica e passa a operar em rede. Ou seja, cada ambiente \u00e9 projetado para dialogar com os demais. O que refor\u00e7a a cultura, a <a href=\"https:\/\/www.dabusarquitetura.com.br\/blog\/conheca-escritorio-colaborativo-gft\/\"><strong>colabora\u00e7\u00e3o<\/strong><\/a> e o prop\u00f3sito da empresa.<\/p>\n\n\n\n<h3 class=\"wp-block-heading\">Por que isso importa?<\/h3>\n\n\n\n<p>Empresas que adotam esse modelo saem na frente. Primeiro, porque <strong>acompanham as mudan\u00e7as de comportamento dos profissionais<\/strong>. Segundo, porque criam ambientes que estimulam inova\u00e7\u00e3o, pertencimento e bem-estar.<\/p>\n\n\n\n<p>Al\u00e9m disso, ao enxergar o escrit\u00f3rio como parte de um ecossistema, <strong>os investimentos em espa\u00e7o ganham mais sentido<\/strong>. Em vez de apostar tudo em uma sede \u00fanica, a organiza\u00e7\u00e3o pode criar solu\u00e7\u00f5es sob medida, de acordo com a fun\u00e7\u00e3o de cada ponto.<\/p>\n\n\n\n<p>Pensar o espa\u00e7o de trabalho como parte de um ecossistema corporativo \u00e9 agir com vis\u00e3o de futuro. Afinal, os escrit\u00f3rios deixaram de ser apenas locais de execu\u00e7\u00e3o. Hoje, eles s\u00e3o <strong>ambientes de encontro, cultura e estrat\u00e9gia<\/strong>.<\/p>\n\n\n\n<p>Na <strong>DABUS ARQUITETURA<\/strong>, acreditamos que cada empresa pode criar seu pr\u00f3prio ecossistema \u2014 com intelig\u00eancia, sensibilidade e prop\u00f3sito.<\/p>\n\n\n\n<p>Fale com a gente no <a href=\"https:\/\/api.whatsapp.com\/send?l=pt&amp;phone=5511983276060\" target=\"_blank\" rel=\"noreferrer noopener\"><strong>WhatsApp 11 98327-6060<\/strong><\/a>. Vamos transformar seus espa\u00e7os em <strong>experi\u00eancias conectadas<\/strong> com o que realmente importa.<\/p>\n","protected":false},"excerpt":{"rendered":"<p>O ecossistema corporativo evoluiu. Antes, o escrit\u00f3rio era visto como um local \u00fanico e fixo. Hoje, ele \u00e9 apenas um dos elementos de uma rede [&hellip;]<\/p>\n","protected":false},"author":3,"featured_media":0,"comment_status":"open","ping_status":"open","sticky":false,"template":"","format":"standard","meta":[],"categories":[7],"tags":[],"yoast_head":"<!-- This site is optimized with the Yoast SEO plugin v20.8 - https:\/\/yoast.com\/wordpress\/plugins\/seo\/ -->\n<title>Ecossistema corporativo: do ponto fixo \u00e0 rede de experi\u00eancias<\/title>\n<meta name=\"description\" content=\"Voc\u00ea sabe o que \u00e9 ecossistema corporativo? Descubra e entenda como o modelo est\u00e1 transformando os ambiientea de trabalho.\" \/>\n<meta name=\"robots\" content=\"index, follow, max-snippet:-1, max-image-preview:large, max-video-preview:-1\" \/>\n<link rel=\"canonical\" href=\"https:\/\/www.dabusarquitetura.com.br\/blog\/ecossistema-corporativo-rede-de-experiencias\/\" \/>\n<meta property=\"og:locale\" content=\"pt_BR\" \/>\n<meta property=\"og:type\" content=\"article\" \/>\n<meta property=\"og:title\" content=\"Ecossistema corporativo: do ponto fixo \u00e0 rede de experi\u00eancias\" \/>\n<meta property=\"og:description\" content=\"Voc\u00ea sabe o que \u00e9 ecossistema corporativo? Descubra e entenda como o modelo est\u00e1 transformando os ambiientea de trabalho.\" \/>\n<meta property=\"og:url\" content=\"https:\/\/www.dabusarquitetura.com.br\/blog\/ecossistema-corporativo-rede-de-experiencias\/\" \/>\n<meta property=\"og:site_name\" content=\"DABUS ARQUITETURA\" \/>\n<meta property=\"article:published_time\" content=\"2025-07-14T10:56:33+00:00\" \/>\n<meta property=\"article:modified_time\" content=\"2025-11-14T21:36:37+00:00\" \/>\n<meta property=\"og:image\" content=\"https:\/\/www.dabusarquitetura.com.br\/blog\/wp-content\/uploads\/2025\/07\/arquitetura-ecossistema-corporativo-1024x396.jpg\" \/>\n<meta name=\"author\" content=\"heloisa.dabus\" \/>\n<meta name=\"twitter:card\" content=\"summary_large_image\" \/>\n<meta name=\"twitter:label1\" content=\"Escrito por\" \/>\n\t<meta name=\"twitter:data1\" content=\"heloisa.dabus\" \/>\n\t<meta name=\"twitter:label2\" content=\"Est. tempo de leitura\" \/>\n\t<meta name=\"twitter:data2\" content=\"3 minutos\" \/>\n<script type=\"application\/ld+json\" class=\"yoast-schema-graph\">{\"@context\":\"https:\/\/schema.org\",\"@graph\":[{\"@type\":\"WebPage\",\"@id\":\"https:\/\/www.dabusarquitetura.com.br\/blog\/ecossistema-corporativo-rede-de-experiencias\/\",\"url\":\"https:\/\/www.dabusarquitetura.com.br\/blog\/ecossistema-corporativo-rede-de-experiencias\/\",\"name\":\"Ecossistema corporativo: do ponto fixo \u00e0 rede de experi\u00eancias\",\"isPartOf\":{\"@id\":\"https:\/\/www.dabusarquitetura.com.br\/blog\/#website\"},\"datePublished\":\"2025-07-14T10:56:33+00:00\",\"dateModified\":\"2025-11-14T21:36:37+00:00\",\"author\":{\"@id\":\"https:\/\/www.dabusarquitetura.com.br\/blog\/#\/schema\/person\/978b78d74759412a1cd43634996237c4\"},\"description\":\"Voc\u00ea sabe o que \u00e9 ecossistema corporativo? Descubra e entenda como o modelo est\u00e1 transformando os ambiientea de trabalho.\",\"breadcrumb\":{\"@id\":\"https:\/\/www.dabusarquitetura.com.br\/blog\/ecossistema-corporativo-rede-de-experiencias\/#breadcrumb\"},\"inLanguage\":\"pt-BR\",\"potentialAction\":[{\"@type\":\"ReadAction\",\"target\":[\"https:\/\/www.dabusarquitetura.com.br\/blog\/ecossistema-corporativo-rede-de-experiencias\/\"]}]},{\"@type\":\"BreadcrumbList\",\"@id\":\"https:\/\/www.dabusarquitetura.com.br\/blog\/ecossistema-corporativo-rede-de-experiencias\/#breadcrumb\",\"itemListElement\":[{\"@type\":\"ListItem\",\"position\":1,\"name\":\"In\u00edcio\",\"item\":\"https:\/\/www.dabusarquitetura.com.br\/blog\/\"},{\"@type\":\"ListItem\",\"position\":2,\"name\":\"Ecossistema corporativo: do ponto fixo \u00e0 rede de experi\u00eancias\"}]},{\"@type\":\"WebSite\",\"@id\":\"https:\/\/www.dabusarquitetura.com.br\/blog\/#website\",\"url\":\"https:\/\/www.dabusarquitetura.com.br\/blog\/\",\"name\":\"DABUS ARQUITETURA\",\"description\":\"Arquitetura Corporativa\",\"potentialAction\":[{\"@type\":\"SearchAction\",\"target\":{\"@type\":\"EntryPoint\",\"urlTemplate\":\"https:\/\/www.dabusarquitetura.com.br\/blog\/?s={search_term_string}\"},\"query-input\":\"required name=search_term_string\"}],\"inLanguage\":\"pt-BR\"},{\"@type\":\"Person\",\"@id\":\"https:\/\/www.dabusarquitetura.com.br\/blog\/#\/schema\/person\/978b78d74759412a1cd43634996237c4\",\"name\":\"heloisa.dabus\",\"image\":{\"@type\":\"ImageObject\",\"inLanguage\":\"pt-BR\",\"@id\":\"https:\/\/www.dabusarquitetura.com.br\/blog\/#\/schema\/person\/image\/\",\"url\":\"https:\/\/secure.gravatar.com\/avatar\/4078f4f8e54fb70a99a5e9edc642ecb1?s=96&d=mm&r=g\",\"contentUrl\":\"https:\/\/secure.gravatar.com\/avatar\/4078f4f8e54fb70a99a5e9edc642ecb1?s=96&d=mm&r=g\",\"caption\":\"heloisa.dabus\"},\"url\":\"https:\/\/www.dabusarquitetura.com.br\/blog\/author\/heloisa-dabus\/\"}]}<\/script>\n<!-- \/ Yoast SEO plugin. -->","yoast_head_json":{"title":"Ecossistema corporativo: do ponto fixo \u00e0 rede de experi\u00eancias","description":"Voc\u00ea sabe o que \u00e9 ecossistema corporativo? Descubra e entenda como o modelo est\u00e1 transformando os ambiientea de trabalho.","robots":{"index":"index","follow":"follow","max-snippet":"max-snippet:-1","max-image-preview":"max-image-preview:large","max-video-preview":"max-video-preview:-1"},"canonical":"https:\/\/www.dabusarquitetura.com.br\/blog\/ecossistema-corporativo-rede-de-experiencias\/","og_locale":"pt_BR","og_type":"article","og_title":"Ecossistema corporativo: do ponto fixo \u00e0 rede de experi\u00eancias","og_description":"Voc\u00ea sabe o que \u00e9 ecossistema corporativo? Descubra e entenda como o modelo est\u00e1 transformando os ambiientea de trabalho.","og_url":"https:\/\/www.dabusarquitetura.com.br\/blog\/ecossistema-corporativo-rede-de-experiencias\/","og_site_name":"DABUS ARQUITETURA","article_published_time":"2025-07-14T10:56:33+00:00","article_modified_time":"2025-11-14T21:36:37+00:00","og_image":[{"url":"https:\/\/www.dabusarquitetura.com.br\/blog\/wp-content\/uploads\/2025\/07\/arquitetura-ecossistema-corporativo-1024x396.jpg"}],"author":"heloisa.dabus","twitter_card":"summary_large_image","twitter_misc":{"Escrito por":"heloisa.dabus","Est. tempo de leitura":"3 minutos"},"schema":{"@context":"https:\/\/schema.org","@graph":[{"@type":"WebPage","@id":"https:\/\/www.dabusarquitetura.com.br\/blog\/ecossistema-corporativo-rede-de-experiencias\/","url":"https:\/\/www.dabusarquitetura.com.br\/blog\/ecossistema-corporativo-rede-de-experiencias\/","name":"Ecossistema corporativo: do ponto fixo \u00e0 rede de experi\u00eancias","isPartOf":{"@id":"https:\/\/www.dabusarquitetura.com.br\/blog\/#website"},"datePublished":"2025-07-14T10:56:33+00:00","dateModified":"2025-11-14T21:36:37+00:00","author":{"@id":"https:\/\/www.dabusarquitetura.com.br\/blog\/#\/schema\/person\/978b78d74759412a1cd43634996237c4"},"description":"Voc\u00ea sabe o que \u00e9 ecossistema corporativo? Descubra e entenda como o modelo est\u00e1 transformando os ambiientea de trabalho.","breadcrumb":{"@id":"https:\/\/www.dabusarquitetura.com.br\/blog\/ecossistema-corporativo-rede-de-experiencias\/#breadcrumb"},"inLanguage":"pt-BR","potentialAction":[{"@type":"ReadAction","target":["https:\/\/www.dabusarquitetura.com.br\/blog\/ecossistema-corporativo-rede-de-experiencias\/"]}]},{"@type":"BreadcrumbList","@id":"https:\/\/www.dabusarquitetura.com.br\/blog\/ecossistema-corporativo-rede-de-experiencias\/#breadcrumb","itemListElement":[{"@type":"ListItem","position":1,"name":"In\u00edcio","item":"https:\/\/www.dabusarquitetura.com.br\/blog\/"},{"@type":"ListItem","position":2,"name":"Ecossistema corporativo: do ponto fixo \u00e0 rede de experi\u00eancias"}]},{"@type":"WebSite","@id":"https:\/\/www.dabusarquitetura.com.br\/blog\/#website","url":"https:\/\/www.dabusarquitetura.com.br\/blog\/","name":"DABUS ARQUITETURA","description":"Arquitetura Corporativa","potentialAction":[{"@type":"SearchAction","target":{"@type":"EntryPoint","urlTemplate":"https:\/\/www.dabusarquitetura.com.br\/blog\/?s={search_term_string}"},"query-input":"required name=search_term_string"}],"inLanguage":"pt-BR"},{"@type":"Person","@id":"https:\/\/www.dabusarquitetura.com.br\/blog\/#\/schema\/person\/978b78d74759412a1cd43634996237c4","name":"heloisa.dabus","image":{"@type":"ImageObject","inLanguage":"pt-BR","@id":"https:\/\/www.dabusarquitetura.com.br\/blog\/#\/schema\/person\/image\/","url":"https:\/\/secure.gravatar.com\/avatar\/4078f4f8e54fb70a99a5e9edc642ecb1?s=96&d=mm&r=g","contentUrl":"https:\/\/secure.gravatar.com\/avatar\/4078f4f8e54fb70a99a5e9edc642ecb1?s=96&d=mm&r=g","caption":"heloisa.dabus"},"url":"https:\/\/www.dabusarquitetura.com.br\/blog\/author\/heloisa-dabus\/"}]}},"_links":{"self":[{"href":"https:\/\/www.dabusarquitetura.com.br\/blog\/wp-json\/wp\/v2\/posts\/17644"}],"collection":[{"href":"https:\/\/www.dabusarquitetura.com.br\/blog\/wp-json\/wp\/v2\/posts"}],"about":[{"href":"https:\/\/www.dabusarquitetura.com.br\/blog\/wp-json\/wp\/v2\/types\/post"}],"author":[{"embeddable":true,"href":"https:\/\/www.dabusarquitetura.com.br\/blog\/wp-json\/wp\/v2\/users\/3"}],"replies":[{"embeddable":true,"href":"https:\/\/www.dabusarquitetura.com.br\/blog\/wp-json\/wp\/v2\/comments?post=17644"}],"version-history":[{"count":2,"href":"https:\/\/www.dabusarquitetura.com.br\/blog\/wp-json\/wp\/v2\/posts\/17644\/revisions"}],"predecessor-version":[{"id":17647,"href":"https:\/\/www.dabusarquitetura.com.br\/blog\/wp-json\/wp\/v2\/posts\/17644\/revisions\/17647"}],"wp:attachment":[{"href":"https:\/\/www.dabusarquitetura.com.br\/blog\/wp-json\/wp\/v2\/media?parent=17644"}],"wp:term":[{"taxonomy":"category","embeddable":true,"href":"https:\/\/www.dabusarquitetura.com.br\/blog\/wp-json\/wp\/v2\/categories?post=17644"},{"taxonomy":"post_tag","embeddable":true,"href":"https:\/\/www.dabusarquitetura.com.br\/blog\/wp-json\/wp\/v2\/tags?post=17644"}],"curies":[{"name":"wp","href":"https:\/\/api.w.org\/{rel}","templated":true}]}}