{"id":17638,"date":"2025-07-07T00:16:40","date_gmt":"2025-07-06T21:16:40","guid":{"rendered":"https:\/\/www.dabusarquitetura.com.br\/blog\/?p=17638"},"modified":"2025-07-07T00:17:15","modified_gmt":"2025-07-06T21:17:15","slug":"arquitetura-reforcar-seguranca-na-escola","status":"publish","type":"post","link":"https:\/\/www.dabusarquitetura.com.br\/blog\/arquitetura-reforcar-seguranca-na-escola\/","title":{"rendered":"Como a Arquitetura pode refor\u00e7ar a seguran\u00e7a na escola?"},"content":{"rendered":"<div class=\"wp-block-image\">\n<figure class=\"aligncenter size-full\"><img decoding=\"async\" loading=\"lazy\" width=\"800\" height=\"308\" src=\"https:\/\/www.dabusarquitetura.com.br\/blog\/wp-content\/uploads\/2025\/07\/seguranca-na-escola.jpg\" alt=\"Seguran\u00e7a na escola \" class=\"wp-image-17640\" title=\"Projeto DABUS ARQUITETURA\" srcset=\"https:\/\/www.dabusarquitetura.com.br\/blog\/wp-content\/uploads\/2025\/07\/seguranca-na-escola.jpg 800w, https:\/\/www.dabusarquitetura.com.br\/blog\/wp-content\/uploads\/2025\/07\/seguranca-na-escola-300x116.jpg 300w, https:\/\/www.dabusarquitetura.com.br\/blog\/wp-content\/uploads\/2025\/07\/seguranca-na-escola-768x296.jpg 768w\" sizes=\"(max-width: 800px) 100vw, 800px\" \/><\/figure><\/div>\n\n\n<p>Garantir a <strong>seguran\u00e7a na escola<\/strong> \u00e9 uma das maiores responsabilidades de quem projeta, gerencia ou mant\u00e9m institui\u00e7\u00f5es de ensino. Afinal, o ambiente escolar deve ser acolhedor e, ao mesmo tempo, protegido contra riscos f\u00edsicos, emocionais e sociais.<\/p>\n\n\n\n<p>Nesse contexto, a Arquitetura exerce um papel essencial. Assim, com solu\u00e7\u00f5es bem planejadas, \u00e9 poss\u00edvel criar <strong>espa\u00e7os seguros, inteligentes e preventivos<\/strong>. Isso sem abrir m\u00e3o do conforto e da liberdade dos usu\u00e1rios.<\/p>\n\n\n\n<p>Acompanhe o post de hoje e saiba mais!&nbsp;<\/p>\n\n\n\n<h2 class=\"wp-block-heading\">Seguran\u00e7a na escola para al\u00e9m das medidas \u00f3bvias&nbsp;<\/h2>\n\n\n\n<p>\u00c9 importante destacar que seguran\u00e7a vai muito al\u00e9m da instala\u00e7\u00e3o de c\u00e2meras ou de port\u00f5es com controle eletr\u00f4nico. Embora esses recursos sejam importantes, o <a href=\"https:\/\/www.dabusarquitetura.com.br\/site\/arquitetura-escolas\"><strong>projeto arquitet\u00f4nico<\/strong><\/a><strong> pode contribuir de forma ainda mais profunda e estrat\u00e9gica<\/strong>.<\/p>\n\n\n\n<p>Desde a concep\u00e7\u00e3o do layout at\u00e9 a escolha dos materiais e a organiza\u00e7\u00e3o dos fluxos de circula\u00e7\u00e3o, <strong>cada decis\u00e3o impacta diretamente na seguran\u00e7a e no bem-estar <\/strong>de alunos, professores e colaboradores.<\/p>\n\n\n\n<p>Al\u00e9m disso, uma escola bem projetada \u00e9 aquela que protege sem parecer uma fortaleza. Ou seja, que promove a <strong>seguran\u00e7a de forma integrada<\/strong>, sem gerar sensa\u00e7\u00e3o de confinamento ou rigidez.<\/p>\n\n\n\n<p>A seguir, veja como a Arquitetura pode, de fato, refor\u00e7ar a seguran\u00e7a na escola por meio de <strong>escolhas conscientes, funcionais e humanas<\/strong>.<\/p>\n\n\n\n<h3 class=\"wp-block-heading\">Acesso controlado e visibilidade estrat\u00e9gica<\/h3>\n\n\n\n<p>Uma das primeiras medidas arquitet\u00f4nicas que refor\u00e7am a seguran\u00e7a na escola \u00e9 o <strong>controle de entrada e sa\u00edda<\/strong>. Para isso, projetar entradas principais com antec\u00e2maras, guaritas com vis\u00e3o ampla e rotas bem definidas para visitantes contribui significativamente para evitar acessos indevidos.&nbsp;<\/p>\n\n\n\n<p>Al\u00e9m disso, janelas com visibilidade estrat\u00e9gica, corredores bem iluminados e aus\u00eancia de \u201cpontos cegos\u201d ajudam a <strong>manter a vigil\u00e2ncia passiva<\/strong>, sem a necessidade de tecnologia invasiva.<\/p>\n\n\n\n<p>Em escolas de grande porte, tamb\u00e9m \u00e9 recomend\u00e1vel <strong>criar zonas seguras internas<\/strong>, onde as pessoas possam se refugiar em situa\u00e7\u00f5es emergenciais. Esses espa\u00e7os podem ser multifuncionais, como bibliotecas ou salas de leitura. Contudo, desde que estejam posicionados em <strong>locais centrais e de f\u00e1cil acesso<\/strong>.<\/p>\n\n\n\n<h3 class=\"wp-block-heading\">Materiais que protegem e previnem<\/h3>\n\n\n\n<p>Outro aspecto relevante envolve a escolha de materiais adequados. Pisos antiderrapantes, cantos arredondados em mobili\u00e1rios e revestimentos que absorvem impactos s\u00e3o apenas alguns exemplos de como o projeto pode reduzir acidentes.&nbsp;<\/p>\n\n\n\n<p>Al\u00e9m disso, o uso de <strong>barreiras f\u00edsicas discretas<\/strong>, como jardins entre a \u00e1rea de entrada e os blocos pedag\u00f3gicos, pode atuar como uma camada extra de prote\u00e7\u00e3o. Desse modo, ainda h\u00e1 o benef\u00edcio de n\u00e3o comprometer a est\u00e9tica do espa\u00e7o.<\/p>\n\n\n\n<p>Vale lembrar que esses cuidados n\u00e3o devem limitar a liberdade dos alunos, mas sim oferecer <strong>seguran\u00e7a de forma integrada e quase impercept\u00edvel<\/strong> ao usu\u00e1rio final. Por isso, o equil\u00edbrio entre prote\u00e7\u00e3o e sensa\u00e7\u00e3o de acolhimento \u00e9 essencial.<\/p>\n\n\n\n<h3 class=\"wp-block-heading\">Seguran\u00e7a emocional e bem-estar<\/h3>\n\n\n\n<p>Quando falamos em seguran\u00e7a, \u00e9 necess\u00e1rio considerar tamb\u00e9m a dimens\u00e3o emocional. Ambientes que favorecem a socializa\u00e7\u00e3o, com \u00e1reas abertas, p\u00e1tios organizados e salas com boa ventila\u00e7\u00e3o e <a href=\"https:\/\/www.dabusarquitetura.com.br\/blog\/influencia-iluminacao-escolar\/\"><strong>ilumina\u00e7\u00e3o natural<\/strong><\/a>, <strong>reduzem o estresse e a ansiedade<\/strong> entre os alunos. Consequentemente, promovem a <strong>preven\u00e7\u00e3o de conflitos e comportamentos agressivos<\/strong>, fortalecendo o clima escolar.<\/p>\n\n\n\n<p>Da mesma forma, espa\u00e7os pensados para <strong>estimular a empatia e o cuidado<\/strong> \u2014 como \u00e1reas de escuta, salas de apoio e ambientes de conviv\u00eancia \u2014 ajudam os estudantes a se sentirem mais protegidos. Esses locais tamb\u00e9m <strong>fortalecem o v\u00ednculo com a comunidade escolar<\/strong>.<\/p>\n\n\n\n<h3 class=\"wp-block-heading\">Flexibilidade para enfrentar o inesperado<\/h3>\n\n\n\n<p>Por fim, \u00e9 importante que a Arquitetura preveja a <strong>possibilidade de adapta\u00e7\u00f5es<\/strong>. Portanto, isso significa criar <strong>espa\u00e7os flex\u00edveis, que possam ser reconfigurados<\/strong> conforme mudan\u00e7as nas normas de seguran\u00e7a, protocolos sanit\u00e1rios ou novas necessidades pedag\u00f3gicas. Assim, a escola se mant\u00e9m preparada, n\u00e3o apenas para os desafios atuais, mas tamb\u00e9m para o que vem pela frente.<\/p>\n\n\n\n<p>A seguran\u00e7a na escola \u00e9 um valor que precisa ser incorporado desde o in\u00edcio de qualquer projeto arquitet\u00f4nico. Ao levar em conta aspectos como controle de acesso, escolha de materiais, conforto emocional e flexibilidade, \u00e9 poss\u00edvel criar <strong>ambientes que acolhem, educam e protegem<\/strong>.<\/p>\n\n\n\n<p>Nesse sentido, em um mundo em constante transforma\u00e7\u00e3o, investir em <strong>Arquitetura Escolar segura<\/strong> representa mais do que uma medida preventiva. \u00c9, acima de tudo, um compromisso com o futuro da educa\u00e7\u00e3o.<\/p>\n\n\n\n<p>Chame no <a href=\"https:\/\/api.whatsapp.com\/send?l=pt&amp;phone=5511983276060\" target=\"_blank\" rel=\"noreferrer noopener\"><strong>WhatsApp 11 98327-6060<\/strong><\/a> e conhe\u00e7a as melhores solu\u00e7\u00f5es para o seu projeto.&nbsp;<\/p>\n","protected":false},"excerpt":{"rendered":"<p>Garantir a seguran\u00e7a na escola \u00e9 uma das maiores responsabilidades de quem projeta, gerencia ou mant\u00e9m institui\u00e7\u00f5es de ensino. Afinal, o ambiente escolar deve ser [&hellip;]<\/p>\n","protected":false},"author":3,"featured_media":0,"comment_status":"open","ping_status":"open","sticky":false,"template":"","format":"standard","meta":[],"categories":[268],"tags":[],"yoast_head":"<!-- This site is optimized with the Yoast SEO plugin v20.8 - https:\/\/yoast.com\/wordpress\/plugins\/seo\/ -->\n<title>Como a Arquitetura pode refor\u00e7ar a seguran\u00e7a na escola?<\/title>\n<meta name=\"description\" content=\"A seguran\u00e7a na escola \u00e9 uma quest\u00e3o urgente. A Arquitetura pode (e deve) ser uma estrat\u00e9gia significativa nesse sentido. Saiba como!\" \/>\n<meta name=\"robots\" content=\"index, follow, max-snippet:-1, max-image-preview:large, max-video-preview:-1\" \/>\n<link rel=\"canonical\" href=\"https:\/\/www.dabusarquitetura.com.br\/blog\/arquitetura-reforcar-seguranca-na-escola\/\" \/>\n<meta property=\"og:locale\" content=\"pt_BR\" \/>\n<meta property=\"og:type\" content=\"article\" \/>\n<meta property=\"og:title\" content=\"Como a Arquitetura pode refor\u00e7ar a seguran\u00e7a na escola?\" \/>\n<meta property=\"og:description\" content=\"A seguran\u00e7a na escola \u00e9 uma quest\u00e3o urgente. A Arquitetura pode (e deve) ser uma estrat\u00e9gia significativa nesse sentido. Saiba como!\" \/>\n<meta property=\"og:url\" content=\"https:\/\/www.dabusarquitetura.com.br\/blog\/arquitetura-reforcar-seguranca-na-escola\/\" \/>\n<meta property=\"og:site_name\" content=\"DABUS ARQUITETURA\" \/>\n<meta property=\"article:published_time\" content=\"2025-07-06T21:16:40+00:00\" \/>\n<meta property=\"article:modified_time\" content=\"2025-07-06T21:17:15+00:00\" \/>\n<meta property=\"og:image\" content=\"https:\/\/www.dabusarquitetura.com.br\/blog\/wp-content\/uploads\/2025\/07\/seguranca-na-escola.jpg\" \/>\n<meta name=\"author\" content=\"heloisa.dabus\" \/>\n<meta name=\"twitter:card\" content=\"summary_large_image\" \/>\n<meta name=\"twitter:label1\" content=\"Escrito por\" \/>\n\t<meta name=\"twitter:data1\" content=\"heloisa.dabus\" \/>\n\t<meta name=\"twitter:label2\" content=\"Est. tempo de leitura\" \/>\n\t<meta name=\"twitter:data2\" content=\"4 minutos\" \/>\n<script type=\"application\/ld+json\" class=\"yoast-schema-graph\">{\"@context\":\"https:\/\/schema.org\",\"@graph\":[{\"@type\":\"WebPage\",\"@id\":\"https:\/\/www.dabusarquitetura.com.br\/blog\/arquitetura-reforcar-seguranca-na-escola\/\",\"url\":\"https:\/\/www.dabusarquitetura.com.br\/blog\/arquitetura-reforcar-seguranca-na-escola\/\",\"name\":\"Como a Arquitetura pode refor\u00e7ar a seguran\u00e7a na escola?\",\"isPartOf\":{\"@id\":\"https:\/\/www.dabusarquitetura.com.br\/blog\/#website\"},\"datePublished\":\"2025-07-06T21:16:40+00:00\",\"dateModified\":\"2025-07-06T21:17:15+00:00\",\"author\":{\"@id\":\"https:\/\/www.dabusarquitetura.com.br\/blog\/#\/schema\/person\/978b78d74759412a1cd43634996237c4\"},\"description\":\"A seguran\u00e7a na escola \u00e9 uma quest\u00e3o urgente. A Arquitetura pode (e deve) ser uma estrat\u00e9gia significativa nesse sentido. Saiba como!\",\"breadcrumb\":{\"@id\":\"https:\/\/www.dabusarquitetura.com.br\/blog\/arquitetura-reforcar-seguranca-na-escola\/#breadcrumb\"},\"inLanguage\":\"pt-BR\",\"potentialAction\":[{\"@type\":\"ReadAction\",\"target\":[\"https:\/\/www.dabusarquitetura.com.br\/blog\/arquitetura-reforcar-seguranca-na-escola\/\"]}]},{\"@type\":\"BreadcrumbList\",\"@id\":\"https:\/\/www.dabusarquitetura.com.br\/blog\/arquitetura-reforcar-seguranca-na-escola\/#breadcrumb\",\"itemListElement\":[{\"@type\":\"ListItem\",\"position\":1,\"name\":\"In\u00edcio\",\"item\":\"https:\/\/www.dabusarquitetura.com.br\/blog\/\"},{\"@type\":\"ListItem\",\"position\":2,\"name\":\"Como a Arquitetura pode refor\u00e7ar a seguran\u00e7a na escola?\"}]},{\"@type\":\"WebSite\",\"@id\":\"https:\/\/www.dabusarquitetura.com.br\/blog\/#website\",\"url\":\"https:\/\/www.dabusarquitetura.com.br\/blog\/\",\"name\":\"DABUS ARQUITETURA\",\"description\":\"Arquitetura Corporativa\",\"potentialAction\":[{\"@type\":\"SearchAction\",\"target\":{\"@type\":\"EntryPoint\",\"urlTemplate\":\"https:\/\/www.dabusarquitetura.com.br\/blog\/?s={search_term_string}\"},\"query-input\":\"required name=search_term_string\"}],\"inLanguage\":\"pt-BR\"},{\"@type\":\"Person\",\"@id\":\"https:\/\/www.dabusarquitetura.com.br\/blog\/#\/schema\/person\/978b78d74759412a1cd43634996237c4\",\"name\":\"heloisa.dabus\",\"image\":{\"@type\":\"ImageObject\",\"inLanguage\":\"pt-BR\",\"@id\":\"https:\/\/www.dabusarquitetura.com.br\/blog\/#\/schema\/person\/image\/\",\"url\":\"https:\/\/secure.gravatar.com\/avatar\/4078f4f8e54fb70a99a5e9edc642ecb1?s=96&d=mm&r=g\",\"contentUrl\":\"https:\/\/secure.gravatar.com\/avatar\/4078f4f8e54fb70a99a5e9edc642ecb1?s=96&d=mm&r=g\",\"caption\":\"heloisa.dabus\"},\"url\":\"https:\/\/www.dabusarquitetura.com.br\/blog\/author\/heloisa-dabus\/\"}]}<\/script>\n<!-- \/ Yoast SEO plugin. -->","yoast_head_json":{"title":"Como a Arquitetura pode refor\u00e7ar a seguran\u00e7a na escola?","description":"A seguran\u00e7a na escola \u00e9 uma quest\u00e3o urgente. A Arquitetura pode (e deve) ser uma estrat\u00e9gia significativa nesse sentido. Saiba como!","robots":{"index":"index","follow":"follow","max-snippet":"max-snippet:-1","max-image-preview":"max-image-preview:large","max-video-preview":"max-video-preview:-1"},"canonical":"https:\/\/www.dabusarquitetura.com.br\/blog\/arquitetura-reforcar-seguranca-na-escola\/","og_locale":"pt_BR","og_type":"article","og_title":"Como a Arquitetura pode refor\u00e7ar a seguran\u00e7a na escola?","og_description":"A seguran\u00e7a na escola \u00e9 uma quest\u00e3o urgente. A Arquitetura pode (e deve) ser uma estrat\u00e9gia significativa nesse sentido. Saiba como!","og_url":"https:\/\/www.dabusarquitetura.com.br\/blog\/arquitetura-reforcar-seguranca-na-escola\/","og_site_name":"DABUS ARQUITETURA","article_published_time":"2025-07-06T21:16:40+00:00","article_modified_time":"2025-07-06T21:17:15+00:00","og_image":[{"url":"https:\/\/www.dabusarquitetura.com.br\/blog\/wp-content\/uploads\/2025\/07\/seguranca-na-escola.jpg"}],"author":"heloisa.dabus","twitter_card":"summary_large_image","twitter_misc":{"Escrito por":"heloisa.dabus","Est. tempo de leitura":"4 minutos"},"schema":{"@context":"https:\/\/schema.org","@graph":[{"@type":"WebPage","@id":"https:\/\/www.dabusarquitetura.com.br\/blog\/arquitetura-reforcar-seguranca-na-escola\/","url":"https:\/\/www.dabusarquitetura.com.br\/blog\/arquitetura-reforcar-seguranca-na-escola\/","name":"Como a Arquitetura pode refor\u00e7ar a seguran\u00e7a na escola?","isPartOf":{"@id":"https:\/\/www.dabusarquitetura.com.br\/blog\/#website"},"datePublished":"2025-07-06T21:16:40+00:00","dateModified":"2025-07-06T21:17:15+00:00","author":{"@id":"https:\/\/www.dabusarquitetura.com.br\/blog\/#\/schema\/person\/978b78d74759412a1cd43634996237c4"},"description":"A seguran\u00e7a na escola \u00e9 uma quest\u00e3o urgente. A Arquitetura pode (e deve) ser uma estrat\u00e9gia significativa nesse sentido. Saiba como!","breadcrumb":{"@id":"https:\/\/www.dabusarquitetura.com.br\/blog\/arquitetura-reforcar-seguranca-na-escola\/#breadcrumb"},"inLanguage":"pt-BR","potentialAction":[{"@type":"ReadAction","target":["https:\/\/www.dabusarquitetura.com.br\/blog\/arquitetura-reforcar-seguranca-na-escola\/"]}]},{"@type":"BreadcrumbList","@id":"https:\/\/www.dabusarquitetura.com.br\/blog\/arquitetura-reforcar-seguranca-na-escola\/#breadcrumb","itemListElement":[{"@type":"ListItem","position":1,"name":"In\u00edcio","item":"https:\/\/www.dabusarquitetura.com.br\/blog\/"},{"@type":"ListItem","position":2,"name":"Como a Arquitetura pode refor\u00e7ar a seguran\u00e7a na escola?"}]},{"@type":"WebSite","@id":"https:\/\/www.dabusarquitetura.com.br\/blog\/#website","url":"https:\/\/www.dabusarquitetura.com.br\/blog\/","name":"DABUS ARQUITETURA","description":"Arquitetura Corporativa","potentialAction":[{"@type":"SearchAction","target":{"@type":"EntryPoint","urlTemplate":"https:\/\/www.dabusarquitetura.com.br\/blog\/?s={search_term_string}"},"query-input":"required name=search_term_string"}],"inLanguage":"pt-BR"},{"@type":"Person","@id":"https:\/\/www.dabusarquitetura.com.br\/blog\/#\/schema\/person\/978b78d74759412a1cd43634996237c4","name":"heloisa.dabus","image":{"@type":"ImageObject","inLanguage":"pt-BR","@id":"https:\/\/www.dabusarquitetura.com.br\/blog\/#\/schema\/person\/image\/","url":"https:\/\/secure.gravatar.com\/avatar\/4078f4f8e54fb70a99a5e9edc642ecb1?s=96&d=mm&r=g","contentUrl":"https:\/\/secure.gravatar.com\/avatar\/4078f4f8e54fb70a99a5e9edc642ecb1?s=96&d=mm&r=g","caption":"heloisa.dabus"},"url":"https:\/\/www.dabusarquitetura.com.br\/blog\/author\/heloisa-dabus\/"}]}},"_links":{"self":[{"href":"https:\/\/www.dabusarquitetura.com.br\/blog\/wp-json\/wp\/v2\/posts\/17638"}],"collection":[{"href":"https:\/\/www.dabusarquitetura.com.br\/blog\/wp-json\/wp\/v2\/posts"}],"about":[{"href":"https:\/\/www.dabusarquitetura.com.br\/blog\/wp-json\/wp\/v2\/types\/post"}],"author":[{"embeddable":true,"href":"https:\/\/www.dabusarquitetura.com.br\/blog\/wp-json\/wp\/v2\/users\/3"}],"replies":[{"embeddable":true,"href":"https:\/\/www.dabusarquitetura.com.br\/blog\/wp-json\/wp\/v2\/comments?post=17638"}],"version-history":[{"count":4,"href":"https:\/\/www.dabusarquitetura.com.br\/blog\/wp-json\/wp\/v2\/posts\/17638\/revisions"}],"predecessor-version":[{"id":17643,"href":"https:\/\/www.dabusarquitetura.com.br\/blog\/wp-json\/wp\/v2\/posts\/17638\/revisions\/17643"}],"wp:attachment":[{"href":"https:\/\/www.dabusarquitetura.com.br\/blog\/wp-json\/wp\/v2\/media?parent=17638"}],"wp:term":[{"taxonomy":"category","embeddable":true,"href":"https:\/\/www.dabusarquitetura.com.br\/blog\/wp-json\/wp\/v2\/categories?post=17638"},{"taxonomy":"post_tag","embeddable":true,"href":"https:\/\/www.dabusarquitetura.com.br\/blog\/wp-json\/wp\/v2\/tags?post=17638"}],"curies":[{"name":"wp","href":"https:\/\/api.w.org\/{rel}","templated":true}]}}