{"id":17622,"date":"2025-06-24T01:29:35","date_gmt":"2025-06-23T22:29:35","guid":{"rendered":"https:\/\/www.dabusarquitetura.com.br\/blog\/?p=17622"},"modified":"2025-06-24T01:30:13","modified_gmt":"2025-06-23T22:30:13","slug":"espacos-de-decisao-como-arquitetura-corporativa-influencia","status":"publish","type":"post","link":"https:\/\/www.dabusarquitetura.com.br\/blog\/espacos-de-decisao-como-arquitetura-corporativa-influencia\/","title":{"rendered":"Espa\u00e7os de decis\u00e3o: como a Arquitetura Corporativa influencia as lideran\u00e7as"},"content":{"rendered":"<div class=\"wp-block-image\">\n<figure class=\"aligncenter size-large\"><img decoding=\"async\" loading=\"lazy\" width=\"1024\" height=\"395\" src=\"https:\/\/www.dabusarquitetura.com.br\/blog\/wp-content\/uploads\/2025\/06\/espacos-de-decisao-1024x395.jpg\" alt=\"Espa\u00e7os de decis\u00e3o para l\u00edderes\" class=\"wp-image-17623\" title=\"Projeto DABUS ARQUITETURA\" srcset=\"https:\/\/www.dabusarquitetura.com.br\/blog\/wp-content\/uploads\/2025\/06\/espacos-de-decisao-1024x395.jpg 1024w, https:\/\/www.dabusarquitetura.com.br\/blog\/wp-content\/uploads\/2025\/06\/espacos-de-decisao-300x116.jpg 300w, https:\/\/www.dabusarquitetura.com.br\/blog\/wp-content\/uploads\/2025\/06\/espacos-de-decisao-768x296.jpg 768w, https:\/\/www.dabusarquitetura.com.br\/blog\/wp-content\/uploads\/2025\/06\/espacos-de-decisao.jpg 1440w\" sizes=\"(max-width: 1024px) 100vw, 1024px\" \/><\/figure><\/div>\n\n\n<p>Ambientes bem planejados n\u00e3o s\u00e3o apenas bonitos. Eles moldam comportamentos, criam atmosferas e influenciam decis\u00f5es. No contexto empresarial, isso \u00e9 ainda mais evidente nos chamados <strong>espa\u00e7os de decis\u00e3o<\/strong>. Tratam-se de ambientes onde l\u00edderes se re\u00fanem, avaliam cen\u00e1rios e tra\u00e7am os rumos do neg\u00f3cio.<\/p>\n\n\n\n<p>Embora muitos ainda vejam o ambiente f\u00edsico como algo secund\u00e1rio, a verdade \u00e9 que a <strong>Arquitetura Corporativa<\/strong> tem papel central no desempenho das lideran\u00e7as. Isso porque ela tem a capacidade de afetar a forma como os gestores pensam, interagem e decidem.<\/p>\n\n\n\n<p>Quer saber mais? Ent\u00e3o, acompanhe o post de hoje!<\/p>\n\n\n\n<h2 class=\"wp-block-heading\">Por que os espa\u00e7os de decis\u00e3o importam?<\/h2>\n\n\n\n<p>Toda empresa precisa de lugares que favore\u00e7am a <strong>reflex\u00e3o estrat\u00e9gica<\/strong>. No entanto, n\u00e3o basta apenas ter uma <a href=\"https:\/\/www.dabusarquitetura.com.br\/blog\/7-dicas-de-arquitetura-corporativa-para-a-sala-de-reuniao\/\"><strong>sala de reuni\u00e3o<\/strong><\/a>. \u00c9 preciso criar ambientes que estimulam o foco, a clareza e a troca de ideias com qualidade.<\/p>\n\n\n\n<p>Assim, aspectos como conforto t\u00e9rmico, ilumina\u00e7\u00e3o adequada, isolamento ac\u00fastico, disposi\u00e7\u00e3o do mobili\u00e1rio e est\u00edmulos sensoriais devem ser cuidadosamente considerados. Quando esses fatores s\u00e3o bem trabalhados, o espa\u00e7o favorece:<\/p>\n\n\n\n<ul>\n<li>Concentra\u00e7\u00e3o e foco mental;<\/li>\n\n\n\n<li>Intera\u00e7\u00f5es mais flu\u00eddas entre l\u00edderes;<\/li>\n\n\n\n<li>Tomadas de decis\u00e3o mais assertivas;<\/li>\n\n\n\n<li>Clima de confian\u00e7a e inova\u00e7\u00e3o.<\/li>\n<\/ul>\n\n\n\n<h3 class=\"wp-block-heading\">Como a Arquitetura Corporativa contribui?<\/h3>\n\n\n\n<p>Em primeiro lugar, vale lembrar que espa\u00e7os de decis\u00e3o <strong>n\u00e3o s\u00e3o apenas salas fechadas<\/strong> com uma grande mesa. Desse modo, eles podem ser hubs colaborativos, \u00e1reas reservadas dentro de open spaces, salas de diretoria com fun\u00e7\u00f5es h\u00edbridas ou mesmo ambientes externos de uso corporativo.<\/p>\n\n\n\n<p>A <a href=\"https:\/\/www.dabusarquitetura.com.br\/site\/arquitetura-corporativa\"><strong>Arquitetura Corporativa<\/strong><\/a> atua para transformar esses locais em <strong>ambientes estrat\u00e9gicos de influ\u00eancia cognitiva e emocional<\/strong>. Por isso, vale a pena conhecer algumas solu\u00e7\u00f5es pr\u00e1ticas:<\/p>\n\n\n\n<ul>\n<li><strong>Ilumina\u00e7\u00e3o natural<\/strong> combinada com controle de luz artificial, criando um clima mental prop\u00edcio para an\u00e1lises profundas.<\/li>\n\n\n\n<li><strong>Ac\u00fastica controlada<\/strong>, reduzindo ru\u00eddos e distra\u00e7\u00f5es para garantir foco em reuni\u00f5es importantes.<\/li>\n\n\n\n<li><strong>Cores e materiais que transmitem solidez ou criatividade<\/strong>, dependendo do perfil da lideran\u00e7a e do tipo de decis\u00e3o a ser tomada.<\/li>\n\n\n\n<li><strong>Espa\u00e7os modulares<\/strong>, que se adaptam a diferentes formatos de intera\u00e7\u00e3o. Desde encontros reservados at\u00e9 din\u00e2micas de cocria\u00e7\u00e3o.<\/li>\n\n\n\n<li><strong>Mobili\u00e1rio ergon\u00f4mico e tecnol\u00f3gico<\/strong>, que garante conforto e suporte \u00e0s decis\u00f5es com base em dados em tempo real.<\/li>\n\n\n\n<li><\/li>\n<\/ul>\n\n\n\n<h3 class=\"wp-block-heading\">Mas qual o impacto para as lideran\u00e7as?<\/h3>\n\n\n\n<p>Liderar \u00e9, acima de tudo, tomar decis\u00f5es. E essas decis\u00f5es s\u00e3o melhores quando o ambiente colabora. Portanto, projetar espa\u00e7os de decis\u00e3o eficientes \u00e9 <strong>investir na intelig\u00eancia coletiva da alta gest\u00e3o<\/strong>.<\/p>\n\n\n\n<p>Al\u00e9m disso, quando l\u00edderes se sentem bem no lugar em que est\u00e3o, a comunica\u00e7\u00e3o melhora, a escuta ativa se fortalece e o pensamento estrat\u00e9gico flui com mais naturalidade. Assim, como resultado, o espa\u00e7o f\u00edsico passa a ser um <strong>ativo da cultura organizacional<\/strong>, n\u00e3o um passivo imobili\u00e1rio.<\/p>\n\n\n\n<p>\u00c9 importante destacar que no mundo corporativo atual, n\u00e3o h\u00e1 mais possibilidade para tomadas de decis\u00e3o improvisadas. As empresas que reconhecem o valor e a influ\u00eancia do escrit\u00f3rio saem na frente. Afinal, elas entendem que <strong>o ambiente tamb\u00e9m pensa, comunica e influencia<\/strong>.<\/p>\n\n\n\n<p>Por isso, a Arquitetura Corporativa estrat\u00e9gica \u00e9 fundamental. Ela conecta as instala\u00e7\u00f5es f\u00edsicas \u00e0 miss\u00e3o do neg\u00f3cio e d\u00e1 suporte real \u00e0s lideran\u00e7as que moldam o futuro.<\/p>\n\n\n\n<p>Quer transformar seus espa\u00e7os de decis\u00e3o em ferramentas mais inteligentes, estrat\u00e9gicas e alinhadas com os objetivos da sua empresa? Ent\u00e3o, entre em contato conosco pelo <a href=\"https:\/\/api.whatsapp.com\/send?l=pt&amp;phone=5511983276060\" target=\"_blank\" rel=\"noreferrer noopener\"><strong>WhatsApp 11 98327-6060<\/strong><\/a> e saiba como podemos te ajudar!<\/p>\n","protected":false},"excerpt":{"rendered":"<p>Ambientes bem planejados n\u00e3o s\u00e3o apenas bonitos. Eles moldam comportamentos, criam atmosferas e influenciam decis\u00f5es. No contexto empresarial, isso \u00e9 ainda mais evidente nos chamados [&hellip;]<\/p>\n","protected":false},"author":3,"featured_media":0,"comment_status":"open","ping_status":"open","sticky":false,"template":"","format":"standard","meta":[],"categories":[7],"tags":[],"yoast_head":"<!-- This site is optimized with the Yoast SEO plugin v20.8 - https:\/\/yoast.com\/wordpress\/plugins\/seo\/ -->\n<title>Espa\u00e7os de decis\u00e3o e sua influencia sobre as lideran\u00e7as<\/title>\n<meta name=\"description\" content=\"Descubra como a arquitetura corporativa transforma espa\u00e7os de decis\u00e3o e potencializa a lideran\u00e7a estrat\u00e9gica nas empresas.\" \/>\n<meta name=\"robots\" content=\"index, follow, max-snippet:-1, max-image-preview:large, max-video-preview:-1\" \/>\n<link rel=\"canonical\" href=\"https:\/\/www.dabusarquitetura.com.br\/blog\/espacos-de-decisao-como-arquitetura-corporativa-influencia\/\" \/>\n<meta property=\"og:locale\" content=\"pt_BR\" \/>\n<meta property=\"og:type\" content=\"article\" \/>\n<meta property=\"og:title\" content=\"Espa\u00e7os de decis\u00e3o e sua influencia sobre as lideran\u00e7as\" \/>\n<meta property=\"og:description\" content=\"Descubra como a arquitetura corporativa transforma espa\u00e7os de decis\u00e3o e potencializa a lideran\u00e7a estrat\u00e9gica nas empresas.\" \/>\n<meta property=\"og:url\" content=\"https:\/\/www.dabusarquitetura.com.br\/blog\/espacos-de-decisao-como-arquitetura-corporativa-influencia\/\" \/>\n<meta property=\"og:site_name\" content=\"DABUS ARQUITETURA\" \/>\n<meta property=\"article:published_time\" content=\"2025-06-23T22:29:35+00:00\" \/>\n<meta property=\"article:modified_time\" content=\"2025-06-23T22:30:13+00:00\" \/>\n<meta property=\"og:image\" content=\"https:\/\/www.dabusarquitetura.com.br\/blog\/wp-content\/uploads\/2025\/06\/espacos-de-decisao-1024x395.jpg\" \/>\n<meta name=\"author\" content=\"heloisa.dabus\" \/>\n<meta name=\"twitter:card\" content=\"summary_large_image\" \/>\n<meta name=\"twitter:label1\" content=\"Escrito por\" \/>\n\t<meta name=\"twitter:data1\" content=\"heloisa.dabus\" \/>\n\t<meta name=\"twitter:label2\" content=\"Est. tempo de leitura\" \/>\n\t<meta name=\"twitter:data2\" content=\"4 minutos\" \/>\n<script type=\"application\/ld+json\" class=\"yoast-schema-graph\">{\"@context\":\"https:\/\/schema.org\",\"@graph\":[{\"@type\":\"WebPage\",\"@id\":\"https:\/\/www.dabusarquitetura.com.br\/blog\/espacos-de-decisao-como-arquitetura-corporativa-influencia\/\",\"url\":\"https:\/\/www.dabusarquitetura.com.br\/blog\/espacos-de-decisao-como-arquitetura-corporativa-influencia\/\",\"name\":\"Espa\u00e7os de decis\u00e3o e sua influencia sobre as lideran\u00e7as\",\"isPartOf\":{\"@id\":\"https:\/\/www.dabusarquitetura.com.br\/blog\/#website\"},\"datePublished\":\"2025-06-23T22:29:35+00:00\",\"dateModified\":\"2025-06-23T22:30:13+00:00\",\"author\":{\"@id\":\"https:\/\/www.dabusarquitetura.com.br\/blog\/#\/schema\/person\/978b78d74759412a1cd43634996237c4\"},\"description\":\"Descubra como a arquitetura corporativa transforma espa\u00e7os de decis\u00e3o e potencializa a lideran\u00e7a estrat\u00e9gica nas empresas.\",\"breadcrumb\":{\"@id\":\"https:\/\/www.dabusarquitetura.com.br\/blog\/espacos-de-decisao-como-arquitetura-corporativa-influencia\/#breadcrumb\"},\"inLanguage\":\"pt-BR\",\"potentialAction\":[{\"@type\":\"ReadAction\",\"target\":[\"https:\/\/www.dabusarquitetura.com.br\/blog\/espacos-de-decisao-como-arquitetura-corporativa-influencia\/\"]}]},{\"@type\":\"BreadcrumbList\",\"@id\":\"https:\/\/www.dabusarquitetura.com.br\/blog\/espacos-de-decisao-como-arquitetura-corporativa-influencia\/#breadcrumb\",\"itemListElement\":[{\"@type\":\"ListItem\",\"position\":1,\"name\":\"In\u00edcio\",\"item\":\"https:\/\/www.dabusarquitetura.com.br\/blog\/\"},{\"@type\":\"ListItem\",\"position\":2,\"name\":\"Espa\u00e7os de decis\u00e3o: como a Arquitetura Corporativa influencia as lideran\u00e7as\"}]},{\"@type\":\"WebSite\",\"@id\":\"https:\/\/www.dabusarquitetura.com.br\/blog\/#website\",\"url\":\"https:\/\/www.dabusarquitetura.com.br\/blog\/\",\"name\":\"DABUS ARQUITETURA\",\"description\":\"Arquitetura Corporativa\",\"potentialAction\":[{\"@type\":\"SearchAction\",\"target\":{\"@type\":\"EntryPoint\",\"urlTemplate\":\"https:\/\/www.dabusarquitetura.com.br\/blog\/?s={search_term_string}\"},\"query-input\":\"required name=search_term_string\"}],\"inLanguage\":\"pt-BR\"},{\"@type\":\"Person\",\"@id\":\"https:\/\/www.dabusarquitetura.com.br\/blog\/#\/schema\/person\/978b78d74759412a1cd43634996237c4\",\"name\":\"heloisa.dabus\",\"image\":{\"@type\":\"ImageObject\",\"inLanguage\":\"pt-BR\",\"@id\":\"https:\/\/www.dabusarquitetura.com.br\/blog\/#\/schema\/person\/image\/\",\"url\":\"https:\/\/secure.gravatar.com\/avatar\/4078f4f8e54fb70a99a5e9edc642ecb1?s=96&d=mm&r=g\",\"contentUrl\":\"https:\/\/secure.gravatar.com\/avatar\/4078f4f8e54fb70a99a5e9edc642ecb1?s=96&d=mm&r=g\",\"caption\":\"heloisa.dabus\"},\"url\":\"https:\/\/www.dabusarquitetura.com.br\/blog\/author\/heloisa-dabus\/\"}]}<\/script>\n<!-- \/ Yoast SEO plugin. -->","yoast_head_json":{"title":"Espa\u00e7os de decis\u00e3o e sua influencia sobre as lideran\u00e7as","description":"Descubra como a arquitetura corporativa transforma espa\u00e7os de decis\u00e3o e potencializa a lideran\u00e7a estrat\u00e9gica nas empresas.","robots":{"index":"index","follow":"follow","max-snippet":"max-snippet:-1","max-image-preview":"max-image-preview:large","max-video-preview":"max-video-preview:-1"},"canonical":"https:\/\/www.dabusarquitetura.com.br\/blog\/espacos-de-decisao-como-arquitetura-corporativa-influencia\/","og_locale":"pt_BR","og_type":"article","og_title":"Espa\u00e7os de decis\u00e3o e sua influencia sobre as lideran\u00e7as","og_description":"Descubra como a arquitetura corporativa transforma espa\u00e7os de decis\u00e3o e potencializa a lideran\u00e7a estrat\u00e9gica nas empresas.","og_url":"https:\/\/www.dabusarquitetura.com.br\/blog\/espacos-de-decisao-como-arquitetura-corporativa-influencia\/","og_site_name":"DABUS ARQUITETURA","article_published_time":"2025-06-23T22:29:35+00:00","article_modified_time":"2025-06-23T22:30:13+00:00","og_image":[{"url":"https:\/\/www.dabusarquitetura.com.br\/blog\/wp-content\/uploads\/2025\/06\/espacos-de-decisao-1024x395.jpg"}],"author":"heloisa.dabus","twitter_card":"summary_large_image","twitter_misc":{"Escrito por":"heloisa.dabus","Est. tempo de leitura":"4 minutos"},"schema":{"@context":"https:\/\/schema.org","@graph":[{"@type":"WebPage","@id":"https:\/\/www.dabusarquitetura.com.br\/blog\/espacos-de-decisao-como-arquitetura-corporativa-influencia\/","url":"https:\/\/www.dabusarquitetura.com.br\/blog\/espacos-de-decisao-como-arquitetura-corporativa-influencia\/","name":"Espa\u00e7os de decis\u00e3o e sua influencia sobre as lideran\u00e7as","isPartOf":{"@id":"https:\/\/www.dabusarquitetura.com.br\/blog\/#website"},"datePublished":"2025-06-23T22:29:35+00:00","dateModified":"2025-06-23T22:30:13+00:00","author":{"@id":"https:\/\/www.dabusarquitetura.com.br\/blog\/#\/schema\/person\/978b78d74759412a1cd43634996237c4"},"description":"Descubra como a arquitetura corporativa transforma espa\u00e7os de decis\u00e3o e potencializa a lideran\u00e7a estrat\u00e9gica nas empresas.","breadcrumb":{"@id":"https:\/\/www.dabusarquitetura.com.br\/blog\/espacos-de-decisao-como-arquitetura-corporativa-influencia\/#breadcrumb"},"inLanguage":"pt-BR","potentialAction":[{"@type":"ReadAction","target":["https:\/\/www.dabusarquitetura.com.br\/blog\/espacos-de-decisao-como-arquitetura-corporativa-influencia\/"]}]},{"@type":"BreadcrumbList","@id":"https:\/\/www.dabusarquitetura.com.br\/blog\/espacos-de-decisao-como-arquitetura-corporativa-influencia\/#breadcrumb","itemListElement":[{"@type":"ListItem","position":1,"name":"In\u00edcio","item":"https:\/\/www.dabusarquitetura.com.br\/blog\/"},{"@type":"ListItem","position":2,"name":"Espa\u00e7os de decis\u00e3o: como a Arquitetura Corporativa influencia as lideran\u00e7as"}]},{"@type":"WebSite","@id":"https:\/\/www.dabusarquitetura.com.br\/blog\/#website","url":"https:\/\/www.dabusarquitetura.com.br\/blog\/","name":"DABUS ARQUITETURA","description":"Arquitetura Corporativa","potentialAction":[{"@type":"SearchAction","target":{"@type":"EntryPoint","urlTemplate":"https:\/\/www.dabusarquitetura.com.br\/blog\/?s={search_term_string}"},"query-input":"required name=search_term_string"}],"inLanguage":"pt-BR"},{"@type":"Person","@id":"https:\/\/www.dabusarquitetura.com.br\/blog\/#\/schema\/person\/978b78d74759412a1cd43634996237c4","name":"heloisa.dabus","image":{"@type":"ImageObject","inLanguage":"pt-BR","@id":"https:\/\/www.dabusarquitetura.com.br\/blog\/#\/schema\/person\/image\/","url":"https:\/\/secure.gravatar.com\/avatar\/4078f4f8e54fb70a99a5e9edc642ecb1?s=96&d=mm&r=g","contentUrl":"https:\/\/secure.gravatar.com\/avatar\/4078f4f8e54fb70a99a5e9edc642ecb1?s=96&d=mm&r=g","caption":"heloisa.dabus"},"url":"https:\/\/www.dabusarquitetura.com.br\/blog\/author\/heloisa-dabus\/"}]}},"_links":{"self":[{"href":"https:\/\/www.dabusarquitetura.com.br\/blog\/wp-json\/wp\/v2\/posts\/17622"}],"collection":[{"href":"https:\/\/www.dabusarquitetura.com.br\/blog\/wp-json\/wp\/v2\/posts"}],"about":[{"href":"https:\/\/www.dabusarquitetura.com.br\/blog\/wp-json\/wp\/v2\/types\/post"}],"author":[{"embeddable":true,"href":"https:\/\/www.dabusarquitetura.com.br\/blog\/wp-json\/wp\/v2\/users\/3"}],"replies":[{"embeddable":true,"href":"https:\/\/www.dabusarquitetura.com.br\/blog\/wp-json\/wp\/v2\/comments?post=17622"}],"version-history":[{"count":3,"href":"https:\/\/www.dabusarquitetura.com.br\/blog\/wp-json\/wp\/v2\/posts\/17622\/revisions"}],"predecessor-version":[{"id":17626,"href":"https:\/\/www.dabusarquitetura.com.br\/blog\/wp-json\/wp\/v2\/posts\/17622\/revisions\/17626"}],"wp:attachment":[{"href":"https:\/\/www.dabusarquitetura.com.br\/blog\/wp-json\/wp\/v2\/media?parent=17622"}],"wp:term":[{"taxonomy":"category","embeddable":true,"href":"https:\/\/www.dabusarquitetura.com.br\/blog\/wp-json\/wp\/v2\/categories?post=17622"},{"taxonomy":"post_tag","embeddable":true,"href":"https:\/\/www.dabusarquitetura.com.br\/blog\/wp-json\/wp\/v2\/tags?post=17622"}],"curies":[{"name":"wp","href":"https:\/\/api.w.org\/{rel}","templated":true}]}}