{"id":17615,"date":"2025-06-17T02:41:31","date_gmt":"2025-06-16T23:41:31","guid":{"rendered":"https:\/\/www.dabusarquitetura.com.br\/blog\/?p=17615"},"modified":"2025-11-15T00:35:51","modified_gmt":"2025-11-14T21:35:51","slug":"arquitetura-antifragil-no-espaco-trabalho","status":"publish","type":"post","link":"https:\/\/www.dabusarquitetura.com.br\/blog\/arquitetura-antifragil-no-espaco-trabalho\/","title":{"rendered":"Arquitetura antifr\u00e1gil no espa\u00e7o de trabalho: o que \u00e9 e como funciona?"},"content":{"rendered":"<div class=\"wp-block-image\">\n<figure class=\"aligncenter size-large\"><img decoding=\"async\" loading=\"lazy\" width=\"1024\" height=\"404\" src=\"https:\/\/www.dabusarquitetura.com.br\/blog\/wp-content\/uploads\/2025\/06\/arquitetura-antifragil-1024x404.jpg\" alt=\"Arquitetura antifr\u00e1gil\" class=\"wp-image-17617\" title=\"Projeto DABUS ARQUITETURA\" srcset=\"https:\/\/www.dabusarquitetura.com.br\/blog\/wp-content\/uploads\/2025\/06\/arquitetura-antifragil-1024x404.jpg 1024w, https:\/\/www.dabusarquitetura.com.br\/blog\/wp-content\/uploads\/2025\/06\/arquitetura-antifragil-300x119.jpg 300w, https:\/\/www.dabusarquitetura.com.br\/blog\/wp-content\/uploads\/2025\/06\/arquitetura-antifragil-768x303.jpg 768w, https:\/\/www.dabusarquitetura.com.br\/blog\/wp-content\/uploads\/2025\/06\/arquitetura-antifragil.jpg 1200w\" sizes=\"(max-width: 1024px) 100vw, 1024px\" \/><\/figure><\/div>\n\n\n<p>Vivemos uma era em que tudo muda o tempo todo. Novas tecnologias surgem de um dia para o outro. Modelos de trabalho se transformam. Equipes crescem, encolhem, se reorganizam. Assim, em um cen\u00e1rio de constante incerteza, as empresas precisam estar <strong>preparadas para o inesperado<\/strong>. E isso inclui o espa\u00e7o f\u00edsico onde tudo acontece: o escrit\u00f3rio. \u00c9 justamente a\u00ed que entra o conceito de <strong>Arquitetura antifr\u00e1gil<\/strong>.<\/p>\n\n\n\n<p>Mais do que resist\u00eancia, ela oferece capacidade de <strong>adapta\u00e7\u00e3o e evolu\u00e7\u00e3o diante das mudan\u00e7as<\/strong>. \u00c9 uma abordagem inovadora que ajuda os ambientes de trabalho a se tornarem aliados da estrat\u00e9gia empresarial. Sobretudo, em tempos inst\u00e1veis.<\/p>\n\n\n\n<p>Mas, voc\u00ea sabe o que \u00e9 Arquitetura antifr\u00e1gil? E como ela pode ser aplicada no projeto corporativo?<\/p>\n\n\n\n<p>Vem descobrir!<\/p>\n\n\n\n<h2 class=\"wp-block-heading\">O que \u00e9 Arquitetura antifr\u00e1gil?<\/h2>\n\n\n\n<p>O termo &#8220;antifr\u00e1gil&#8221; foi criado pelo autor Nassim Taleb, em refer\u00eancia a sistemas que n\u00e3o apenas resistem \u00e0 press\u00e3o, mas que se fortalecem a partir dela. Ou seja, s\u00e3o estruturas que se adaptam, <strong>aprendem e melhoram com o caos<\/strong>.<\/p>\n\n\n\n<p>Na <a href=\"https:\/\/www.dabusarquitetura.com.br\/site\/arquitetura-corporativa\"><strong>Arquitetura Corporativa<\/strong><\/a>, essa ideia ganha for\u00e7a diante da necessidade de criar espa\u00e7os preparados para o imprevis\u00edvel. Assim, a Arquitetura antifr\u00e1gil prop\u00f5e justamente isso: <strong>ambientes que evoluem com as transforma\u00e7\u00f5es do neg\u00f3cio<\/strong>, em vez de se tornarem obsoletos com o tempo.<\/p>\n\n\n\n<h3 class=\"wp-block-heading\">Mas como funciona na pr\u00e1tica?<\/h3>\n\n\n\n<p>Aplicar o conceito de Arquitetura antifr\u00e1gil em um projeto corporativo exige planejamento estrat\u00e9gico. A ideia \u00e9 construir <a href=\"https:\/\/www.dabusarquitetura.com.br\/blog\/empresa-flexivel-ambiente-de-trabalho\/\"><strong>espa\u00e7os flex\u00edveis<\/strong><\/a>, multifuncionais e escal\u00e1veis.&nbsp;<\/p>\n\n\n\n<p>Veja como isso se traduz em solu\u00e7\u00f5es concretas:<\/p>\n\n\n\n<ul>\n<li><strong>Modularidade:<\/strong> m\u00f3veis, divis\u00f3rias e elementos de layout que podem ser reposicionados de forma r\u00e1pida e pr\u00e1tica, conforme as necessidades da equipe.<\/li>\n\n\n\n<li><strong>Infraestrutura escal\u00e1vel:<\/strong> redes el\u00e9tricas, ilumina\u00e7\u00e3o e climatiza\u00e7\u00e3o que suportam mudan\u00e7as de configura\u00e7\u00e3o, expans\u00e3o de times ou novas tecnologias.<\/li>\n\n\n\n<li><strong>Ambientes h\u00edbridos:<\/strong> espa\u00e7os que servem tanto para reuni\u00f5es presenciais quanto para videochamadas, coworkings internos ou momentos de concentra\u00e7\u00e3o.<\/li>\n\n\n\n<li><strong>Materiais vers\u00e1teis<\/strong>: escolha de revestimentos e mobili\u00e1rios dur\u00e1veis, sustent\u00e1veis e que possam ser reaproveitados em futuras modifica\u00e7\u00f5es.<\/li>\n\n\n\n<li><strong>Design centrado nas pessoas:<\/strong> ambientes que promovem conforto, bem-estar e produtividade, independentemente do cen\u00e1rio externo.<\/li>\n<\/ul>\n\n\n\n<h3 class=\"wp-block-heading\">Por que investir nessa estrat\u00e9gia?<\/h3>\n\n\n\n<p>Empresas que adotam a Arquitetura antifr\u00e1gil est\u00e3o <strong>mais preparadas para lidar com o futuro<\/strong>. Afinal, quanto maior a flexibilidade do espa\u00e7o, menor o custo com reformas, mudan\u00e7as e adapta\u00e7\u00f5es. Al\u00e9m disso, o ambiente deixa de ser um obst\u00e1culo e passa a ser um <strong>agente de inova\u00e7\u00e3o e resili\u00eancia organizacional<\/strong>.<\/p>\n\n\n\n<p>Outro ponto importante \u00e9 que esse tipo de Arquitetura acompanha n\u00e3o apenas as mudan\u00e7as externas, mas tamb\u00e9m as transforma\u00e7\u00f5es internas da cultura empresarial. Portanto, quando a organiza\u00e7\u00e3o cresce, adota novos processos ou passa a operar em regime h\u00edbrido, o espa\u00e7o consegue refletir essa nova realidade.<\/p>\n\n\n\n<p>A Arquitetura antifr\u00e1gil \u00e9 mais do que uma tend\u00eancia. \u00c9 uma <strong>resposta inteligente aos desafios de um mundo inst\u00e1vel<\/strong>. Desse modo, ao investir em espa\u00e7os que se adaptam e evoluem, as empresas criam uma base s\u00f3lida para o futuro \u2014 mesmo quando ele \u00e9 incerto.<\/p>\n\n\n\n<p>Pensar o projeto corporativo sob essa \u00f3tica \u00e9 <strong>agir com vis\u00e3o de longo prazo<\/strong>. \u00c9 transformar o espa\u00e7o em um aliado estrat\u00e9gico da inova\u00e7\u00e3o, da produtividade e da cultura organizacional. Porque, no fim das contas, empresas fortes come\u00e7am com estruturas preparadas para crescer com as mudan\u00e7as.<\/p>\n\n\n\n<p>Quer saber como podemos te ajudar? Chame no <a href=\"https:\/\/api.whatsapp.com\/send?l=pt&amp;phone=5511983276060\" target=\"_blank\" rel=\"noreferrer noopener\"><strong>WhatsApp 11 98327-6060<\/strong><\/a>.<\/p>\n","protected":false},"excerpt":{"rendered":"<p>Vivemos uma era em que tudo muda o tempo todo. Novas tecnologias surgem de um dia para o outro. Modelos de trabalho se transformam. Equipes [&hellip;]<\/p>\n","protected":false},"author":3,"featured_media":0,"comment_status":"open","ping_status":"open","sticky":false,"template":"","format":"standard","meta":[],"categories":[7],"tags":[],"yoast_head":"<!-- This site is optimized with the Yoast SEO plugin v20.8 - https:\/\/yoast.com\/wordpress\/plugins\/seo\/ -->\n<title>Arquitetura antifr\u00e1gil no espa\u00e7o de trabalho: o que \u00e9?<\/title>\n<meta name=\"description\" content=\"Para vencer os constantes desafios do mercado \u00e9 preciso contar com uma estrutura preparada. A Arquitetura antifr\u00e1gil vai te ajudar\u2026\" \/>\n<meta name=\"robots\" content=\"index, follow, max-snippet:-1, max-image-preview:large, max-video-preview:-1\" \/>\n<link rel=\"canonical\" href=\"https:\/\/www.dabusarquitetura.com.br\/blog\/arquitetura-antifragil-no-espaco-trabalho\/\" \/>\n<meta property=\"og:locale\" content=\"pt_BR\" \/>\n<meta property=\"og:type\" content=\"article\" \/>\n<meta property=\"og:title\" content=\"Arquitetura antifr\u00e1gil no espa\u00e7o de trabalho: o que \u00e9?\" \/>\n<meta property=\"og:description\" content=\"Para vencer os constantes desafios do mercado \u00e9 preciso contar com uma estrutura preparada. A Arquitetura antifr\u00e1gil vai te ajudar\u2026\" \/>\n<meta property=\"og:url\" content=\"https:\/\/www.dabusarquitetura.com.br\/blog\/arquitetura-antifragil-no-espaco-trabalho\/\" \/>\n<meta property=\"og:site_name\" content=\"DABUS ARQUITETURA\" \/>\n<meta property=\"article:published_time\" content=\"2025-06-16T23:41:31+00:00\" \/>\n<meta property=\"article:modified_time\" content=\"2025-11-14T21:35:51+00:00\" \/>\n<meta property=\"og:image\" content=\"https:\/\/www.dabusarquitetura.com.br\/blog\/wp-content\/uploads\/2025\/06\/arquitetura-antifragil-1024x404.jpg\" \/>\n<meta name=\"author\" content=\"heloisa.dabus\" \/>\n<meta name=\"twitter:card\" content=\"summary_large_image\" \/>\n<meta name=\"twitter:label1\" content=\"Escrito por\" \/>\n\t<meta name=\"twitter:data1\" content=\"heloisa.dabus\" \/>\n\t<meta name=\"twitter:label2\" content=\"Est. tempo de leitura\" \/>\n\t<meta name=\"twitter:data2\" content=\"4 minutos\" \/>\n<script type=\"application\/ld+json\" class=\"yoast-schema-graph\">{\"@context\":\"https:\/\/schema.org\",\"@graph\":[{\"@type\":\"WebPage\",\"@id\":\"https:\/\/www.dabusarquitetura.com.br\/blog\/arquitetura-antifragil-no-espaco-trabalho\/\",\"url\":\"https:\/\/www.dabusarquitetura.com.br\/blog\/arquitetura-antifragil-no-espaco-trabalho\/\",\"name\":\"Arquitetura antifr\u00e1gil no espa\u00e7o de trabalho: o que \u00e9?\",\"isPartOf\":{\"@id\":\"https:\/\/www.dabusarquitetura.com.br\/blog\/#website\"},\"datePublished\":\"2025-06-16T23:41:31+00:00\",\"dateModified\":\"2025-11-14T21:35:51+00:00\",\"author\":{\"@id\":\"https:\/\/www.dabusarquitetura.com.br\/blog\/#\/schema\/person\/978b78d74759412a1cd43634996237c4\"},\"description\":\"Para vencer os constantes desafios do mercado \u00e9 preciso contar com uma estrutura preparada. A Arquitetura antifr\u00e1gil vai te ajudar\u2026\",\"breadcrumb\":{\"@id\":\"https:\/\/www.dabusarquitetura.com.br\/blog\/arquitetura-antifragil-no-espaco-trabalho\/#breadcrumb\"},\"inLanguage\":\"pt-BR\",\"potentialAction\":[{\"@type\":\"ReadAction\",\"target\":[\"https:\/\/www.dabusarquitetura.com.br\/blog\/arquitetura-antifragil-no-espaco-trabalho\/\"]}]},{\"@type\":\"BreadcrumbList\",\"@id\":\"https:\/\/www.dabusarquitetura.com.br\/blog\/arquitetura-antifragil-no-espaco-trabalho\/#breadcrumb\",\"itemListElement\":[{\"@type\":\"ListItem\",\"position\":1,\"name\":\"In\u00edcio\",\"item\":\"https:\/\/www.dabusarquitetura.com.br\/blog\/\"},{\"@type\":\"ListItem\",\"position\":2,\"name\":\"Arquitetura antifr\u00e1gil no espa\u00e7o de trabalho: o que \u00e9 e como funciona?\"}]},{\"@type\":\"WebSite\",\"@id\":\"https:\/\/www.dabusarquitetura.com.br\/blog\/#website\",\"url\":\"https:\/\/www.dabusarquitetura.com.br\/blog\/\",\"name\":\"DABUS ARQUITETURA\",\"description\":\"Arquitetura Corporativa\",\"potentialAction\":[{\"@type\":\"SearchAction\",\"target\":{\"@type\":\"EntryPoint\",\"urlTemplate\":\"https:\/\/www.dabusarquitetura.com.br\/blog\/?s={search_term_string}\"},\"query-input\":\"required name=search_term_string\"}],\"inLanguage\":\"pt-BR\"},{\"@type\":\"Person\",\"@id\":\"https:\/\/www.dabusarquitetura.com.br\/blog\/#\/schema\/person\/978b78d74759412a1cd43634996237c4\",\"name\":\"heloisa.dabus\",\"image\":{\"@type\":\"ImageObject\",\"inLanguage\":\"pt-BR\",\"@id\":\"https:\/\/www.dabusarquitetura.com.br\/blog\/#\/schema\/person\/image\/\",\"url\":\"https:\/\/secure.gravatar.com\/avatar\/4078f4f8e54fb70a99a5e9edc642ecb1?s=96&d=mm&r=g\",\"contentUrl\":\"https:\/\/secure.gravatar.com\/avatar\/4078f4f8e54fb70a99a5e9edc642ecb1?s=96&d=mm&r=g\",\"caption\":\"heloisa.dabus\"},\"url\":\"https:\/\/www.dabusarquitetura.com.br\/blog\/author\/heloisa-dabus\/\"}]}<\/script>\n<!-- \/ Yoast SEO plugin. -->","yoast_head_json":{"title":"Arquitetura antifr\u00e1gil no espa\u00e7o de trabalho: o que \u00e9?","description":"Para vencer os constantes desafios do mercado \u00e9 preciso contar com uma estrutura preparada. A Arquitetura antifr\u00e1gil vai te ajudar\u2026","robots":{"index":"index","follow":"follow","max-snippet":"max-snippet:-1","max-image-preview":"max-image-preview:large","max-video-preview":"max-video-preview:-1"},"canonical":"https:\/\/www.dabusarquitetura.com.br\/blog\/arquitetura-antifragil-no-espaco-trabalho\/","og_locale":"pt_BR","og_type":"article","og_title":"Arquitetura antifr\u00e1gil no espa\u00e7o de trabalho: o que \u00e9?","og_description":"Para vencer os constantes desafios do mercado \u00e9 preciso contar com uma estrutura preparada. A Arquitetura antifr\u00e1gil vai te ajudar\u2026","og_url":"https:\/\/www.dabusarquitetura.com.br\/blog\/arquitetura-antifragil-no-espaco-trabalho\/","og_site_name":"DABUS ARQUITETURA","article_published_time":"2025-06-16T23:41:31+00:00","article_modified_time":"2025-11-14T21:35:51+00:00","og_image":[{"url":"https:\/\/www.dabusarquitetura.com.br\/blog\/wp-content\/uploads\/2025\/06\/arquitetura-antifragil-1024x404.jpg"}],"author":"heloisa.dabus","twitter_card":"summary_large_image","twitter_misc":{"Escrito por":"heloisa.dabus","Est. tempo de leitura":"4 minutos"},"schema":{"@context":"https:\/\/schema.org","@graph":[{"@type":"WebPage","@id":"https:\/\/www.dabusarquitetura.com.br\/blog\/arquitetura-antifragil-no-espaco-trabalho\/","url":"https:\/\/www.dabusarquitetura.com.br\/blog\/arquitetura-antifragil-no-espaco-trabalho\/","name":"Arquitetura antifr\u00e1gil no espa\u00e7o de trabalho: o que \u00e9?","isPartOf":{"@id":"https:\/\/www.dabusarquitetura.com.br\/blog\/#website"},"datePublished":"2025-06-16T23:41:31+00:00","dateModified":"2025-11-14T21:35:51+00:00","author":{"@id":"https:\/\/www.dabusarquitetura.com.br\/blog\/#\/schema\/person\/978b78d74759412a1cd43634996237c4"},"description":"Para vencer os constantes desafios do mercado \u00e9 preciso contar com uma estrutura preparada. A Arquitetura antifr\u00e1gil vai te ajudar\u2026","breadcrumb":{"@id":"https:\/\/www.dabusarquitetura.com.br\/blog\/arquitetura-antifragil-no-espaco-trabalho\/#breadcrumb"},"inLanguage":"pt-BR","potentialAction":[{"@type":"ReadAction","target":["https:\/\/www.dabusarquitetura.com.br\/blog\/arquitetura-antifragil-no-espaco-trabalho\/"]}]},{"@type":"BreadcrumbList","@id":"https:\/\/www.dabusarquitetura.com.br\/blog\/arquitetura-antifragil-no-espaco-trabalho\/#breadcrumb","itemListElement":[{"@type":"ListItem","position":1,"name":"In\u00edcio","item":"https:\/\/www.dabusarquitetura.com.br\/blog\/"},{"@type":"ListItem","position":2,"name":"Arquitetura antifr\u00e1gil no espa\u00e7o de trabalho: o que \u00e9 e como funciona?"}]},{"@type":"WebSite","@id":"https:\/\/www.dabusarquitetura.com.br\/blog\/#website","url":"https:\/\/www.dabusarquitetura.com.br\/blog\/","name":"DABUS ARQUITETURA","description":"Arquitetura Corporativa","potentialAction":[{"@type":"SearchAction","target":{"@type":"EntryPoint","urlTemplate":"https:\/\/www.dabusarquitetura.com.br\/blog\/?s={search_term_string}"},"query-input":"required name=search_term_string"}],"inLanguage":"pt-BR"},{"@type":"Person","@id":"https:\/\/www.dabusarquitetura.com.br\/blog\/#\/schema\/person\/978b78d74759412a1cd43634996237c4","name":"heloisa.dabus","image":{"@type":"ImageObject","inLanguage":"pt-BR","@id":"https:\/\/www.dabusarquitetura.com.br\/blog\/#\/schema\/person\/image\/","url":"https:\/\/secure.gravatar.com\/avatar\/4078f4f8e54fb70a99a5e9edc642ecb1?s=96&d=mm&r=g","contentUrl":"https:\/\/secure.gravatar.com\/avatar\/4078f4f8e54fb70a99a5e9edc642ecb1?s=96&d=mm&r=g","caption":"heloisa.dabus"},"url":"https:\/\/www.dabusarquitetura.com.br\/blog\/author\/heloisa-dabus\/"}]}},"_links":{"self":[{"href":"https:\/\/www.dabusarquitetura.com.br\/blog\/wp-json\/wp\/v2\/posts\/17615"}],"collection":[{"href":"https:\/\/www.dabusarquitetura.com.br\/blog\/wp-json\/wp\/v2\/posts"}],"about":[{"href":"https:\/\/www.dabusarquitetura.com.br\/blog\/wp-json\/wp\/v2\/types\/post"}],"author":[{"embeddable":true,"href":"https:\/\/www.dabusarquitetura.com.br\/blog\/wp-json\/wp\/v2\/users\/3"}],"replies":[{"embeddable":true,"href":"https:\/\/www.dabusarquitetura.com.br\/blog\/wp-json\/wp\/v2\/comments?post=17615"}],"version-history":[{"count":4,"href":"https:\/\/www.dabusarquitetura.com.br\/blog\/wp-json\/wp\/v2\/posts\/17615\/revisions"}],"predecessor-version":[{"id":17620,"href":"https:\/\/www.dabusarquitetura.com.br\/blog\/wp-json\/wp\/v2\/posts\/17615\/revisions\/17620"}],"wp:attachment":[{"href":"https:\/\/www.dabusarquitetura.com.br\/blog\/wp-json\/wp\/v2\/media?parent=17615"}],"wp:term":[{"taxonomy":"category","embeddable":true,"href":"https:\/\/www.dabusarquitetura.com.br\/blog\/wp-json\/wp\/v2\/categories?post=17615"},{"taxonomy":"post_tag","embeddable":true,"href":"https:\/\/www.dabusarquitetura.com.br\/blog\/wp-json\/wp\/v2\/tags?post=17615"}],"curies":[{"name":"wp","href":"https:\/\/api.w.org\/{rel}","templated":true}]}}