{"id":17609,"date":"2025-06-10T00:48:59","date_gmt":"2025-06-09T21:48:59","guid":{"rendered":"https:\/\/www.dabusarquitetura.com.br\/blog\/?p=17609"},"modified":"2025-06-10T00:48:59","modified_gmt":"2025-06-09T21:48:59","slug":"responsabilidade-etica-na-arquitetura","status":"publish","type":"post","link":"https:\/\/www.dabusarquitetura.com.br\/blog\/responsabilidade-etica-na-arquitetura\/","title":{"rendered":"A responsabilidade invis\u00edvel do arquiteto: \u00e9tica na Arquitetura aplicada aos projetos"},"content":{"rendered":"<div class=\"wp-block-image\">\n<figure class=\"aligncenter size-large\"><img decoding=\"async\" loading=\"lazy\" width=\"1024\" height=\"395\" src=\"https:\/\/www.dabusarquitetura.com.br\/blog\/wp-content\/uploads\/2025\/06\/etica-arquitetura-projetos-1024x395.jpg\" alt=\"\u00c9tica na Arquitetura aplicada aos projetos\" class=\"wp-image-17611\" title=\"Imagem meramente ilustrativa\" srcset=\"https:\/\/www.dabusarquitetura.com.br\/blog\/wp-content\/uploads\/2025\/06\/etica-arquitetura-projetos-1024x395.jpg 1024w, https:\/\/www.dabusarquitetura.com.br\/blog\/wp-content\/uploads\/2025\/06\/etica-arquitetura-projetos-300x116.jpg 300w, https:\/\/www.dabusarquitetura.com.br\/blog\/wp-content\/uploads\/2025\/06\/etica-arquitetura-projetos-768x296.jpg 768w, https:\/\/www.dabusarquitetura.com.br\/blog\/wp-content\/uploads\/2025\/06\/etica-arquitetura-projetos.jpg 1440w\" sizes=\"(max-width: 1024px) 100vw, 1024px\" \/><\/figure><\/div>\n\n\n<p>Quando se fala em <strong>\u00e9tica na Arquitetura<\/strong>, \u00e9 comum associar o tema a grandes discuss\u00f5es urban\u00edsticas, como ocupa\u00e7\u00e3o do solo ou impacto ambiental das cidades. No entanto, a \u00e9tica est\u00e1 presente de forma igualmente crucial \u2014 mas, muitas vezes, menos vis\u00edvel \u2014 no <strong>cotidiano dos projetos arquitet\u00f4nicos como um todo<\/strong>.&nbsp;<\/p>\n\n\n\n<p>Nesse contexto, trata-se de um <strong>compromisso silencioso<\/strong>, por\u00e9m determinante, com a qualidade, a seguran\u00e7a e a integridade do que se entrega ao cliente.<\/p>\n\n\n\n<p>Quer saber mais? Ent\u00e3o, acompanhe a seguir!<\/p>\n\n\n\n<h2 class=\"wp-block-heading\">A \u00e9tica na Arquitetura como alicerce de decis\u00e3o<\/h2>\n\n\n\n<p>A \u00e9tica nos projetos come\u00e7a <a href=\"https:\/\/www.dabusarquitetura.com.br\/blog\/concepcao-arquitetura-de-escola\/\"><strong>antes mesmo do tra\u00e7o no papel<\/strong><\/a>. Est\u00e1 presente, por exemplo, na responsabilidade de entender profundamente as necessidades do cliente e das pessoas que usar\u00e3o aquele espa\u00e7o.&nbsp;<\/p>\n\n\n\n<p>Escolher solu\u00e7\u00f5es que valorizem o <strong>bem-estar dos ocupantes<\/strong>, que respeitem <strong>or\u00e7amentos reais<\/strong> e que <strong>evitem desperd\u00edcios<\/strong> \u00e9 uma postura \u00e9tica \u2014 tanto quanto seguir normas t\u00e9cnicas e legisla\u00e7\u00f5es.<\/p>\n\n\n\n<p>Al\u00e9m disso, h\u00e1 <strong>decis\u00f5es menos \u00f3bvias<\/strong>, mas igualmente importantes: como especificar materiais mais dur\u00e1veis e sustent\u00e1veis, mesmo que isso signifique ir contra modismos passageiros. Ou recusar altera\u00e7\u00f5es que comprometam a funcionalidade, a seguran\u00e7a ou o <a href=\"https:\/\/www.dabusarquitetura.com.br\/blog\/estrategias-conforto-termico-no-escritorio\/\"><strong>conforto de um projeto<\/strong><\/a>, mesmo diante de press\u00f5es externas. Enfim, tudo isso \u00e9 <strong>\u00e9tica aplicada na pr\u00e1tica<\/strong>.<\/p>\n\n\n\n<h3 class=\"wp-block-heading\">A transpar\u00eancia como valor de projeto<\/h3>\n\n\n\n<p>Outro pilar da \u00e9tica na Arquitetura \u00e9 a <strong>transpar\u00eancia nas rela\u00e7\u00f5es<\/strong>. Desse modo, isso inclui desde a clara comunica\u00e7\u00e3o com os clientes at\u00e9 o cuidado no trato com fornecedores e profissionais parceiros.&nbsp;<\/p>\n\n\n\n<p>Em um cen\u00e1rio onde prazos e or\u00e7amentos costumam ser desafiadores, adotar uma postura \u00e9tica significa <strong>n\u00e3o prometer o que n\u00e3o \u00e9 vi\u00e1vel, nem maquiar a complexidade de uma obra<\/strong>. Portanto, significa entregar com integridade o que foi projetado, sem atalhos que prejudiquem o resultado final.<\/p>\n\n\n\n<h3 class=\"wp-block-heading\">Decis\u00f5es que constroem confian\u00e7a<\/h3>\n\n\n\n<p>Com isso, fica evidente que a \u00e9tica na Arquitetura vai <strong>al\u00e9m do cumprimento de regras<\/strong>. Ela se manifesta no cotidiano de cada projeto, moldando a conduta do arquiteto diante dos dilemas que surgem ao longo do processo.&nbsp;<\/p>\n\n\n\n<p>Assim, ao agir com responsabilidade t\u00e9cnica, sensibilidade humana e coer\u00eancia entre discurso e pr\u00e1tica, o arquiteto n\u00e3o apenas constr\u00f3i espa\u00e7os. Ele <strong>constr\u00f3i confian\u00e7a, legado e credibilidade<\/strong>.<\/p>\n\n\n\n<h3 class=\"wp-block-heading\">\u00c9tica como diferencial competitivo<\/h3>\n\n\n\n<p>No mercado atual, onde clientes est\u00e3o cada vez mais atentos a valores como <strong>prop\u00f3sito e transpar\u00eancia<\/strong>, a \u00e9tica na Arquitetura n\u00e3o \u00e9 apenas uma obriga\u00e7\u00e3o, \u00e9 tamb\u00e9m um diferencial competitivo.&nbsp;<\/p>\n\n\n\n<p>Projetar com \u00e9tica significa projetar com consci\u00eancia, com respeito e com vis\u00e3o de longo prazo. E isso, sem d\u00favida, <strong>agrega valor n\u00e3o s\u00f3 ao espa\u00e7o, mas a toda a cadeia envolvida<\/strong> em sua cria\u00e7\u00e3o.<\/p>\n\n\n\n<p>Na <strong>DABUS ARQUITETURA<\/strong>, acreditamos que cada projeto deve refletir n\u00e3o apenas t\u00e9cnica e criatividade, mas tamb\u00e9m um compromisso \u00e9tico com quem vai vivenciar o espa\u00e7o.&nbsp;<\/p>\n\n\n\n<p>Assim, nossa equipe trabalha com <strong>responsabilidade, escuta ativa e decis\u00f5es conscientes<\/strong> em todas as etapas.<\/p>\n\n\n\n<p>Busca um projeto arquitet\u00f4nico que respeite valores, pessoas e objetivos? Ent\u00e3o, entre em contato com a gente pelo <a href=\"https:\/\/api.whatsapp.com\/send?l=pt&amp;phone=5511983276060\" target=\"_blank\" rel=\"noreferrer noopener\"><strong>WhatsApp 11 98327-6060<\/strong><\/a> e saiba como podemos te atender!\u00a0<\/p>\n","protected":false},"excerpt":{"rendered":"<p>Quando se fala em \u00e9tica na Arquitetura, \u00e9 comum associar o tema a grandes discuss\u00f5es urban\u00edsticas, como ocupa\u00e7\u00e3o do solo ou impacto ambiental das cidades. [&hellip;]<\/p>\n","protected":false},"author":3,"featured_media":0,"comment_status":"open","ping_status":"open","sticky":false,"template":"","format":"standard","meta":[],"categories":[269],"tags":[],"yoast_head":"<!-- This site is optimized with the Yoast SEO plugin v20.8 - https:\/\/yoast.com\/wordpress\/plugins\/seo\/ -->\n<title>Responsabilidade invis\u00edvel: \u00e9tica na Arquitetura e projetos<\/title>\n<meta name=\"description\" content=\"Entenda como a \u00e9tica na Arquitetura deve estar presente na vida do arquiteto e no desenvolvimento dos pronetos.\" \/>\n<meta name=\"robots\" content=\"index, follow, max-snippet:-1, max-image-preview:large, max-video-preview:-1\" \/>\n<link rel=\"canonical\" href=\"https:\/\/www.dabusarquitetura.com.br\/blog\/?p=17609\" \/>\n<meta property=\"og:locale\" content=\"pt_BR\" \/>\n<meta property=\"og:type\" content=\"article\" \/>\n<meta property=\"og:title\" content=\"Responsabilidade invis\u00edvel: \u00e9tica na Arquitetura e projetos\" \/>\n<meta property=\"og:description\" content=\"Entenda como a \u00e9tica na Arquitetura deve estar presente na vida do arquiteto e no desenvolvimento dos pronetos.\" \/>\n<meta property=\"og:url\" content=\"https:\/\/www.dabusarquitetura.com.br\/blog\/?p=17609\" \/>\n<meta property=\"og:site_name\" content=\"DABUS ARQUITETURA\" \/>\n<meta property=\"article:published_time\" content=\"2025-06-09T21:48:59+00:00\" \/>\n<meta property=\"og:image\" content=\"https:\/\/www.dabusarquitetura.com.br\/blog\/wp-content\/uploads\/2025\/06\/etica-arquitetura-projetos-1024x395.jpg\" \/>\n<meta name=\"author\" content=\"heloisa.dabus\" \/>\n<meta name=\"twitter:card\" content=\"summary_large_image\" \/>\n<meta name=\"twitter:label1\" content=\"Escrito por\" \/>\n\t<meta name=\"twitter:data1\" content=\"heloisa.dabus\" \/>\n\t<meta name=\"twitter:label2\" content=\"Est. tempo de leitura\" \/>\n\t<meta name=\"twitter:data2\" content=\"3 minutos\" \/>\n<script type=\"application\/ld+json\" class=\"yoast-schema-graph\">{\"@context\":\"https:\/\/schema.org\",\"@graph\":[{\"@type\":\"WebPage\",\"@id\":\"https:\/\/www.dabusarquitetura.com.br\/blog\/?p=17609\",\"url\":\"https:\/\/www.dabusarquitetura.com.br\/blog\/?p=17609\",\"name\":\"Responsabilidade invis\u00edvel: \u00e9tica na Arquitetura e projetos\",\"isPartOf\":{\"@id\":\"https:\/\/www.dabusarquitetura.com.br\/blog\/#website\"},\"datePublished\":\"2025-06-09T21:48:59+00:00\",\"dateModified\":\"2025-06-09T21:48:59+00:00\",\"author\":{\"@id\":\"https:\/\/www.dabusarquitetura.com.br\/blog\/#\/schema\/person\/978b78d74759412a1cd43634996237c4\"},\"description\":\"Entenda como a \u00e9tica na Arquitetura deve estar presente na vida do arquiteto e no desenvolvimento dos pronetos.\",\"breadcrumb\":{\"@id\":\"https:\/\/www.dabusarquitetura.com.br\/blog\/?p=17609#breadcrumb\"},\"inLanguage\":\"pt-BR\",\"potentialAction\":[{\"@type\":\"ReadAction\",\"target\":[\"https:\/\/www.dabusarquitetura.com.br\/blog\/?p=17609\"]}]},{\"@type\":\"BreadcrumbList\",\"@id\":\"https:\/\/www.dabusarquitetura.com.br\/blog\/?p=17609#breadcrumb\",\"itemListElement\":[{\"@type\":\"ListItem\",\"position\":1,\"name\":\"In\u00edcio\",\"item\":\"https:\/\/www.dabusarquitetura.com.br\/blog\/\"},{\"@type\":\"ListItem\",\"position\":2,\"name\":\"A responsabilidade invis\u00edvel do arquiteto: \u00e9tica na Arquitetura aplicada aos projetos\"}]},{\"@type\":\"WebSite\",\"@id\":\"https:\/\/www.dabusarquitetura.com.br\/blog\/#website\",\"url\":\"https:\/\/www.dabusarquitetura.com.br\/blog\/\",\"name\":\"DABUS ARQUITETURA\",\"description\":\"Arquitetura Corporativa\",\"potentialAction\":[{\"@type\":\"SearchAction\",\"target\":{\"@type\":\"EntryPoint\",\"urlTemplate\":\"https:\/\/www.dabusarquitetura.com.br\/blog\/?s={search_term_string}\"},\"query-input\":\"required name=search_term_string\"}],\"inLanguage\":\"pt-BR\"},{\"@type\":\"Person\",\"@id\":\"https:\/\/www.dabusarquitetura.com.br\/blog\/#\/schema\/person\/978b78d74759412a1cd43634996237c4\",\"name\":\"heloisa.dabus\",\"image\":{\"@type\":\"ImageObject\",\"inLanguage\":\"pt-BR\",\"@id\":\"https:\/\/www.dabusarquitetura.com.br\/blog\/#\/schema\/person\/image\/\",\"url\":\"https:\/\/secure.gravatar.com\/avatar\/4078f4f8e54fb70a99a5e9edc642ecb1?s=96&d=mm&r=g\",\"contentUrl\":\"https:\/\/secure.gravatar.com\/avatar\/4078f4f8e54fb70a99a5e9edc642ecb1?s=96&d=mm&r=g\",\"caption\":\"heloisa.dabus\"},\"url\":\"https:\/\/www.dabusarquitetura.com.br\/blog\/author\/heloisa-dabus\/\"}]}<\/script>\n<!-- \/ Yoast SEO plugin. -->","yoast_head_json":{"title":"Responsabilidade invis\u00edvel: \u00e9tica na Arquitetura e projetos","description":"Entenda como a \u00e9tica na Arquitetura deve estar presente na vida do arquiteto e no desenvolvimento dos pronetos.","robots":{"index":"index","follow":"follow","max-snippet":"max-snippet:-1","max-image-preview":"max-image-preview:large","max-video-preview":"max-video-preview:-1"},"canonical":"https:\/\/www.dabusarquitetura.com.br\/blog\/?p=17609","og_locale":"pt_BR","og_type":"article","og_title":"Responsabilidade invis\u00edvel: \u00e9tica na Arquitetura e projetos","og_description":"Entenda como a \u00e9tica na Arquitetura deve estar presente na vida do arquiteto e no desenvolvimento dos pronetos.","og_url":"https:\/\/www.dabusarquitetura.com.br\/blog\/?p=17609","og_site_name":"DABUS ARQUITETURA","article_published_time":"2025-06-09T21:48:59+00:00","og_image":[{"url":"https:\/\/www.dabusarquitetura.com.br\/blog\/wp-content\/uploads\/2025\/06\/etica-arquitetura-projetos-1024x395.jpg"}],"author":"heloisa.dabus","twitter_card":"summary_large_image","twitter_misc":{"Escrito por":"heloisa.dabus","Est. tempo de leitura":"3 minutos"},"schema":{"@context":"https:\/\/schema.org","@graph":[{"@type":"WebPage","@id":"https:\/\/www.dabusarquitetura.com.br\/blog\/?p=17609","url":"https:\/\/www.dabusarquitetura.com.br\/blog\/?p=17609","name":"Responsabilidade invis\u00edvel: \u00e9tica na Arquitetura e projetos","isPartOf":{"@id":"https:\/\/www.dabusarquitetura.com.br\/blog\/#website"},"datePublished":"2025-06-09T21:48:59+00:00","dateModified":"2025-06-09T21:48:59+00:00","author":{"@id":"https:\/\/www.dabusarquitetura.com.br\/blog\/#\/schema\/person\/978b78d74759412a1cd43634996237c4"},"description":"Entenda como a \u00e9tica na Arquitetura deve estar presente na vida do arquiteto e no desenvolvimento dos pronetos.","breadcrumb":{"@id":"https:\/\/www.dabusarquitetura.com.br\/blog\/?p=17609#breadcrumb"},"inLanguage":"pt-BR","potentialAction":[{"@type":"ReadAction","target":["https:\/\/www.dabusarquitetura.com.br\/blog\/?p=17609"]}]},{"@type":"BreadcrumbList","@id":"https:\/\/www.dabusarquitetura.com.br\/blog\/?p=17609#breadcrumb","itemListElement":[{"@type":"ListItem","position":1,"name":"In\u00edcio","item":"https:\/\/www.dabusarquitetura.com.br\/blog\/"},{"@type":"ListItem","position":2,"name":"A responsabilidade invis\u00edvel do arquiteto: \u00e9tica na Arquitetura aplicada aos projetos"}]},{"@type":"WebSite","@id":"https:\/\/www.dabusarquitetura.com.br\/blog\/#website","url":"https:\/\/www.dabusarquitetura.com.br\/blog\/","name":"DABUS ARQUITETURA","description":"Arquitetura Corporativa","potentialAction":[{"@type":"SearchAction","target":{"@type":"EntryPoint","urlTemplate":"https:\/\/www.dabusarquitetura.com.br\/blog\/?s={search_term_string}"},"query-input":"required name=search_term_string"}],"inLanguage":"pt-BR"},{"@type":"Person","@id":"https:\/\/www.dabusarquitetura.com.br\/blog\/#\/schema\/person\/978b78d74759412a1cd43634996237c4","name":"heloisa.dabus","image":{"@type":"ImageObject","inLanguage":"pt-BR","@id":"https:\/\/www.dabusarquitetura.com.br\/blog\/#\/schema\/person\/image\/","url":"https:\/\/secure.gravatar.com\/avatar\/4078f4f8e54fb70a99a5e9edc642ecb1?s=96&d=mm&r=g","contentUrl":"https:\/\/secure.gravatar.com\/avatar\/4078f4f8e54fb70a99a5e9edc642ecb1?s=96&d=mm&r=g","caption":"heloisa.dabus"},"url":"https:\/\/www.dabusarquitetura.com.br\/blog\/author\/heloisa-dabus\/"}]}},"_links":{"self":[{"href":"https:\/\/www.dabusarquitetura.com.br\/blog\/wp-json\/wp\/v2\/posts\/17609"}],"collection":[{"href":"https:\/\/www.dabusarquitetura.com.br\/blog\/wp-json\/wp\/v2\/posts"}],"about":[{"href":"https:\/\/www.dabusarquitetura.com.br\/blog\/wp-json\/wp\/v2\/types\/post"}],"author":[{"embeddable":true,"href":"https:\/\/www.dabusarquitetura.com.br\/blog\/wp-json\/wp\/v2\/users\/3"}],"replies":[{"embeddable":true,"href":"https:\/\/www.dabusarquitetura.com.br\/blog\/wp-json\/wp\/v2\/comments?post=17609"}],"version-history":[{"count":4,"href":"https:\/\/www.dabusarquitetura.com.br\/blog\/wp-json\/wp\/v2\/posts\/17609\/revisions"}],"predecessor-version":[{"id":17614,"href":"https:\/\/www.dabusarquitetura.com.br\/blog\/wp-json\/wp\/v2\/posts\/17609\/revisions\/17614"}],"wp:attachment":[{"href":"https:\/\/www.dabusarquitetura.com.br\/blog\/wp-json\/wp\/v2\/media?parent=17609"}],"wp:term":[{"taxonomy":"category","embeddable":true,"href":"https:\/\/www.dabusarquitetura.com.br\/blog\/wp-json\/wp\/v2\/categories?post=17609"},{"taxonomy":"post_tag","embeddable":true,"href":"https:\/\/www.dabusarquitetura.com.br\/blog\/wp-json\/wp\/v2\/tags?post=17609"}],"curies":[{"name":"wp","href":"https:\/\/api.w.org\/{rel}","templated":true}]}}