{"id":17581,"date":"2025-05-06T00:06:49","date_gmt":"2025-05-05T21:06:49","guid":{"rendered":"https:\/\/www.dabusarquitetura.com.br\/blog\/?p=17581"},"modified":"2025-05-06T00:06:49","modified_gmt":"2025-05-05T21:06:49","slug":"concepcao-arquitetura-de-escola","status":"publish","type":"post","link":"https:\/\/www.dabusarquitetura.com.br\/blog\/concepcao-arquitetura-de-escola\/","title":{"rendered":"A concep\u00e7\u00e3o da Arquitetura de escola: onde o projeto come\u00e7a a educar"},"content":{"rendered":"<div class=\"wp-block-image\">\n<figure class=\"aligncenter size-large\"><img decoding=\"async\" loading=\"lazy\" width=\"1024\" height=\"394\" src=\"https:\/\/www.dabusarquitetura.com.br\/blog\/wp-content\/uploads\/2025\/05\/concepcao-arquitetura-escola--1024x394.jpg\" alt=\"Arquitetura de escola\" class=\"wp-image-17584\" title=\"Imagem meramente ilustrativa\" srcset=\"https:\/\/www.dabusarquitetura.com.br\/blog\/wp-content\/uploads\/2025\/05\/concepcao-arquitetura-escola--1024x394.jpg 1024w, https:\/\/www.dabusarquitetura.com.br\/blog\/wp-content\/uploads\/2025\/05\/concepcao-arquitetura-escola--300x115.jpg 300w, https:\/\/www.dabusarquitetura.com.br\/blog\/wp-content\/uploads\/2025\/05\/concepcao-arquitetura-escola--768x295.jpg 768w, https:\/\/www.dabusarquitetura.com.br\/blog\/wp-content\/uploads\/2025\/05\/concepcao-arquitetura-escola--1536x590.jpg 1536w, https:\/\/www.dabusarquitetura.com.br\/blog\/wp-content\/uploads\/2025\/05\/concepcao-arquitetura-escola--2048x787.jpg 2048w\" sizes=\"(max-width: 1024px) 100vw, 1024px\" \/><\/figure><\/div>\n\n\n<p>A concep\u00e7\u00e3o de um <strong>projeto de arquitetura de escola <\/strong>exige mais do que conhecimento t\u00e9cnico. Assim, ela demanda sensibilidade, escuta ativa e compromisso com o papel social da educa\u00e7\u00e3o.\u00a0<\/p>\n\n\n\n<p>Antes de qualquer linha ser tra\u00e7ada no papel, o arquiteto precisa <strong>entender profundamente quem ir\u00e1 utilizar aquele espa\u00e7o<\/strong> e como ele poder\u00e1 contribuir para a forma\u00e7\u00e3o de indiv\u00edduos e comunidades. Afinal, Arquitetura de escola \u00e9 Arquitetura para pessoas em forma\u00e7\u00e3o.&nbsp;<\/p>\n\n\n\n<p>Por isso, o <strong>ponto de partida deve ser a proposta pedag\u00f3gica<\/strong> da institui\u00e7\u00e3o. Por exemplo, uma escola que valoriza o ensino colaborativo precisa de espa\u00e7os abertos e flex\u00edveis. J\u00e1 uma escola com foco em metodologias mais tradicionais pode exigir outra organiza\u00e7\u00e3o espacial.&nbsp;<\/p>\n\n\n\n<p>Portanto, a concep\u00e7\u00e3o arquitet\u00f4nica deve traduzir esses valores em <strong>ambientes que apoiem e estimulem o processo de aprendizagem<\/strong>.<\/p>\n\n\n\n<h2 class=\"wp-block-heading\">Escuta ativa para uma Arquitetura de escola funcional<\/h2>\n\n\n\n<p>Al\u00e9m disso, a escuta dos usu\u00e1rios \u2014 professores, alunos, coordenadores e at\u00e9 familiares \u2014 \u00e9 essencial. S\u00e3o essas viv\u00eancias que apontam <strong>necessidades reais, expectativas e possibilidades de uso do espa\u00e7o<\/strong> ao longo do tempo.&nbsp;<\/p>\n\n\n\n<p>Desse modo, um projeto bem concebido <strong>antecipa demandas, prop\u00f5e solu\u00e7\u00f5es inclusivas e respeita a diversidade<\/strong> dos sujeitos que far\u00e3o parte do cotidiano escolar.<\/p>\n\n\n\n<p>Outros fatores essenciais nessa fase s\u00e3o:<\/p>\n\n\n\n<ul>\n<li><strong>Localiza\u00e7\u00e3o e contexto urbano:<\/strong> \u00e9 necess\u00e1rio entender o entorno, os acessos, o clima e a cultura local.<\/li>\n\n\n\n<li><strong>Condi\u00e7\u00f5es do terreno:<\/strong> como a topografia, insola\u00e7\u00e3o, ventila\u00e7\u00e3o e \u00e1reas de preserva\u00e7\u00e3o que influenciam diretamente o projeto.<\/li>\n\n\n\n<li><strong>Sustentabilidade:<\/strong> pensar em solu\u00e7\u00f5es passivas, efici\u00eancia energ\u00e9tica, capta\u00e7\u00e3o de \u00e1gua, entre outros elementos que tornam a <a href=\"https:\/\/www.dabusarquitetura.com.br\/blog\/beneficios-design-escolar-sustentavel\/\"><strong>escola mais respons\u00e1vel ambientalmente<\/strong><\/a>.<\/li>\n\n\n\n<li><strong>Normas t\u00e9cnicas e legisla\u00e7\u00f5es:<\/strong> \u00e9 fundamental atender \u00e0s exig\u00eancias legais sem perder a criatividade e a identidade do projeto.<\/li>\n<\/ul>\n\n\n\n<h3 class=\"wp-block-heading\">Etapa estrat\u00e9gica\u00a0<\/h3>\n\n\n\n<p>Em s\u00edntese, a concep\u00e7\u00e3o da <a href=\"https:\/\/www.dabusarquitetura.com.br\/site\/arquitetura-escolas\"><strong>Arquitetura Escolar<\/strong> <\/a>\u00e9 uma etapa estrat\u00e9gica, em que decis\u00f5es fundamentais s\u00e3o tomadas para garantir que a escola seja segura, funcional, acolhedora e estimulante.\u00a0<\/p>\n\n\n\n<p>Mais do que isso, ela n\u00e3o deve ser vista como um processo isolado, mas como a base de um <strong>espa\u00e7o vivo<\/strong>, capaz de transformar o cotidiano de quem aprende e ensina.<\/p>\n\n\n\n<p><strong>Projetar uma escola \u00e9 projetar futuros<\/strong>. E isso come\u00e7a bem antes da obra: come\u00e7a com uma boa concep\u00e7\u00e3o.<\/p>\n\n\n\n<p>Chame no <a href=\"https:\/\/api.whatsapp.com\/send?l=pt&amp;phone=5511983276060\" target=\"_blank\" rel=\"noreferrer noopener\"><strong>WhatsApp 11 98327-6060<\/strong><\/a> e saiba como podemos te ajudar!\u00a0<\/p>\n","protected":false},"excerpt":{"rendered":"<p>A concep\u00e7\u00e3o de um projeto de arquitetura de escola exige mais do que conhecimento t\u00e9cnico. Assim, ela demanda sensibilidade, escuta ativa e compromisso com o [&hellip;]<\/p>\n","protected":false},"author":3,"featured_media":0,"comment_status":"open","ping_status":"open","sticky":false,"template":"","format":"standard","meta":[],"categories":[1],"tags":[],"yoast_head":"<!-- This site is optimized with the Yoast SEO plugin v20.8 - https:\/\/yoast.com\/wordpress\/plugins\/seo\/ -->\n<title>A concep\u00e7\u00e3o da Arquitetura de escola: por onde come\u00e7a<\/title>\n<meta name=\"description\" content=\"Entenda como se desenvolve a concep\u00e7\u00e3o da Arquitetura de escola e porque ela \u00e9 tao importante para o projeto.\" \/>\n<meta name=\"robots\" content=\"index, follow, max-snippet:-1, max-image-preview:large, max-video-preview:-1\" \/>\n<link rel=\"canonical\" href=\"https:\/\/www.dabusarquitetura.com.br\/blog\/?p=17581\" \/>\n<meta property=\"og:locale\" content=\"pt_BR\" \/>\n<meta property=\"og:type\" content=\"article\" \/>\n<meta property=\"og:title\" content=\"A concep\u00e7\u00e3o da Arquitetura de escola: por onde come\u00e7a\" \/>\n<meta property=\"og:description\" content=\"Entenda como se desenvolve a concep\u00e7\u00e3o da Arquitetura de escola e porque ela \u00e9 tao importante para o projeto.\" \/>\n<meta property=\"og:url\" content=\"https:\/\/www.dabusarquitetura.com.br\/blog\/?p=17581\" \/>\n<meta property=\"og:site_name\" content=\"DABUS ARQUITETURA\" \/>\n<meta property=\"article:published_time\" content=\"2025-05-05T21:06:49+00:00\" \/>\n<meta property=\"og:image\" content=\"https:\/\/www.dabusarquitetura.com.br\/blog\/wp-content\/uploads\/2025\/05\/concepcao-arquitetura-escola--1024x394.jpg\" \/>\n<meta name=\"author\" content=\"heloisa.dabus\" \/>\n<meta name=\"twitter:card\" content=\"summary_large_image\" \/>\n<meta name=\"twitter:label1\" content=\"Escrito por\" \/>\n\t<meta name=\"twitter:data1\" content=\"heloisa.dabus\" \/>\n\t<meta name=\"twitter:label2\" content=\"Est. tempo de leitura\" \/>\n\t<meta name=\"twitter:data2\" content=\"3 minutos\" \/>\n<script type=\"application\/ld+json\" class=\"yoast-schema-graph\">{\"@context\":\"https:\/\/schema.org\",\"@graph\":[{\"@type\":\"WebPage\",\"@id\":\"https:\/\/www.dabusarquitetura.com.br\/blog\/?p=17581\",\"url\":\"https:\/\/www.dabusarquitetura.com.br\/blog\/?p=17581\",\"name\":\"A concep\u00e7\u00e3o da Arquitetura de escola: por onde come\u00e7a\",\"isPartOf\":{\"@id\":\"https:\/\/www.dabusarquitetura.com.br\/blog\/#website\"},\"datePublished\":\"2025-05-05T21:06:49+00:00\",\"dateModified\":\"2025-05-05T21:06:49+00:00\",\"author\":{\"@id\":\"https:\/\/www.dabusarquitetura.com.br\/blog\/#\/schema\/person\/978b78d74759412a1cd43634996237c4\"},\"description\":\"Entenda como se desenvolve a concep\u00e7\u00e3o da Arquitetura de escola e porque ela \u00e9 tao importante para o projeto.\",\"breadcrumb\":{\"@id\":\"https:\/\/www.dabusarquitetura.com.br\/blog\/?p=17581#breadcrumb\"},\"inLanguage\":\"pt-BR\",\"potentialAction\":[{\"@type\":\"ReadAction\",\"target\":[\"https:\/\/www.dabusarquitetura.com.br\/blog\/?p=17581\"]}]},{\"@type\":\"BreadcrumbList\",\"@id\":\"https:\/\/www.dabusarquitetura.com.br\/blog\/?p=17581#breadcrumb\",\"itemListElement\":[{\"@type\":\"ListItem\",\"position\":1,\"name\":\"In\u00edcio\",\"item\":\"https:\/\/www.dabusarquitetura.com.br\/blog\/\"},{\"@type\":\"ListItem\",\"position\":2,\"name\":\"A concep\u00e7\u00e3o da Arquitetura de escola: onde o projeto come\u00e7a a educar\"}]},{\"@type\":\"WebSite\",\"@id\":\"https:\/\/www.dabusarquitetura.com.br\/blog\/#website\",\"url\":\"https:\/\/www.dabusarquitetura.com.br\/blog\/\",\"name\":\"DABUS ARQUITETURA\",\"description\":\"Arquitetura Corporativa\",\"potentialAction\":[{\"@type\":\"SearchAction\",\"target\":{\"@type\":\"EntryPoint\",\"urlTemplate\":\"https:\/\/www.dabusarquitetura.com.br\/blog\/?s={search_term_string}\"},\"query-input\":\"required name=search_term_string\"}],\"inLanguage\":\"pt-BR\"},{\"@type\":\"Person\",\"@id\":\"https:\/\/www.dabusarquitetura.com.br\/blog\/#\/schema\/person\/978b78d74759412a1cd43634996237c4\",\"name\":\"heloisa.dabus\",\"image\":{\"@type\":\"ImageObject\",\"inLanguage\":\"pt-BR\",\"@id\":\"https:\/\/www.dabusarquitetura.com.br\/blog\/#\/schema\/person\/image\/\",\"url\":\"https:\/\/secure.gravatar.com\/avatar\/4078f4f8e54fb70a99a5e9edc642ecb1?s=96&d=mm&r=g\",\"contentUrl\":\"https:\/\/secure.gravatar.com\/avatar\/4078f4f8e54fb70a99a5e9edc642ecb1?s=96&d=mm&r=g\",\"caption\":\"heloisa.dabus\"},\"url\":\"https:\/\/www.dabusarquitetura.com.br\/blog\/author\/heloisa-dabus\/\"}]}<\/script>\n<!-- \/ Yoast SEO plugin. -->","yoast_head_json":{"title":"A concep\u00e7\u00e3o da Arquitetura de escola: por onde come\u00e7a","description":"Entenda como se desenvolve a concep\u00e7\u00e3o da Arquitetura de escola e porque ela \u00e9 tao importante para o projeto.","robots":{"index":"index","follow":"follow","max-snippet":"max-snippet:-1","max-image-preview":"max-image-preview:large","max-video-preview":"max-video-preview:-1"},"canonical":"https:\/\/www.dabusarquitetura.com.br\/blog\/?p=17581","og_locale":"pt_BR","og_type":"article","og_title":"A concep\u00e7\u00e3o da Arquitetura de escola: por onde come\u00e7a","og_description":"Entenda como se desenvolve a concep\u00e7\u00e3o da Arquitetura de escola e porque ela \u00e9 tao importante para o projeto.","og_url":"https:\/\/www.dabusarquitetura.com.br\/blog\/?p=17581","og_site_name":"DABUS ARQUITETURA","article_published_time":"2025-05-05T21:06:49+00:00","og_image":[{"url":"https:\/\/www.dabusarquitetura.com.br\/blog\/wp-content\/uploads\/2025\/05\/concepcao-arquitetura-escola--1024x394.jpg"}],"author":"heloisa.dabus","twitter_card":"summary_large_image","twitter_misc":{"Escrito por":"heloisa.dabus","Est. tempo de leitura":"3 minutos"},"schema":{"@context":"https:\/\/schema.org","@graph":[{"@type":"WebPage","@id":"https:\/\/www.dabusarquitetura.com.br\/blog\/?p=17581","url":"https:\/\/www.dabusarquitetura.com.br\/blog\/?p=17581","name":"A concep\u00e7\u00e3o da Arquitetura de escola: por onde come\u00e7a","isPartOf":{"@id":"https:\/\/www.dabusarquitetura.com.br\/blog\/#website"},"datePublished":"2025-05-05T21:06:49+00:00","dateModified":"2025-05-05T21:06:49+00:00","author":{"@id":"https:\/\/www.dabusarquitetura.com.br\/blog\/#\/schema\/person\/978b78d74759412a1cd43634996237c4"},"description":"Entenda como se desenvolve a concep\u00e7\u00e3o da Arquitetura de escola e porque ela \u00e9 tao importante para o projeto.","breadcrumb":{"@id":"https:\/\/www.dabusarquitetura.com.br\/blog\/?p=17581#breadcrumb"},"inLanguage":"pt-BR","potentialAction":[{"@type":"ReadAction","target":["https:\/\/www.dabusarquitetura.com.br\/blog\/?p=17581"]}]},{"@type":"BreadcrumbList","@id":"https:\/\/www.dabusarquitetura.com.br\/blog\/?p=17581#breadcrumb","itemListElement":[{"@type":"ListItem","position":1,"name":"In\u00edcio","item":"https:\/\/www.dabusarquitetura.com.br\/blog\/"},{"@type":"ListItem","position":2,"name":"A concep\u00e7\u00e3o da Arquitetura de escola: onde o projeto come\u00e7a a educar"}]},{"@type":"WebSite","@id":"https:\/\/www.dabusarquitetura.com.br\/blog\/#website","url":"https:\/\/www.dabusarquitetura.com.br\/blog\/","name":"DABUS ARQUITETURA","description":"Arquitetura Corporativa","potentialAction":[{"@type":"SearchAction","target":{"@type":"EntryPoint","urlTemplate":"https:\/\/www.dabusarquitetura.com.br\/blog\/?s={search_term_string}"},"query-input":"required name=search_term_string"}],"inLanguage":"pt-BR"},{"@type":"Person","@id":"https:\/\/www.dabusarquitetura.com.br\/blog\/#\/schema\/person\/978b78d74759412a1cd43634996237c4","name":"heloisa.dabus","image":{"@type":"ImageObject","inLanguage":"pt-BR","@id":"https:\/\/www.dabusarquitetura.com.br\/blog\/#\/schema\/person\/image\/","url":"https:\/\/secure.gravatar.com\/avatar\/4078f4f8e54fb70a99a5e9edc642ecb1?s=96&d=mm&r=g","contentUrl":"https:\/\/secure.gravatar.com\/avatar\/4078f4f8e54fb70a99a5e9edc642ecb1?s=96&d=mm&r=g","caption":"heloisa.dabus"},"url":"https:\/\/www.dabusarquitetura.com.br\/blog\/author\/heloisa-dabus\/"}]}},"_links":{"self":[{"href":"https:\/\/www.dabusarquitetura.com.br\/blog\/wp-json\/wp\/v2\/posts\/17581"}],"collection":[{"href":"https:\/\/www.dabusarquitetura.com.br\/blog\/wp-json\/wp\/v2\/posts"}],"about":[{"href":"https:\/\/www.dabusarquitetura.com.br\/blog\/wp-json\/wp\/v2\/types\/post"}],"author":[{"embeddable":true,"href":"https:\/\/www.dabusarquitetura.com.br\/blog\/wp-json\/wp\/v2\/users\/3"}],"replies":[{"embeddable":true,"href":"https:\/\/www.dabusarquitetura.com.br\/blog\/wp-json\/wp\/v2\/comments?post=17581"}],"version-history":[{"count":4,"href":"https:\/\/www.dabusarquitetura.com.br\/blog\/wp-json\/wp\/v2\/posts\/17581\/revisions"}],"predecessor-version":[{"id":17586,"href":"https:\/\/www.dabusarquitetura.com.br\/blog\/wp-json\/wp\/v2\/posts\/17581\/revisions\/17586"}],"wp:attachment":[{"href":"https:\/\/www.dabusarquitetura.com.br\/blog\/wp-json\/wp\/v2\/media?parent=17581"}],"wp:term":[{"taxonomy":"category","embeddable":true,"href":"https:\/\/www.dabusarquitetura.com.br\/blog\/wp-json\/wp\/v2\/categories?post=17581"},{"taxonomy":"post_tag","embeddable":true,"href":"https:\/\/www.dabusarquitetura.com.br\/blog\/wp-json\/wp\/v2\/tags?post=17581"}],"curies":[{"name":"wp","href":"https:\/\/api.w.org\/{rel}","templated":true}]}}