{"id":17554,"date":"2025-03-31T16:05:35","date_gmt":"2025-03-31T13:05:35","guid":{"rendered":"https:\/\/www.dabusarquitetura.com.br\/blog\/?p=17554"},"modified":"2025-03-31T16:05:35","modified_gmt":"2025-03-31T13:05:35","slug":"unidade-linguagem-visual-arquitetura-corporativa","status":"publish","type":"post","link":"https:\/\/www.dabusarquitetura.com.br\/blog\/unidade-linguagem-visual-arquitetura-corporativa\/","title":{"rendered":"Coer\u00eancia e unidade na linguagem visual da Arquitetura Corporativa"},"content":{"rendered":"<div class=\"wp-block-image\">\n<figure class=\"aligncenter size-large\"><img decoding=\"async\" loading=\"lazy\" width=\"1024\" height=\"398\" src=\"https:\/\/www.dabusarquitetura.com.br\/blog\/wp-content\/uploads\/2025\/03\/unidade-linguagem-visual-arquitetura-1024x398.jpg\" alt=\"Unidade na linguagem visual \" class=\"wp-image-17559\" title=\"Projeto DABUS ARQUITETURA\" srcset=\"https:\/\/www.dabusarquitetura.com.br\/blog\/wp-content\/uploads\/2025\/03\/unidade-linguagem-visual-arquitetura-1024x398.jpg 1024w, https:\/\/www.dabusarquitetura.com.br\/blog\/wp-content\/uploads\/2025\/03\/unidade-linguagem-visual-arquitetura-300x117.jpg 300w, https:\/\/www.dabusarquitetura.com.br\/blog\/wp-content\/uploads\/2025\/03\/unidade-linguagem-visual-arquitetura-768x299.jpg 768w, https:\/\/www.dabusarquitetura.com.br\/blog\/wp-content\/uploads\/2025\/03\/unidade-linguagem-visual-arquitetura.jpg 1427w\" sizes=\"(max-width: 1024px) 100vw, 1024px\" \/><\/figure><\/div>\n\n\n<p>A identidade de uma empresa vai muito al\u00e9m do logotipo ou da papelaria institucional. Por isso, no ambiente corporativo, a Arquitetura tem um papel essencial na constru\u00e7\u00e3o dessa identidade, <strong>transmitindo os valores, a cultura e a personalidade da marca <\/strong>de maneira espacial e sensorial.&nbsp;<\/p>\n\n\n\n<p>Mas, para que essa comunica\u00e7\u00e3o seja clara e impactante, \u00e9 fundamental <strong>garantir coer\u00eancia e unidade na linguagem visual<\/strong> do projeto arquitet\u00f4nico. E \u00e9 sobre esse tema que iremos tratar no post de hoje.<\/p>\n\n\n\n<h2 class=\"wp-block-heading\">Por que a coer\u00eancia na linguagem visual \u00e9 indispens\u00e1vel?<\/h2>\n\n\n\n<p>No universo corporativo, o contato com o ambiente&nbsp; f\u00edsico <strong>influencia diretamente a percep\u00e7\u00e3o sobre a marca<\/strong>. Al\u00e9m disso, um espa\u00e7o bem planejado e alinhado com a identidade da empresa tem o poder de <strong>fortalecer o senso de pertencimento<\/strong> dos colaboradores e de <strong>melhorar a experi\u00eancia<\/strong> dos clientes e parceiros que visitam o local.&nbsp;<\/p>\n\n\n\n<p>Quando a linguagem visual \u00e9 fragmentada ou inconsistente, a mensagem transmitida pode se tornar confusa, comprometendo a imagem institucional.<\/p>\n\n\n\n<p>A coer\u00eancia na Arquitetura Corporativa deve estar presente em diversos aspectos, como:<\/p>\n\n\n\n<ul>\n<li><strong>Materiais e acabamentos: <\/strong>a escolha de materiais deve dialogar com a proposta da empresa. Por exemplo, startups inovadoras podem optar por elementos mais despojados, como concreto aparente e estruturas met\u00e1licas. Por outro lado, escrit\u00f3rios de advocacia podem buscar sofistica\u00e7\u00e3o em acabamentos nobres, como m\u00e1rmore e madeira.<\/li>\n<\/ul>\n\n\n\n<ul>\n<li><strong>Paleta de cores:<\/strong> as cores da <a href=\"https:\/\/www.dabusarquitetura.com.br\/blog\/identidade-visual-no-escritorio-como-criar\/\"><strong>identidade visual da marca<\/strong><\/a> podem ser incorporadas nos revestimentos, mobili\u00e1rio e detalhes da ambienta\u00e7\u00e3o. Assim, \u00e9 poss\u00edvel fortalecer a unidade visual.<\/li>\n<\/ul>\n\n\n\n<ul>\n<li><strong>Formas e elementos gr\u00e1ficos:<\/strong> linhas retas ou curvas, transpar\u00eancias e texturas s\u00e3o recursos que podem refor\u00e7ar a mensagem da marca. Portanto, precisam ser aplicados de forma consistente.<\/li>\n<\/ul>\n\n\n\n<ul>\n<li><strong>Ilumina\u00e7\u00e3o:<\/strong> al\u00e9m de funcional, a ilumina\u00e7\u00e3o deve contribuir para a atmosfera desejada. Desse modo, pode refor\u00e7ar conceitos como inova\u00e7\u00e3o, acolhimento ou dinamismo.<\/li>\n<\/ul>\n\n\n\n<h3 class=\"wp-block-heading\">Como garantir unidade no projeto?<\/h3>\n\n\n\n<p>A cria\u00e7\u00e3o de uma identidade arquitet\u00f4nica coesa exige um <strong>olhar estrat\u00e9gico desde as primeiras etapas do projeto<\/strong>. Nesse sentido, algumas diretrizes ajudam a consolidar a unidade:<\/p>\n\n\n\n<h4 class=\"wp-block-heading\">1. Compreender a identidade da empresa<\/h4>\n\n\n\n<p>Antes de definir qualquer aspecto visual, \u00e9 essencial <strong>entender a miss\u00e3o, os valores e o posicionamento da empresa<\/strong>. Afinal, essas an\u00e1lise orienta as escolhas projetuais, garantindo que o ambiente reflita a cultura organizacional.<\/p>\n\n\n\n<h4 class=\"wp-block-heading\">2. Criar um conceito unificador<\/h4>\n\n\n\n<p>O projeto deve partir de um <strong>conceito claro que guie todas as decis\u00f5es de design<\/strong>. Assim, esse conceito pode estar ligado \u00e0 hist\u00f3ria da empresa, ao setor de atua\u00e7\u00e3o ou a uma caracter\u00edstica marcante do neg\u00f3cio.<\/p>\n\n\n\n<h4 class=\"wp-block-heading\">3. Padronizar elementos visuais<\/h4>\n\n\n\n<p>A repeti\u00e7\u00e3o de materiais, cores e formas em diferentes espa\u00e7os do escrit\u00f3rio cria uma identidade forte e reconhec\u00edvel. Contudo, vale observar, que <strong>isso n\u00e3o significa monotonia<\/strong>, mas sim um fio condutor que unifica os ambientes.<\/p>\n\n\n\n<h4 class=\"wp-block-heading\">4. Equilibrar est\u00e9tica e funcionalidade<\/h4>\n\n\n\n<p>O design precisa ser visualmente coerente, mas <strong>sem comprometer a efici\u00eancia do espa\u00e7o<\/strong>. A disposi\u00e7\u00e3o dos m\u00f3veis, a circula\u00e7\u00e3o e o conforto dos usu\u00e1rios t\u00eam de ser priorizados dentro do conceito definido.<\/p>\n\n\n\n<h4 class=\"wp-block-heading\">5. Investir na sinaliza\u00e7\u00e3o e comunica\u00e7\u00e3o visual<\/h4>\n\n\n\n<p>Placas, murais e elementos gr\u00e1ficos aplicados no ambiente refor\u00e7am a identidade visual e podem ser usados de forma criativa para <strong>integrar a Arquitetura ao branding da empresa<\/strong>.<\/p>\n\n\n\n<p>A <a href=\"https:\/\/www.dabusarquitetura.com.br\/site\/arquitetura-corporativa\" target=\"_blank\" rel=\"noreferrer noopener\"><strong>Arquitetura Corporativa<\/strong><\/a> \u00e9 uma poderosa ferramenta de comunica\u00e7\u00e3o e identidade. Projetos que seguem uma linguagem visual coesa e unificada contribuem para a valoriza\u00e7\u00e3o da marca. Al\u00e9m disso, <strong>promovem a cultura organizacional e oferecem uma experi\u00eancia mais imersiva<\/strong> e agrad\u00e1vel aos colaboradores e clientes.&nbsp;<\/p>\n\n\n\n<p>Para garantir esse alinhamento, \u00e9 fundamental contar com um planejamento estrat\u00e9gico e um olhar atento ao <strong>equil\u00edbrio entre est\u00e9tica, funcionalidade e identidade<\/strong>.<\/p>\n\n\n\n<p>Sua empresa busca um projeto que traduza sua ess\u00eancia de forma aut\u00eantica e eficiente? Ent\u00e3o, entre em contato com a gente. Chame no <a href=\"https:\/\/api.whatsapp.com\/send?l=pt&amp;phone=5511983276060\" target=\"_blank\" rel=\"noreferrer noopener\"><strong>WhatsApp 11 98327-6060<\/strong><\/a>.<\/p>\n","protected":false},"excerpt":{"rendered":"<p>A identidade de uma empresa vai muito al\u00e9m do logotipo ou da papelaria institucional. Por isso, no ambiente corporativo, a Arquitetura tem um papel essencial [&hellip;]<\/p>\n","protected":false},"author":3,"featured_media":0,"comment_status":"open","ping_status":"open","sticky":false,"template":"","format":"standard","meta":[],"categories":[1],"tags":[],"yoast_head":"<!-- This site is optimized with the Yoast SEO plugin v20.8 - https:\/\/yoast.com\/wordpress\/plugins\/seo\/ -->\n<title>Unidade na linguagem visual da Arquitetura Corporativa<\/title>\n<meta name=\"description\" content=\"Conhe\u00e7a as estrat\u00e9gias para garantir uma linguagem visual que fortale\u00e7a a marca na Arquitetura Corporativa.\" \/>\n<meta name=\"robots\" content=\"index, follow, max-snippet:-1, max-image-preview:large, max-video-preview:-1\" \/>\n<link rel=\"canonical\" href=\"https:\/\/www.dabusarquitetura.com.br\/blog\/?p=17554\" \/>\n<meta property=\"og:locale\" content=\"pt_BR\" \/>\n<meta property=\"og:type\" content=\"article\" \/>\n<meta property=\"og:title\" content=\"Unidade na linguagem visual da Arquitetura Corporativa\" \/>\n<meta property=\"og:description\" content=\"Conhe\u00e7a as estrat\u00e9gias para garantir uma linguagem visual que fortale\u00e7a a marca na Arquitetura Corporativa.\" \/>\n<meta property=\"og:url\" content=\"https:\/\/www.dabusarquitetura.com.br\/blog\/?p=17554\" \/>\n<meta property=\"og:site_name\" content=\"DABUS ARQUITETURA\" \/>\n<meta property=\"article:published_time\" content=\"2025-03-31T13:05:35+00:00\" \/>\n<meta property=\"og:image\" content=\"https:\/\/www.dabusarquitetura.com.br\/blog\/wp-content\/uploads\/2025\/03\/unidade-linguagem-visual-arquitetura-1024x398.jpg\" \/>\n<meta name=\"author\" content=\"heloisa.dabus\" \/>\n<meta name=\"twitter:card\" content=\"summary_large_image\" \/>\n<meta name=\"twitter:label1\" content=\"Escrito por\" \/>\n\t<meta name=\"twitter:data1\" content=\"heloisa.dabus\" \/>\n\t<meta name=\"twitter:label2\" content=\"Est. tempo de leitura\" \/>\n\t<meta name=\"twitter:data2\" content=\"4 minutos\" \/>\n<script type=\"application\/ld+json\" class=\"yoast-schema-graph\">{\"@context\":\"https:\/\/schema.org\",\"@graph\":[{\"@type\":\"WebPage\",\"@id\":\"https:\/\/www.dabusarquitetura.com.br\/blog\/?p=17554\",\"url\":\"https:\/\/www.dabusarquitetura.com.br\/blog\/?p=17554\",\"name\":\"Unidade na linguagem visual da Arquitetura Corporativa\",\"isPartOf\":{\"@id\":\"https:\/\/www.dabusarquitetura.com.br\/blog\/#website\"},\"datePublished\":\"2025-03-31T13:05:35+00:00\",\"dateModified\":\"2025-03-31T13:05:35+00:00\",\"author\":{\"@id\":\"https:\/\/www.dabusarquitetura.com.br\/blog\/#\/schema\/person\/978b78d74759412a1cd43634996237c4\"},\"description\":\"Conhe\u00e7a as estrat\u00e9gias para garantir uma linguagem visual que fortale\u00e7a a marca na Arquitetura Corporativa.\",\"breadcrumb\":{\"@id\":\"https:\/\/www.dabusarquitetura.com.br\/blog\/?p=17554#breadcrumb\"},\"inLanguage\":\"pt-BR\",\"potentialAction\":[{\"@type\":\"ReadAction\",\"target\":[\"https:\/\/www.dabusarquitetura.com.br\/blog\/?p=17554\"]}]},{\"@type\":\"BreadcrumbList\",\"@id\":\"https:\/\/www.dabusarquitetura.com.br\/blog\/?p=17554#breadcrumb\",\"itemListElement\":[{\"@type\":\"ListItem\",\"position\":1,\"name\":\"In\u00edcio\",\"item\":\"https:\/\/www.dabusarquitetura.com.br\/blog\/\"},{\"@type\":\"ListItem\",\"position\":2,\"name\":\"Coer\u00eancia e unidade na linguagem visual da Arquitetura Corporativa\"}]},{\"@type\":\"WebSite\",\"@id\":\"https:\/\/www.dabusarquitetura.com.br\/blog\/#website\",\"url\":\"https:\/\/www.dabusarquitetura.com.br\/blog\/\",\"name\":\"DABUS ARQUITETURA\",\"description\":\"Arquitetura Corporativa\",\"potentialAction\":[{\"@type\":\"SearchAction\",\"target\":{\"@type\":\"EntryPoint\",\"urlTemplate\":\"https:\/\/www.dabusarquitetura.com.br\/blog\/?s={search_term_string}\"},\"query-input\":\"required name=search_term_string\"}],\"inLanguage\":\"pt-BR\"},{\"@type\":\"Person\",\"@id\":\"https:\/\/www.dabusarquitetura.com.br\/blog\/#\/schema\/person\/978b78d74759412a1cd43634996237c4\",\"name\":\"heloisa.dabus\",\"image\":{\"@type\":\"ImageObject\",\"inLanguage\":\"pt-BR\",\"@id\":\"https:\/\/www.dabusarquitetura.com.br\/blog\/#\/schema\/person\/image\/\",\"url\":\"https:\/\/secure.gravatar.com\/avatar\/4078f4f8e54fb70a99a5e9edc642ecb1?s=96&d=mm&r=g\",\"contentUrl\":\"https:\/\/secure.gravatar.com\/avatar\/4078f4f8e54fb70a99a5e9edc642ecb1?s=96&d=mm&r=g\",\"caption\":\"heloisa.dabus\"},\"url\":\"https:\/\/www.dabusarquitetura.com.br\/blog\/author\/heloisa-dabus\/\"}]}<\/script>\n<!-- \/ Yoast SEO plugin. -->","yoast_head_json":{"title":"Unidade na linguagem visual da Arquitetura Corporativa","description":"Conhe\u00e7a as estrat\u00e9gias para garantir uma linguagem visual que fortale\u00e7a a marca na Arquitetura Corporativa.","robots":{"index":"index","follow":"follow","max-snippet":"max-snippet:-1","max-image-preview":"max-image-preview:large","max-video-preview":"max-video-preview:-1"},"canonical":"https:\/\/www.dabusarquitetura.com.br\/blog\/?p=17554","og_locale":"pt_BR","og_type":"article","og_title":"Unidade na linguagem visual da Arquitetura Corporativa","og_description":"Conhe\u00e7a as estrat\u00e9gias para garantir uma linguagem visual que fortale\u00e7a a marca na Arquitetura Corporativa.","og_url":"https:\/\/www.dabusarquitetura.com.br\/blog\/?p=17554","og_site_name":"DABUS ARQUITETURA","article_published_time":"2025-03-31T13:05:35+00:00","og_image":[{"url":"https:\/\/www.dabusarquitetura.com.br\/blog\/wp-content\/uploads\/2025\/03\/unidade-linguagem-visual-arquitetura-1024x398.jpg"}],"author":"heloisa.dabus","twitter_card":"summary_large_image","twitter_misc":{"Escrito por":"heloisa.dabus","Est. tempo de leitura":"4 minutos"},"schema":{"@context":"https:\/\/schema.org","@graph":[{"@type":"WebPage","@id":"https:\/\/www.dabusarquitetura.com.br\/blog\/?p=17554","url":"https:\/\/www.dabusarquitetura.com.br\/blog\/?p=17554","name":"Unidade na linguagem visual da Arquitetura Corporativa","isPartOf":{"@id":"https:\/\/www.dabusarquitetura.com.br\/blog\/#website"},"datePublished":"2025-03-31T13:05:35+00:00","dateModified":"2025-03-31T13:05:35+00:00","author":{"@id":"https:\/\/www.dabusarquitetura.com.br\/blog\/#\/schema\/person\/978b78d74759412a1cd43634996237c4"},"description":"Conhe\u00e7a as estrat\u00e9gias para garantir uma linguagem visual que fortale\u00e7a a marca na Arquitetura Corporativa.","breadcrumb":{"@id":"https:\/\/www.dabusarquitetura.com.br\/blog\/?p=17554#breadcrumb"},"inLanguage":"pt-BR","potentialAction":[{"@type":"ReadAction","target":["https:\/\/www.dabusarquitetura.com.br\/blog\/?p=17554"]}]},{"@type":"BreadcrumbList","@id":"https:\/\/www.dabusarquitetura.com.br\/blog\/?p=17554#breadcrumb","itemListElement":[{"@type":"ListItem","position":1,"name":"In\u00edcio","item":"https:\/\/www.dabusarquitetura.com.br\/blog\/"},{"@type":"ListItem","position":2,"name":"Coer\u00eancia e unidade na linguagem visual da Arquitetura Corporativa"}]},{"@type":"WebSite","@id":"https:\/\/www.dabusarquitetura.com.br\/blog\/#website","url":"https:\/\/www.dabusarquitetura.com.br\/blog\/","name":"DABUS ARQUITETURA","description":"Arquitetura Corporativa","potentialAction":[{"@type":"SearchAction","target":{"@type":"EntryPoint","urlTemplate":"https:\/\/www.dabusarquitetura.com.br\/blog\/?s={search_term_string}"},"query-input":"required name=search_term_string"}],"inLanguage":"pt-BR"},{"@type":"Person","@id":"https:\/\/www.dabusarquitetura.com.br\/blog\/#\/schema\/person\/978b78d74759412a1cd43634996237c4","name":"heloisa.dabus","image":{"@type":"ImageObject","inLanguage":"pt-BR","@id":"https:\/\/www.dabusarquitetura.com.br\/blog\/#\/schema\/person\/image\/","url":"https:\/\/secure.gravatar.com\/avatar\/4078f4f8e54fb70a99a5e9edc642ecb1?s=96&d=mm&r=g","contentUrl":"https:\/\/secure.gravatar.com\/avatar\/4078f4f8e54fb70a99a5e9edc642ecb1?s=96&d=mm&r=g","caption":"heloisa.dabus"},"url":"https:\/\/www.dabusarquitetura.com.br\/blog\/author\/heloisa-dabus\/"}]}},"_links":{"self":[{"href":"https:\/\/www.dabusarquitetura.com.br\/blog\/wp-json\/wp\/v2\/posts\/17554"}],"collection":[{"href":"https:\/\/www.dabusarquitetura.com.br\/blog\/wp-json\/wp\/v2\/posts"}],"about":[{"href":"https:\/\/www.dabusarquitetura.com.br\/blog\/wp-json\/wp\/v2\/types\/post"}],"author":[{"embeddable":true,"href":"https:\/\/www.dabusarquitetura.com.br\/blog\/wp-json\/wp\/v2\/users\/3"}],"replies":[{"embeddable":true,"href":"https:\/\/www.dabusarquitetura.com.br\/blog\/wp-json\/wp\/v2\/comments?post=17554"}],"version-history":[{"count":7,"href":"https:\/\/www.dabusarquitetura.com.br\/blog\/wp-json\/wp\/v2\/posts\/17554\/revisions"}],"predecessor-version":[{"id":17562,"href":"https:\/\/www.dabusarquitetura.com.br\/blog\/wp-json\/wp\/v2\/posts\/17554\/revisions\/17562"}],"wp:attachment":[{"href":"https:\/\/www.dabusarquitetura.com.br\/blog\/wp-json\/wp\/v2\/media?parent=17554"}],"wp:term":[{"taxonomy":"category","embeddable":true,"href":"https:\/\/www.dabusarquitetura.com.br\/blog\/wp-json\/wp\/v2\/categories?post=17554"},{"taxonomy":"post_tag","embeddable":true,"href":"https:\/\/www.dabusarquitetura.com.br\/blog\/wp-json\/wp\/v2\/tags?post=17554"}],"curies":[{"name":"wp","href":"https:\/\/api.w.org\/{rel}","templated":true}]}}