{"id":17539,"date":"2025-03-18T04:02:33","date_gmt":"2025-03-18T01:02:33","guid":{"rendered":"https:\/\/www.dabusarquitetura.com.br\/blog\/?p=17539"},"modified":"2025-03-18T04:02:34","modified_gmt":"2025-03-18T01:02:34","slug":"solucoes-ambiente-escolar-fourc","status":"publish","type":"post","link":"https:\/\/www.dabusarquitetura.com.br\/blog\/solucoes-ambiente-escolar-fourc\/","title":{"rendered":"Solu\u00e7\u00f5es para o ambiente escolar da nova unidade da FourC"},"content":{"rendered":"<div class=\"wp-block-image\">\n<figure class=\"aligncenter size-large\"><img decoding=\"async\" loading=\"lazy\" width=\"1024\" height=\"394\" src=\"https:\/\/www.dabusarquitetura.com.br\/blog\/wp-content\/uploads\/2025\/03\/solucoes-ambiente-escolar-fourc-1024x394.jpg\" alt=\"Ambiente escolar FourC\" class=\"wp-image-17542\" title=\"Projeto DABUS ARQUITETURAS\" srcset=\"https:\/\/www.dabusarquitetura.com.br\/blog\/wp-content\/uploads\/2025\/03\/solucoes-ambiente-escolar-fourc-1024x394.jpg 1024w, https:\/\/www.dabusarquitetura.com.br\/blog\/wp-content\/uploads\/2025\/03\/solucoes-ambiente-escolar-fourc-300x115.jpg 300w, https:\/\/www.dabusarquitetura.com.br\/blog\/wp-content\/uploads\/2025\/03\/solucoes-ambiente-escolar-fourc-768x296.jpg 768w, https:\/\/www.dabusarquitetura.com.br\/blog\/wp-content\/uploads\/2025\/03\/solucoes-ambiente-escolar-fourc-1536x591.jpg 1536w, https:\/\/www.dabusarquitetura.com.br\/blog\/wp-content\/uploads\/2025\/03\/solucoes-ambiente-escolar-fourc-2048x788.jpg 2048w\" sizes=\"(max-width: 1024px) 100vw, 1024px\" \/><\/figure><\/div>\n\n\n<p>O novo projeto desenvolvido para a<strong> FourC Bilingual Academy<\/strong> valorizou um <strong>ambiente escolar com espa\u00e7os amplos e \u00e1reas verdes<\/strong> Desse modo, ser\u00e1 poss\u00edvel potencializar o aprendizado dos alunos e proporcionar uma abordagem inovadora, com diversas oportunidades a serem exploradas.<\/p>\n\n\n\n<p>Essa ser\u00e1 a segunda unidade da escola, localizada na cidade de Bauru\/SP. Al\u00e9m disso, esse tamb\u00e9m \u00e9 o nosso <strong>segundo projeto para a institui\u00e7\u00e3o<\/strong>, sendo que o primeiro foi realizado em 2008. Portanto, fomos novamente escolhidos pelos resultados alcan\u00e7ados e pelo \u00f3timo relacionamento constru\u00eddo com o cliente.&nbsp;<\/p>\n\n\n\n<p>No post de hoje contaremos mais sobre esse projeto, passeando pelos ambientes e solu\u00e7\u00f5es planejados pela nossa equipe. Ent\u00e3o, n\u00e3o perca a seguir!&nbsp;<\/p>\n\n\n\n<h2 class=\"wp-block-heading\">Compromisso com a educa\u00e7\u00e3o transformadora\u00a0<\/h2>\n\n\n\n<p>Na <a href=\"https:\/\/www.dabusarquitetura.com.br\/site\/arquitetura-escolas\" target=\"_blank\" rel=\"noreferrer noopener\"><strong>Arquitetura Escolar<\/strong><\/a> \u00e9 indispens\u00e1vel que os arquitetos estejam em <strong>total sintonia com a cultura e a metodologia da institui\u00e7\u00e3o<\/strong>. Afinal, h\u00e1 diversos fatores que impactam sobre o aprendizado e a comunidade em geral.<\/p>\n\n\n\n<p>Assim, o novo projeto se manteve fiel \u00e0 ess\u00eancia da <a href=\"https:\/\/www.escolafourc.com.br\/\" target=\"_blank\" rel=\"noreferrer noopener\"><strong>FourC<\/strong><\/a>, ao mesmo tempo em que veio para <strong>potencializar e atualizar seu trabalho<\/strong> em prol de uma educa\u00e7\u00e3o inovadora e de excel\u00eancia. Segundo Sara Hughes e Carlos Renato Trecenti, idealizadores e mantenedores da escola:<\/p>\n\n\n\n<blockquote class=\"wp-block-quote\">\n<p>\u201cEste passo que estamos dando refor\u00e7a ainda mais o nosso compromisso com a comunidade, que reconhece e valoriza nossos resultados. Agradecemos tamb\u00e9m a confian\u00e7a depositada pelas fam\u00edlias de Bauru e regi\u00e3o. Estamos muito felizes e reiteramos nosso <strong>compromisso em proporcionar uma educa\u00e7\u00e3o transformadora<\/strong>\u201d.&nbsp;<\/p>\n<\/blockquote>\n\n\n\n<p>Al\u00e9m do <strong>projeto de Arquitetura e Interiores<\/strong>, realizamos tamb\u00e9m o <strong>acompanhamento da obra<\/strong>. J\u00e1 a sua execu\u00e7\u00e3o ficou a cargo da <a href=\"https:\/\/www.engeform.com.br\/\" target=\"_blank\" rel=\"noreferrer noopener\"><strong>Engeform Engenharia<\/strong><\/a>.<\/p>\n\n\n\n<h3 class=\"wp-block-heading\">Solu\u00e7\u00f5es criadas para o ambiente escolar\u00a0<\/h3>\n\n\n\n<p>De acordo com a necessidade apresentada, preparamos a nova unidade para atender aos alunos dos ciclos Infantil ao Prim\u00e1rio I. O outro pr\u00e9dio j\u00e1 existente manteve-se com o Prim\u00e1rio II ao Ensino M\u00e9dio e High School. No entanto, como ficam pr\u00f3ximas, as instala\u00e7\u00f5es contar\u00e3o com <strong>\u00e1reas compartilhadas<\/strong>.<\/p>\n\n\n\n<p>A proposta arquitet\u00f4nica valoriza a <strong><a href=\"https:\/\/www.dabusarquitetura.com.br\/blog\/dicas-arquitetura-para-patio-escolar\/\">intera\u00e7\u00e3o dos estudantes com o ambiente escolar<\/a><\/strong>. Assim, destacam-se:<\/p>\n\n\n\n<ul>\n<li><strong>Salas de aula modulares e interativas <\/strong>com<strong> <\/strong>espa\u00e7os adapt\u00e1veis. Desse modo, eles incentivam diferentes din\u00e2micas de ensino e aprendizado.<\/li>\n\n\n\n<li><strong>P\u00e1tios e \u00e1reas externas<\/strong> integrados com a natureza por meio de jardins, horta educativa e \u00e1reas de brincar ao ar livre.<\/li>\n\n\n\n<li><strong><a href=\"https:\/\/www.dabusarquitetura.com.br\/blog\/o-que-e-biofilia-adotar-arquitetura\/\">Design biof\u00edlico<\/a><\/strong> com elementos arquitet\u00f4nicos que favorecem a conex\u00e3o com o meio ambiente. Nesse sentido, empregamos solu\u00e7\u00f5es como grandes aberturas, uso de madeira e cores inspiradas nos cen\u00e1rios naturais.<\/li>\n\n\n\n<li><strong>Sustentabilidade e efici\u00eancia energ\u00e9tica<\/strong> a serem obtidas por meio de ventila\u00e7\u00e3o cruzada, ilumina\u00e7\u00e3o natural, capta\u00e7\u00e3o de \u00e1gua da chuva e materiais ecol\u00f3gicos.<\/li>\n\n\n\n<li><strong>Seguran\u00e7a e conforto<\/strong> com circula\u00e7\u00e3o fluida e acess\u00edvel, a fim de garantir a prote\u00e7\u00e3o e o bem-estar das crian\u00e7as.<\/li>\n<\/ul>\n\n\n\n<p>Com esse novo projeto, reafirmamos o nosso empenho em criar ambientes educacionais inovadores. Visamos potencializar o aprendizado e promover <strong>experi\u00eancias enriquecedoras para alunos e educadores<\/strong>.<\/p>\n\n\n\n<p>Quer saber como podemos te ajudar? Ent\u00e3o, fale com a gente pelo <a href=\"https:\/\/api.whatsapp.com\/send?l=pt&amp;phone=5511983276060\" target=\"_blank\" rel=\"noreferrer noopener\"><strong>WhatsApp 11 98327-6060<\/strong><\/a>.<\/p>\n","protected":false},"excerpt":{"rendered":"<p>O novo projeto desenvolvido para a FourC Bilingual Academy valorizou um ambiente escolar com espa\u00e7os amplos e \u00e1reas verdes Desse modo, ser\u00e1 poss\u00edvel potencializar o [&hellip;]<\/p>\n","protected":false},"author":3,"featured_media":0,"comment_status":"open","ping_status":"open","sticky":false,"template":"","format":"standard","meta":[],"categories":[268],"tags":[],"yoast_head":"<!-- This site is optimized with the Yoast SEO plugin v20.8 - https:\/\/yoast.com\/wordpress\/plugins\/seo\/ -->\n<title>Solu\u00e7\u00f5es para o ambiente escolar da nova unidade da FourC<\/title>\n<meta name=\"description\" content=\"No projeto para a FourC, o ambiente escolar foi idealizado para potencializar o aprendizado e a conex\u00e3o com o espa\u00e7o.\" \/>\n<meta name=\"robots\" content=\"index, follow, max-snippet:-1, max-image-preview:large, max-video-preview:-1\" \/>\n<link rel=\"canonical\" href=\"https:\/\/www.dabusarquitetura.com.br\/blog\/solucoes-ambiente-escolar-fourc\/\" \/>\n<meta property=\"og:locale\" content=\"pt_BR\" \/>\n<meta property=\"og:type\" content=\"article\" \/>\n<meta property=\"og:title\" content=\"Solu\u00e7\u00f5es para o ambiente escolar da nova unidade da FourC\" \/>\n<meta property=\"og:description\" content=\"No projeto para a FourC, o ambiente escolar foi idealizado para potencializar o aprendizado e a conex\u00e3o com o espa\u00e7o.\" \/>\n<meta property=\"og:url\" content=\"https:\/\/www.dabusarquitetura.com.br\/blog\/solucoes-ambiente-escolar-fourc\/\" \/>\n<meta property=\"og:site_name\" content=\"DABUS ARQUITETURA\" \/>\n<meta property=\"article:published_time\" content=\"2025-03-18T01:02:33+00:00\" \/>\n<meta property=\"article:modified_time\" content=\"2025-03-18T01:02:34+00:00\" \/>\n<meta property=\"og:image\" content=\"https:\/\/www.dabusarquitetura.com.br\/blog\/wp-content\/uploads\/2025\/03\/solucoes-ambiente-escolar-fourc-1024x394.jpg\" \/>\n<meta name=\"author\" content=\"heloisa.dabus\" \/>\n<meta name=\"twitter:card\" content=\"summary_large_image\" \/>\n<meta name=\"twitter:label1\" content=\"Escrito por\" \/>\n\t<meta name=\"twitter:data1\" content=\"heloisa.dabus\" \/>\n\t<meta name=\"twitter:label2\" content=\"Est. tempo de leitura\" \/>\n\t<meta name=\"twitter:data2\" content=\"3 minutos\" \/>\n<script type=\"application\/ld+json\" class=\"yoast-schema-graph\">{\"@context\":\"https:\/\/schema.org\",\"@graph\":[{\"@type\":\"WebPage\",\"@id\":\"https:\/\/www.dabusarquitetura.com.br\/blog\/solucoes-ambiente-escolar-fourc\/\",\"url\":\"https:\/\/www.dabusarquitetura.com.br\/blog\/solucoes-ambiente-escolar-fourc\/\",\"name\":\"Solu\u00e7\u00f5es para o ambiente escolar da nova unidade da FourC\",\"isPartOf\":{\"@id\":\"https:\/\/www.dabusarquitetura.com.br\/blog\/#website\"},\"datePublished\":\"2025-03-18T01:02:33+00:00\",\"dateModified\":\"2025-03-18T01:02:34+00:00\",\"author\":{\"@id\":\"https:\/\/www.dabusarquitetura.com.br\/blog\/#\/schema\/person\/978b78d74759412a1cd43634996237c4\"},\"description\":\"No projeto para a FourC, o ambiente escolar foi idealizado para potencializar o aprendizado e a conex\u00e3o com o espa\u00e7o.\",\"breadcrumb\":{\"@id\":\"https:\/\/www.dabusarquitetura.com.br\/blog\/solucoes-ambiente-escolar-fourc\/#breadcrumb\"},\"inLanguage\":\"pt-BR\",\"potentialAction\":[{\"@type\":\"ReadAction\",\"target\":[\"https:\/\/www.dabusarquitetura.com.br\/blog\/solucoes-ambiente-escolar-fourc\/\"]}]},{\"@type\":\"BreadcrumbList\",\"@id\":\"https:\/\/www.dabusarquitetura.com.br\/blog\/solucoes-ambiente-escolar-fourc\/#breadcrumb\",\"itemListElement\":[{\"@type\":\"ListItem\",\"position\":1,\"name\":\"In\u00edcio\",\"item\":\"https:\/\/www.dabusarquitetura.com.br\/blog\/\"},{\"@type\":\"ListItem\",\"position\":2,\"name\":\"Solu\u00e7\u00f5es para o ambiente escolar da nova unidade da FourC\"}]},{\"@type\":\"WebSite\",\"@id\":\"https:\/\/www.dabusarquitetura.com.br\/blog\/#website\",\"url\":\"https:\/\/www.dabusarquitetura.com.br\/blog\/\",\"name\":\"DABUS ARQUITETURA\",\"description\":\"Arquitetura Corporativa\",\"potentialAction\":[{\"@type\":\"SearchAction\",\"target\":{\"@type\":\"EntryPoint\",\"urlTemplate\":\"https:\/\/www.dabusarquitetura.com.br\/blog\/?s={search_term_string}\"},\"query-input\":\"required name=search_term_string\"}],\"inLanguage\":\"pt-BR\"},{\"@type\":\"Person\",\"@id\":\"https:\/\/www.dabusarquitetura.com.br\/blog\/#\/schema\/person\/978b78d74759412a1cd43634996237c4\",\"name\":\"heloisa.dabus\",\"image\":{\"@type\":\"ImageObject\",\"inLanguage\":\"pt-BR\",\"@id\":\"https:\/\/www.dabusarquitetura.com.br\/blog\/#\/schema\/person\/image\/\",\"url\":\"https:\/\/secure.gravatar.com\/avatar\/4078f4f8e54fb70a99a5e9edc642ecb1?s=96&d=mm&r=g\",\"contentUrl\":\"https:\/\/secure.gravatar.com\/avatar\/4078f4f8e54fb70a99a5e9edc642ecb1?s=96&d=mm&r=g\",\"caption\":\"heloisa.dabus\"},\"url\":\"https:\/\/www.dabusarquitetura.com.br\/blog\/author\/heloisa-dabus\/\"}]}<\/script>\n<!-- \/ Yoast SEO plugin. -->","yoast_head_json":{"title":"Solu\u00e7\u00f5es para o ambiente escolar da nova unidade da FourC","description":"No projeto para a FourC, o ambiente escolar foi idealizado para potencializar o aprendizado e a conex\u00e3o com o espa\u00e7o.","robots":{"index":"index","follow":"follow","max-snippet":"max-snippet:-1","max-image-preview":"max-image-preview:large","max-video-preview":"max-video-preview:-1"},"canonical":"https:\/\/www.dabusarquitetura.com.br\/blog\/solucoes-ambiente-escolar-fourc\/","og_locale":"pt_BR","og_type":"article","og_title":"Solu\u00e7\u00f5es para o ambiente escolar da nova unidade da FourC","og_description":"No projeto para a FourC, o ambiente escolar foi idealizado para potencializar o aprendizado e a conex\u00e3o com o espa\u00e7o.","og_url":"https:\/\/www.dabusarquitetura.com.br\/blog\/solucoes-ambiente-escolar-fourc\/","og_site_name":"DABUS ARQUITETURA","article_published_time":"2025-03-18T01:02:33+00:00","article_modified_time":"2025-03-18T01:02:34+00:00","og_image":[{"url":"https:\/\/www.dabusarquitetura.com.br\/blog\/wp-content\/uploads\/2025\/03\/solucoes-ambiente-escolar-fourc-1024x394.jpg"}],"author":"heloisa.dabus","twitter_card":"summary_large_image","twitter_misc":{"Escrito por":"heloisa.dabus","Est. tempo de leitura":"3 minutos"},"schema":{"@context":"https:\/\/schema.org","@graph":[{"@type":"WebPage","@id":"https:\/\/www.dabusarquitetura.com.br\/blog\/solucoes-ambiente-escolar-fourc\/","url":"https:\/\/www.dabusarquitetura.com.br\/blog\/solucoes-ambiente-escolar-fourc\/","name":"Solu\u00e7\u00f5es para o ambiente escolar da nova unidade da FourC","isPartOf":{"@id":"https:\/\/www.dabusarquitetura.com.br\/blog\/#website"},"datePublished":"2025-03-18T01:02:33+00:00","dateModified":"2025-03-18T01:02:34+00:00","author":{"@id":"https:\/\/www.dabusarquitetura.com.br\/blog\/#\/schema\/person\/978b78d74759412a1cd43634996237c4"},"description":"No projeto para a FourC, o ambiente escolar foi idealizado para potencializar o aprendizado e a conex\u00e3o com o espa\u00e7o.","breadcrumb":{"@id":"https:\/\/www.dabusarquitetura.com.br\/blog\/solucoes-ambiente-escolar-fourc\/#breadcrumb"},"inLanguage":"pt-BR","potentialAction":[{"@type":"ReadAction","target":["https:\/\/www.dabusarquitetura.com.br\/blog\/solucoes-ambiente-escolar-fourc\/"]}]},{"@type":"BreadcrumbList","@id":"https:\/\/www.dabusarquitetura.com.br\/blog\/solucoes-ambiente-escolar-fourc\/#breadcrumb","itemListElement":[{"@type":"ListItem","position":1,"name":"In\u00edcio","item":"https:\/\/www.dabusarquitetura.com.br\/blog\/"},{"@type":"ListItem","position":2,"name":"Solu\u00e7\u00f5es para o ambiente escolar da nova unidade da FourC"}]},{"@type":"WebSite","@id":"https:\/\/www.dabusarquitetura.com.br\/blog\/#website","url":"https:\/\/www.dabusarquitetura.com.br\/blog\/","name":"DABUS ARQUITETURA","description":"Arquitetura Corporativa","potentialAction":[{"@type":"SearchAction","target":{"@type":"EntryPoint","urlTemplate":"https:\/\/www.dabusarquitetura.com.br\/blog\/?s={search_term_string}"},"query-input":"required name=search_term_string"}],"inLanguage":"pt-BR"},{"@type":"Person","@id":"https:\/\/www.dabusarquitetura.com.br\/blog\/#\/schema\/person\/978b78d74759412a1cd43634996237c4","name":"heloisa.dabus","image":{"@type":"ImageObject","inLanguage":"pt-BR","@id":"https:\/\/www.dabusarquitetura.com.br\/blog\/#\/schema\/person\/image\/","url":"https:\/\/secure.gravatar.com\/avatar\/4078f4f8e54fb70a99a5e9edc642ecb1?s=96&d=mm&r=g","contentUrl":"https:\/\/secure.gravatar.com\/avatar\/4078f4f8e54fb70a99a5e9edc642ecb1?s=96&d=mm&r=g","caption":"heloisa.dabus"},"url":"https:\/\/www.dabusarquitetura.com.br\/blog\/author\/heloisa-dabus\/"}]}},"_links":{"self":[{"href":"https:\/\/www.dabusarquitetura.com.br\/blog\/wp-json\/wp\/v2\/posts\/17539"}],"collection":[{"href":"https:\/\/www.dabusarquitetura.com.br\/blog\/wp-json\/wp\/v2\/posts"}],"about":[{"href":"https:\/\/www.dabusarquitetura.com.br\/blog\/wp-json\/wp\/v2\/types\/post"}],"author":[{"embeddable":true,"href":"https:\/\/www.dabusarquitetura.com.br\/blog\/wp-json\/wp\/v2\/users\/3"}],"replies":[{"embeddable":true,"href":"https:\/\/www.dabusarquitetura.com.br\/blog\/wp-json\/wp\/v2\/comments?post=17539"}],"version-history":[{"count":5,"href":"https:\/\/www.dabusarquitetura.com.br\/blog\/wp-json\/wp\/v2\/posts\/17539\/revisions"}],"predecessor-version":[{"id":17545,"href":"https:\/\/www.dabusarquitetura.com.br\/blog\/wp-json\/wp\/v2\/posts\/17539\/revisions\/17545"}],"wp:attachment":[{"href":"https:\/\/www.dabusarquitetura.com.br\/blog\/wp-json\/wp\/v2\/media?parent=17539"}],"wp:term":[{"taxonomy":"category","embeddable":true,"href":"https:\/\/www.dabusarquitetura.com.br\/blog\/wp-json\/wp\/v2\/categories?post=17539"},{"taxonomy":"post_tag","embeddable":true,"href":"https:\/\/www.dabusarquitetura.com.br\/blog\/wp-json\/wp\/v2\/tags?post=17539"}],"curies":[{"name":"wp","href":"https:\/\/api.w.org\/{rel}","templated":true}]}}