{"id":17352,"date":"2024-09-03T03:31:37","date_gmt":"2024-09-03T00:31:37","guid":{"rendered":"https:\/\/www.dabusarquitetura.com.br\/blog\/?p=17352"},"modified":"2024-09-03T03:31:38","modified_gmt":"2024-09-03T00:31:38","slug":"talentos-na-arquitetura-valorizacao-pessoas","status":"publish","type":"post","link":"https:\/\/www.dabusarquitetura.com.br\/blog\/talentos-na-arquitetura-valorizacao-pessoas\/","title":{"rendered":"Diversidade de talentos na Arquitetura e a valoriza\u00e7\u00e3o das pessoas"},"content":{"rendered":"<div class=\"wp-block-image\">\n<figure class=\"aligncenter size-full\"><img decoding=\"async\" loading=\"lazy\" width=\"834\" height=\"317\" src=\"http:\/\/www.dabusarquitetura.com.br\/blog\/wp-content\/uploads\/2024\/09\/diversidade-talentos-arquitetura.png\" alt=\"Talentos na Arquitetura\" class=\"wp-image-17357\" title=\"Imagem meramente ilustrativa\" srcset=\"https:\/\/www.dabusarquitetura.com.br\/blog\/wp-content\/uploads\/2024\/09\/diversidade-talentos-arquitetura.png 834w, https:\/\/www.dabusarquitetura.com.br\/blog\/wp-content\/uploads\/2024\/09\/diversidade-talentos-arquitetura-300x114.png 300w, https:\/\/www.dabusarquitetura.com.br\/blog\/wp-content\/uploads\/2024\/09\/diversidade-talentos-arquitetura-768x292.png 768w\" sizes=\"(max-width: 834px) 100vw, 834px\" \/><\/figure><\/div>\n\n\n<p>Na <strong>DABUS ARQUITETURA<\/strong>, acreditamos que o verdadeiro valor de um projeto n\u00e3o est\u00e1 apenas nos tra\u00e7os bem desenhados ou nas solu\u00e7\u00f5es t\u00e9cnicas precisas. Mas na soma e na variedade de talentos na Arquitetura, na sensibilidade de cada profissional e no <strong>poder do trabalho conjunto<\/strong>.&nbsp;<\/p>\n\n\n\n<p>\u00c9 a partir dessas qualidades humanas que conseguimos criar projetos que s\u00e3o n\u00e3o s\u00f3 inovadores, mas tamb\u00e9m assertivos e multidisciplinares. Eles refletem a riqueza das ideias e a <strong>diversidade de perspectivas<\/strong> que comp\u00f5em o nosso time.<\/p>\n\n\n\n<p>Acompanhe a seguir e saiba mais sobre a nossa atua\u00e7\u00e3o!<\/p>\n\n\n\n<h2 class=\"wp-block-heading\">A supera\u00e7\u00e3o de expectativas pela diversidade de talentos na Arquitetura<\/h2>\n\n\n\n<p>Cada membro da nossa equipe traz consigo um conjunto \u00fanico de habilidades, experi\u00eancias e vis\u00f5es de mundo. Essa diversidade \u00e9 o que alimenta a criatividade e permite que solu\u00e7\u00f5es inesperadas e eficazes surjam, resultando em <strong>projetos que v\u00e3o al\u00e9m das expectativas<\/strong> dos nossos clientes.&nbsp;<\/p>\n\n\n\n<p>Valorizamos o talento individual, mas reconhecemos que \u00e9 <strong>a colabora\u00e7\u00e3o que nos leva a alcan\u00e7ar o extraordin\u00e1rio<\/strong>.<\/p>\n\n\n\n<h3 class=\"wp-block-heading\">A capacidade de impactar vidas<\/h3>\n\n\n\n<p>A sensibilidade que aplicamos em nossos projetos \u00e9 um reflexo direto da forma como valorizamos as pessoas. Entendemos que a Arquitetura \u00e9 mais do que construir espa\u00e7os. \u00c9, principalmente, sobre criar <strong>ambientes que impactam vidas<\/strong>.<\/p>\n\n\n\n<p>Portanto, o olhar atento e a empatia dos nossos profissionais s\u00e3o essenciais para <strong>captar as reais necessidades<\/strong> dos usu\u00e1rios finais. Afinal, s\u00f3 assim se torna poss\u00edvel traduzi-las em solu\u00e7\u00f5es arquitet\u00f4nicas que harmonizam forma, fun\u00e7\u00e3o e emo\u00e7\u00e3o.<\/p>\n\n\n\n<h3 class=\"wp-block-heading\">Colabora\u00e7\u00e3o que potencializa a atua\u00e7\u00e3o de talentos na Arquitetura<\/h3>\n\n\n\n<p>Al\u00e9m disso, o trabalho conjunto \u00e9 a espinha dorsal de tudo o que fazemos. Na <strong>DABUS ARQUITETURA<\/strong>, cultivamos um ambiente colaborativo onde <strong>ideias s\u00e3o compartilhadas livremente<\/strong>, e o respeito m\u00fatuo \u00e9 a base de todas as intera\u00e7\u00f5es.<\/p>\n\n\n\n<p>Essa cultura de trabalho em equipe n\u00e3o s\u00f3 fortalece os la\u00e7os entre os colaboradores, como tamb\u00e9m eleva a qualidade dos nossos projetos. Desse modo, cada detalhe \u00e9 pensado e repensado sob diferentes prismas. O que <strong>enriquece ainda mais os resultados<\/strong>.<\/p>\n\n\n\n<p>Por isso, valorizamos cada pessoa que faz parte da nossa hist\u00f3ria. S\u00e3o os talentos na Arquitetura, a sensibilidade e a capacidade de trabalhar em conjunto que tornam poss\u00edvel a cria\u00e7\u00e3o de projetos que s\u00e3o, ao mesmo tempo, <strong>inovadores, assertivos e multidisciplinares<\/strong>.<\/p>\n\n\n\n<p>Na <strong>DABUS ARQUITETURA<\/strong>, sabemos que o sucesso dos nossos projetos est\u00e1 diretamente ligado \u00e0 valoriza\u00e7\u00e3o das pessoas que os tornam realidade.<\/p>\n\n\n\n<p>Para conhecer melhor nosso trabalho e saber como essa equipe multidisciplinar pode te atender, entre em contato pelo <a href=\"https:\/\/api.whatsapp.com\/send?l=pt&amp;phone=5511983276060\" target=\"_blank\" rel=\"noreferrer noopener\"><strong>WhatsApp 11 98327-6060<\/strong><\/a>.<\/p>\n","protected":false},"excerpt":{"rendered":"<p>Na DABUS ARQUITETURA, acreditamos que o verdadeiro valor de um projeto n\u00e3o est\u00e1 apenas nos tra\u00e7os bem desenhados ou nas solu\u00e7\u00f5es t\u00e9cnicas precisas. Mas na [&hellip;]<\/p>\n","protected":false},"author":3,"featured_media":0,"comment_status":"open","ping_status":"open","sticky":false,"template":"","format":"standard","meta":[],"categories":[1],"tags":[],"yoast_head":"<!-- This site is optimized with the Yoast SEO plugin v20.8 - https:\/\/yoast.com\/wordpress\/plugins\/seo\/ -->\n<title>Diversidade de talentos na Arquitetura e a valoriza\u00e7\u00e3o das pessoas<\/title>\n<meta name=\"description\" content=\"Na nossa equipe, a sensibilidade e a variedade de talentos na Arquitetura s\u00e3o a chave para superar expectativas e transformar ambientes.\" \/>\n<meta name=\"robots\" content=\"index, follow, max-snippet:-1, max-image-preview:large, max-video-preview:-1\" \/>\n<link rel=\"canonical\" href=\"https:\/\/www.dabusarquitetura.com.br\/blog\/talentos-na-arquitetura-valorizacao-pessoas\/\" \/>\n<meta property=\"og:locale\" content=\"pt_BR\" \/>\n<meta property=\"og:type\" content=\"article\" \/>\n<meta property=\"og:title\" content=\"Diversidade de talentos na Arquitetura e a valoriza\u00e7\u00e3o das pessoas\" \/>\n<meta property=\"og:description\" content=\"Na nossa equipe, a sensibilidade e a variedade de talentos na Arquitetura s\u00e3o a chave para superar expectativas e transformar ambientes.\" \/>\n<meta property=\"og:url\" content=\"https:\/\/www.dabusarquitetura.com.br\/blog\/talentos-na-arquitetura-valorizacao-pessoas\/\" \/>\n<meta property=\"og:site_name\" content=\"DABUS ARQUITETURA\" \/>\n<meta property=\"article:published_time\" content=\"2024-09-03T00:31:37+00:00\" \/>\n<meta property=\"article:modified_time\" content=\"2024-09-03T00:31:38+00:00\" \/>\n<meta property=\"og:image\" content=\"http:\/\/www.dabusarquitetura.com.br\/blog\/wp-content\/uploads\/2024\/09\/diversidade-talentos-arquitetura.png\" \/>\n<meta name=\"author\" content=\"heloisa.dabus\" \/>\n<meta name=\"twitter:card\" content=\"summary_large_image\" \/>\n<meta name=\"twitter:label1\" content=\"Escrito por\" \/>\n\t<meta name=\"twitter:data1\" content=\"heloisa.dabus\" \/>\n\t<meta name=\"twitter:label2\" content=\"Est. tempo de leitura\" \/>\n\t<meta name=\"twitter:data2\" content=\"3 minutos\" \/>\n<script type=\"application\/ld+json\" class=\"yoast-schema-graph\">{\"@context\":\"https:\/\/schema.org\",\"@graph\":[{\"@type\":\"WebPage\",\"@id\":\"https:\/\/www.dabusarquitetura.com.br\/blog\/talentos-na-arquitetura-valorizacao-pessoas\/\",\"url\":\"https:\/\/www.dabusarquitetura.com.br\/blog\/talentos-na-arquitetura-valorizacao-pessoas\/\",\"name\":\"Diversidade de talentos na Arquitetura e a valoriza\u00e7\u00e3o das pessoas\",\"isPartOf\":{\"@id\":\"https:\/\/www.dabusarquitetura.com.br\/blog\/#website\"},\"datePublished\":\"2024-09-03T00:31:37+00:00\",\"dateModified\":\"2024-09-03T00:31:38+00:00\",\"author\":{\"@id\":\"https:\/\/www.dabusarquitetura.com.br\/blog\/#\/schema\/person\/978b78d74759412a1cd43634996237c4\"},\"description\":\"Na nossa equipe, a sensibilidade e a variedade de talentos na Arquitetura s\u00e3o a chave para superar expectativas e transformar ambientes.\",\"breadcrumb\":{\"@id\":\"https:\/\/www.dabusarquitetura.com.br\/blog\/talentos-na-arquitetura-valorizacao-pessoas\/#breadcrumb\"},\"inLanguage\":\"pt-BR\",\"potentialAction\":[{\"@type\":\"ReadAction\",\"target\":[\"https:\/\/www.dabusarquitetura.com.br\/blog\/talentos-na-arquitetura-valorizacao-pessoas\/\"]}]},{\"@type\":\"BreadcrumbList\",\"@id\":\"https:\/\/www.dabusarquitetura.com.br\/blog\/talentos-na-arquitetura-valorizacao-pessoas\/#breadcrumb\",\"itemListElement\":[{\"@type\":\"ListItem\",\"position\":1,\"name\":\"In\u00edcio\",\"item\":\"https:\/\/www.dabusarquitetura.com.br\/blog\/\"},{\"@type\":\"ListItem\",\"position\":2,\"name\":\"Diversidade de talentos na Arquitetura e a valoriza\u00e7\u00e3o das pessoas\"}]},{\"@type\":\"WebSite\",\"@id\":\"https:\/\/www.dabusarquitetura.com.br\/blog\/#website\",\"url\":\"https:\/\/www.dabusarquitetura.com.br\/blog\/\",\"name\":\"DABUS ARQUITETURA\",\"description\":\"Arquitetura Corporativa\",\"potentialAction\":[{\"@type\":\"SearchAction\",\"target\":{\"@type\":\"EntryPoint\",\"urlTemplate\":\"https:\/\/www.dabusarquitetura.com.br\/blog\/?s={search_term_string}\"},\"query-input\":\"required name=search_term_string\"}],\"inLanguage\":\"pt-BR\"},{\"@type\":\"Person\",\"@id\":\"https:\/\/www.dabusarquitetura.com.br\/blog\/#\/schema\/person\/978b78d74759412a1cd43634996237c4\",\"name\":\"heloisa.dabus\",\"image\":{\"@type\":\"ImageObject\",\"inLanguage\":\"pt-BR\",\"@id\":\"https:\/\/www.dabusarquitetura.com.br\/blog\/#\/schema\/person\/image\/\",\"url\":\"https:\/\/secure.gravatar.com\/avatar\/4078f4f8e54fb70a99a5e9edc642ecb1?s=96&d=mm&r=g\",\"contentUrl\":\"https:\/\/secure.gravatar.com\/avatar\/4078f4f8e54fb70a99a5e9edc642ecb1?s=96&d=mm&r=g\",\"caption\":\"heloisa.dabus\"},\"url\":\"https:\/\/www.dabusarquitetura.com.br\/blog\/author\/heloisa-dabus\/\"}]}<\/script>\n<!-- \/ Yoast SEO plugin. -->","yoast_head_json":{"title":"Diversidade de talentos na Arquitetura e a valoriza\u00e7\u00e3o das pessoas","description":"Na nossa equipe, a sensibilidade e a variedade de talentos na Arquitetura s\u00e3o a chave para superar expectativas e transformar ambientes.","robots":{"index":"index","follow":"follow","max-snippet":"max-snippet:-1","max-image-preview":"max-image-preview:large","max-video-preview":"max-video-preview:-1"},"canonical":"https:\/\/www.dabusarquitetura.com.br\/blog\/talentos-na-arquitetura-valorizacao-pessoas\/","og_locale":"pt_BR","og_type":"article","og_title":"Diversidade de talentos na Arquitetura e a valoriza\u00e7\u00e3o das pessoas","og_description":"Na nossa equipe, a sensibilidade e a variedade de talentos na Arquitetura s\u00e3o a chave para superar expectativas e transformar ambientes.","og_url":"https:\/\/www.dabusarquitetura.com.br\/blog\/talentos-na-arquitetura-valorizacao-pessoas\/","og_site_name":"DABUS ARQUITETURA","article_published_time":"2024-09-03T00:31:37+00:00","article_modified_time":"2024-09-03T00:31:38+00:00","og_image":[{"url":"http:\/\/www.dabusarquitetura.com.br\/blog\/wp-content\/uploads\/2024\/09\/diversidade-talentos-arquitetura.png"}],"author":"heloisa.dabus","twitter_card":"summary_large_image","twitter_misc":{"Escrito por":"heloisa.dabus","Est. tempo de leitura":"3 minutos"},"schema":{"@context":"https:\/\/schema.org","@graph":[{"@type":"WebPage","@id":"https:\/\/www.dabusarquitetura.com.br\/blog\/talentos-na-arquitetura-valorizacao-pessoas\/","url":"https:\/\/www.dabusarquitetura.com.br\/blog\/talentos-na-arquitetura-valorizacao-pessoas\/","name":"Diversidade de talentos na Arquitetura e a valoriza\u00e7\u00e3o das pessoas","isPartOf":{"@id":"https:\/\/www.dabusarquitetura.com.br\/blog\/#website"},"datePublished":"2024-09-03T00:31:37+00:00","dateModified":"2024-09-03T00:31:38+00:00","author":{"@id":"https:\/\/www.dabusarquitetura.com.br\/blog\/#\/schema\/person\/978b78d74759412a1cd43634996237c4"},"description":"Na nossa equipe, a sensibilidade e a variedade de talentos na Arquitetura s\u00e3o a chave para superar expectativas e transformar ambientes.","breadcrumb":{"@id":"https:\/\/www.dabusarquitetura.com.br\/blog\/talentos-na-arquitetura-valorizacao-pessoas\/#breadcrumb"},"inLanguage":"pt-BR","potentialAction":[{"@type":"ReadAction","target":["https:\/\/www.dabusarquitetura.com.br\/blog\/talentos-na-arquitetura-valorizacao-pessoas\/"]}]},{"@type":"BreadcrumbList","@id":"https:\/\/www.dabusarquitetura.com.br\/blog\/talentos-na-arquitetura-valorizacao-pessoas\/#breadcrumb","itemListElement":[{"@type":"ListItem","position":1,"name":"In\u00edcio","item":"https:\/\/www.dabusarquitetura.com.br\/blog\/"},{"@type":"ListItem","position":2,"name":"Diversidade de talentos na Arquitetura e a valoriza\u00e7\u00e3o das pessoas"}]},{"@type":"WebSite","@id":"https:\/\/www.dabusarquitetura.com.br\/blog\/#website","url":"https:\/\/www.dabusarquitetura.com.br\/blog\/","name":"DABUS ARQUITETURA","description":"Arquitetura Corporativa","potentialAction":[{"@type":"SearchAction","target":{"@type":"EntryPoint","urlTemplate":"https:\/\/www.dabusarquitetura.com.br\/blog\/?s={search_term_string}"},"query-input":"required name=search_term_string"}],"inLanguage":"pt-BR"},{"@type":"Person","@id":"https:\/\/www.dabusarquitetura.com.br\/blog\/#\/schema\/person\/978b78d74759412a1cd43634996237c4","name":"heloisa.dabus","image":{"@type":"ImageObject","inLanguage":"pt-BR","@id":"https:\/\/www.dabusarquitetura.com.br\/blog\/#\/schema\/person\/image\/","url":"https:\/\/secure.gravatar.com\/avatar\/4078f4f8e54fb70a99a5e9edc642ecb1?s=96&d=mm&r=g","contentUrl":"https:\/\/secure.gravatar.com\/avatar\/4078f4f8e54fb70a99a5e9edc642ecb1?s=96&d=mm&r=g","caption":"heloisa.dabus"},"url":"https:\/\/www.dabusarquitetura.com.br\/blog\/author\/heloisa-dabus\/"}]}},"_links":{"self":[{"href":"https:\/\/www.dabusarquitetura.com.br\/blog\/wp-json\/wp\/v2\/posts\/17352"}],"collection":[{"href":"https:\/\/www.dabusarquitetura.com.br\/blog\/wp-json\/wp\/v2\/posts"}],"about":[{"href":"https:\/\/www.dabusarquitetura.com.br\/blog\/wp-json\/wp\/v2\/types\/post"}],"author":[{"embeddable":true,"href":"https:\/\/www.dabusarquitetura.com.br\/blog\/wp-json\/wp\/v2\/users\/3"}],"replies":[{"embeddable":true,"href":"https:\/\/www.dabusarquitetura.com.br\/blog\/wp-json\/wp\/v2\/comments?post=17352"}],"version-history":[{"count":4,"href":"https:\/\/www.dabusarquitetura.com.br\/blog\/wp-json\/wp\/v2\/posts\/17352\/revisions"}],"predecessor-version":[{"id":17358,"href":"https:\/\/www.dabusarquitetura.com.br\/blog\/wp-json\/wp\/v2\/posts\/17352\/revisions\/17358"}],"wp:attachment":[{"href":"https:\/\/www.dabusarquitetura.com.br\/blog\/wp-json\/wp\/v2\/media?parent=17352"}],"wp:term":[{"taxonomy":"category","embeddable":true,"href":"https:\/\/www.dabusarquitetura.com.br\/blog\/wp-json\/wp\/v2\/categories?post=17352"},{"taxonomy":"post_tag","embeddable":true,"href":"https:\/\/www.dabusarquitetura.com.br\/blog\/wp-json\/wp\/v2\/tags?post=17352"}],"curies":[{"name":"wp","href":"https:\/\/api.w.org\/{rel}","templated":true}]}}