{"id":17297,"date":"2024-07-15T18:03:09","date_gmt":"2024-07-15T15:03:09","guid":{"rendered":"https:\/\/www.dabusarquitetura.com.br\/blog\/?p=17297"},"modified":"2024-07-15T18:03:09","modified_gmt":"2024-07-15T15:03:09","slug":"arquitetura-escolar-para-ensino-integral","status":"publish","type":"post","link":"https:\/\/www.dabusarquitetura.com.br\/blog\/arquitetura-escolar-para-ensino-integral\/","title":{"rendered":"Como deve ser a Arquitetura Escolar para o ensino integral"},"content":{"rendered":"<div class=\"wp-block-image\">\n<figure class=\"aligncenter size-full\"><img decoding=\"async\" loading=\"lazy\" width=\"834\" height=\"317\" src=\"https:\/\/www.dabusarquitetura.com.br\/blog\/wp-content\/uploads\/2024\/07\/arquitetura-escolar-ensino-integral.png\" alt=\"Arquitetura Escolar para o ensino integral\" class=\"wp-image-17299\" title=\"Imagem meramente ilustrativa\" srcset=\"https:\/\/www.dabusarquitetura.com.br\/blog\/wp-content\/uploads\/2024\/07\/arquitetura-escolar-ensino-integral.png 834w, https:\/\/www.dabusarquitetura.com.br\/blog\/wp-content\/uploads\/2024\/07\/arquitetura-escolar-ensino-integral-300x114.png 300w, https:\/\/www.dabusarquitetura.com.br\/blog\/wp-content\/uploads\/2024\/07\/arquitetura-escolar-ensino-integral-768x292.png 768w\" sizes=\"(max-width: 834px) 100vw, 834px\" \/><\/figure><\/div>\n\n\n<p>No cen\u00e1rio educacional atual, o conceito de <strong>ensino integral<\/strong> vai al\u00e9m das paredes da tradicional sala de aula. Envolve uma <strong>abordagem hol\u00edstica<\/strong> capaz de integrar aprendizado acad\u00eamico com desenvolvimento pessoal, social e emocional dos alunos.<\/p>\n\n\n\n<p>Nesse contexto, a <strong>Arquitetura Escolar<\/strong> desempenha um papel fundamental na cria\u00e7\u00e3o de ambientes que n\u00e3o apenas suportem, mas potencializem essa vis\u00e3o abrangente.<\/p>\n\n\n\n<p>Assim, no post de hoje, exploraremos como deve ser o espa\u00e7o f\u00edsico do chamado ensino integral. Quais qualidades e caracter\u00edsticas devem ser valorizadas? Afinal, o que muda?<\/p>\n\n\n\n<h2 class=\"wp-block-heading\">Flexibilidade e adaptabilidade favorecem o ensino integral<\/h2>\n\n\n\n<p>Um ambiente escolar ideal para o ensino integral deve ser <strong>flex\u00edvel e adapt\u00e1vel<\/strong>. Ent\u00e3o, isso implica na cria\u00e7\u00e3o de espa\u00e7os que possam ser facilmente reconfigurados para diferentes atividades educacionais e que se ajustem \u00e0s variadas necessidades de aprendizagem dos alunos. Salas de aula modulares, \u00e1reas comuns expans\u00edveis e <a href=\"https:\/\/www.dabusarquitetura.com.br\/blog\/dicas-arquitetura-para-patio-escolar\/\"><strong>espa\u00e7os ao ar livre<\/strong><\/a>, que funcionem como extens\u00f5es das salas de aula, s\u00e3o exemplos de como a Arquitetura pode promover uma <strong>abordagem din\u00e2mica e variada ao aprendizado<\/strong>.<\/p>\n\n\n\n<h3 class=\"wp-block-heading\">Integra\u00e7\u00e3o de tecnologia e inova\u00e7\u00e3o<\/h3>\n\n\n\n<p>A incorpora\u00e7\u00e3o de tecnologia de ponta \u00e9 essencial para uma escola moderna. Desse modo, salas de aula equipadas com dispositivos interativos, acesso \u00e0 internet de alta velocidade e laborat\u00f3rios de ci\u00eancias bem equipados s\u00e3o fundamentais para apoiar o <strong>aprendizado baseado em pesquisa e experimenta\u00e7\u00e3o<\/strong>. Al\u00e9m disso, makerspaces e <a href=\"https:\/\/www.dabusarquitetura.com.br\/blog\/ambiente-escolar-aprendizagem-colaborativa\/\"><strong>\u00e1reas de colabora\u00e7\u00e3o<\/strong><\/a> digital incentivam a inova\u00e7\u00e3o e o desenvolvimento de habilidades pr\u00e1ticas entre os estudantes.<\/p>\n\n\n\n<h3 class=\"wp-block-heading\">Promo\u00e7\u00e3o da sa\u00fade e bem-estar<\/h3>\n\n\n\n<p>Um ambiente escolar de ensino integral deve <strong>priorizar o bem-estar f\u00edsico e emocional<\/strong> dos alunos. Isso inclui a cria\u00e7\u00e3o de ambientes que promovam a sa\u00fade, como \u00e1reas verdes, espa\u00e7os para atividades f\u00edsicas e cantinas que oferecem op\u00e7\u00f5es de alimentos saud\u00e1veis. A Arquitetura pode contribuir ainda para o <strong>conforto t\u00e9rmico, ac\u00fastico e visual,<\/strong> garantindo condi\u00e7\u00f5es ideais para o aprendizado e o bem-estar geral dos ocupantes.<\/p>\n\n\n\n<h3 class=\"wp-block-heading\">Inclus\u00e3o e acessibilidade universal<\/h3>\n\n\n\n<p>Um aspecto crucial do ambiente escolar \u00e9 a <a href=\"https:\/\/www.dabusarquitetura.com.br\/blog\/escola-humanizada-caracteristicas-beneficios\/\"><strong>inclus\u00e3o de todos os alunos<\/strong><\/a>, independentemente de suas capacidades f\u00edsicas ou cognitivas. Portanto, isso requer a ado\u00e7\u00e3o de princ\u00edpios de <strong>design universal<\/strong>, que garantem que todos os espa\u00e7os sejam acess\u00edveis e utiliz\u00e1veis por todos. Rampas, elevadores, banheiros adaptados e sinaliza\u00e7\u00e3o clara s\u00e3o elementos essenciais para criar um <strong>ambiente inclusivo dentro das institui\u00e7\u00f5es<\/strong>.<\/p>\n\n\n\n<h3 class=\"wp-block-heading\">Sustentabilidade e responsabilidade ambiental<\/h3>\n\n\n\n<p>A <a href=\"https:\/\/www.dabusarquitetura.com.br\/site\/arquitetura-escolas\" target=\"_blank\" rel=\"noreferrer noopener\"><strong>Arquitetura Escolar<\/strong><\/a> deve tamb\u00e9m abra\u00e7ar princ\u00edpios de <a href=\"https:\/\/www.dabusarquitetura.com.br\/blog\/beneficios-design-escolar-sustentavel\/\"><strong>sustentabilidade e responsabilidade ambiental<\/strong><\/a>. Por isso, \u00e9 necess\u00e1rio empregar o uso de materiais ecol\u00f3gicos, efici\u00eancia energ\u00e9tica, gest\u00e3o de res\u00edduos e ecodesign. Incorporar recursos como ilumina\u00e7\u00e3o natural, sistemas de ventila\u00e7\u00e3o eficientes e pr\u00e1ticas de constru\u00e7\u00e3o sustent\u00e1vel reduz os impactos ambientais da escola e tamb\u00e9m<strong> educa os alunos sobre a import\u00e2ncia da sustentabilidade<\/strong>.<\/p>\n\n\n\n<p>Conforme visto, o ambiente de ensino integral deve ser projetado n\u00e3o apenas para acomodar atividades acad\u00eamicas. Mas para enriquecer a experi\u00eancia educacional dos alunos como um todo.<\/p>\n\n\n\n<p>A Arquitetura desempenha um papel crucial na cria\u00e7\u00e3o de espa\u00e7os que facilitem a aprendizagem, promovam a criatividade, incentivem a inova\u00e7\u00e3o e garantam o bem-estar de todos os estudantes.Para saber como podemos desenvolver o projeto da sua escola, chame no <a href=\"https:\/\/api.whatsapp.com\/send?l=pt&amp;phone=5511983276060\"><strong>WhatsApp 11 98327-6060<\/strong><\/a> e conhe\u00e7a nossas solu\u00e7\u00f5es!<\/p>\n","protected":false},"excerpt":{"rendered":"<p>No cen\u00e1rio educacional atual, o conceito de ensino integral vai al\u00e9m das paredes da tradicional sala de aula. Envolve uma abordagem hol\u00edstica capaz de integrar [&hellip;]<\/p>\n","protected":false},"author":3,"featured_media":0,"comment_status":"open","ping_status":"open","sticky":false,"template":"","format":"standard","meta":[],"categories":[268],"tags":[],"yoast_head":"<!-- This site is optimized with the Yoast SEO plugin v20.8 - https:\/\/yoast.com\/wordpress\/plugins\/seo\/ -->\n<title>Como deve ser a Arquitetura Escolar para o ensino integral<\/title>\n<meta name=\"description\" content=\"Entenda como espa\u00e7os flex\u00edveis, integra\u00e7\u00e3o tecnol\u00f3gica, bem-estar e outras solu\u00e7\u00f5es s\u00e3o essenciais para o ensino integral.\" \/>\n<meta name=\"robots\" content=\"index, follow, max-snippet:-1, max-image-preview:large, max-video-preview:-1\" \/>\n<link rel=\"canonical\" href=\"https:\/\/www.dabusarquitetura.com.br\/blog\/?p=17297\" \/>\n<meta property=\"og:locale\" content=\"pt_BR\" \/>\n<meta property=\"og:type\" content=\"article\" \/>\n<meta property=\"og:title\" content=\"Como deve ser a Arquitetura Escolar para o ensino integral\" \/>\n<meta property=\"og:description\" content=\"Entenda como espa\u00e7os flex\u00edveis, integra\u00e7\u00e3o tecnol\u00f3gica, bem-estar e outras solu\u00e7\u00f5es s\u00e3o essenciais para o ensino integral.\" \/>\n<meta property=\"og:url\" content=\"https:\/\/www.dabusarquitetura.com.br\/blog\/?p=17297\" \/>\n<meta property=\"og:site_name\" content=\"DABUS ARQUITETURA\" \/>\n<meta property=\"article:published_time\" content=\"2024-07-15T15:03:09+00:00\" \/>\n<meta property=\"og:image\" content=\"https:\/\/www.dabusarquitetura.com.br\/blog\/wp-content\/uploads\/2024\/07\/arquitetura-escolar-ensino-integral.png\" \/>\n<meta name=\"author\" content=\"heloisa.dabus\" \/>\n<meta name=\"twitter:card\" content=\"summary_large_image\" \/>\n<meta name=\"twitter:label1\" content=\"Escrito por\" \/>\n\t<meta name=\"twitter:data1\" content=\"heloisa.dabus\" \/>\n\t<meta name=\"twitter:label2\" content=\"Est. tempo de leitura\" \/>\n\t<meta name=\"twitter:data2\" content=\"3 minutos\" \/>\n<script type=\"application\/ld+json\" class=\"yoast-schema-graph\">{\"@context\":\"https:\/\/schema.org\",\"@graph\":[{\"@type\":\"WebPage\",\"@id\":\"https:\/\/www.dabusarquitetura.com.br\/blog\/?p=17297\",\"url\":\"https:\/\/www.dabusarquitetura.com.br\/blog\/?p=17297\",\"name\":\"Como deve ser a Arquitetura Escolar para o ensino integral\",\"isPartOf\":{\"@id\":\"https:\/\/www.dabusarquitetura.com.br\/blog\/#website\"},\"datePublished\":\"2024-07-15T15:03:09+00:00\",\"dateModified\":\"2024-07-15T15:03:09+00:00\",\"author\":{\"@id\":\"https:\/\/www.dabusarquitetura.com.br\/blog\/#\/schema\/person\/978b78d74759412a1cd43634996237c4\"},\"description\":\"Entenda como espa\u00e7os flex\u00edveis, integra\u00e7\u00e3o tecnol\u00f3gica, bem-estar e outras solu\u00e7\u00f5es s\u00e3o essenciais para o ensino integral.\",\"breadcrumb\":{\"@id\":\"https:\/\/www.dabusarquitetura.com.br\/blog\/?p=17297#breadcrumb\"},\"inLanguage\":\"pt-BR\",\"potentialAction\":[{\"@type\":\"ReadAction\",\"target\":[\"https:\/\/www.dabusarquitetura.com.br\/blog\/?p=17297\"]}]},{\"@type\":\"BreadcrumbList\",\"@id\":\"https:\/\/www.dabusarquitetura.com.br\/blog\/?p=17297#breadcrumb\",\"itemListElement\":[{\"@type\":\"ListItem\",\"position\":1,\"name\":\"In\u00edcio\",\"item\":\"https:\/\/www.dabusarquitetura.com.br\/blog\/\"},{\"@type\":\"ListItem\",\"position\":2,\"name\":\"Como deve ser a Arquitetura Escolar para o ensino integral\"}]},{\"@type\":\"WebSite\",\"@id\":\"https:\/\/www.dabusarquitetura.com.br\/blog\/#website\",\"url\":\"https:\/\/www.dabusarquitetura.com.br\/blog\/\",\"name\":\"DABUS ARQUITETURA\",\"description\":\"Arquitetura Corporativa\",\"potentialAction\":[{\"@type\":\"SearchAction\",\"target\":{\"@type\":\"EntryPoint\",\"urlTemplate\":\"https:\/\/www.dabusarquitetura.com.br\/blog\/?s={search_term_string}\"},\"query-input\":\"required name=search_term_string\"}],\"inLanguage\":\"pt-BR\"},{\"@type\":\"Person\",\"@id\":\"https:\/\/www.dabusarquitetura.com.br\/blog\/#\/schema\/person\/978b78d74759412a1cd43634996237c4\",\"name\":\"heloisa.dabus\",\"image\":{\"@type\":\"ImageObject\",\"inLanguage\":\"pt-BR\",\"@id\":\"https:\/\/www.dabusarquitetura.com.br\/blog\/#\/schema\/person\/image\/\",\"url\":\"https:\/\/secure.gravatar.com\/avatar\/4078f4f8e54fb70a99a5e9edc642ecb1?s=96&d=mm&r=g\",\"contentUrl\":\"https:\/\/secure.gravatar.com\/avatar\/4078f4f8e54fb70a99a5e9edc642ecb1?s=96&d=mm&r=g\",\"caption\":\"heloisa.dabus\"},\"url\":\"https:\/\/www.dabusarquitetura.com.br\/blog\/author\/heloisa-dabus\/\"}]}<\/script>\n<!-- \/ Yoast SEO plugin. -->","yoast_head_json":{"title":"Como deve ser a Arquitetura Escolar para o ensino integral","description":"Entenda como espa\u00e7os flex\u00edveis, integra\u00e7\u00e3o tecnol\u00f3gica, bem-estar e outras solu\u00e7\u00f5es s\u00e3o essenciais para o ensino integral.","robots":{"index":"index","follow":"follow","max-snippet":"max-snippet:-1","max-image-preview":"max-image-preview:large","max-video-preview":"max-video-preview:-1"},"canonical":"https:\/\/www.dabusarquitetura.com.br\/blog\/?p=17297","og_locale":"pt_BR","og_type":"article","og_title":"Como deve ser a Arquitetura Escolar para o ensino integral","og_description":"Entenda como espa\u00e7os flex\u00edveis, integra\u00e7\u00e3o tecnol\u00f3gica, bem-estar e outras solu\u00e7\u00f5es s\u00e3o essenciais para o ensino integral.","og_url":"https:\/\/www.dabusarquitetura.com.br\/blog\/?p=17297","og_site_name":"DABUS ARQUITETURA","article_published_time":"2024-07-15T15:03:09+00:00","og_image":[{"url":"https:\/\/www.dabusarquitetura.com.br\/blog\/wp-content\/uploads\/2024\/07\/arquitetura-escolar-ensino-integral.png"}],"author":"heloisa.dabus","twitter_card":"summary_large_image","twitter_misc":{"Escrito por":"heloisa.dabus","Est. tempo de leitura":"3 minutos"},"schema":{"@context":"https:\/\/schema.org","@graph":[{"@type":"WebPage","@id":"https:\/\/www.dabusarquitetura.com.br\/blog\/?p=17297","url":"https:\/\/www.dabusarquitetura.com.br\/blog\/?p=17297","name":"Como deve ser a Arquitetura Escolar para o ensino integral","isPartOf":{"@id":"https:\/\/www.dabusarquitetura.com.br\/blog\/#website"},"datePublished":"2024-07-15T15:03:09+00:00","dateModified":"2024-07-15T15:03:09+00:00","author":{"@id":"https:\/\/www.dabusarquitetura.com.br\/blog\/#\/schema\/person\/978b78d74759412a1cd43634996237c4"},"description":"Entenda como espa\u00e7os flex\u00edveis, integra\u00e7\u00e3o tecnol\u00f3gica, bem-estar e outras solu\u00e7\u00f5es s\u00e3o essenciais para o ensino integral.","breadcrumb":{"@id":"https:\/\/www.dabusarquitetura.com.br\/blog\/?p=17297#breadcrumb"},"inLanguage":"pt-BR","potentialAction":[{"@type":"ReadAction","target":["https:\/\/www.dabusarquitetura.com.br\/blog\/?p=17297"]}]},{"@type":"BreadcrumbList","@id":"https:\/\/www.dabusarquitetura.com.br\/blog\/?p=17297#breadcrumb","itemListElement":[{"@type":"ListItem","position":1,"name":"In\u00edcio","item":"https:\/\/www.dabusarquitetura.com.br\/blog\/"},{"@type":"ListItem","position":2,"name":"Como deve ser a Arquitetura Escolar para o ensino integral"}]},{"@type":"WebSite","@id":"https:\/\/www.dabusarquitetura.com.br\/blog\/#website","url":"https:\/\/www.dabusarquitetura.com.br\/blog\/","name":"DABUS ARQUITETURA","description":"Arquitetura Corporativa","potentialAction":[{"@type":"SearchAction","target":{"@type":"EntryPoint","urlTemplate":"https:\/\/www.dabusarquitetura.com.br\/blog\/?s={search_term_string}"},"query-input":"required name=search_term_string"}],"inLanguage":"pt-BR"},{"@type":"Person","@id":"https:\/\/www.dabusarquitetura.com.br\/blog\/#\/schema\/person\/978b78d74759412a1cd43634996237c4","name":"heloisa.dabus","image":{"@type":"ImageObject","inLanguage":"pt-BR","@id":"https:\/\/www.dabusarquitetura.com.br\/blog\/#\/schema\/person\/image\/","url":"https:\/\/secure.gravatar.com\/avatar\/4078f4f8e54fb70a99a5e9edc642ecb1?s=96&d=mm&r=g","contentUrl":"https:\/\/secure.gravatar.com\/avatar\/4078f4f8e54fb70a99a5e9edc642ecb1?s=96&d=mm&r=g","caption":"heloisa.dabus"},"url":"https:\/\/www.dabusarquitetura.com.br\/blog\/author\/heloisa-dabus\/"}]}},"_links":{"self":[{"href":"https:\/\/www.dabusarquitetura.com.br\/blog\/wp-json\/wp\/v2\/posts\/17297"}],"collection":[{"href":"https:\/\/www.dabusarquitetura.com.br\/blog\/wp-json\/wp\/v2\/posts"}],"about":[{"href":"https:\/\/www.dabusarquitetura.com.br\/blog\/wp-json\/wp\/v2\/types\/post"}],"author":[{"embeddable":true,"href":"https:\/\/www.dabusarquitetura.com.br\/blog\/wp-json\/wp\/v2\/users\/3"}],"replies":[{"embeddable":true,"href":"https:\/\/www.dabusarquitetura.com.br\/blog\/wp-json\/wp\/v2\/comments?post=17297"}],"version-history":[{"count":3,"href":"https:\/\/www.dabusarquitetura.com.br\/blog\/wp-json\/wp\/v2\/posts\/17297\/revisions"}],"predecessor-version":[{"id":17301,"href":"https:\/\/www.dabusarquitetura.com.br\/blog\/wp-json\/wp\/v2\/posts\/17297\/revisions\/17301"}],"wp:attachment":[{"href":"https:\/\/www.dabusarquitetura.com.br\/blog\/wp-json\/wp\/v2\/media?parent=17297"}],"wp:term":[{"taxonomy":"category","embeddable":true,"href":"https:\/\/www.dabusarquitetura.com.br\/blog\/wp-json\/wp\/v2\/categories?post=17297"},{"taxonomy":"post_tag","embeddable":true,"href":"https:\/\/www.dabusarquitetura.com.br\/blog\/wp-json\/wp\/v2\/tags?post=17297"}],"curies":[{"name":"wp","href":"https:\/\/api.w.org\/{rel}","templated":true}]}}