{"id":17279,"date":"2024-07-01T16:10:48","date_gmt":"2024-07-01T13:10:48","guid":{"rendered":"https:\/\/www.dabusarquitetura.com.br\/blog\/?p=17279"},"modified":"2024-07-01T16:10:57","modified_gmt":"2024-07-01T13:10:57","slug":"sinalizacao-externa-corporativa-como-empregar","status":"publish","type":"post","link":"https:\/\/www.dabusarquitetura.com.br\/blog\/sinalizacao-externa-corporativa-como-empregar\/","title":{"rendered":"Sinaliza\u00e7\u00e3o externa corporativa: como empreg\u00e1-la de forma harm\u00f4nica"},"content":{"rendered":"<div class=\"wp-block-image\">\n<figure class=\"aligncenter size-full\"><img decoding=\"async\" loading=\"lazy\" width=\"834\" height=\"317\" src=\"https:\/\/www.dabusarquitetura.com.br\/blog\/wp-content\/uploads\/2024\/06\/sinalizacao-externa-corporativa.png\" alt=\"Sinaliza\u00e7\u00e3o externa corporativa\" class=\"wp-image-17281\" title=\"Imagem meramente ilustrativa\" srcset=\"https:\/\/www.dabusarquitetura.com.br\/blog\/wp-content\/uploads\/2024\/06\/sinalizacao-externa-corporativa.png 834w, https:\/\/www.dabusarquitetura.com.br\/blog\/wp-content\/uploads\/2024\/06\/sinalizacao-externa-corporativa-300x114.png 300w, https:\/\/www.dabusarquitetura.com.br\/blog\/wp-content\/uploads\/2024\/06\/sinalizacao-externa-corporativa-768x292.png 768w\" sizes=\"(max-width: 834px) 100vw, 834px\" \/><\/figure><\/div>\n\n\n<p>A <strong>sinaliza\u00e7\u00e3o externa corporativa<\/strong> \u00e9 uma ferramenta indispens\u00e1vel para qualquer tipo de neg\u00f3cio. Afinal, ela ajuda n\u00e3o s\u00f3 a atrair a aten\u00e7\u00e3o, como tamb\u00e9m comunica a identidade da marca e fornece informa\u00e7\u00f5es claras e assertivas. Entretanto, para isso, \u00e9 necess\u00e1rio que a comunica\u00e7\u00e3o visual seja planejada de forma abrangente.<\/p>\n\n\n\n<p>A partir do <strong>manual de identidade visual<\/strong> \u00e9 poss\u00edvel coordenar cada elemento de forma coerente e eficiente. Em fachadas, p\u00e1tios, lounges e outros ambientes externos h\u00e1 diversos pontos que precisam de uma boa coordena\u00e7\u00e3o das orienta\u00e7\u00f5es sobre o local. Tais como entradas, estacionamentos e rotas.<\/p>\n\n\n\n<p>Por isso, \u00e9 crucial um <strong>projeto de Arquitetura Corporativa <\/strong>desenvolvido por uma equipe experiente, que estar\u00e1 preparada para contemplar todos os aspectos levantados no post de hoje. Al\u00e9m de muitos outros.<\/p>\n\n\n\n<h2 class=\"wp-block-heading\">Afinal, o que \u00e9 uma boa sinaliza\u00e7\u00e3o externa corporativa?<\/h2>\n\n\n\n<p>A sinaliza\u00e7\u00e3o externa corporativa deve ser capaz de atuar na identifica\u00e7\u00e3o do neg\u00f3cio, na orienta\u00e7\u00e3o dos visitantes e na <strong><a href=\"https:\/\/www.dabusarquitetura.com.br\/blog\/a-clara-identidade-no-escritorio-da-vivest\/\">transmiss\u00e3o da identidade da marca<\/a><\/strong>. Mas n\u00e3o s\u00f3 isso. Ela tamb\u00e9m tem de ajudar a <strong>destacar a empresa em seu entorno<\/strong>, valorizar os tra\u00e7os arquitet\u00f4nicos e se mostrar relevante aos usu\u00e1rios e ocupantes.<\/p>\n\n\n\n<p>Quer saber como tudo isso \u00e9 poss\u00edvel? Ent\u00e3o, fique por dentro dos 3 fatores relacionados a seguir!<\/p>\n\n\n\n<h3 class=\"wp-block-heading\">1. Integra\u00e7\u00e3o com a identidade da marca<\/h3>\n\n\n\n<p>A sinaliza\u00e7\u00e3o deve refletir a identidade da marca de forma consistente. Desse modo, precisa incluir:<\/p>\n\n\n\n<ul>\n<li><strong>Cores e tipografia:<\/strong> uso de cores e fontes que s\u00e3o parte da identidade visual da marca. Isso ajuda a criar uma imagem coesa e reconhec\u00edvel.<\/li>\n\n\n\n<li><strong>Logotipo:<\/strong> o logotipo da empresa deve ser uma presen\u00e7a constante e destacada na sinaliza\u00e7\u00e3o, refor\u00e7ando o reconhecimento do neg\u00f3cio.<\/li>\n\n\n\n<li><strong>Mensagem e tom de voz:<\/strong> a mensagem transmitida pela sinaliza\u00e7\u00e3o tem de estar alinhada com a voz da marca. Ent\u00e3o, se ela for formal, a sinaliza\u00e7\u00e3o deve refletir isso. Se for descontra\u00edda, a sinaliza\u00e7\u00e3o pode ser mais leve e divertida.<\/li>\n<\/ul>\n\n\n\n<h3 class=\"wp-block-heading\">2. Clareza e assertividade<\/h3>\n\n\n\n<p>Alguns dos aspectos que garantem a clareza e assertividade s\u00e3o:<\/p>\n\n\n\n<ul>\n<li><strong>Legibilidade:<\/strong> fontes grandes e claras que podem ser lidas \u00e0 dist\u00e2ncia. Mensagem concisa, sem excesso de texto.<\/li>\n\n\n\n<li><strong>Posicionamento estrat\u00e9gico:<\/strong> sinaliza\u00e7\u00e3o em locais onde ela pode ser vista&nbsp; facilmente vis\u00edvel pelo p\u00fablico-alvo. Assim, \u00e9 importante considerar o fluxo de pedestres e de ve\u00edculos.<\/li>\n\n\n\n<li><strong>Mensagens diretas:<\/strong> textos curtos e direto ao ponto. Uso de verbos de a\u00e7\u00e3o e chamadas para a\u00e7\u00e3o (CTA), quando necess\u00e1rio.<\/li>\n<\/ul>\n\n\n\n<h3 class=\"wp-block-heading\">3. Aplica\u00e7\u00e3o harm\u00f4nica da sinaliza\u00e7\u00e3o externa corporativa<\/h3>\n\n\n\n<p>O emprego da sinaliza\u00e7\u00e3o externa n\u00e3o pode parecer uma interven\u00e7\u00e3o improvisada ou fora de contexto. Portanto, \u00e9 necess\u00e1rio integr\u00e1-la harmoniosamente com a arquitetura da fachada.<\/p>\n\n\n\n<ul>\n<li><strong>Material e estilo:<\/strong> os materiais das placas e outras aplica\u00e7\u00f5es devem dialogar com as cores e revestimentos da fachada. Se ela for mais cl\u00e1ssica, por exemplo, ent\u00e3o a sinaliza\u00e7\u00e3o poder\u00e1 vir em madeira ou metal envelhecido.<\/li>\n\n\n\n<li><strong>Propor\u00e7\u00f5es:<\/strong> uma sinaliza\u00e7\u00e3o muito grande pode parecer agressiva, enquanto uma muito pequena pode passar despercebida. Assim, \u00e9 preciso dimensionar adequadamente.<\/li>\n\n\n\n<li><strong>Ilumina\u00e7\u00e3o:<\/strong> sinaliza\u00e7\u00f5es iluminadas podem ser muito eficazes, especialmente \u00e0 noite. Contudo, elas devem ser bem projetadas para n\u00e3o causar polui\u00e7\u00e3o visual.<\/li>\n<\/ul>\n\n\n\n<p>Conhe\u00e7a as <strong>melhores solu\u00e7\u00f5es para o seu projeto de Arquitetura Corporativa<\/strong>. Chame no <a href=\"https:\/\/api.whatsapp.com\/send?l=pt&amp;phone=5511983276060\" target=\"_blank\" rel=\"noreferrer noopener\"><strong>WhatsApp 11 98327-6060<\/strong><\/a> e saiba como podemos te ajudar!<\/p>\n","protected":false},"excerpt":{"rendered":"<p>A sinaliza\u00e7\u00e3o externa corporativa \u00e9 uma ferramenta indispens\u00e1vel para qualquer tipo de neg\u00f3cio. Afinal, ela ajuda n\u00e3o s\u00f3 a atrair a aten\u00e7\u00e3o, como tamb\u00e9m comunica [&hellip;]<\/p>\n","protected":false},"author":3,"featured_media":0,"comment_status":"open","ping_status":"open","sticky":false,"template":"","format":"standard","meta":[],"categories":[281],"tags":[],"yoast_head":"<!-- This site is optimized with the Yoast SEO plugin v20.8 - https:\/\/yoast.com\/wordpress\/plugins\/seo\/ -->\n<title>Sinaliza\u00e7\u00e3o externa corporativa: como empreg\u00e1-la<\/title>\n<meta name=\"description\" content=\"Descubra os 3 fatores essenciais para uma sinaliza\u00e7\u00e3o externa eficaz e como integr\u00e1-la perfeitamente \u00e0 Arquitetura da fachada corporativa.\" \/>\n<meta name=\"robots\" content=\"index, follow, max-snippet:-1, max-image-preview:large, max-video-preview:-1\" \/>\n<link rel=\"canonical\" href=\"https:\/\/www.dabusarquitetura.com.br\/blog\/sinalizacao-externa-corporativa-como-empregar\/\" \/>\n<meta property=\"og:locale\" content=\"pt_BR\" \/>\n<meta property=\"og:type\" content=\"article\" \/>\n<meta property=\"og:title\" content=\"Sinaliza\u00e7\u00e3o externa corporativa: como empreg\u00e1-la\" \/>\n<meta property=\"og:description\" content=\"Descubra os 3 fatores essenciais para uma sinaliza\u00e7\u00e3o externa eficaz e como integr\u00e1-la perfeitamente \u00e0 Arquitetura da fachada corporativa.\" \/>\n<meta property=\"og:url\" content=\"https:\/\/www.dabusarquitetura.com.br\/blog\/sinalizacao-externa-corporativa-como-empregar\/\" \/>\n<meta property=\"og:site_name\" content=\"DABUS ARQUITETURA\" \/>\n<meta property=\"article:published_time\" content=\"2024-07-01T13:10:48+00:00\" \/>\n<meta property=\"article:modified_time\" content=\"2024-07-01T13:10:57+00:00\" \/>\n<meta property=\"og:image\" content=\"https:\/\/www.dabusarquitetura.com.br\/blog\/wp-content\/uploads\/2024\/06\/sinalizacao-externa-corporativa.png\" \/>\n<meta name=\"author\" content=\"heloisa.dabus\" \/>\n<meta name=\"twitter:card\" content=\"summary_large_image\" \/>\n<meta name=\"twitter:label1\" content=\"Escrito por\" \/>\n\t<meta name=\"twitter:data1\" content=\"heloisa.dabus\" \/>\n\t<meta name=\"twitter:label2\" content=\"Est. tempo de leitura\" \/>\n\t<meta name=\"twitter:data2\" content=\"4 minutos\" \/>\n<script type=\"application\/ld+json\" class=\"yoast-schema-graph\">{\"@context\":\"https:\/\/schema.org\",\"@graph\":[{\"@type\":\"WebPage\",\"@id\":\"https:\/\/www.dabusarquitetura.com.br\/blog\/sinalizacao-externa-corporativa-como-empregar\/\",\"url\":\"https:\/\/www.dabusarquitetura.com.br\/blog\/sinalizacao-externa-corporativa-como-empregar\/\",\"name\":\"Sinaliza\u00e7\u00e3o externa corporativa: como empreg\u00e1-la\",\"isPartOf\":{\"@id\":\"https:\/\/www.dabusarquitetura.com.br\/blog\/#website\"},\"datePublished\":\"2024-07-01T13:10:48+00:00\",\"dateModified\":\"2024-07-01T13:10:57+00:00\",\"author\":{\"@id\":\"https:\/\/www.dabusarquitetura.com.br\/blog\/#\/schema\/person\/978b78d74759412a1cd43634996237c4\"},\"description\":\"Descubra os 3 fatores essenciais para uma sinaliza\u00e7\u00e3o externa eficaz e como integr\u00e1-la perfeitamente \u00e0 Arquitetura da fachada corporativa.\",\"breadcrumb\":{\"@id\":\"https:\/\/www.dabusarquitetura.com.br\/blog\/sinalizacao-externa-corporativa-como-empregar\/#breadcrumb\"},\"inLanguage\":\"pt-BR\",\"potentialAction\":[{\"@type\":\"ReadAction\",\"target\":[\"https:\/\/www.dabusarquitetura.com.br\/blog\/sinalizacao-externa-corporativa-como-empregar\/\"]}]},{\"@type\":\"BreadcrumbList\",\"@id\":\"https:\/\/www.dabusarquitetura.com.br\/blog\/sinalizacao-externa-corporativa-como-empregar\/#breadcrumb\",\"itemListElement\":[{\"@type\":\"ListItem\",\"position\":1,\"name\":\"In\u00edcio\",\"item\":\"https:\/\/www.dabusarquitetura.com.br\/blog\/\"},{\"@type\":\"ListItem\",\"position\":2,\"name\":\"Sinaliza\u00e7\u00e3o externa corporativa: como empreg\u00e1-la de forma harm\u00f4nica\"}]},{\"@type\":\"WebSite\",\"@id\":\"https:\/\/www.dabusarquitetura.com.br\/blog\/#website\",\"url\":\"https:\/\/www.dabusarquitetura.com.br\/blog\/\",\"name\":\"DABUS ARQUITETURA\",\"description\":\"Arquitetura Corporativa\",\"potentialAction\":[{\"@type\":\"SearchAction\",\"target\":{\"@type\":\"EntryPoint\",\"urlTemplate\":\"https:\/\/www.dabusarquitetura.com.br\/blog\/?s={search_term_string}\"},\"query-input\":\"required name=search_term_string\"}],\"inLanguage\":\"pt-BR\"},{\"@type\":\"Person\",\"@id\":\"https:\/\/www.dabusarquitetura.com.br\/blog\/#\/schema\/person\/978b78d74759412a1cd43634996237c4\",\"name\":\"heloisa.dabus\",\"image\":{\"@type\":\"ImageObject\",\"inLanguage\":\"pt-BR\",\"@id\":\"https:\/\/www.dabusarquitetura.com.br\/blog\/#\/schema\/person\/image\/\",\"url\":\"https:\/\/secure.gravatar.com\/avatar\/4078f4f8e54fb70a99a5e9edc642ecb1?s=96&d=mm&r=g\",\"contentUrl\":\"https:\/\/secure.gravatar.com\/avatar\/4078f4f8e54fb70a99a5e9edc642ecb1?s=96&d=mm&r=g\",\"caption\":\"heloisa.dabus\"},\"url\":\"https:\/\/www.dabusarquitetura.com.br\/blog\/author\/heloisa-dabus\/\"}]}<\/script>\n<!-- \/ Yoast SEO plugin. -->","yoast_head_json":{"title":"Sinaliza\u00e7\u00e3o externa corporativa: como empreg\u00e1-la","description":"Descubra os 3 fatores essenciais para uma sinaliza\u00e7\u00e3o externa eficaz e como integr\u00e1-la perfeitamente \u00e0 Arquitetura da fachada corporativa.","robots":{"index":"index","follow":"follow","max-snippet":"max-snippet:-1","max-image-preview":"max-image-preview:large","max-video-preview":"max-video-preview:-1"},"canonical":"https:\/\/www.dabusarquitetura.com.br\/blog\/sinalizacao-externa-corporativa-como-empregar\/","og_locale":"pt_BR","og_type":"article","og_title":"Sinaliza\u00e7\u00e3o externa corporativa: como empreg\u00e1-la","og_description":"Descubra os 3 fatores essenciais para uma sinaliza\u00e7\u00e3o externa eficaz e como integr\u00e1-la perfeitamente \u00e0 Arquitetura da fachada corporativa.","og_url":"https:\/\/www.dabusarquitetura.com.br\/blog\/sinalizacao-externa-corporativa-como-empregar\/","og_site_name":"DABUS ARQUITETURA","article_published_time":"2024-07-01T13:10:48+00:00","article_modified_time":"2024-07-01T13:10:57+00:00","og_image":[{"url":"https:\/\/www.dabusarquitetura.com.br\/blog\/wp-content\/uploads\/2024\/06\/sinalizacao-externa-corporativa.png"}],"author":"heloisa.dabus","twitter_card":"summary_large_image","twitter_misc":{"Escrito por":"heloisa.dabus","Est. tempo de leitura":"4 minutos"},"schema":{"@context":"https:\/\/schema.org","@graph":[{"@type":"WebPage","@id":"https:\/\/www.dabusarquitetura.com.br\/blog\/sinalizacao-externa-corporativa-como-empregar\/","url":"https:\/\/www.dabusarquitetura.com.br\/blog\/sinalizacao-externa-corporativa-como-empregar\/","name":"Sinaliza\u00e7\u00e3o externa corporativa: como empreg\u00e1-la","isPartOf":{"@id":"https:\/\/www.dabusarquitetura.com.br\/blog\/#website"},"datePublished":"2024-07-01T13:10:48+00:00","dateModified":"2024-07-01T13:10:57+00:00","author":{"@id":"https:\/\/www.dabusarquitetura.com.br\/blog\/#\/schema\/person\/978b78d74759412a1cd43634996237c4"},"description":"Descubra os 3 fatores essenciais para uma sinaliza\u00e7\u00e3o externa eficaz e como integr\u00e1-la perfeitamente \u00e0 Arquitetura da fachada corporativa.","breadcrumb":{"@id":"https:\/\/www.dabusarquitetura.com.br\/blog\/sinalizacao-externa-corporativa-como-empregar\/#breadcrumb"},"inLanguage":"pt-BR","potentialAction":[{"@type":"ReadAction","target":["https:\/\/www.dabusarquitetura.com.br\/blog\/sinalizacao-externa-corporativa-como-empregar\/"]}]},{"@type":"BreadcrumbList","@id":"https:\/\/www.dabusarquitetura.com.br\/blog\/sinalizacao-externa-corporativa-como-empregar\/#breadcrumb","itemListElement":[{"@type":"ListItem","position":1,"name":"In\u00edcio","item":"https:\/\/www.dabusarquitetura.com.br\/blog\/"},{"@type":"ListItem","position":2,"name":"Sinaliza\u00e7\u00e3o externa corporativa: como empreg\u00e1-la de forma harm\u00f4nica"}]},{"@type":"WebSite","@id":"https:\/\/www.dabusarquitetura.com.br\/blog\/#website","url":"https:\/\/www.dabusarquitetura.com.br\/blog\/","name":"DABUS ARQUITETURA","description":"Arquitetura Corporativa","potentialAction":[{"@type":"SearchAction","target":{"@type":"EntryPoint","urlTemplate":"https:\/\/www.dabusarquitetura.com.br\/blog\/?s={search_term_string}"},"query-input":"required name=search_term_string"}],"inLanguage":"pt-BR"},{"@type":"Person","@id":"https:\/\/www.dabusarquitetura.com.br\/blog\/#\/schema\/person\/978b78d74759412a1cd43634996237c4","name":"heloisa.dabus","image":{"@type":"ImageObject","inLanguage":"pt-BR","@id":"https:\/\/www.dabusarquitetura.com.br\/blog\/#\/schema\/person\/image\/","url":"https:\/\/secure.gravatar.com\/avatar\/4078f4f8e54fb70a99a5e9edc642ecb1?s=96&d=mm&r=g","contentUrl":"https:\/\/secure.gravatar.com\/avatar\/4078f4f8e54fb70a99a5e9edc642ecb1?s=96&d=mm&r=g","caption":"heloisa.dabus"},"url":"https:\/\/www.dabusarquitetura.com.br\/blog\/author\/heloisa-dabus\/"}]}},"_links":{"self":[{"href":"https:\/\/www.dabusarquitetura.com.br\/blog\/wp-json\/wp\/v2\/posts\/17279"}],"collection":[{"href":"https:\/\/www.dabusarquitetura.com.br\/blog\/wp-json\/wp\/v2\/posts"}],"about":[{"href":"https:\/\/www.dabusarquitetura.com.br\/blog\/wp-json\/wp\/v2\/types\/post"}],"author":[{"embeddable":true,"href":"https:\/\/www.dabusarquitetura.com.br\/blog\/wp-json\/wp\/v2\/users\/3"}],"replies":[{"embeddable":true,"href":"https:\/\/www.dabusarquitetura.com.br\/blog\/wp-json\/wp\/v2\/comments?post=17279"}],"version-history":[{"count":9,"href":"https:\/\/www.dabusarquitetura.com.br\/blog\/wp-json\/wp\/v2\/posts\/17279\/revisions"}],"predecessor-version":[{"id":17289,"href":"https:\/\/www.dabusarquitetura.com.br\/blog\/wp-json\/wp\/v2\/posts\/17279\/revisions\/17289"}],"wp:attachment":[{"href":"https:\/\/www.dabusarquitetura.com.br\/blog\/wp-json\/wp\/v2\/media?parent=17279"}],"wp:term":[{"taxonomy":"category","embeddable":true,"href":"https:\/\/www.dabusarquitetura.com.br\/blog\/wp-json\/wp\/v2\/categories?post=17279"},{"taxonomy":"post_tag","embeddable":true,"href":"https:\/\/www.dabusarquitetura.com.br\/blog\/wp-json\/wp\/v2\/tags?post=17279"}],"curies":[{"name":"wp","href":"https:\/\/api.w.org\/{rel}","templated":true}]}}