{"id":17262,"date":"2024-06-17T08:00:00","date_gmt":"2024-06-17T05:00:00","guid":{"rendered":"https:\/\/www.dabusarquitetura.com.br\/blog\/?p=17262"},"modified":"2024-06-12T00:09:53","modified_gmt":"2024-06-11T21:09:53","slug":"integrar-ambientes-internos-e-externos-empresa","status":"publish","type":"post","link":"https:\/\/www.dabusarquitetura.com.br\/blog\/integrar-ambientes-internos-e-externos-empresa\/","title":{"rendered":"8 dicas para integrar ambientes internos e externos de uma empresa"},"content":{"rendered":"<div class=\"wp-block-image\">\n<figure class=\"aligncenter size-full\"><img decoding=\"async\" loading=\"lazy\" width=\"834\" height=\"317\" src=\"https:\/\/www.dabusarquitetura.com.br\/blog\/wp-content\/uploads\/2024\/06\/integracao-ambientes-internos-externos.jpg\" alt=\"Integrar ambientes internos e externos de uma empresa\" class=\"wp-image-17264\" title=\"Projeto DABUS ARQUITETURA\" srcset=\"https:\/\/www.dabusarquitetura.com.br\/blog\/wp-content\/uploads\/2024\/06\/integracao-ambientes-internos-externos.jpg 834w, https:\/\/www.dabusarquitetura.com.br\/blog\/wp-content\/uploads\/2024\/06\/integracao-ambientes-internos-externos-300x114.jpg 300w, https:\/\/www.dabusarquitetura.com.br\/blog\/wp-content\/uploads\/2024\/06\/integracao-ambientes-internos-externos-768x292.jpg 768w\" sizes=\"(max-width: 834px) 100vw, 834px\" \/><figcaption class=\"wp-element-caption\">Projeto da DABUS ARQUITETURA para a ag\u00eancia Wedu.<\/figcaption><\/figure><\/div>\n\n\n<p><strong>Integrar ambientes internos e externos<\/strong> tem se tornado uma tend\u00eancia significativa na Arquitetura Corporativa. Esse conceito envolve a cria\u00e7\u00e3o de uma <strong>continuidade visual e funcional<\/strong> entre o interior dos edif\u00edcios e suas \u00e1reas externas, o que proporciona uma transi\u00e7\u00e3o suave e harmoniosa.<\/p>\n\n\n\n<p>A <strong>Arquitetura Corporativa<\/strong> est\u00e1 evoluindo constantemente para atender \u00e0s novas demandas de <strong>bem-estar, produtividade e sustentabilidade<\/strong> nos escrit\u00f3rios. Assim, ao eliminar a separa\u00e7\u00e3o r\u00edgida entre interior e exterior, \u00e9 poss\u00edvel aproveitar melhor a luz natural, aumentar a conex\u00e3o com a natureza e promover um <strong>local de trabalho mais flex\u00edvel e acolhedor<\/strong>.<\/p>\n\n\n\n<p>Gostou da ideia? Quer saber mais? Ent\u00e3o, acompanhe o post de hoje!<\/p>\n\n\n\n<h2 class=\"wp-block-heading\">Afinal, quais as vantagens da estrat\u00e9gia de integra\u00e7\u00e3o?<\/h2>\n\n\n\n<p>Integrar ambientes internos e externos transforma o design dos edif\u00edcios. Contudo, n\u00e3o para por a\u00ed e promove uma s\u00e9rie de <strong>benef\u00edcios que impactam diretamente os colaboradores e a pr\u00f3pria empresa<\/strong>.&nbsp;<\/p>\n\n\n\n<p>Vamos explorar algumas das principais vantagens dessa estrat\u00e9gia:<\/p>\n\n\n\n<ul>\n<li><strong>Melhoria do bem-estar: <\/strong>a presen\u00e7a de elementos naturais e acesso a \u00e1reas externas pode <a href=\"https:\/\/www.dabusarquitetura.com.br\/blog\/fatores-escolher-o-mobiliario-corporativo\/\"><strong>estimular significativamente o bem-estar do time<\/strong><\/a>. De acordo com estudos, a exposi\u00e7\u00e3o \u00e0 luz natural e ao ar livre pode reduzir o estresse, aumentar a produtividade e melhorar o humor geral dos funcion\u00e1rios\u200b.<\/li>\n<\/ul>\n\n\n\n<ul>\n<li><strong>Aumento da criatividade e colabora\u00e7\u00e3o: <\/strong>ambientes que combinam espa\u00e7os internos e externos incentivam a criatividade e a colabora\u00e7\u00e3o. \u00c1reas externas podem servir como espa\u00e7os alternativos para reuni\u00f5es informais, brainstorming e relaxamento, promovendo uma <strong>cultura de inova\u00e7\u00e3o e intera\u00e7\u00e3o<\/strong> entre equipes\u200b.<\/li>\n<\/ul>\n\n\n\n<ul>\n<li><strong>Sustentabilidade:<\/strong> a integra\u00e7\u00e3o de espa\u00e7os verdes contribui para a sustentabilidade do edif\u00edcio. Afinal, plantas e \u00e1rvores n\u00e3o s\u00f3 melhoram a qualidade do ar, mas tamb\u00e9m podem ajudar na regula\u00e7\u00e3o t\u00e9rmica do ambiente, reduzindo a necessidade de ar-condicionado e economizando energia\u200b.<\/li>\n<\/ul>\n\n\n\n<ul>\n<li><strong>Est\u00e9tica e valoriza\u00e7\u00e3o do im\u00f3vel: <\/strong>um design que harmoniza os espa\u00e7os internos e externos tende a ser mais atraente visualmente, o que pode <strong>aumentar a percep\u00e7\u00e3o de valor<\/strong> do im\u00f3vel. Al\u00e9m disso, \u00e1reas externas bem projetadas, como jardins e terra\u00e7os, tamb\u00e9m podem ser vistas como um diferencial competitivo\u200b.<\/li>\n<\/ul>\n\n\n\n<h3 class=\"wp-block-heading\">Dicas para integrar ambientes internos e externos<\/h3>\n\n\n\n<p>Diferentes medidas podem ser adotadas para integrar espa\u00e7os. Portanto, o ideal \u00e9 <strong>contar com um projeto que entenda bem as necessidades<\/strong> da sua empresa e que desenvolva as melhores aplica\u00e7\u00f5es de forma personalizada.<\/p>\n\n\n\n<p>Contudo, \u00e9 poss\u00edvel relacionar algumas pr\u00e1ticas que ajudam a <strong>alcan\u00e7ar uma integra\u00e7\u00e3o eficaz e elegante<\/strong>. Confira:<\/p>\n\n\n\n<h3 class=\"wp-block-heading\">1. Instale portas e janelas de vidro<\/h3>\n\n\n\n<p>Grandes portas e janelas de vidro permitem a entrada de luz natural e oferecem vistas desobstru\u00eddas para o exterior. Isso cria uma <strong>sensa\u00e7\u00e3o de amplitude e continuidade<\/strong> entre os ambientes interno e externo.<\/p>\n\n\n\n<h3 class=\"wp-block-heading\">2. Crie \u00e1reas de transi\u00e7\u00e3o<\/h3>\n\n\n\n<p>Utilize p\u00e1tios, varandas e terra\u00e7os como \u00e1reas de transi\u00e7\u00e3o. Esses espa\u00e7os semiabertos funcionam como extens\u00f5es naturais dos ambientes internos, proporcionando locais ideais para descanso e socializa\u00e7\u00e3o.<\/p>\n\n\n\n<h3 class=\"wp-block-heading\">3. Incorpore elementos naturais<\/h3>\n\n\n\n<p>Traga elementos naturais para dentro do escrit\u00f3rio, como plantas, fontes de \u00e1gua e materiais naturais (como madeira e pedra). Isso ajuda a criar uma conex\u00e3o visual e sensorial com a natureza.<\/p>\n\n\n\n<h3 class=\"wp-block-heading\">4. Utilize mobili\u00e1rio adapt\u00e1vel<\/h3>\n\n\n\n<p>Opte por um <a href=\"https:\/\/www.dabusarquitetura.com.br\/blog\/fatores-escolher-o-mobiliario-corporativo\/\"><strong>mobili\u00e1rio corporativo<\/strong><\/a> que possa ser empregado tanto dentro quanto fora do escrit\u00f3rio. M\u00f3veis modulares e resistentes \u00e0s intemp\u00e9ries s\u00e3o ideais para criar uma est\u00e9tica coesa e garantir a funcionalidade nos dois ambientes.<\/p>\n\n\n\n<h3 class=\"wp-block-heading\">5. Aproveite a luz natural<\/h3>\n\n\n\n<p>Posicione \u00e1reas de trabalho e zonas de conviv\u00eancia pr\u00f3ximas \u00e0s janelas para <strong>maximizar o aproveitamento<\/strong> da luz do sol. Al\u00e9m disso, considere instalar claraboias para aumentar a ilumina\u00e7\u00e3o natural em \u00e1reas mais centrais do edif\u00edcio.<\/p>\n\n\n\n<h3 class=\"wp-block-heading\">6. Paisagismo funcional<\/h3>\n\n\n\n<p>Invista em um projeto de paisagismo que n\u00e3o s\u00f3 embeleze o exterior, mas que tamb\u00e9m ofere\u00e7a funcionalidades como \u00e1reas de sombra, caminhos e espa\u00e7os para atividades ao ar livre.<\/p>\n\n\n\n<h3 class=\"wp-block-heading\">7. Tecnologia e automa\u00e7\u00e3o<\/h3>\n\n\n\n<p>Integre tecnologias de automa\u00e7\u00e3o para <strong>controlar a ilumina\u00e7\u00e3o, ventila\u00e7\u00e3o e aquecimento<\/strong>, tanto em \u00e1reas internas quanto externas. Desse modo, ser\u00e1 poss\u00edvel contar com instala\u00e7\u00f5es confort\u00e1veis e eficientes em termos energ\u00e9ticos.<\/p>\n\n\n\n<h3 class=\"wp-block-heading\">8. Cores e materiais consistentes<\/h3>\n\n\n\n<p>Use uma paleta de cores e materiais consistentes nos dois ambientes para criar uma transi\u00e7\u00e3o suave. Materiais como madeira, concreto e metal, quando usados de forma cont\u00ednua, <strong>ajudam a unificar os espa\u00e7os<\/strong>.<\/p>\n\n\n\n<p>Conte com as melhores solu\u00e7\u00f5es para o seu <strong>projeto de Arquitetura Corporativa<\/strong>. Chame no <a href=\"https:\/\/api.whatsapp.com\/send?l=pt&amp;phone=5511983276060\" target=\"_blank\" rel=\"noreferrer noopener\"><strong>WhatsApp 11 98327-6060<\/strong><\/a> e saiba como podemos te atender!<\/p>\n","protected":false},"excerpt":{"rendered":"<p>Integrar ambientes internos e externos tem se tornado uma tend\u00eancia significativa na Arquitetura Corporativa. Esse conceito envolve a cria\u00e7\u00e3o de uma continuidade visual e funcional [&hellip;]<\/p>\n","protected":false},"author":3,"featured_media":0,"comment_status":"open","ping_status":"open","sticky":false,"template":"","format":"standard","meta":[],"categories":[7],"tags":[],"yoast_head":"<!-- This site is optimized with the Yoast SEO plugin v20.8 - https:\/\/yoast.com\/wordpress\/plugins\/seo\/ -->\n<title>8 dicas para integrar ambientes internos e externos corporativos<\/title>\n<meta name=\"description\" content=\"Descubra como integrar ambientes internos e externos pode melhorar o desempenho e a sa\u00fade dos colaboradores.\" \/>\n<meta name=\"robots\" content=\"index, follow, max-snippet:-1, max-image-preview:large, max-video-preview:-1\" \/>\n<link rel=\"canonical\" href=\"https:\/\/www.dabusarquitetura.com.br\/blog\/integrar-ambientes-internos-e-externos-empresa\/\" \/>\n<meta property=\"og:locale\" content=\"pt_BR\" \/>\n<meta property=\"og:type\" content=\"article\" \/>\n<meta property=\"og:title\" content=\"8 dicas para integrar ambientes internos e externos corporativos\" \/>\n<meta property=\"og:description\" content=\"Descubra como integrar ambientes internos e externos pode melhorar o desempenho e a sa\u00fade dos colaboradores.\" \/>\n<meta property=\"og:url\" content=\"https:\/\/www.dabusarquitetura.com.br\/blog\/integrar-ambientes-internos-e-externos-empresa\/\" \/>\n<meta property=\"og:site_name\" content=\"DABUS ARQUITETURA\" \/>\n<meta property=\"article:published_time\" content=\"2024-06-17T05:00:00+00:00\" \/>\n<meta property=\"article:modified_time\" content=\"2024-06-11T21:09:53+00:00\" \/>\n<meta property=\"og:image\" content=\"https:\/\/www.dabusarquitetura.com.br\/blog\/wp-content\/uploads\/2024\/06\/integracao-ambientes-internos-externos.jpg\" \/>\n<meta name=\"author\" content=\"heloisa.dabus\" \/>\n<meta name=\"twitter:card\" content=\"summary_large_image\" \/>\n<meta name=\"twitter:label1\" content=\"Escrito por\" \/>\n\t<meta name=\"twitter:data1\" content=\"heloisa.dabus\" \/>\n\t<meta name=\"twitter:label2\" content=\"Est. tempo de leitura\" \/>\n\t<meta name=\"twitter:data2\" content=\"5 minutos\" \/>\n<script type=\"application\/ld+json\" class=\"yoast-schema-graph\">{\"@context\":\"https:\/\/schema.org\",\"@graph\":[{\"@type\":\"WebPage\",\"@id\":\"https:\/\/www.dabusarquitetura.com.br\/blog\/integrar-ambientes-internos-e-externos-empresa\/\",\"url\":\"https:\/\/www.dabusarquitetura.com.br\/blog\/integrar-ambientes-internos-e-externos-empresa\/\",\"name\":\"8 dicas para integrar ambientes internos e externos corporativos\",\"isPartOf\":{\"@id\":\"https:\/\/www.dabusarquitetura.com.br\/blog\/#website\"},\"datePublished\":\"2024-06-17T05:00:00+00:00\",\"dateModified\":\"2024-06-11T21:09:53+00:00\",\"author\":{\"@id\":\"https:\/\/www.dabusarquitetura.com.br\/blog\/#\/schema\/person\/978b78d74759412a1cd43634996237c4\"},\"description\":\"Descubra como integrar ambientes internos e externos pode melhorar o desempenho e a sa\u00fade dos colaboradores.\",\"breadcrumb\":{\"@id\":\"https:\/\/www.dabusarquitetura.com.br\/blog\/integrar-ambientes-internos-e-externos-empresa\/#breadcrumb\"},\"inLanguage\":\"pt-BR\",\"potentialAction\":[{\"@type\":\"ReadAction\",\"target\":[\"https:\/\/www.dabusarquitetura.com.br\/blog\/integrar-ambientes-internos-e-externos-empresa\/\"]}]},{\"@type\":\"BreadcrumbList\",\"@id\":\"https:\/\/www.dabusarquitetura.com.br\/blog\/integrar-ambientes-internos-e-externos-empresa\/#breadcrumb\",\"itemListElement\":[{\"@type\":\"ListItem\",\"position\":1,\"name\":\"In\u00edcio\",\"item\":\"https:\/\/www.dabusarquitetura.com.br\/blog\/\"},{\"@type\":\"ListItem\",\"position\":2,\"name\":\"8 dicas para integrar ambientes internos e externos de uma empresa\"}]},{\"@type\":\"WebSite\",\"@id\":\"https:\/\/www.dabusarquitetura.com.br\/blog\/#website\",\"url\":\"https:\/\/www.dabusarquitetura.com.br\/blog\/\",\"name\":\"DABUS ARQUITETURA\",\"description\":\"Arquitetura Corporativa\",\"potentialAction\":[{\"@type\":\"SearchAction\",\"target\":{\"@type\":\"EntryPoint\",\"urlTemplate\":\"https:\/\/www.dabusarquitetura.com.br\/blog\/?s={search_term_string}\"},\"query-input\":\"required name=search_term_string\"}],\"inLanguage\":\"pt-BR\"},{\"@type\":\"Person\",\"@id\":\"https:\/\/www.dabusarquitetura.com.br\/blog\/#\/schema\/person\/978b78d74759412a1cd43634996237c4\",\"name\":\"heloisa.dabus\",\"image\":{\"@type\":\"ImageObject\",\"inLanguage\":\"pt-BR\",\"@id\":\"https:\/\/www.dabusarquitetura.com.br\/blog\/#\/schema\/person\/image\/\",\"url\":\"https:\/\/secure.gravatar.com\/avatar\/4078f4f8e54fb70a99a5e9edc642ecb1?s=96&d=mm&r=g\",\"contentUrl\":\"https:\/\/secure.gravatar.com\/avatar\/4078f4f8e54fb70a99a5e9edc642ecb1?s=96&d=mm&r=g\",\"caption\":\"heloisa.dabus\"},\"url\":\"https:\/\/www.dabusarquitetura.com.br\/blog\/author\/heloisa-dabus\/\"}]}<\/script>\n<!-- \/ Yoast SEO plugin. -->","yoast_head_json":{"title":"8 dicas para integrar ambientes internos e externos corporativos","description":"Descubra como integrar ambientes internos e externos pode melhorar o desempenho e a sa\u00fade dos colaboradores.","robots":{"index":"index","follow":"follow","max-snippet":"max-snippet:-1","max-image-preview":"max-image-preview:large","max-video-preview":"max-video-preview:-1"},"canonical":"https:\/\/www.dabusarquitetura.com.br\/blog\/integrar-ambientes-internos-e-externos-empresa\/","og_locale":"pt_BR","og_type":"article","og_title":"8 dicas para integrar ambientes internos e externos corporativos","og_description":"Descubra como integrar ambientes internos e externos pode melhorar o desempenho e a sa\u00fade dos colaboradores.","og_url":"https:\/\/www.dabusarquitetura.com.br\/blog\/integrar-ambientes-internos-e-externos-empresa\/","og_site_name":"DABUS ARQUITETURA","article_published_time":"2024-06-17T05:00:00+00:00","article_modified_time":"2024-06-11T21:09:53+00:00","og_image":[{"url":"https:\/\/www.dabusarquitetura.com.br\/blog\/wp-content\/uploads\/2024\/06\/integracao-ambientes-internos-externos.jpg"}],"author":"heloisa.dabus","twitter_card":"summary_large_image","twitter_misc":{"Escrito por":"heloisa.dabus","Est. tempo de leitura":"5 minutos"},"schema":{"@context":"https:\/\/schema.org","@graph":[{"@type":"WebPage","@id":"https:\/\/www.dabusarquitetura.com.br\/blog\/integrar-ambientes-internos-e-externos-empresa\/","url":"https:\/\/www.dabusarquitetura.com.br\/blog\/integrar-ambientes-internos-e-externos-empresa\/","name":"8 dicas para integrar ambientes internos e externos corporativos","isPartOf":{"@id":"https:\/\/www.dabusarquitetura.com.br\/blog\/#website"},"datePublished":"2024-06-17T05:00:00+00:00","dateModified":"2024-06-11T21:09:53+00:00","author":{"@id":"https:\/\/www.dabusarquitetura.com.br\/blog\/#\/schema\/person\/978b78d74759412a1cd43634996237c4"},"description":"Descubra como integrar ambientes internos e externos pode melhorar o desempenho e a sa\u00fade dos colaboradores.","breadcrumb":{"@id":"https:\/\/www.dabusarquitetura.com.br\/blog\/integrar-ambientes-internos-e-externos-empresa\/#breadcrumb"},"inLanguage":"pt-BR","potentialAction":[{"@type":"ReadAction","target":["https:\/\/www.dabusarquitetura.com.br\/blog\/integrar-ambientes-internos-e-externos-empresa\/"]}]},{"@type":"BreadcrumbList","@id":"https:\/\/www.dabusarquitetura.com.br\/blog\/integrar-ambientes-internos-e-externos-empresa\/#breadcrumb","itemListElement":[{"@type":"ListItem","position":1,"name":"In\u00edcio","item":"https:\/\/www.dabusarquitetura.com.br\/blog\/"},{"@type":"ListItem","position":2,"name":"8 dicas para integrar ambientes internos e externos de uma empresa"}]},{"@type":"WebSite","@id":"https:\/\/www.dabusarquitetura.com.br\/blog\/#website","url":"https:\/\/www.dabusarquitetura.com.br\/blog\/","name":"DABUS ARQUITETURA","description":"Arquitetura Corporativa","potentialAction":[{"@type":"SearchAction","target":{"@type":"EntryPoint","urlTemplate":"https:\/\/www.dabusarquitetura.com.br\/blog\/?s={search_term_string}"},"query-input":"required name=search_term_string"}],"inLanguage":"pt-BR"},{"@type":"Person","@id":"https:\/\/www.dabusarquitetura.com.br\/blog\/#\/schema\/person\/978b78d74759412a1cd43634996237c4","name":"heloisa.dabus","image":{"@type":"ImageObject","inLanguage":"pt-BR","@id":"https:\/\/www.dabusarquitetura.com.br\/blog\/#\/schema\/person\/image\/","url":"https:\/\/secure.gravatar.com\/avatar\/4078f4f8e54fb70a99a5e9edc642ecb1?s=96&d=mm&r=g","contentUrl":"https:\/\/secure.gravatar.com\/avatar\/4078f4f8e54fb70a99a5e9edc642ecb1?s=96&d=mm&r=g","caption":"heloisa.dabus"},"url":"https:\/\/www.dabusarquitetura.com.br\/blog\/author\/heloisa-dabus\/"}]}},"_links":{"self":[{"href":"https:\/\/www.dabusarquitetura.com.br\/blog\/wp-json\/wp\/v2\/posts\/17262"}],"collection":[{"href":"https:\/\/www.dabusarquitetura.com.br\/blog\/wp-json\/wp\/v2\/posts"}],"about":[{"href":"https:\/\/www.dabusarquitetura.com.br\/blog\/wp-json\/wp\/v2\/types\/post"}],"author":[{"embeddable":true,"href":"https:\/\/www.dabusarquitetura.com.br\/blog\/wp-json\/wp\/v2\/users\/3"}],"replies":[{"embeddable":true,"href":"https:\/\/www.dabusarquitetura.com.br\/blog\/wp-json\/wp\/v2\/comments?post=17262"}],"version-history":[{"count":5,"href":"https:\/\/www.dabusarquitetura.com.br\/blog\/wp-json\/wp\/v2\/posts\/17262\/revisions"}],"predecessor-version":[{"id":17273,"href":"https:\/\/www.dabusarquitetura.com.br\/blog\/wp-json\/wp\/v2\/posts\/17262\/revisions\/17273"}],"wp:attachment":[{"href":"https:\/\/www.dabusarquitetura.com.br\/blog\/wp-json\/wp\/v2\/media?parent=17262"}],"wp:term":[{"taxonomy":"category","embeddable":true,"href":"https:\/\/www.dabusarquitetura.com.br\/blog\/wp-json\/wp\/v2\/categories?post=17262"},{"taxonomy":"post_tag","embeddable":true,"href":"https:\/\/www.dabusarquitetura.com.br\/blog\/wp-json\/wp\/v2\/tags?post=17262"}],"curies":[{"name":"wp","href":"https:\/\/api.w.org\/{rel}","templated":true}]}}