{"id":17252,"date":"2024-06-03T08:00:00","date_gmt":"2024-06-03T05:00:00","guid":{"rendered":"https:\/\/www.dabusarquitetura.com.br\/blog\/?p=17252"},"modified":"2024-05-30T01:38:41","modified_gmt":"2024-05-29T22:38:41","slug":"o-que-e-padrao-well-building-arquitetura-corporativa","status":"publish","type":"post","link":"https:\/\/www.dabusarquitetura.com.br\/blog\/o-que-e-padrao-well-building-arquitetura-corporativa\/","title":{"rendered":"O que \u00e9 o padr\u00e3o WELL Building e quais seus benef\u00edcios na Arquitetura Corporativa?"},"content":{"rendered":"<div class=\"wp-block-image\">\n<figure class=\"aligncenter size-full\"><img decoding=\"async\" loading=\"lazy\" width=\"834\" height=\"317\" src=\"https:\/\/www.dabusarquitetura.com.br\/blog\/wp-content\/uploads\/2024\/05\/padrao-well-building-arquitetura-corporativa.png\" alt=\"Padr\u00e3o WELL Building\" class=\"wp-image-17253\" title=\"Imagem meramente ilustrativa\" srcset=\"https:\/\/www.dabusarquitetura.com.br\/blog\/wp-content\/uploads\/2024\/05\/padrao-well-building-arquitetura-corporativa.png 834w, https:\/\/www.dabusarquitetura.com.br\/blog\/wp-content\/uploads\/2024\/05\/padrao-well-building-arquitetura-corporativa-300x114.png 300w, https:\/\/www.dabusarquitetura.com.br\/blog\/wp-content\/uploads\/2024\/05\/padrao-well-building-arquitetura-corporativa-768x292.png 768w\" sizes=\"(max-width: 834px) 100vw, 834px\" \/><\/figure><\/div>\n\n\n<p>No cen\u00e1rio atual da <strong>Arquitetura Corporativa<\/strong>, onde a busca por ambientes de trabalho saud\u00e1veis e produtivos \u00e9 constante, o <strong>padr\u00e3o WELL Building<\/strong> emerge como um referencial fundamental. J\u00e1 ouviu falar sobre ele?<\/p>\n\n\n\n<p>Desenvolvido pelo <a href=\"https:\/\/www.wellcertified.com\/about-iwbi\/\" target=\"_blank\" rel=\"noreferrer noopener\">International WELL Building Institute (IWBI)<\/a>, o WELL Building Standard \u00e9 uma certifica\u00e7\u00e3o focada no <strong>impacto dos edif\u00edcios sobre a sa\u00fade e bem-estar<\/strong> dos ocupantes.\u00a0<\/p>\n\n\n\n<p>Mas vamos com calma! A seguir entenderemos mais a fundo como o tema est\u00e1 transformando os espa\u00e7os corporativos e quais os principais benef\u00edcios envolvidos.<\/p>\n\n\n\n<h2 class=\"wp-block-heading\">Entendendo melhor o que \u00e9 o padr\u00e3o WELL Building<\/h2>\n\n\n\n<p>Ent\u00e3o vamos l\u00e1! O WELL Building Standard \u00e9 um sistema de certifica\u00e7\u00e3o que avalia o desempenho dos edif\u00edcios em rela\u00e7\u00e3o \u00e0 sa\u00fade e ao bem-estar dos ocupantes, como j\u00e1 mencionado.<\/p>\n\n\n\n<p>Ao contr\u00e1rio de outras certifica\u00e7\u00f5es que focam principalmente na <a href=\"https:\/\/www.dabusarquitetura.com.br\/blog\/como-sustentabilidade-encarada-organizacoes\/\"><strong>sustentabilidade ambiental<\/strong><\/a>, o WELL coloca as <strong>pessoas no centro do projeto, opera\u00e7\u00e3o e comportamento dos edif\u00edcios<\/strong>. Ele \u00e9 dividido em v\u00e1rias categorias conhecidas como &#8220;conceitos&#8221;. Cada uma aborda diferentes aspectos do bem-estar humano, como:<\/p>\n\n\n\n<ul>\n<li><strong>Ar:<\/strong> qualidade do ar interno, ventila\u00e7\u00e3o adequada e controle de poluentes.<\/li>\n\n\n\n<li><strong>\u00c1gua:<\/strong> qualidade da \u00e1gua pot\u00e1vel e disponibilidade de hidrata\u00e7\u00e3o.<\/li>\n\n\n\n<li><strong>Alimenta\u00e7\u00e3o:<\/strong> acesso a alimentos saud\u00e1veis e promo\u00e7\u00e3o de uma alimenta\u00e7\u00e3o equilibrada.<\/li>\n\n\n\n<li><strong>Ilumina\u00e7\u00e3o:<\/strong> qualidade da ilumina\u00e7\u00e3o, acesso \u00e0 luz natural e regula\u00e7\u00e3o dos ritmos circadianos.<\/li>\n\n\n\n<li><strong>Movimento:<\/strong> incentivo \u00e0 atividade f\u00edsica e design que promovam mobilidade.<\/li>\n\n\n\n<li><strong>Conforto t\u00e9rmico:<\/strong> controle de temperatura e conforto t\u00e9rmico para os ocupantes.<\/li>\n\n\n\n<li><strong>Som:<\/strong> controle de ru\u00eddo e cria\u00e7\u00e3o de ambientes ac\u00fasticos confort\u00e1veis.<\/li>\n\n\n\n<li><strong>Materiais:<\/strong> uso de materiais que n\u00e3o prejudicam a sa\u00fade.<\/li>\n\n\n\n<li><strong>Mente:<\/strong> apoio \u00e0 sa\u00fade mental e bem-estar emocional.<\/li>\n\n\n\n<li><strong>Comunidade:<\/strong> cria\u00e7\u00e3o de espa\u00e7os que promovam a intera\u00e7\u00e3o social e a inclus\u00e3o.<\/li>\n<\/ul>\n\n\n\n<h3 class=\"wp-block-heading\">Mas quais s\u00e3o os benef\u00edcios do WELL Building para as empresas?<\/h3>\n\n\n\n<p>Compreender esses benef\u00edcios \u00e9 importante para<strong> avaliar o impacto positivo<\/strong> que o padr\u00e3o pode ter no ambiente de trabalho e nos resultados corporativos. A seguir est\u00e3o alguns dos principais fatores:<\/p>\n\n\n\n<ul>\n<li><strong>Melhoria da sa\u00fade e bem-estar:<\/strong> edif\u00edcios que seguem o padr\u00e3o WELL s\u00e3o projetados para melhorar a sa\u00fade f\u00edsica e mental dos ocupantes, promovendo um espa\u00e7o profissional mais saud\u00e1vel e feliz.<\/li>\n<\/ul>\n\n\n\n<ul>\n<li><strong>Aumento da produtividade:<\/strong> funcion\u00e1rios que trabalham em ambientes saud\u00e1veis e confort\u00e1veis tendem a ser mais produtivos e engajados. Assim, \u00e9 poss\u00edvel ter uma redu\u00e7\u00e3o das taxas de absente\u00edsmo e melhora da efici\u00eancia.<\/li>\n<\/ul>\n\n\n\n<ul>\n<li><strong>Reten\u00e7\u00e3o de talentos:<\/strong> locais que priorizam o bem-estar podem <a href=\"https:\/\/www.dabusarquitetura.com.br\/blog\/atracao-retencao-talentos-ambiente-trabalho\/\"><strong>atrair e reter talentos<\/strong><\/a>, criando uma vantagem competitiva importante para as empresas.<\/li>\n<\/ul>\n\n\n\n<ul>\n<li><strong>Redu\u00e7\u00e3o de custos com sa\u00fade:<\/strong> ao promover cuidados com a integridade dos funcion\u00e1rios, as organiza\u00e7\u00f5es podem reduzir custos associados a problemas de sa\u00fade e tratamentos m\u00e9dicos.<\/li>\n<\/ul>\n\n\n\n<ul>\n<li><strong>Imagem corporativa positiva:<\/strong> companhias que adotam o padr\u00e3o WELL demonstram compromisso com a sustentabilidade e responsabilidade social. Desse modo, constroem uma imagem com mais credibilidade no mercado atual.<\/li>\n<\/ul>\n\n\n\n<h3 class=\"wp-block-heading\">Como implementar o padr\u00e3o WELL na Arquitetura Corporativa?<\/h3>\n\n\n\n<p>Para garantir o sucesso dessa implementa\u00e7\u00e3o \u00e9 crucial seguir um <strong>processo estruturado e abrangente,<\/strong> contemplando medidas como as que relacionamos abaixo:<\/p>\n\n\n\n<ul>\n<li><strong>Avalia\u00e7\u00e3o inicial:<\/strong> an\u00e1lise das condi\u00e7\u00f5es atuais do edif\u00edcio em rela\u00e7\u00e3o aos crit\u00e9rios do WELL.<\/li>\n<\/ul>\n\n\n\n<ul>\n<li><strong>Planejamento e design:<\/strong> incorpora\u00e7\u00e3o dos princ\u00edpios do WELL no design do projeto, priorizando os conceitos de sa\u00fade e bem-estar.<\/li>\n<\/ul>\n\n\n\n<ul>\n<li><strong>Implementa\u00e7\u00e3o:<\/strong> uso de pr\u00e1ticas e tecnologias que atendem aos requisitos do WELL, como sistemas avan\u00e7ados de ventila\u00e7\u00e3o, ilumina\u00e7\u00e3o circadiana e espa\u00e7os de lazer.<\/li>\n<\/ul>\n\n\n\n<p>O padr\u00e3o WELL Building tem aprimorado a forma como pensamos os espa\u00e7os corporativos. Ao adotar seus princ\u00edpios, as empresas podem criar ambientes que n\u00e3o s\u00f3 melhoram a qualidade de vida dos funcion\u00e1rios, mas tamb\u00e9m <strong>impulsionam a produtividade e a satisfa\u00e7\u00e3o<\/strong>.<\/p>\n\n\n\n<p>Quer contar com as melhores pr\u00e1ticas e solu\u00e7\u00f5es para o seu <strong>projeto de Arquitetura Corporativa<\/strong>? Ent\u00e3o, fale com a gente pelo <a href=\"https:\/\/api.whatsapp.com\/send?l=pt&amp;phone=5511983276060\" target=\"_blank\" rel=\"noreferrer noopener\"><strong>WhatsApp 11 98327-6060<\/strong><\/a>.<\/p>\n","protected":false},"excerpt":{"rendered":"<p>No cen\u00e1rio atual da Arquitetura Corporativa, onde a busca por ambientes de trabalho saud\u00e1veis e produtivos \u00e9 constante, o padr\u00e3o WELL Building emerge como um [&hellip;]<\/p>\n","protected":false},"author":3,"featured_media":0,"comment_status":"open","ping_status":"open","sticky":false,"template":"","format":"standard","meta":[],"categories":[7,1],"tags":[],"yoast_head":"<!-- This site is optimized with the Yoast SEO plugin v20.8 - https:\/\/yoast.com\/wordpress\/plugins\/seo\/ -->\n<title>O que \u00e9 o padr\u00e3o WELL Building na Arquitetura Corporativa?<\/title>\n<meta name=\"description\" content=\"Entenda como o WELL Building melhora a sa\u00fade, bem-estar e produtividade dos ocupantes, ao mesmo tempo em que promove sustentabilidade.\" \/>\n<meta name=\"robots\" content=\"index, follow, max-snippet:-1, max-image-preview:large, max-video-preview:-1\" \/>\n<link rel=\"canonical\" href=\"https:\/\/www.dabusarquitetura.com.br\/blog\/o-que-e-padrao-well-building-arquitetura-corporativa\/\" \/>\n<meta property=\"og:locale\" content=\"pt_BR\" \/>\n<meta property=\"og:type\" content=\"article\" \/>\n<meta property=\"og:title\" content=\"O que \u00e9 o padr\u00e3o WELL Building na Arquitetura Corporativa?\" \/>\n<meta property=\"og:description\" content=\"Entenda como o WELL Building melhora a sa\u00fade, bem-estar e produtividade dos ocupantes, ao mesmo tempo em que promove sustentabilidade.\" \/>\n<meta property=\"og:url\" content=\"https:\/\/www.dabusarquitetura.com.br\/blog\/o-que-e-padrao-well-building-arquitetura-corporativa\/\" \/>\n<meta property=\"og:site_name\" content=\"DABUS ARQUITETURA\" \/>\n<meta property=\"article:published_time\" content=\"2024-06-03T05:00:00+00:00\" \/>\n<meta property=\"article:modified_time\" content=\"2024-05-29T22:38:41+00:00\" \/>\n<meta property=\"og:image\" content=\"https:\/\/www.dabusarquitetura.com.br\/blog\/wp-content\/uploads\/2024\/05\/padrao-well-building-arquitetura-corporativa.png\" \/>\n<meta name=\"author\" content=\"heloisa.dabus\" \/>\n<meta name=\"twitter:card\" content=\"summary_large_image\" \/>\n<meta name=\"twitter:label1\" content=\"Escrito por\" \/>\n\t<meta name=\"twitter:data1\" content=\"heloisa.dabus\" \/>\n\t<meta name=\"twitter:label2\" content=\"Est. tempo de leitura\" \/>\n\t<meta name=\"twitter:data2\" content=\"4 minutos\" \/>\n<script type=\"application\/ld+json\" class=\"yoast-schema-graph\">{\"@context\":\"https:\/\/schema.org\",\"@graph\":[{\"@type\":\"WebPage\",\"@id\":\"https:\/\/www.dabusarquitetura.com.br\/blog\/o-que-e-padrao-well-building-arquitetura-corporativa\/\",\"url\":\"https:\/\/www.dabusarquitetura.com.br\/blog\/o-que-e-padrao-well-building-arquitetura-corporativa\/\",\"name\":\"O que \u00e9 o padr\u00e3o WELL Building na Arquitetura Corporativa?\",\"isPartOf\":{\"@id\":\"https:\/\/www.dabusarquitetura.com.br\/blog\/#website\"},\"datePublished\":\"2024-06-03T05:00:00+00:00\",\"dateModified\":\"2024-05-29T22:38:41+00:00\",\"author\":{\"@id\":\"https:\/\/www.dabusarquitetura.com.br\/blog\/#\/schema\/person\/978b78d74759412a1cd43634996237c4\"},\"description\":\"Entenda como o WELL Building melhora a sa\u00fade, bem-estar e produtividade dos ocupantes, ao mesmo tempo em que promove sustentabilidade.\",\"breadcrumb\":{\"@id\":\"https:\/\/www.dabusarquitetura.com.br\/blog\/o-que-e-padrao-well-building-arquitetura-corporativa\/#breadcrumb\"},\"inLanguage\":\"pt-BR\",\"potentialAction\":[{\"@type\":\"ReadAction\",\"target\":[\"https:\/\/www.dabusarquitetura.com.br\/blog\/o-que-e-padrao-well-building-arquitetura-corporativa\/\"]}]},{\"@type\":\"BreadcrumbList\",\"@id\":\"https:\/\/www.dabusarquitetura.com.br\/blog\/o-que-e-padrao-well-building-arquitetura-corporativa\/#breadcrumb\",\"itemListElement\":[{\"@type\":\"ListItem\",\"position\":1,\"name\":\"In\u00edcio\",\"item\":\"https:\/\/www.dabusarquitetura.com.br\/blog\/\"},{\"@type\":\"ListItem\",\"position\":2,\"name\":\"O que \u00e9 o padr\u00e3o WELL Building e quais seus benef\u00edcios na Arquitetura Corporativa?\"}]},{\"@type\":\"WebSite\",\"@id\":\"https:\/\/www.dabusarquitetura.com.br\/blog\/#website\",\"url\":\"https:\/\/www.dabusarquitetura.com.br\/blog\/\",\"name\":\"DABUS ARQUITETURA\",\"description\":\"Arquitetura Corporativa\",\"potentialAction\":[{\"@type\":\"SearchAction\",\"target\":{\"@type\":\"EntryPoint\",\"urlTemplate\":\"https:\/\/www.dabusarquitetura.com.br\/blog\/?s={search_term_string}\"},\"query-input\":\"required name=search_term_string\"}],\"inLanguage\":\"pt-BR\"},{\"@type\":\"Person\",\"@id\":\"https:\/\/www.dabusarquitetura.com.br\/blog\/#\/schema\/person\/978b78d74759412a1cd43634996237c4\",\"name\":\"heloisa.dabus\",\"image\":{\"@type\":\"ImageObject\",\"inLanguage\":\"pt-BR\",\"@id\":\"https:\/\/www.dabusarquitetura.com.br\/blog\/#\/schema\/person\/image\/\",\"url\":\"https:\/\/secure.gravatar.com\/avatar\/4078f4f8e54fb70a99a5e9edc642ecb1?s=96&d=mm&r=g\",\"contentUrl\":\"https:\/\/secure.gravatar.com\/avatar\/4078f4f8e54fb70a99a5e9edc642ecb1?s=96&d=mm&r=g\",\"caption\":\"heloisa.dabus\"},\"url\":\"https:\/\/www.dabusarquitetura.com.br\/blog\/author\/heloisa-dabus\/\"}]}<\/script>\n<!-- \/ Yoast SEO plugin. -->","yoast_head_json":{"title":"O que \u00e9 o padr\u00e3o WELL Building na Arquitetura Corporativa?","description":"Entenda como o WELL Building melhora a sa\u00fade, bem-estar e produtividade dos ocupantes, ao mesmo tempo em que promove sustentabilidade.","robots":{"index":"index","follow":"follow","max-snippet":"max-snippet:-1","max-image-preview":"max-image-preview:large","max-video-preview":"max-video-preview:-1"},"canonical":"https:\/\/www.dabusarquitetura.com.br\/blog\/o-que-e-padrao-well-building-arquitetura-corporativa\/","og_locale":"pt_BR","og_type":"article","og_title":"O que \u00e9 o padr\u00e3o WELL Building na Arquitetura Corporativa?","og_description":"Entenda como o WELL Building melhora a sa\u00fade, bem-estar e produtividade dos ocupantes, ao mesmo tempo em que promove sustentabilidade.","og_url":"https:\/\/www.dabusarquitetura.com.br\/blog\/o-que-e-padrao-well-building-arquitetura-corporativa\/","og_site_name":"DABUS ARQUITETURA","article_published_time":"2024-06-03T05:00:00+00:00","article_modified_time":"2024-05-29T22:38:41+00:00","og_image":[{"url":"https:\/\/www.dabusarquitetura.com.br\/blog\/wp-content\/uploads\/2024\/05\/padrao-well-building-arquitetura-corporativa.png"}],"author":"heloisa.dabus","twitter_card":"summary_large_image","twitter_misc":{"Escrito por":"heloisa.dabus","Est. tempo de leitura":"4 minutos"},"schema":{"@context":"https:\/\/schema.org","@graph":[{"@type":"WebPage","@id":"https:\/\/www.dabusarquitetura.com.br\/blog\/o-que-e-padrao-well-building-arquitetura-corporativa\/","url":"https:\/\/www.dabusarquitetura.com.br\/blog\/o-que-e-padrao-well-building-arquitetura-corporativa\/","name":"O que \u00e9 o padr\u00e3o WELL Building na Arquitetura Corporativa?","isPartOf":{"@id":"https:\/\/www.dabusarquitetura.com.br\/blog\/#website"},"datePublished":"2024-06-03T05:00:00+00:00","dateModified":"2024-05-29T22:38:41+00:00","author":{"@id":"https:\/\/www.dabusarquitetura.com.br\/blog\/#\/schema\/person\/978b78d74759412a1cd43634996237c4"},"description":"Entenda como o WELL Building melhora a sa\u00fade, bem-estar e produtividade dos ocupantes, ao mesmo tempo em que promove sustentabilidade.","breadcrumb":{"@id":"https:\/\/www.dabusarquitetura.com.br\/blog\/o-que-e-padrao-well-building-arquitetura-corporativa\/#breadcrumb"},"inLanguage":"pt-BR","potentialAction":[{"@type":"ReadAction","target":["https:\/\/www.dabusarquitetura.com.br\/blog\/o-que-e-padrao-well-building-arquitetura-corporativa\/"]}]},{"@type":"BreadcrumbList","@id":"https:\/\/www.dabusarquitetura.com.br\/blog\/o-que-e-padrao-well-building-arquitetura-corporativa\/#breadcrumb","itemListElement":[{"@type":"ListItem","position":1,"name":"In\u00edcio","item":"https:\/\/www.dabusarquitetura.com.br\/blog\/"},{"@type":"ListItem","position":2,"name":"O que \u00e9 o padr\u00e3o WELL Building e quais seus benef\u00edcios na Arquitetura Corporativa?"}]},{"@type":"WebSite","@id":"https:\/\/www.dabusarquitetura.com.br\/blog\/#website","url":"https:\/\/www.dabusarquitetura.com.br\/blog\/","name":"DABUS ARQUITETURA","description":"Arquitetura Corporativa","potentialAction":[{"@type":"SearchAction","target":{"@type":"EntryPoint","urlTemplate":"https:\/\/www.dabusarquitetura.com.br\/blog\/?s={search_term_string}"},"query-input":"required name=search_term_string"}],"inLanguage":"pt-BR"},{"@type":"Person","@id":"https:\/\/www.dabusarquitetura.com.br\/blog\/#\/schema\/person\/978b78d74759412a1cd43634996237c4","name":"heloisa.dabus","image":{"@type":"ImageObject","inLanguage":"pt-BR","@id":"https:\/\/www.dabusarquitetura.com.br\/blog\/#\/schema\/person\/image\/","url":"https:\/\/secure.gravatar.com\/avatar\/4078f4f8e54fb70a99a5e9edc642ecb1?s=96&d=mm&r=g","contentUrl":"https:\/\/secure.gravatar.com\/avatar\/4078f4f8e54fb70a99a5e9edc642ecb1?s=96&d=mm&r=g","caption":"heloisa.dabus"},"url":"https:\/\/www.dabusarquitetura.com.br\/blog\/author\/heloisa-dabus\/"}]}},"_links":{"self":[{"href":"https:\/\/www.dabusarquitetura.com.br\/blog\/wp-json\/wp\/v2\/posts\/17252"}],"collection":[{"href":"https:\/\/www.dabusarquitetura.com.br\/blog\/wp-json\/wp\/v2\/posts"}],"about":[{"href":"https:\/\/www.dabusarquitetura.com.br\/blog\/wp-json\/wp\/v2\/types\/post"}],"author":[{"embeddable":true,"href":"https:\/\/www.dabusarquitetura.com.br\/blog\/wp-json\/wp\/v2\/users\/3"}],"replies":[{"embeddable":true,"href":"https:\/\/www.dabusarquitetura.com.br\/blog\/wp-json\/wp\/v2\/comments?post=17252"}],"version-history":[{"count":3,"href":"https:\/\/www.dabusarquitetura.com.br\/blog\/wp-json\/wp\/v2\/posts\/17252\/revisions"}],"predecessor-version":[{"id":17261,"href":"https:\/\/www.dabusarquitetura.com.br\/blog\/wp-json\/wp\/v2\/posts\/17252\/revisions\/17261"}],"wp:attachment":[{"href":"https:\/\/www.dabusarquitetura.com.br\/blog\/wp-json\/wp\/v2\/media?parent=17252"}],"wp:term":[{"taxonomy":"category","embeddable":true,"href":"https:\/\/www.dabusarquitetura.com.br\/blog\/wp-json\/wp\/v2\/categories?post=17252"},{"taxonomy":"post_tag","embeddable":true,"href":"https:\/\/www.dabusarquitetura.com.br\/blog\/wp-json\/wp\/v2\/tags?post=17252"}],"curies":[{"name":"wp","href":"https:\/\/api.w.org\/{rel}","templated":true}]}}