{"id":17223,"date":"2024-05-06T08:00:00","date_gmt":"2024-05-06T05:00:00","guid":{"rendered":"https:\/\/www.dabusarquitetura.com.br\/blog\/?p=17223"},"modified":"2024-04-27T19:35:54","modified_gmt":"2024-04-27T16:35:54","slug":"quando-adotar-cabines-de-trabalho","status":"publish","type":"post","link":"https:\/\/www.dabusarquitetura.com.br\/blog\/quando-adotar-cabines-de-trabalho\/","title":{"rendered":"Quando e porque adotar cabines de trabalho em seu escrit\u00f3rio"},"content":{"rendered":"<div class=\"wp-block-image\">\n<figure class=\"aligncenter size-full\"><img decoding=\"async\" loading=\"lazy\" width=\"834\" height=\"317\" src=\"https:\/\/www.dabusarquitetura.com.br\/blog\/wp-content\/uploads\/2024\/04\/cabines-trabalho-escritorio.png\" alt=\"Cabines de trabalho no escrit\u00f3rio\" class=\"wp-image-17225\" title=\"Projeto DABUS ARQUITETURA\" srcset=\"https:\/\/www.dabusarquitetura.com.br\/blog\/wp-content\/uploads\/2024\/04\/cabines-trabalho-escritorio.png 834w, https:\/\/www.dabusarquitetura.com.br\/blog\/wp-content\/uploads\/2024\/04\/cabines-trabalho-escritorio-300x114.png 300w, https:\/\/www.dabusarquitetura.com.br\/blog\/wp-content\/uploads\/2024\/04\/cabines-trabalho-escritorio-768x292.png 768w\" sizes=\"(max-width: 834px) 100vw, 834px\" \/><figcaption class=\"wp-element-caption\">Projeto da DABUS ARQUITETURA para a Vivest.<\/figcaption><\/figure><\/div>\n\n\n<p>A forma como organizamos o espa\u00e7o corporativo pode desempenhar um papel crucial no sucesso do neg\u00f3cio. Uma op\u00e7\u00e3o interessante, nesse sentido, s\u00e3o as <strong>cabines de trabalho<\/strong>. J\u00e1 viu em algum lugar? Ser\u00e1 que s\u00e3o interessantes em seu escrit\u00f3rio?<\/p>\n\n\n\n<p>Bem, essas estruturas compactas oferecem uma solu\u00e7\u00e3o eficaz para uma variedade de necessidades. Ou seja, v\u00e3o desde aumentar a concentra\u00e7\u00e3o dos funcion\u00e1rios, permitir reuni\u00f5es, at\u00e9 proporcionar privacidade em ambientes compartilhados.<\/p>\n\n\n\n<p>Mas vamos com calma! No post de hoje entenderemos melhor porque as cabines de trabalho podem ser uma adi\u00e7\u00e3o valiosa em seu ambiente.<\/p>\n\n\n\n<h2 class=\"wp-block-heading\">Afinal, quando as cabines de trabalho s\u00e3o bem-vindas?<\/h2>\n\n\n\n<p>Essa op\u00e7\u00e3o pode ser interessante para atender a necessidades como:<\/p>\n\n\n\n<h3 class=\"wp-block-heading\">Concentra\u00e7\u00e3o intensiva<\/h3>\n\n\n\n<p>Situa\u00e7\u00f5es que exigem foco intenso e concentra\u00e7\u00e3o se beneficiam muito das cabines de trabalho. Portanto, estamos falando aqui de tarefas como an\u00e1lise de dados, reda\u00e7\u00e3o de relat\u00f3rios e desenvolvimento de projetos. Tais responsabilidades s\u00e3o realizadas com maior efici\u00eancia em um <strong>ambiente livre de distra\u00e7\u00f5es<\/strong>.<\/p>\n\n\n\n<h3 class=\"wp-block-heading\">Reuni\u00f5es privadas<\/h3>\n\n\n\n<p>As cabines oferecem um espa\u00e7o discreto para realizar reuni\u00f5es individuais ou pequenas reuni\u00f5es de equipe. Portanto, isso \u00e9 especialmente \u00fatil quando s\u00e3o discutidas <strong>quest\u00f5es sens\u00edveis ou estrat\u00e9gicas<\/strong> que exigem confidencialidade.<\/p>\n\n\n\n<h3 class=\"wp-block-heading\">Chamadas telef\u00f4nicas e videoconfer\u00eancias<\/h3>\n\n\n\n<p>Para <strong>evitar interrup\u00e7\u00f5es e garantir privacidade<\/strong> durante chamadas telef\u00f4nicas ou videoconfer\u00eancias, as cabines s\u00e3o ideais. Afinal, elas permitem que os funcion\u00e1rios se comuniquem com clientes, parceiros ou colegas sem se preocuparem com o barulho ao redor.<\/p>\n\n\n\n<h2 class=\"wp-block-heading\">Vantagens das cabines de trabalho<\/h2>\n\n\n\n<p>Olhando de modo mais aproximado para os benef\u00edcios proporcionados, podemos relacionar:<\/p>\n\n\n\n<h3 class=\"wp-block-heading\">Privacidade e concentra\u00e7\u00e3o<\/h3>\n\n\n\n<p>As cabines oferecem um espa\u00e7o privado onde os funcion\u00e1rios podem se concentrar em suas tarefas sem interfer\u00eancias externas. Assim, \u00e9 poss\u00edvel ter <strong>aumento da produtividade e da qualidade do trabalho<\/strong> realizado.<\/p>\n\n\n\n<h3 class=\"wp-block-heading\">Flexibilidade<\/h3>\n\n\n\n<p>Alguns modelos de cabines s\u00e3o <strong>m\u00f3veis e modulares<\/strong>, o que significa que podem ser facilmente configurados para se adaptar \u00e0s necessidades em constante mudan\u00e7a do escrit\u00f3rio. Desse modo, esses modelos proporcionam mais <a href=\"https:\/\/www.dabusarquitetura.com.br\/blog\/escritorio-agil-arquitetura-ajuda\/\"><strong>flexibilidade no layout do espa\u00e7o de trabalho<\/strong><\/a>.<\/p>\n\n\n\n<h3 class=\"wp-block-heading\">Redu\u00e7\u00e3o do ru\u00eddo<\/h3>\n\n\n\n<p>Em <a href=\"https:\/\/www.dabusarquitetura.com.br\/blog\/integracao-de-ambientes-projeto-scatec\/\"><strong>ambientes de trabalho abertos<\/strong><\/a>, o ru\u00eddo pode ser uma distra\u00e7\u00e3o significativa. Contudo, as cabines ajudam a minimizar o barulho, criando zonas tranquilas onde os usu\u00e1rios podem se concentrar melhor em suas tarefas.<\/p>\n\n\n\n<h2 class=\"wp-block-heading\">Integra\u00e7\u00e3o das cabines no layout do espa\u00e7o<\/h2>\n\n\n\n<p>As cabines de trabalho devem ser integradas harmoniosamente ao layout geral do escrit\u00f3rio, levando em considera\u00e7\u00e3o <strong>a est\u00e9tica, a funcionalidade e o fluxo de trabalho<\/strong>. Elas podem ser posicionadas estrategicamente para criar zonas de atividades concentradas, espa\u00e7os de reuni\u00e3o privados ou \u00e1reas de descanso silenciosas.<\/p>\n\n\n\n<p>Ao projetar o layout do espa\u00e7o, \u00e9 importante considerar a localiza\u00e7\u00e3o das cabines para garantir que elas <strong>maximizem sua utilidade<\/strong> e contribuam para um <strong>ambiente de trabalho produtivo e acolhedor<\/strong>.<\/p>\n\n\n\n<p>Conhe\u00e7a as solu\u00e7\u00f5es de <strong>Arquitetura Corporativa <\/strong>mais adequadas para a sua empresa. Ent\u00e3o, chame no <a href=\"https:\/\/api.whatsapp.com\/send?l=pt&amp;phone=5511983276060\" target=\"_blank\" rel=\"noreferrer noopener\"><strong>WhatsApp 98327-6060<\/strong><\/a> e saiba como podemos lhe atender!<\/p>\n","protected":false},"excerpt":{"rendered":"<p>A forma como organizamos o espa\u00e7o corporativo pode desempenhar um papel crucial no sucesso do neg\u00f3cio. Uma op\u00e7\u00e3o interessante, nesse sentido, s\u00e3o as cabines de [&hellip;]<\/p>\n","protected":false},"author":3,"featured_media":0,"comment_status":"open","ping_status":"open","sticky":false,"template":"","format":"standard","meta":[],"categories":[7],"tags":[],"yoast_head":"<!-- This site is optimized with the Yoast SEO plugin v20.8 - https:\/\/yoast.com\/wordpress\/plugins\/seo\/ -->\n<title>Quando e porque adotar cabines de trabalho em seu escrit\u00f3rio<\/title>\n<meta name=\"description\" content=\"Voc\u00ea sabe quais as fun\u00e7\u00f5es das cabines de trabalho corporativas? Conhe\u00e7a suas vantagens e entenda quando s\u00e3o indicadas!\" \/>\n<meta name=\"robots\" content=\"index, follow, max-snippet:-1, max-image-preview:large, max-video-preview:-1\" \/>\n<link rel=\"canonical\" href=\"https:\/\/www.dabusarquitetura.com.br\/blog\/quando-adotar-cabines-de-trabalho\/\" \/>\n<meta property=\"og:locale\" content=\"pt_BR\" \/>\n<meta property=\"og:type\" content=\"article\" \/>\n<meta property=\"og:title\" content=\"Quando e porque adotar cabines de trabalho em seu escrit\u00f3rio\" \/>\n<meta property=\"og:description\" content=\"Voc\u00ea sabe quais as fun\u00e7\u00f5es das cabines de trabalho corporativas? Conhe\u00e7a suas vantagens e entenda quando s\u00e3o indicadas!\" \/>\n<meta property=\"og:url\" content=\"https:\/\/www.dabusarquitetura.com.br\/blog\/quando-adotar-cabines-de-trabalho\/\" \/>\n<meta property=\"og:site_name\" content=\"DABUS ARQUITETURA\" \/>\n<meta property=\"article:published_time\" content=\"2024-05-06T05:00:00+00:00\" \/>\n<meta property=\"article:modified_time\" content=\"2024-04-27T16:35:54+00:00\" \/>\n<meta property=\"og:image\" content=\"https:\/\/www.dabusarquitetura.com.br\/blog\/wp-content\/uploads\/2024\/04\/cabines-trabalho-escritorio.png\" \/>\n<meta name=\"author\" content=\"heloisa.dabus\" \/>\n<meta name=\"twitter:card\" content=\"summary_large_image\" \/>\n<meta name=\"twitter:label1\" content=\"Escrito por\" \/>\n\t<meta name=\"twitter:data1\" content=\"heloisa.dabus\" \/>\n\t<meta name=\"twitter:label2\" content=\"Est. tempo de leitura\" \/>\n\t<meta name=\"twitter:data2\" content=\"3 minutos\" \/>\n<script type=\"application\/ld+json\" class=\"yoast-schema-graph\">{\"@context\":\"https:\/\/schema.org\",\"@graph\":[{\"@type\":\"WebPage\",\"@id\":\"https:\/\/www.dabusarquitetura.com.br\/blog\/quando-adotar-cabines-de-trabalho\/\",\"url\":\"https:\/\/www.dabusarquitetura.com.br\/blog\/quando-adotar-cabines-de-trabalho\/\",\"name\":\"Quando e porque adotar cabines de trabalho em seu escrit\u00f3rio\",\"isPartOf\":{\"@id\":\"https:\/\/www.dabusarquitetura.com.br\/blog\/#website\"},\"datePublished\":\"2024-05-06T05:00:00+00:00\",\"dateModified\":\"2024-04-27T16:35:54+00:00\",\"author\":{\"@id\":\"https:\/\/www.dabusarquitetura.com.br\/blog\/#\/schema\/person\/978b78d74759412a1cd43634996237c4\"},\"description\":\"Voc\u00ea sabe quais as fun\u00e7\u00f5es das cabines de trabalho corporativas? Conhe\u00e7a suas vantagens e entenda quando s\u00e3o indicadas!\",\"breadcrumb\":{\"@id\":\"https:\/\/www.dabusarquitetura.com.br\/blog\/quando-adotar-cabines-de-trabalho\/#breadcrumb\"},\"inLanguage\":\"pt-BR\",\"potentialAction\":[{\"@type\":\"ReadAction\",\"target\":[\"https:\/\/www.dabusarquitetura.com.br\/blog\/quando-adotar-cabines-de-trabalho\/\"]}]},{\"@type\":\"BreadcrumbList\",\"@id\":\"https:\/\/www.dabusarquitetura.com.br\/blog\/quando-adotar-cabines-de-trabalho\/#breadcrumb\",\"itemListElement\":[{\"@type\":\"ListItem\",\"position\":1,\"name\":\"In\u00edcio\",\"item\":\"https:\/\/www.dabusarquitetura.com.br\/blog\/\"},{\"@type\":\"ListItem\",\"position\":2,\"name\":\"Quando e porque adotar cabines de trabalho em seu escrit\u00f3rio\"}]},{\"@type\":\"WebSite\",\"@id\":\"https:\/\/www.dabusarquitetura.com.br\/blog\/#website\",\"url\":\"https:\/\/www.dabusarquitetura.com.br\/blog\/\",\"name\":\"DABUS ARQUITETURA\",\"description\":\"Arquitetura Corporativa\",\"potentialAction\":[{\"@type\":\"SearchAction\",\"target\":{\"@type\":\"EntryPoint\",\"urlTemplate\":\"https:\/\/www.dabusarquitetura.com.br\/blog\/?s={search_term_string}\"},\"query-input\":\"required name=search_term_string\"}],\"inLanguage\":\"pt-BR\"},{\"@type\":\"Person\",\"@id\":\"https:\/\/www.dabusarquitetura.com.br\/blog\/#\/schema\/person\/978b78d74759412a1cd43634996237c4\",\"name\":\"heloisa.dabus\",\"image\":{\"@type\":\"ImageObject\",\"inLanguage\":\"pt-BR\",\"@id\":\"https:\/\/www.dabusarquitetura.com.br\/blog\/#\/schema\/person\/image\/\",\"url\":\"https:\/\/secure.gravatar.com\/avatar\/4078f4f8e54fb70a99a5e9edc642ecb1?s=96&d=mm&r=g\",\"contentUrl\":\"https:\/\/secure.gravatar.com\/avatar\/4078f4f8e54fb70a99a5e9edc642ecb1?s=96&d=mm&r=g\",\"caption\":\"heloisa.dabus\"},\"url\":\"https:\/\/www.dabusarquitetura.com.br\/blog\/author\/heloisa-dabus\/\"}]}<\/script>\n<!-- \/ Yoast SEO plugin. -->","yoast_head_json":{"title":"Quando e porque adotar cabines de trabalho em seu escrit\u00f3rio","description":"Voc\u00ea sabe quais as fun\u00e7\u00f5es das cabines de trabalho corporativas? Conhe\u00e7a suas vantagens e entenda quando s\u00e3o indicadas!","robots":{"index":"index","follow":"follow","max-snippet":"max-snippet:-1","max-image-preview":"max-image-preview:large","max-video-preview":"max-video-preview:-1"},"canonical":"https:\/\/www.dabusarquitetura.com.br\/blog\/quando-adotar-cabines-de-trabalho\/","og_locale":"pt_BR","og_type":"article","og_title":"Quando e porque adotar cabines de trabalho em seu escrit\u00f3rio","og_description":"Voc\u00ea sabe quais as fun\u00e7\u00f5es das cabines de trabalho corporativas? Conhe\u00e7a suas vantagens e entenda quando s\u00e3o indicadas!","og_url":"https:\/\/www.dabusarquitetura.com.br\/blog\/quando-adotar-cabines-de-trabalho\/","og_site_name":"DABUS ARQUITETURA","article_published_time":"2024-05-06T05:00:00+00:00","article_modified_time":"2024-04-27T16:35:54+00:00","og_image":[{"url":"https:\/\/www.dabusarquitetura.com.br\/blog\/wp-content\/uploads\/2024\/04\/cabines-trabalho-escritorio.png"}],"author":"heloisa.dabus","twitter_card":"summary_large_image","twitter_misc":{"Escrito por":"heloisa.dabus","Est. tempo de leitura":"3 minutos"},"schema":{"@context":"https:\/\/schema.org","@graph":[{"@type":"WebPage","@id":"https:\/\/www.dabusarquitetura.com.br\/blog\/quando-adotar-cabines-de-trabalho\/","url":"https:\/\/www.dabusarquitetura.com.br\/blog\/quando-adotar-cabines-de-trabalho\/","name":"Quando e porque adotar cabines de trabalho em seu escrit\u00f3rio","isPartOf":{"@id":"https:\/\/www.dabusarquitetura.com.br\/blog\/#website"},"datePublished":"2024-05-06T05:00:00+00:00","dateModified":"2024-04-27T16:35:54+00:00","author":{"@id":"https:\/\/www.dabusarquitetura.com.br\/blog\/#\/schema\/person\/978b78d74759412a1cd43634996237c4"},"description":"Voc\u00ea sabe quais as fun\u00e7\u00f5es das cabines de trabalho corporativas? Conhe\u00e7a suas vantagens e entenda quando s\u00e3o indicadas!","breadcrumb":{"@id":"https:\/\/www.dabusarquitetura.com.br\/blog\/quando-adotar-cabines-de-trabalho\/#breadcrumb"},"inLanguage":"pt-BR","potentialAction":[{"@type":"ReadAction","target":["https:\/\/www.dabusarquitetura.com.br\/blog\/quando-adotar-cabines-de-trabalho\/"]}]},{"@type":"BreadcrumbList","@id":"https:\/\/www.dabusarquitetura.com.br\/blog\/quando-adotar-cabines-de-trabalho\/#breadcrumb","itemListElement":[{"@type":"ListItem","position":1,"name":"In\u00edcio","item":"https:\/\/www.dabusarquitetura.com.br\/blog\/"},{"@type":"ListItem","position":2,"name":"Quando e porque adotar cabines de trabalho em seu escrit\u00f3rio"}]},{"@type":"WebSite","@id":"https:\/\/www.dabusarquitetura.com.br\/blog\/#website","url":"https:\/\/www.dabusarquitetura.com.br\/blog\/","name":"DABUS ARQUITETURA","description":"Arquitetura Corporativa","potentialAction":[{"@type":"SearchAction","target":{"@type":"EntryPoint","urlTemplate":"https:\/\/www.dabusarquitetura.com.br\/blog\/?s={search_term_string}"},"query-input":"required name=search_term_string"}],"inLanguage":"pt-BR"},{"@type":"Person","@id":"https:\/\/www.dabusarquitetura.com.br\/blog\/#\/schema\/person\/978b78d74759412a1cd43634996237c4","name":"heloisa.dabus","image":{"@type":"ImageObject","inLanguage":"pt-BR","@id":"https:\/\/www.dabusarquitetura.com.br\/blog\/#\/schema\/person\/image\/","url":"https:\/\/secure.gravatar.com\/avatar\/4078f4f8e54fb70a99a5e9edc642ecb1?s=96&d=mm&r=g","contentUrl":"https:\/\/secure.gravatar.com\/avatar\/4078f4f8e54fb70a99a5e9edc642ecb1?s=96&d=mm&r=g","caption":"heloisa.dabus"},"url":"https:\/\/www.dabusarquitetura.com.br\/blog\/author\/heloisa-dabus\/"}]}},"_links":{"self":[{"href":"https:\/\/www.dabusarquitetura.com.br\/blog\/wp-json\/wp\/v2\/posts\/17223"}],"collection":[{"href":"https:\/\/www.dabusarquitetura.com.br\/blog\/wp-json\/wp\/v2\/posts"}],"about":[{"href":"https:\/\/www.dabusarquitetura.com.br\/blog\/wp-json\/wp\/v2\/types\/post"}],"author":[{"embeddable":true,"href":"https:\/\/www.dabusarquitetura.com.br\/blog\/wp-json\/wp\/v2\/users\/3"}],"replies":[{"embeddable":true,"href":"https:\/\/www.dabusarquitetura.com.br\/blog\/wp-json\/wp\/v2\/comments?post=17223"}],"version-history":[{"count":6,"href":"https:\/\/www.dabusarquitetura.com.br\/blog\/wp-json\/wp\/v2\/posts\/17223\/revisions"}],"predecessor-version":[{"id":17230,"href":"https:\/\/www.dabusarquitetura.com.br\/blog\/wp-json\/wp\/v2\/posts\/17223\/revisions\/17230"}],"wp:attachment":[{"href":"https:\/\/www.dabusarquitetura.com.br\/blog\/wp-json\/wp\/v2\/media?parent=17223"}],"wp:term":[{"taxonomy":"category","embeddable":true,"href":"https:\/\/www.dabusarquitetura.com.br\/blog\/wp-json\/wp\/v2\/categories?post=17223"},{"taxonomy":"post_tag","embeddable":true,"href":"https:\/\/www.dabusarquitetura.com.br\/blog\/wp-json\/wp\/v2\/tags?post=17223"}],"curies":[{"name":"wp","href":"https:\/\/api.w.org\/{rel}","templated":true}]}}