{"id":17210,"date":"2024-04-23T01:38:51","date_gmt":"2024-04-22T22:38:51","guid":{"rendered":"https:\/\/www.dabusarquitetura.com.br\/blog\/?p=17210"},"modified":"2024-04-23T01:38:52","modified_gmt":"2024-04-22T22:38:52","slug":"projeto-arquitetura-escolar-multidisciplinar","status":"publish","type":"post","link":"https:\/\/www.dabusarquitetura.com.br\/blog\/projeto-arquitetura-escolar-multidisciplinar\/","title":{"rendered":"Por que o projeto de Arquitetura Escolar deve ser multidisciplinar?"},"content":{"rendered":"<div class=\"wp-block-image\">\n<figure class=\"aligncenter size-full\"><img decoding=\"async\" loading=\"lazy\" width=\"834\" height=\"317\" src=\"https:\/\/www.dabusarquitetura.com.br\/blog\/wp-content\/uploads\/2024\/04\/projeto-arquitetura-escolar-multidisciplinar.png\" alt=\"Arquitetura Escolar deve ser multidisciplinar\" class=\"wp-image-17214\" title=\"Imagem meramente ilustrativa\" srcset=\"https:\/\/www.dabusarquitetura.com.br\/blog\/wp-content\/uploads\/2024\/04\/projeto-arquitetura-escolar-multidisciplinar.png 834w, https:\/\/www.dabusarquitetura.com.br\/blog\/wp-content\/uploads\/2024\/04\/projeto-arquitetura-escolar-multidisciplinar-300x114.png 300w, https:\/\/www.dabusarquitetura.com.br\/blog\/wp-content\/uploads\/2024\/04\/projeto-arquitetura-escolar-multidisciplinar-768x292.png 768w\" sizes=\"(max-width: 834px) 100vw, 834px\" \/><\/figure><\/div>\n\n\n<p>A multidisciplinaridade \u00e9 uma pe\u00e7a fundamental no desenvolvimento do <strong>projeto de Arquitetura Escolar<\/strong>, pois envolve a integra\u00e7\u00e3o de diversas \u00e1reas de conhecimento para criar espa\u00e7os educacionais que atendam \u00e0s necessidades complexas de alunos, professores e funcion\u00e1rios.<\/p>\n\n\n\n<p>Quando projetamos uma escola, n\u00e3o estamos construindo apenas salas de aula e corredores. Na verdade, estamos moldando ambientes que influenciar\u00e3o profundamente o <strong>desenvolvimento educacional e emocional<\/strong> de pessoas e cidad\u00e3os.<\/p>\n\n\n\n<p>No post de hoje, entenderemos melhor a import\u00e2ncia e os benef\u00edcios da atua\u00e7\u00e3o conjunta de diversos profissionais na elabora\u00e7\u00e3o de espa\u00e7os educacionais. Ent\u00e3o, vem com a gente!<\/p>\n\n\n\n<h2 class=\"wp-block-heading\">\u00c1reas integradas ao projeto de Arquitetura Escolar<\/h2>\n\n\n\n<p>\u00c9 importante entender que fatores como a disposi\u00e7\u00e3o dos espa\u00e7os, a escolha dos materiais de constru\u00e7\u00e3o e a ilumina\u00e7\u00e3o podem afetar significativamente o ambiente de aprendizagem e o comportamento dos alunos.<\/p>\n\n\n\n<p>Desse modo, para que o espa\u00e7o seja <strong>funcional, acolhedor e saud\u00e1vel,<\/strong> \u00e9 essencial a atua\u00e7\u00e3o em conjunto de profissionais como arquitetos, projetistas complementares, engenheiros, pedagogos, psic\u00f3logos e soci\u00f3logos.<\/p>\n\n\n\n<p>Al\u00e9m disso, a multidisciplinaridade permite considerar aspectos cruciais como acessibilidade, sustentabilidade ambiental e seguran\u00e7a.<\/p>\n\n\n\n<p>O ideal \u00e9 que a colabora\u00e7\u00e3o entre os profissionais envolvidos aconte\u00e7a <strong>desde as fases iniciais at\u00e9 a conclus\u00e3o da obra<\/strong>. Assim, \u00e9 poss\u00edvel garantir uma abordagem hol\u00edstica, pela qual cada detalhe pode ser devidamente planejado e integrado.<\/p>\n\n\n\n<p>A seguir veremos com mais aten\u00e7\u00e3o as raz\u00f5es que justificam o trabalho multidisciplinar no projeto de Arquitetura Escolar.&nbsp;<\/p>\n\n\n\n<h3 class=\"wp-block-heading\">1. Atendimento das necessidades educacionais<\/h3>\n\n\n\n<p>Profissionais de pedagogia podem oferecer insights preciosos sobre as <strong>melhores pr\u00e1ticas de ensino e aprendizagem<\/strong>, influenciando a disposi\u00e7\u00e3o das salas de aula, a escolha de materiais educacionais e a cria\u00e7\u00e3o de espa\u00e7os de colabora\u00e7\u00e3o.<\/p>\n\n\n\n<h3 class=\"wp-block-heading\">2. Promo\u00e7\u00e3o da inclus\u00e3o<\/h3>\n\n\n\n<p>Especialistas em acessibilidade garantem que o ambiente seja adequado para todos, independentemente de suas habilidades f\u00edsicas ou cognitivas. Isso inclui a implementa\u00e7\u00e3o de <strong>rampas, corredores amplos e tecnologias assistivas<\/strong>.<\/p>\n\n\n\n<h3 class=\"wp-block-heading\">3. Incorpora\u00e7\u00e3o de aspectos psicol\u00f3gicos<\/h3>\n\n\n\n<p>\u00c9 essencial que os arquitetos criem ambientes que promovam o bem-estar emocional dos alunos, considerando fatores como ilumina\u00e7\u00e3o natural, <a href=\"https:\/\/www.dabusarquitetura.com.br\/blog\/a-cor-na-arquitetura-escolar-e-sua-influencia-sobre-a-aprendizagem\/\"><strong>cores<\/strong><\/a> e espa\u00e7os de relaxamento.<\/p>\n\n\n\n<h3 class=\"wp-block-heading\">4. Integra\u00e7\u00e3o de solu\u00e7\u00f5es sustent\u00e1veis<\/h3>\n\n\n\n<p>O trabalho de engenheiros ambientais contribui para a cria\u00e7\u00e3o de <a href=\"https:\/\/www.dabusarquitetura.com.br\/blog\/beneficios-design-escolar-sustentavel\/\"><strong>escolas sustent\u00e1veis<\/strong><\/a>, capazes de minimizar o impacto ambiental por meio do uso eficiente de energia, \u00e1gua e materiais de constru\u00e7\u00e3o eco-friendly.<\/p>\n\n\n\n<h3 class=\"wp-block-heading\">5. Garantia de seguran\u00e7a<\/h3>\n\n\n\n<p>\u00c9 papel dos engenheiros de seguran\u00e7a <strong>identificar e mitigar potenciais riscos<\/strong>, garantindo que a escola seja um ambiente seguro para todos os ocupantes.<\/p>\n\n\n\n<h3 class=\"wp-block-heading\">6. Fomenta\u00e7\u00e3o da interdisciplinaridade<\/h3>\n\n\n\n<p>Ao reunir profissionais de diferentes \u00e1reas, o projeto multidisciplinar promove a colabora\u00e7\u00e3o e a troca de ideias, resultando em <strong>solu\u00e7\u00f5es mais inovadoras e eficazes<\/strong>.<\/p>\n\n\n\n<h3 class=\"wp-block-heading\">7. Adapta\u00e7\u00e3o \u00e0s necessidades em constante mudan\u00e7a<\/h3>\n\n\n\n<p>A educa\u00e7\u00e3o est\u00e1 em constante evolu\u00e7\u00e3o. Assim, um projeto multidisciplinar conta com mais ferramentas para <strong>acompanhar e incorporar novas abordagens e tecnologias<\/strong> \u00e0 medida que surgem.<\/p>\n\n\n\n<p>Enfim, ao integrar conhecimentos de diversas \u00e1reas, podemos construir escolas que sejam verdadeiramente <strong>centros de excel\u00eancia educacional e inspira\u00e7\u00e3o<\/strong> para as gera\u00e7\u00f5es futuras.<\/p>\n\n\n\n<p>Conte com as melhores abordagens e solu\u00e7\u00f5es para a sua institui\u00e7\u00e3o. Portanto, chame no <a href=\"https:\/\/api.whatsapp.com\/send?l=pt&amp;phone=5511983276060\" target=\"_blank\" rel=\"noreferrer noopener\"><strong>WhatsApp 11 98327-6060<\/strong><\/a> e saiba como podemos desenvolver o seu projeto!<\/p>\n","protected":false},"excerpt":{"rendered":"<p>A multidisciplinaridade \u00e9 uma pe\u00e7a fundamental no desenvolvimento do projeto de Arquitetura Escolar, pois envolve a integra\u00e7\u00e3o de diversas \u00e1reas de conhecimento para criar espa\u00e7os [&hellip;]<\/p>\n","protected":false},"author":3,"featured_media":0,"comment_status":"open","ping_status":"open","sticky":false,"template":"","format":"standard","meta":[],"categories":[268],"tags":[],"yoast_head":"<!-- This site is optimized with the Yoast SEO plugin v20.8 - https:\/\/yoast.com\/wordpress\/plugins\/seo\/ -->\n<title>Por que o projeto de Arquitetura Escolar deve ser multidisciplinar?<\/title>\n<meta name=\"description\" content=\"Conhe\u00e7a os benef\u00edcios da integra\u00e7\u00e3o e colabora\u00e7\u00e3o de diferentes profissionais na elabora\u00e7\u00e3o do projeto de Arquitetura Escolar.\" \/>\n<meta name=\"robots\" content=\"index, follow, max-snippet:-1, max-image-preview:large, max-video-preview:-1\" \/>\n<link rel=\"canonical\" href=\"https:\/\/www.dabusarquitetura.com.br\/blog\/projeto-arquitetura-escolar-multidisciplinar\/\" \/>\n<meta property=\"og:locale\" content=\"pt_BR\" \/>\n<meta property=\"og:type\" content=\"article\" \/>\n<meta property=\"og:title\" content=\"Por que o projeto de Arquitetura Escolar deve ser multidisciplinar?\" \/>\n<meta property=\"og:description\" content=\"Conhe\u00e7a os benef\u00edcios da integra\u00e7\u00e3o e colabora\u00e7\u00e3o de diferentes profissionais na elabora\u00e7\u00e3o do projeto de Arquitetura Escolar.\" \/>\n<meta property=\"og:url\" content=\"https:\/\/www.dabusarquitetura.com.br\/blog\/projeto-arquitetura-escolar-multidisciplinar\/\" \/>\n<meta property=\"og:site_name\" content=\"DABUS ARQUITETURA\" \/>\n<meta property=\"article:published_time\" content=\"2024-04-22T22:38:51+00:00\" \/>\n<meta property=\"article:modified_time\" content=\"2024-04-22T22:38:52+00:00\" \/>\n<meta property=\"og:image\" content=\"https:\/\/www.dabusarquitetura.com.br\/blog\/wp-content\/uploads\/2024\/04\/projeto-arquitetura-escolar-multidisciplinar.png\" \/>\n<meta name=\"author\" content=\"heloisa.dabus\" \/>\n<meta name=\"twitter:card\" content=\"summary_large_image\" \/>\n<meta name=\"twitter:label1\" content=\"Escrito por\" \/>\n\t<meta name=\"twitter:data1\" content=\"heloisa.dabus\" \/>\n\t<meta name=\"twitter:label2\" content=\"Est. tempo de leitura\" \/>\n\t<meta name=\"twitter:data2\" content=\"3 minutos\" \/>\n<script type=\"application\/ld+json\" class=\"yoast-schema-graph\">{\"@context\":\"https:\/\/schema.org\",\"@graph\":[{\"@type\":\"WebPage\",\"@id\":\"https:\/\/www.dabusarquitetura.com.br\/blog\/projeto-arquitetura-escolar-multidisciplinar\/\",\"url\":\"https:\/\/www.dabusarquitetura.com.br\/blog\/projeto-arquitetura-escolar-multidisciplinar\/\",\"name\":\"Por que o projeto de Arquitetura Escolar deve ser multidisciplinar?\",\"isPartOf\":{\"@id\":\"https:\/\/www.dabusarquitetura.com.br\/blog\/#website\"},\"datePublished\":\"2024-04-22T22:38:51+00:00\",\"dateModified\":\"2024-04-22T22:38:52+00:00\",\"author\":{\"@id\":\"https:\/\/www.dabusarquitetura.com.br\/blog\/#\/schema\/person\/978b78d74759412a1cd43634996237c4\"},\"description\":\"Conhe\u00e7a os benef\u00edcios da integra\u00e7\u00e3o e colabora\u00e7\u00e3o de diferentes profissionais na elabora\u00e7\u00e3o do projeto de Arquitetura Escolar.\",\"breadcrumb\":{\"@id\":\"https:\/\/www.dabusarquitetura.com.br\/blog\/projeto-arquitetura-escolar-multidisciplinar\/#breadcrumb\"},\"inLanguage\":\"pt-BR\",\"potentialAction\":[{\"@type\":\"ReadAction\",\"target\":[\"https:\/\/www.dabusarquitetura.com.br\/blog\/projeto-arquitetura-escolar-multidisciplinar\/\"]}]},{\"@type\":\"BreadcrumbList\",\"@id\":\"https:\/\/www.dabusarquitetura.com.br\/blog\/projeto-arquitetura-escolar-multidisciplinar\/#breadcrumb\",\"itemListElement\":[{\"@type\":\"ListItem\",\"position\":1,\"name\":\"In\u00edcio\",\"item\":\"https:\/\/www.dabusarquitetura.com.br\/blog\/\"},{\"@type\":\"ListItem\",\"position\":2,\"name\":\"Por que o projeto de Arquitetura Escolar deve ser multidisciplinar?\"}]},{\"@type\":\"WebSite\",\"@id\":\"https:\/\/www.dabusarquitetura.com.br\/blog\/#website\",\"url\":\"https:\/\/www.dabusarquitetura.com.br\/blog\/\",\"name\":\"DABUS ARQUITETURA\",\"description\":\"Arquitetura Corporativa\",\"potentialAction\":[{\"@type\":\"SearchAction\",\"target\":{\"@type\":\"EntryPoint\",\"urlTemplate\":\"https:\/\/www.dabusarquitetura.com.br\/blog\/?s={search_term_string}\"},\"query-input\":\"required name=search_term_string\"}],\"inLanguage\":\"pt-BR\"},{\"@type\":\"Person\",\"@id\":\"https:\/\/www.dabusarquitetura.com.br\/blog\/#\/schema\/person\/978b78d74759412a1cd43634996237c4\",\"name\":\"heloisa.dabus\",\"image\":{\"@type\":\"ImageObject\",\"inLanguage\":\"pt-BR\",\"@id\":\"https:\/\/www.dabusarquitetura.com.br\/blog\/#\/schema\/person\/image\/\",\"url\":\"https:\/\/secure.gravatar.com\/avatar\/4078f4f8e54fb70a99a5e9edc642ecb1?s=96&d=mm&r=g\",\"contentUrl\":\"https:\/\/secure.gravatar.com\/avatar\/4078f4f8e54fb70a99a5e9edc642ecb1?s=96&d=mm&r=g\",\"caption\":\"heloisa.dabus\"},\"url\":\"https:\/\/www.dabusarquitetura.com.br\/blog\/author\/heloisa-dabus\/\"}]}<\/script>\n<!-- \/ Yoast SEO plugin. -->","yoast_head_json":{"title":"Por que o projeto de Arquitetura Escolar deve ser multidisciplinar?","description":"Conhe\u00e7a os benef\u00edcios da integra\u00e7\u00e3o e colabora\u00e7\u00e3o de diferentes profissionais na elabora\u00e7\u00e3o do projeto de Arquitetura Escolar.","robots":{"index":"index","follow":"follow","max-snippet":"max-snippet:-1","max-image-preview":"max-image-preview:large","max-video-preview":"max-video-preview:-1"},"canonical":"https:\/\/www.dabusarquitetura.com.br\/blog\/projeto-arquitetura-escolar-multidisciplinar\/","og_locale":"pt_BR","og_type":"article","og_title":"Por que o projeto de Arquitetura Escolar deve ser multidisciplinar?","og_description":"Conhe\u00e7a os benef\u00edcios da integra\u00e7\u00e3o e colabora\u00e7\u00e3o de diferentes profissionais na elabora\u00e7\u00e3o do projeto de Arquitetura Escolar.","og_url":"https:\/\/www.dabusarquitetura.com.br\/blog\/projeto-arquitetura-escolar-multidisciplinar\/","og_site_name":"DABUS ARQUITETURA","article_published_time":"2024-04-22T22:38:51+00:00","article_modified_time":"2024-04-22T22:38:52+00:00","og_image":[{"url":"https:\/\/www.dabusarquitetura.com.br\/blog\/wp-content\/uploads\/2024\/04\/projeto-arquitetura-escolar-multidisciplinar.png"}],"author":"heloisa.dabus","twitter_card":"summary_large_image","twitter_misc":{"Escrito por":"heloisa.dabus","Est. tempo de leitura":"3 minutos"},"schema":{"@context":"https:\/\/schema.org","@graph":[{"@type":"WebPage","@id":"https:\/\/www.dabusarquitetura.com.br\/blog\/projeto-arquitetura-escolar-multidisciplinar\/","url":"https:\/\/www.dabusarquitetura.com.br\/blog\/projeto-arquitetura-escolar-multidisciplinar\/","name":"Por que o projeto de Arquitetura Escolar deve ser multidisciplinar?","isPartOf":{"@id":"https:\/\/www.dabusarquitetura.com.br\/blog\/#website"},"datePublished":"2024-04-22T22:38:51+00:00","dateModified":"2024-04-22T22:38:52+00:00","author":{"@id":"https:\/\/www.dabusarquitetura.com.br\/blog\/#\/schema\/person\/978b78d74759412a1cd43634996237c4"},"description":"Conhe\u00e7a os benef\u00edcios da integra\u00e7\u00e3o e colabora\u00e7\u00e3o de diferentes profissionais na elabora\u00e7\u00e3o do projeto de Arquitetura Escolar.","breadcrumb":{"@id":"https:\/\/www.dabusarquitetura.com.br\/blog\/projeto-arquitetura-escolar-multidisciplinar\/#breadcrumb"},"inLanguage":"pt-BR","potentialAction":[{"@type":"ReadAction","target":["https:\/\/www.dabusarquitetura.com.br\/blog\/projeto-arquitetura-escolar-multidisciplinar\/"]}]},{"@type":"BreadcrumbList","@id":"https:\/\/www.dabusarquitetura.com.br\/blog\/projeto-arquitetura-escolar-multidisciplinar\/#breadcrumb","itemListElement":[{"@type":"ListItem","position":1,"name":"In\u00edcio","item":"https:\/\/www.dabusarquitetura.com.br\/blog\/"},{"@type":"ListItem","position":2,"name":"Por que o projeto de Arquitetura Escolar deve ser multidisciplinar?"}]},{"@type":"WebSite","@id":"https:\/\/www.dabusarquitetura.com.br\/blog\/#website","url":"https:\/\/www.dabusarquitetura.com.br\/blog\/","name":"DABUS ARQUITETURA","description":"Arquitetura Corporativa","potentialAction":[{"@type":"SearchAction","target":{"@type":"EntryPoint","urlTemplate":"https:\/\/www.dabusarquitetura.com.br\/blog\/?s={search_term_string}"},"query-input":"required name=search_term_string"}],"inLanguage":"pt-BR"},{"@type":"Person","@id":"https:\/\/www.dabusarquitetura.com.br\/blog\/#\/schema\/person\/978b78d74759412a1cd43634996237c4","name":"heloisa.dabus","image":{"@type":"ImageObject","inLanguage":"pt-BR","@id":"https:\/\/www.dabusarquitetura.com.br\/blog\/#\/schema\/person\/image\/","url":"https:\/\/secure.gravatar.com\/avatar\/4078f4f8e54fb70a99a5e9edc642ecb1?s=96&d=mm&r=g","contentUrl":"https:\/\/secure.gravatar.com\/avatar\/4078f4f8e54fb70a99a5e9edc642ecb1?s=96&d=mm&r=g","caption":"heloisa.dabus"},"url":"https:\/\/www.dabusarquitetura.com.br\/blog\/author\/heloisa-dabus\/"}]}},"_links":{"self":[{"href":"https:\/\/www.dabusarquitetura.com.br\/blog\/wp-json\/wp\/v2\/posts\/17210"}],"collection":[{"href":"https:\/\/www.dabusarquitetura.com.br\/blog\/wp-json\/wp\/v2\/posts"}],"about":[{"href":"https:\/\/www.dabusarquitetura.com.br\/blog\/wp-json\/wp\/v2\/types\/post"}],"author":[{"embeddable":true,"href":"https:\/\/www.dabusarquitetura.com.br\/blog\/wp-json\/wp\/v2\/users\/3"}],"replies":[{"embeddable":true,"href":"https:\/\/www.dabusarquitetura.com.br\/blog\/wp-json\/wp\/v2\/comments?post=17210"}],"version-history":[{"count":5,"href":"https:\/\/www.dabusarquitetura.com.br\/blog\/wp-json\/wp\/v2\/posts\/17210\/revisions"}],"predecessor-version":[{"id":17217,"href":"https:\/\/www.dabusarquitetura.com.br\/blog\/wp-json\/wp\/v2\/posts\/17210\/revisions\/17217"}],"wp:attachment":[{"href":"https:\/\/www.dabusarquitetura.com.br\/blog\/wp-json\/wp\/v2\/media?parent=17210"}],"wp:term":[{"taxonomy":"category","embeddable":true,"href":"https:\/\/www.dabusarquitetura.com.br\/blog\/wp-json\/wp\/v2\/categories?post=17210"},{"taxonomy":"post_tag","embeddable":true,"href":"https:\/\/www.dabusarquitetura.com.br\/blog\/wp-json\/wp\/v2\/tags?post=17210"}],"curies":[{"name":"wp","href":"https:\/\/api.w.org\/{rel}","templated":true}]}}