{"id":17195,"date":"2024-04-09T01:57:06","date_gmt":"2024-04-08T22:57:06","guid":{"rendered":"https:\/\/www.dabusarquitetura.com.br\/blog\/?p=17195"},"modified":"2024-04-09T01:57:07","modified_gmt":"2024-04-08T22:57:07","slug":"dicas-arquitetura-para-patio-escolar","status":"publish","type":"post","link":"https:\/\/www.dabusarquitetura.com.br\/blog\/dicas-arquitetura-para-patio-escolar\/","title":{"rendered":"7 dicas de Arquitetura para p\u00e1tio escolar"},"content":{"rendered":"<div class=\"wp-block-image\">\n<figure class=\"aligncenter size-full\"><img decoding=\"async\" loading=\"lazy\" width=\"834\" height=\"317\" src=\"https:\/\/www.dabusarquitetura.com.br\/blog\/wp-content\/uploads\/2024\/04\/arquitetura-patio-escolar.png\" alt=\"P\u00e1tio escolar\" class=\"wp-image-17197\" title=\"Projeto DABUS ARQUITETURA\" srcset=\"https:\/\/www.dabusarquitetura.com.br\/blog\/wp-content\/uploads\/2024\/04\/arquitetura-patio-escolar.png 834w, https:\/\/www.dabusarquitetura.com.br\/blog\/wp-content\/uploads\/2024\/04\/arquitetura-patio-escolar-300x114.png 300w, https:\/\/www.dabusarquitetura.com.br\/blog\/wp-content\/uploads\/2024\/04\/arquitetura-patio-escolar-768x292.png 768w\" sizes=\"(max-width: 834px) 100vw, 834px\" \/><\/figure><\/div>\n\n\n<p>O <strong>p\u00e1tio escolar<\/strong> \u00e9 muito mais do que apenas um local aberto para recrea\u00e7\u00e3o. \u00c9 um ambiente plural, que proporciona oportunidades para aprender, crescer e se conectar com os outros e com o mundo ao redor.<\/p>\n\n\n\n<p>Assim, trata-se de um cen\u00e1rio din\u00e2mico e multifacetado, que desempenha um papel vital no <strong>desenvolvimento integral dos alunos<\/strong>.&nbsp;<\/p>\n\n\n\n<p>Mas como tirar o melhor proveito poss\u00edvel desse espa\u00e7o?&nbsp;<\/p>\n\n\n\n<p>A <strong>Arquitetura<\/strong> desempenha um papel crucial nessa miss\u00e3o. Ent\u00e3o, vem com a gente e confira medidas essenciais que n\u00e3o podem faltar em sua institui\u00e7\u00e3o!&nbsp;<\/p>\n\n\n\n<h2 class=\"wp-block-heading\">Benef\u00edcios do p\u00e1tio escolar<\/h2>\n\n\n\n<p>O p\u00e1tio proporciona uma atmosfera informal que convida os estudantes a interagir entre si, expressar suas emo\u00e7\u00f5es, relaxar e recarregar as energias.<\/p>\n\n\n\n<p>Desse modo, torna-se poss\u00edvel praticar <strong>habilidades sociais essenciais<\/strong>, como coopera\u00e7\u00e3o, comunica\u00e7\u00e3o e resolu\u00e7\u00e3o de conflitos. Al\u00e9m do pr\u00f3prio <strong><a href=\"https:\/\/www.dabusarquitetura.com.br\/blog\/competencias-socioemocionais-dicas-escola\/\">desenvolvimento emocional<\/a> <\/strong>e<strong> equil\u00edbrio mental<\/strong>.<\/p>\n\n\n\n<p>Um <strong>p\u00e1tio escolar inclusivo e diversificado<\/strong> promove a aceita\u00e7\u00e3o da diversidade e a integra\u00e7\u00e3o de todos os alunos, independentemente de suas habilidades, origens ou interesses.<\/p>\n\n\n\n<p>A \u00e1rea ao ar livre oferece, ainda, oportunidades para atividade e exerc\u00edcio f\u00edsico. O que contribui para a <strong>sa\u00fade e o bem-estar dos alunos<\/strong>.<\/p>\n\n\n\n<p>Acompanhe, a seguir, as dicas para potencializar o p\u00e1tio a partir da <a href=\"https:\/\/www.dabusarquitetura.com.br\/site\/arquitetura-escolas\" target=\"_blank\" rel=\"noreferrer noopener\"><strong>Arquitetura Escolar<\/strong><\/a>!<\/p>\n\n\n\n<h3 class=\"wp-block-heading\">1. Defina zonas de Atividades<\/h3>\n\n\n\n<p>Divida a \u00e1rea dispon\u00edvel em zonas distintas para diferentes atividades, como \u00e1reas de recrea\u00e7\u00e3o, leitura ao ar livre, espa\u00e7os para eventos culturais ou at\u00e9 mesmo uma horta escolar. Isso permite que os alunos tenham <strong>op\u00e7\u00f5es variadas durante o recreio<\/strong> e promove a <strong>utiliza\u00e7\u00e3o eficiente do espa\u00e7o<\/strong>.<\/p>\n\n\n\n<h3 class=\"wp-block-heading\">2. Garanta o sombreamento<\/h3>\n\n\n\n<p>Instale estruturas de cobertura ou sombreamento para proteger as pessoas dos raios solares diretos. Assim, haver\u00e1 \u00e1reas confort\u00e1veis para atividades ao ar livre, independentemente das condi\u00e7\u00f5es clim\u00e1ticas.<\/p>\n\n\n\n<h3 class=\"wp-block-heading\">3. Conte com mobili\u00e1rio flex\u00edvel<\/h3>\n\n\n\n<p>Opte por mobili\u00e1rio que possa ser <strong>facilmente movido e reconfigurado<\/strong> para atender \u00e0s necessidades espec\u00edficas das atividades realizadas no p\u00e1tio. Por isso, conte com m\u00f3veis como mesas e bancos modulares.<\/p>\n\n\n\n<h3 class=\"wp-block-heading\">4. Integre a natureza<\/h3>\n\n\n\n<p>Introduza elementos naturais, como \u00e1rvores, plantas e jardins, para criar um ambiente mais agrad\u00e1vel e estimular a conex\u00e3o com a natureza.<\/p>\n\n\n\n<h3 class=\"wp-block-heading\">5. Inclua solu\u00e7\u00f5es de acessibilidade universal<\/h3>\n\n\n\n<p>Certifique-se de que o p\u00e1tio seja <strong>acess\u00edvel a todas as pessoas<\/strong>, independentemente de suas necessidades f\u00edsicas. Desse modo, garanta rampas adequadas, corrim\u00e3os e espa\u00e7os amplos o suficiente para a circula\u00e7\u00e3o de cadeiras de rodas.<\/p>\n\n\n\n<h3 class=\"wp-block-heading\">6. Cuide da sinaliza\u00e7\u00e3o e orienta\u00e7\u00e3o<\/h3>\n\n\n\n<p>Utilize <strong>sinaliza\u00e7\u00e3o clara e intuitiva<\/strong> para orientar os alunos e visitantes, destacando as diferentes \u00e1reas do p\u00e1tio e fornecendo informa\u00e7\u00f5es \u00fateis sobre as atividades dispon\u00edveis.<\/p>\n\n\n\n<h3 class=\"wp-block-heading\">7. Tenha ilumina\u00e7\u00e3o adequada no p\u00e1tio escolar<\/h3>\n\n\n\n<p>Instale ilumina\u00e7\u00e3o adequada para permitir a utiliza\u00e7\u00e3o do local durante a noite ou em dias nublados. Afinal, <strong>a seguran\u00e7a e a funcionalidade do espa\u00e7o devem estar garantidas<\/strong> em todas as horas do dia.<\/p>\n\n\n\n<p>Ao implementar essas dicas, os p\u00e1tios escolares podem se tornar n\u00e3o apenas um local para recrea\u00e7\u00e3o, mas tamb\u00e9m um ambiente prop\u00edcio ao <strong>aprendizado, \u00e0 intera\u00e7\u00e3o social e ao bem-estar<\/strong> dos alunos.<\/p>\n\n\n\n<p>Conte com as melhores solu\u00e7\u00f5es de <strong>Arquitetura Escolar<\/strong> para a sua institui\u00e7\u00e3o. Saiba como podemos desenvolver o seu projeto pelo <a href=\"https:\/\/api.whatsapp.com\/send?l=pt&amp;phone=5511983276060\" target=\"_blank\" rel=\"noreferrer noopener\"><strong>WhatsApp 98327-6060<\/strong><\/a>.<\/p>\n","protected":false},"excerpt":{"rendered":"<p>O p\u00e1tio escolar \u00e9 muito mais do que apenas um local aberto para recrea\u00e7\u00e3o. \u00c9 um ambiente plural, que proporciona oportunidades para aprender, crescer e [&hellip;]<\/p>\n","protected":false},"author":3,"featured_media":0,"comment_status":"open","ping_status":"open","sticky":false,"template":"","format":"standard","meta":[],"categories":[268],"tags":[],"yoast_head":"<!-- This site is optimized with the Yoast SEO plugin v20.8 - https:\/\/yoast.com\/wordpress\/plugins\/seo\/ -->\n<title>7 dicas de Arquitetura para p\u00e1tio escolar<\/title>\n<meta name=\"description\" content=\"Como o p\u00e1tio escolar pode ser planejado para render bons resultados? Conhe\u00e7a as principais medidas para a escola!\" \/>\n<meta name=\"robots\" content=\"index, follow, max-snippet:-1, max-image-preview:large, max-video-preview:-1\" \/>\n<link rel=\"canonical\" href=\"https:\/\/www.dabusarquitetura.com.br\/blog\/dicas-arquitetura-para-patio-escolar\/\" \/>\n<meta property=\"og:locale\" content=\"pt_BR\" \/>\n<meta property=\"og:type\" content=\"article\" \/>\n<meta property=\"og:title\" content=\"7 dicas de Arquitetura para p\u00e1tio escolar\" \/>\n<meta property=\"og:description\" content=\"Como o p\u00e1tio escolar pode ser planejado para render bons resultados? Conhe\u00e7a as principais medidas para a escola!\" \/>\n<meta property=\"og:url\" content=\"https:\/\/www.dabusarquitetura.com.br\/blog\/dicas-arquitetura-para-patio-escolar\/\" \/>\n<meta property=\"og:site_name\" content=\"DABUS ARQUITETURA\" \/>\n<meta property=\"article:published_time\" content=\"2024-04-08T22:57:06+00:00\" \/>\n<meta property=\"article:modified_time\" content=\"2024-04-08T22:57:07+00:00\" \/>\n<meta property=\"og:image\" content=\"https:\/\/www.dabusarquitetura.com.br\/blog\/wp-content\/uploads\/2024\/04\/arquitetura-patio-escolar.png\" \/>\n<meta name=\"author\" content=\"heloisa.dabus\" \/>\n<meta name=\"twitter:card\" content=\"summary_large_image\" \/>\n<meta name=\"twitter:label1\" content=\"Escrito por\" \/>\n\t<meta name=\"twitter:data1\" content=\"heloisa.dabus\" \/>\n\t<meta name=\"twitter:label2\" content=\"Est. tempo de leitura\" \/>\n\t<meta name=\"twitter:data2\" content=\"3 minutos\" \/>\n<script type=\"application\/ld+json\" class=\"yoast-schema-graph\">{\"@context\":\"https:\/\/schema.org\",\"@graph\":[{\"@type\":\"WebPage\",\"@id\":\"https:\/\/www.dabusarquitetura.com.br\/blog\/dicas-arquitetura-para-patio-escolar\/\",\"url\":\"https:\/\/www.dabusarquitetura.com.br\/blog\/dicas-arquitetura-para-patio-escolar\/\",\"name\":\"7 dicas de Arquitetura para p\u00e1tio escolar\",\"isPartOf\":{\"@id\":\"https:\/\/www.dabusarquitetura.com.br\/blog\/#website\"},\"datePublished\":\"2024-04-08T22:57:06+00:00\",\"dateModified\":\"2024-04-08T22:57:07+00:00\",\"author\":{\"@id\":\"https:\/\/www.dabusarquitetura.com.br\/blog\/#\/schema\/person\/978b78d74759412a1cd43634996237c4\"},\"description\":\"Como o p\u00e1tio escolar pode ser planejado para render bons resultados? Conhe\u00e7a as principais medidas para a escola!\",\"breadcrumb\":{\"@id\":\"https:\/\/www.dabusarquitetura.com.br\/blog\/dicas-arquitetura-para-patio-escolar\/#breadcrumb\"},\"inLanguage\":\"pt-BR\",\"potentialAction\":[{\"@type\":\"ReadAction\",\"target\":[\"https:\/\/www.dabusarquitetura.com.br\/blog\/dicas-arquitetura-para-patio-escolar\/\"]}]},{\"@type\":\"BreadcrumbList\",\"@id\":\"https:\/\/www.dabusarquitetura.com.br\/blog\/dicas-arquitetura-para-patio-escolar\/#breadcrumb\",\"itemListElement\":[{\"@type\":\"ListItem\",\"position\":1,\"name\":\"In\u00edcio\",\"item\":\"https:\/\/www.dabusarquitetura.com.br\/blog\/\"},{\"@type\":\"ListItem\",\"position\":2,\"name\":\"7 dicas de Arquitetura para p\u00e1tio escolar\"}]},{\"@type\":\"WebSite\",\"@id\":\"https:\/\/www.dabusarquitetura.com.br\/blog\/#website\",\"url\":\"https:\/\/www.dabusarquitetura.com.br\/blog\/\",\"name\":\"DABUS ARQUITETURA\",\"description\":\"Arquitetura Corporativa\",\"potentialAction\":[{\"@type\":\"SearchAction\",\"target\":{\"@type\":\"EntryPoint\",\"urlTemplate\":\"https:\/\/www.dabusarquitetura.com.br\/blog\/?s={search_term_string}\"},\"query-input\":\"required name=search_term_string\"}],\"inLanguage\":\"pt-BR\"},{\"@type\":\"Person\",\"@id\":\"https:\/\/www.dabusarquitetura.com.br\/blog\/#\/schema\/person\/978b78d74759412a1cd43634996237c4\",\"name\":\"heloisa.dabus\",\"image\":{\"@type\":\"ImageObject\",\"inLanguage\":\"pt-BR\",\"@id\":\"https:\/\/www.dabusarquitetura.com.br\/blog\/#\/schema\/person\/image\/\",\"url\":\"https:\/\/secure.gravatar.com\/avatar\/4078f4f8e54fb70a99a5e9edc642ecb1?s=96&d=mm&r=g\",\"contentUrl\":\"https:\/\/secure.gravatar.com\/avatar\/4078f4f8e54fb70a99a5e9edc642ecb1?s=96&d=mm&r=g\",\"caption\":\"heloisa.dabus\"},\"url\":\"https:\/\/www.dabusarquitetura.com.br\/blog\/author\/heloisa-dabus\/\"}]}<\/script>\n<!-- \/ Yoast SEO plugin. -->","yoast_head_json":{"title":"7 dicas de Arquitetura para p\u00e1tio escolar","description":"Como o p\u00e1tio escolar pode ser planejado para render bons resultados? Conhe\u00e7a as principais medidas para a escola!","robots":{"index":"index","follow":"follow","max-snippet":"max-snippet:-1","max-image-preview":"max-image-preview:large","max-video-preview":"max-video-preview:-1"},"canonical":"https:\/\/www.dabusarquitetura.com.br\/blog\/dicas-arquitetura-para-patio-escolar\/","og_locale":"pt_BR","og_type":"article","og_title":"7 dicas de Arquitetura para p\u00e1tio escolar","og_description":"Como o p\u00e1tio escolar pode ser planejado para render bons resultados? Conhe\u00e7a as principais medidas para a escola!","og_url":"https:\/\/www.dabusarquitetura.com.br\/blog\/dicas-arquitetura-para-patio-escolar\/","og_site_name":"DABUS ARQUITETURA","article_published_time":"2024-04-08T22:57:06+00:00","article_modified_time":"2024-04-08T22:57:07+00:00","og_image":[{"url":"https:\/\/www.dabusarquitetura.com.br\/blog\/wp-content\/uploads\/2024\/04\/arquitetura-patio-escolar.png"}],"author":"heloisa.dabus","twitter_card":"summary_large_image","twitter_misc":{"Escrito por":"heloisa.dabus","Est. tempo de leitura":"3 minutos"},"schema":{"@context":"https:\/\/schema.org","@graph":[{"@type":"WebPage","@id":"https:\/\/www.dabusarquitetura.com.br\/blog\/dicas-arquitetura-para-patio-escolar\/","url":"https:\/\/www.dabusarquitetura.com.br\/blog\/dicas-arquitetura-para-patio-escolar\/","name":"7 dicas de Arquitetura para p\u00e1tio escolar","isPartOf":{"@id":"https:\/\/www.dabusarquitetura.com.br\/blog\/#website"},"datePublished":"2024-04-08T22:57:06+00:00","dateModified":"2024-04-08T22:57:07+00:00","author":{"@id":"https:\/\/www.dabusarquitetura.com.br\/blog\/#\/schema\/person\/978b78d74759412a1cd43634996237c4"},"description":"Como o p\u00e1tio escolar pode ser planejado para render bons resultados? Conhe\u00e7a as principais medidas para a escola!","breadcrumb":{"@id":"https:\/\/www.dabusarquitetura.com.br\/blog\/dicas-arquitetura-para-patio-escolar\/#breadcrumb"},"inLanguage":"pt-BR","potentialAction":[{"@type":"ReadAction","target":["https:\/\/www.dabusarquitetura.com.br\/blog\/dicas-arquitetura-para-patio-escolar\/"]}]},{"@type":"BreadcrumbList","@id":"https:\/\/www.dabusarquitetura.com.br\/blog\/dicas-arquitetura-para-patio-escolar\/#breadcrumb","itemListElement":[{"@type":"ListItem","position":1,"name":"In\u00edcio","item":"https:\/\/www.dabusarquitetura.com.br\/blog\/"},{"@type":"ListItem","position":2,"name":"7 dicas de Arquitetura para p\u00e1tio escolar"}]},{"@type":"WebSite","@id":"https:\/\/www.dabusarquitetura.com.br\/blog\/#website","url":"https:\/\/www.dabusarquitetura.com.br\/blog\/","name":"DABUS ARQUITETURA","description":"Arquitetura Corporativa","potentialAction":[{"@type":"SearchAction","target":{"@type":"EntryPoint","urlTemplate":"https:\/\/www.dabusarquitetura.com.br\/blog\/?s={search_term_string}"},"query-input":"required name=search_term_string"}],"inLanguage":"pt-BR"},{"@type":"Person","@id":"https:\/\/www.dabusarquitetura.com.br\/blog\/#\/schema\/person\/978b78d74759412a1cd43634996237c4","name":"heloisa.dabus","image":{"@type":"ImageObject","inLanguage":"pt-BR","@id":"https:\/\/www.dabusarquitetura.com.br\/blog\/#\/schema\/person\/image\/","url":"https:\/\/secure.gravatar.com\/avatar\/4078f4f8e54fb70a99a5e9edc642ecb1?s=96&d=mm&r=g","contentUrl":"https:\/\/secure.gravatar.com\/avatar\/4078f4f8e54fb70a99a5e9edc642ecb1?s=96&d=mm&r=g","caption":"heloisa.dabus"},"url":"https:\/\/www.dabusarquitetura.com.br\/blog\/author\/heloisa-dabus\/"}]}},"_links":{"self":[{"href":"https:\/\/www.dabusarquitetura.com.br\/blog\/wp-json\/wp\/v2\/posts\/17195"}],"collection":[{"href":"https:\/\/www.dabusarquitetura.com.br\/blog\/wp-json\/wp\/v2\/posts"}],"about":[{"href":"https:\/\/www.dabusarquitetura.com.br\/blog\/wp-json\/wp\/v2\/types\/post"}],"author":[{"embeddable":true,"href":"https:\/\/www.dabusarquitetura.com.br\/blog\/wp-json\/wp\/v2\/users\/3"}],"replies":[{"embeddable":true,"href":"https:\/\/www.dabusarquitetura.com.br\/blog\/wp-json\/wp\/v2\/comments?post=17195"}],"version-history":[{"count":4,"href":"https:\/\/www.dabusarquitetura.com.br\/blog\/wp-json\/wp\/v2\/posts\/17195\/revisions"}],"predecessor-version":[{"id":17200,"href":"https:\/\/www.dabusarquitetura.com.br\/blog\/wp-json\/wp\/v2\/posts\/17195\/revisions\/17200"}],"wp:attachment":[{"href":"https:\/\/www.dabusarquitetura.com.br\/blog\/wp-json\/wp\/v2\/media?parent=17195"}],"wp:term":[{"taxonomy":"category","embeddable":true,"href":"https:\/\/www.dabusarquitetura.com.br\/blog\/wp-json\/wp\/v2\/categories?post=17195"},{"taxonomy":"post_tag","embeddable":true,"href":"https:\/\/www.dabusarquitetura.com.br\/blog\/wp-json\/wp\/v2\/tags?post=17195"}],"curies":[{"name":"wp","href":"https:\/\/api.w.org\/{rel}","templated":true}]}}