{"id":17187,"date":"2024-04-02T02:28:44","date_gmt":"2024-04-01T23:28:44","guid":{"rendered":"https:\/\/www.dabusarquitetura.com.br\/blog\/?p=17187"},"modified":"2024-04-02T02:28:45","modified_gmt":"2024-04-01T23:28:45","slug":"importancia-iluminacao-na-comunicacao-visual","status":"publish","type":"post","link":"https:\/\/www.dabusarquitetura.com.br\/blog\/importancia-iluminacao-na-comunicacao-visual\/","title":{"rendered":"A import\u00e2ncia da ilumina\u00e7\u00e3o na comunica\u00e7\u00e3o visual de um projeto arquitet\u00f4nico"},"content":{"rendered":"<div class=\"wp-block-image\">\n<figure class=\"aligncenter size-full\"><img decoding=\"async\" loading=\"lazy\" width=\"834\" height=\"317\" src=\"https:\/\/www.dabusarquitetura.com.br\/blog\/wp-content\/uploads\/2024\/04\/arquitetura-iluminacao-comunicacao-visual.png\" alt=\"Ilumina\u00e7\u00e3o na comunica\u00e7\u00e3o visual \" class=\"wp-image-17191\" title=\"Projeto DABUS ARQUITETURA\" srcset=\"https:\/\/www.dabusarquitetura.com.br\/blog\/wp-content\/uploads\/2024\/04\/arquitetura-iluminacao-comunicacao-visual.png 834w, https:\/\/www.dabusarquitetura.com.br\/blog\/wp-content\/uploads\/2024\/04\/arquitetura-iluminacao-comunicacao-visual-300x114.png 300w, https:\/\/www.dabusarquitetura.com.br\/blog\/wp-content\/uploads\/2024\/04\/arquitetura-iluminacao-comunicacao-visual-768x292.png 768w\" sizes=\"(max-width: 834px) 100vw, 834px\" \/><figcaption class=\"wp-element-caption\"><a href=\"https:\/\/www.dabusarquitetura.com.br\/site\/arquitetura-corporativa\/scatec-131022091013.html\" target=\"_blank\" rel=\"noreferrer noopener\">Projeto da DABUS ARQUITETURA para a Scatec<\/a>.<\/figcaption><\/figure><\/div>\n\n\n<p>O impacto da <strong>ilumina\u00e7\u00e3o na comunica\u00e7\u00e3o visual<\/strong> \u00e9 evidente. Al\u00e9m de valorizar cores e formas, o projeto luminot\u00e9cnico ajuda a criar experi\u00eancias. Desse modo, torna a Arquitetura n\u00e3o s\u00f3 mais coerente com a identidade, como muito mais interessante e envolvente.<\/p>\n\n\n\n<p>Contudo, muitas vezes, a ilumina\u00e7\u00e3o \u00e9 esquecida enquanto elemento que comp\u00f5e a linguagem visual. Assim, torna-se incapaz de cooperar para a transmiss\u00e3o de uma <strong>mensagem e imagem s\u00f3lidas, atrativas e eficientes<\/strong>.&nbsp;<\/p>\n\n\n\n<p>Mas, no post de hoje, destacaremos como o jogo de luzes pode &#8211; e deve &#8211; compor a comunica\u00e7\u00e3o visual. Ent\u00e3o, vem com a gente!&nbsp;<\/p>\n\n\n\n<h2 class=\"wp-block-heading\">Fun\u00e7\u00f5es da ilumina\u00e7\u00e3o na comunica\u00e7\u00e3o visual<\/h2>\n\n\n\n<p>A intera\u00e7\u00e3o entre comunica\u00e7\u00e3o visual e ilumina\u00e7\u00e3o na Arquitetura \u00e9 uma dan\u00e7a delicada que influencia n\u00e3o apenas a est\u00e9tica, mas tamb\u00e9m a funcionalidade e o <strong>impacto emocional causado por um espa\u00e7o<\/strong>.<\/p>\n\n\n\n<p>O emprego da ilumina\u00e7\u00e3o vai al\u00e9m de apenas destacar um logotipo em uma <a href=\"https:\/\/www.dabusarquitetura.com.br\/site\/arquitetura-corporativa\" target=\"_blank\" rel=\"noreferrer noopener\"><strong>fachada corporativa<\/strong><\/a>, por exemplo. Seu objetivo \u00e9 maior e visa proporcionar uma experi\u00eancia visual capaz de <strong>informar, instigar e estimular uma a\u00e7\u00e3o<\/strong>.\u00a0<\/p>\n\n\n\n<p>Al\u00e9m disso, naturalmente, o projeto luminot\u00e9cnico deve seguir a identidade visual da marca, a fim de valoriz\u00e1-la e fortalec\u00ea-la.<\/p>\n\n\n\n<p>A seguir vamos entender melhor como a ilumina\u00e7\u00e3o na comunica\u00e7\u00e3o visual pode ser explorada.&nbsp;<\/p>\n\n\n\n<h3 class=\"wp-block-heading\">1. Destacando elementos do design<\/h3>\n\n\n\n<p>A luz desempenha um papel crucial em destacar elementos do design arquitet\u00f4nico. Por meio de t\u00e9cnicas como ilumina\u00e7\u00e3o direcional, acentuada ou embutida, \u00e9 poss\u00edvel real\u00e7ar detalhes espec\u00edficos, como texturas, formas e materiais. Essa estrat\u00e9gia n\u00e3o apenas adiciona profundidade visual ao espa\u00e7o, mas tamb\u00e9m <strong>direciona a aten\u00e7\u00e3o dos espectadores <\/strong>para os elementos-chave da Arquitetura.<\/p>\n\n\n\n<h3 class=\"wp-block-heading\">2. Criando atmosferas e sensa\u00e7\u00f5es<\/h3>\n\n\n\n<p>O projeto luminot\u00e9cnico tem o poder de criar atmosferas e sensa\u00e7\u00f5es que complementam a linguagem visual de um espa\u00e7o. Por exemplo, uma ilumina\u00e7\u00e3o suave e difusa pode conferir uma sensa\u00e7\u00e3o de serenidade e tranquilidade em uma \u00e1rea de relaxamento, enquanto uma ilumina\u00e7\u00e3o mais intensa e din\u00e2mica pode evocar uma energia vibrante em espa\u00e7os de conv\u00edvio social. A combina\u00e7\u00e3o da comunica\u00e7\u00e3o visual com a ilumina\u00e7\u00e3o adequada pode <strong>amplificar a experi\u00eancia sensorial<\/strong> dos usu\u00e1rios e <strong>definir a identidade emocional<\/strong> de um ambiente.<\/p>\n\n\n\n<h3 class=\"wp-block-heading\">3. Jogo de luz e sombra<\/h3>\n\n\n\n<p>A intera\u00e7\u00e3o entre luz e sombra \u00e9 essencial na comunica\u00e7\u00e3o visual dentro da Arquitetura. A ilumina\u00e7\u00e3o estrategicamente posicionada pode criar contrastes dram\u00e1ticos, destacando formas e criando padr\u00f5es interessantes que enriquecem a est\u00e9tica do espa\u00e7o. Al\u00e9m disso, o jogo de luz e sombra pode <strong>adicionar profundidade e dimens\u00e3o<\/strong>, transformando espa\u00e7os planos em ambientes din\u00e2micos e envolventes.<\/p>\n\n\n\n<h3 class=\"wp-block-heading\">4. Ilumina\u00e7\u00e3o din\u00e2mica e control\u00e1vel<\/h3>\n\n\n\n<p>A tecnologia de ilumina\u00e7\u00e3o avan\u00e7ou significativamente, possibilitando a cria\u00e7\u00e3o de ambientes com ilumina\u00e7\u00e3o din\u00e2mica e control\u00e1vel. Sistemas inteligentes permitem ajustar a intensidade, temperatura de cor e at\u00e9 mesmo a cor da luz de acordo com as necessidades espec\u00edficas do local e do momento. Essa flexibilidade oferece aos arquitetos e designers a oportunidade de <strong>adaptar a comunica\u00e7\u00e3o visual de um ambiente de acordo com diferentes usos<\/strong>, hor\u00e1rios do dia e eventos especiais.<\/p>\n\n\n\n<h3 class=\"wp-block-heading\">5. Sustentabilidade e efici\u00eancia energ\u00e9tica<\/h3>\n\n\n\n<p>A comunica\u00e7\u00e3o visual e a ilumina\u00e7\u00e3o na Arquitetura tamb\u00e9m est\u00e3o intrinsecamente ligadas \u00e0 <a href=\"https:\/\/www.dabusarquitetura.com.br\/blog\/3-rs-da-sustentabilidade-arquitetura\/\"><strong>sustentabilidade e \u00e0 efici\u00eancia energ\u00e9tica<\/strong><\/a>. A escolha de sistemas de ilumina\u00e7\u00e3o eficientes e de baixo consumo de energia reduz o impacto ambiental e contribui para a cria\u00e7\u00e3o de espa\u00e7os mais sustent\u00e1veis e economicamente vi\u00e1veis. Al\u00e9m disso, o uso de <strong>ilumina\u00e7\u00e3o natural <\/strong>sempre que poss\u00edvel n\u00e3o apenas economiza energia, mas tamb\u00e9m conecta os ocupantes com o ambiente externo, <strong>promovendo o bem-estar e a sa\u00fade<\/strong>.<\/p>\n\n\n\n<p>Quer conhecer as melhores solu\u00e7\u00f5es para o seu projeto? Ent\u00e3o, chame no <a href=\"https:\/\/api.whatsapp.com\/send?l=pt&amp;phone=5511983276060\" target=\"_blank\" rel=\"noreferrer noopener\"><strong>WhatsApp 11 98327-6060<\/strong><\/a> e saiba como podemos te atender!<\/p>\n","protected":false},"excerpt":{"rendered":"<p>O impacto da ilumina\u00e7\u00e3o na comunica\u00e7\u00e3o visual \u00e9 evidente. Al\u00e9m de valorizar cores e formas, o projeto luminot\u00e9cnico ajuda a criar experi\u00eancias. Desse modo, torna [&hellip;]<\/p>\n","protected":false},"author":3,"featured_media":0,"comment_status":"open","ping_status":"open","sticky":false,"template":"","format":"standard","meta":[],"categories":[281],"tags":[],"yoast_head":"<!-- This site is optimized with the Yoast SEO plugin v20.8 - https:\/\/yoast.com\/wordpress\/plugins\/seo\/ -->\n<title>A import\u00e2ncia da ilumina\u00e7\u00e3o na comunica\u00e7\u00e3o visual<\/title>\n<meta name=\"description\" content=\"A ilumina\u00e7\u00e3o na comunica\u00e7\u00e3o visual \u00e9 um fator essencial para garantir e destacar a identidade da marca, al\u00e9m de exercer outras fun\u00e7\u00f5es.\" \/>\n<meta name=\"robots\" content=\"index, follow, max-snippet:-1, max-image-preview:large, max-video-preview:-1\" \/>\n<link rel=\"canonical\" href=\"https:\/\/www.dabusarquitetura.com.br\/blog\/importancia-iluminacao-na-comunicacao-visual\/\" \/>\n<meta property=\"og:locale\" content=\"pt_BR\" \/>\n<meta property=\"og:type\" content=\"article\" \/>\n<meta property=\"og:title\" content=\"A import\u00e2ncia da ilumina\u00e7\u00e3o na comunica\u00e7\u00e3o visual\" \/>\n<meta property=\"og:description\" content=\"A ilumina\u00e7\u00e3o na comunica\u00e7\u00e3o visual \u00e9 um fator essencial para garantir e destacar a identidade da marca, al\u00e9m de exercer outras fun\u00e7\u00f5es.\" \/>\n<meta property=\"og:url\" content=\"https:\/\/www.dabusarquitetura.com.br\/blog\/importancia-iluminacao-na-comunicacao-visual\/\" \/>\n<meta property=\"og:site_name\" content=\"DABUS ARQUITETURA\" \/>\n<meta property=\"article:published_time\" content=\"2024-04-01T23:28:44+00:00\" \/>\n<meta property=\"article:modified_time\" content=\"2024-04-01T23:28:45+00:00\" \/>\n<meta property=\"og:image\" content=\"https:\/\/www.dabusarquitetura.com.br\/blog\/wp-content\/uploads\/2024\/04\/arquitetura-iluminacao-comunicacao-visual.png\" \/>\n<meta name=\"author\" content=\"heloisa.dabus\" \/>\n<meta name=\"twitter:card\" content=\"summary_large_image\" \/>\n<meta name=\"twitter:label1\" content=\"Escrito por\" \/>\n\t<meta name=\"twitter:data1\" content=\"heloisa.dabus\" \/>\n\t<meta name=\"twitter:label2\" content=\"Est. tempo de leitura\" \/>\n\t<meta name=\"twitter:data2\" content=\"4 minutos\" \/>\n<script type=\"application\/ld+json\" class=\"yoast-schema-graph\">{\"@context\":\"https:\/\/schema.org\",\"@graph\":[{\"@type\":\"WebPage\",\"@id\":\"https:\/\/www.dabusarquitetura.com.br\/blog\/importancia-iluminacao-na-comunicacao-visual\/\",\"url\":\"https:\/\/www.dabusarquitetura.com.br\/blog\/importancia-iluminacao-na-comunicacao-visual\/\",\"name\":\"A import\u00e2ncia da ilumina\u00e7\u00e3o na comunica\u00e7\u00e3o visual\",\"isPartOf\":{\"@id\":\"https:\/\/www.dabusarquitetura.com.br\/blog\/#website\"},\"datePublished\":\"2024-04-01T23:28:44+00:00\",\"dateModified\":\"2024-04-01T23:28:45+00:00\",\"author\":{\"@id\":\"https:\/\/www.dabusarquitetura.com.br\/blog\/#\/schema\/person\/978b78d74759412a1cd43634996237c4\"},\"description\":\"A ilumina\u00e7\u00e3o na comunica\u00e7\u00e3o visual \u00e9 um fator essencial para garantir e destacar a identidade da marca, al\u00e9m de exercer outras fun\u00e7\u00f5es.\",\"breadcrumb\":{\"@id\":\"https:\/\/www.dabusarquitetura.com.br\/blog\/importancia-iluminacao-na-comunicacao-visual\/#breadcrumb\"},\"inLanguage\":\"pt-BR\",\"potentialAction\":[{\"@type\":\"ReadAction\",\"target\":[\"https:\/\/www.dabusarquitetura.com.br\/blog\/importancia-iluminacao-na-comunicacao-visual\/\"]}]},{\"@type\":\"BreadcrumbList\",\"@id\":\"https:\/\/www.dabusarquitetura.com.br\/blog\/importancia-iluminacao-na-comunicacao-visual\/#breadcrumb\",\"itemListElement\":[{\"@type\":\"ListItem\",\"position\":1,\"name\":\"In\u00edcio\",\"item\":\"https:\/\/www.dabusarquitetura.com.br\/blog\/\"},{\"@type\":\"ListItem\",\"position\":2,\"name\":\"A import\u00e2ncia da ilumina\u00e7\u00e3o na comunica\u00e7\u00e3o visual de um projeto arquitet\u00f4nico\"}]},{\"@type\":\"WebSite\",\"@id\":\"https:\/\/www.dabusarquitetura.com.br\/blog\/#website\",\"url\":\"https:\/\/www.dabusarquitetura.com.br\/blog\/\",\"name\":\"DABUS ARQUITETURA\",\"description\":\"Arquitetura Corporativa\",\"potentialAction\":[{\"@type\":\"SearchAction\",\"target\":{\"@type\":\"EntryPoint\",\"urlTemplate\":\"https:\/\/www.dabusarquitetura.com.br\/blog\/?s={search_term_string}\"},\"query-input\":\"required name=search_term_string\"}],\"inLanguage\":\"pt-BR\"},{\"@type\":\"Person\",\"@id\":\"https:\/\/www.dabusarquitetura.com.br\/blog\/#\/schema\/person\/978b78d74759412a1cd43634996237c4\",\"name\":\"heloisa.dabus\",\"image\":{\"@type\":\"ImageObject\",\"inLanguage\":\"pt-BR\",\"@id\":\"https:\/\/www.dabusarquitetura.com.br\/blog\/#\/schema\/person\/image\/\",\"url\":\"https:\/\/secure.gravatar.com\/avatar\/4078f4f8e54fb70a99a5e9edc642ecb1?s=96&d=mm&r=g\",\"contentUrl\":\"https:\/\/secure.gravatar.com\/avatar\/4078f4f8e54fb70a99a5e9edc642ecb1?s=96&d=mm&r=g\",\"caption\":\"heloisa.dabus\"},\"url\":\"https:\/\/www.dabusarquitetura.com.br\/blog\/author\/heloisa-dabus\/\"}]}<\/script>\n<!-- \/ Yoast SEO plugin. -->","yoast_head_json":{"title":"A import\u00e2ncia da ilumina\u00e7\u00e3o na comunica\u00e7\u00e3o visual","description":"A ilumina\u00e7\u00e3o na comunica\u00e7\u00e3o visual \u00e9 um fator essencial para garantir e destacar a identidade da marca, al\u00e9m de exercer outras fun\u00e7\u00f5es.","robots":{"index":"index","follow":"follow","max-snippet":"max-snippet:-1","max-image-preview":"max-image-preview:large","max-video-preview":"max-video-preview:-1"},"canonical":"https:\/\/www.dabusarquitetura.com.br\/blog\/importancia-iluminacao-na-comunicacao-visual\/","og_locale":"pt_BR","og_type":"article","og_title":"A import\u00e2ncia da ilumina\u00e7\u00e3o na comunica\u00e7\u00e3o visual","og_description":"A ilumina\u00e7\u00e3o na comunica\u00e7\u00e3o visual \u00e9 um fator essencial para garantir e destacar a identidade da marca, al\u00e9m de exercer outras fun\u00e7\u00f5es.","og_url":"https:\/\/www.dabusarquitetura.com.br\/blog\/importancia-iluminacao-na-comunicacao-visual\/","og_site_name":"DABUS ARQUITETURA","article_published_time":"2024-04-01T23:28:44+00:00","article_modified_time":"2024-04-01T23:28:45+00:00","og_image":[{"url":"https:\/\/www.dabusarquitetura.com.br\/blog\/wp-content\/uploads\/2024\/04\/arquitetura-iluminacao-comunicacao-visual.png"}],"author":"heloisa.dabus","twitter_card":"summary_large_image","twitter_misc":{"Escrito por":"heloisa.dabus","Est. tempo de leitura":"4 minutos"},"schema":{"@context":"https:\/\/schema.org","@graph":[{"@type":"WebPage","@id":"https:\/\/www.dabusarquitetura.com.br\/blog\/importancia-iluminacao-na-comunicacao-visual\/","url":"https:\/\/www.dabusarquitetura.com.br\/blog\/importancia-iluminacao-na-comunicacao-visual\/","name":"A import\u00e2ncia da ilumina\u00e7\u00e3o na comunica\u00e7\u00e3o visual","isPartOf":{"@id":"https:\/\/www.dabusarquitetura.com.br\/blog\/#website"},"datePublished":"2024-04-01T23:28:44+00:00","dateModified":"2024-04-01T23:28:45+00:00","author":{"@id":"https:\/\/www.dabusarquitetura.com.br\/blog\/#\/schema\/person\/978b78d74759412a1cd43634996237c4"},"description":"A ilumina\u00e7\u00e3o na comunica\u00e7\u00e3o visual \u00e9 um fator essencial para garantir e destacar a identidade da marca, al\u00e9m de exercer outras fun\u00e7\u00f5es.","breadcrumb":{"@id":"https:\/\/www.dabusarquitetura.com.br\/blog\/importancia-iluminacao-na-comunicacao-visual\/#breadcrumb"},"inLanguage":"pt-BR","potentialAction":[{"@type":"ReadAction","target":["https:\/\/www.dabusarquitetura.com.br\/blog\/importancia-iluminacao-na-comunicacao-visual\/"]}]},{"@type":"BreadcrumbList","@id":"https:\/\/www.dabusarquitetura.com.br\/blog\/importancia-iluminacao-na-comunicacao-visual\/#breadcrumb","itemListElement":[{"@type":"ListItem","position":1,"name":"In\u00edcio","item":"https:\/\/www.dabusarquitetura.com.br\/blog\/"},{"@type":"ListItem","position":2,"name":"A import\u00e2ncia da ilumina\u00e7\u00e3o na comunica\u00e7\u00e3o visual de um projeto arquitet\u00f4nico"}]},{"@type":"WebSite","@id":"https:\/\/www.dabusarquitetura.com.br\/blog\/#website","url":"https:\/\/www.dabusarquitetura.com.br\/blog\/","name":"DABUS ARQUITETURA","description":"Arquitetura Corporativa","potentialAction":[{"@type":"SearchAction","target":{"@type":"EntryPoint","urlTemplate":"https:\/\/www.dabusarquitetura.com.br\/blog\/?s={search_term_string}"},"query-input":"required name=search_term_string"}],"inLanguage":"pt-BR"},{"@type":"Person","@id":"https:\/\/www.dabusarquitetura.com.br\/blog\/#\/schema\/person\/978b78d74759412a1cd43634996237c4","name":"heloisa.dabus","image":{"@type":"ImageObject","inLanguage":"pt-BR","@id":"https:\/\/www.dabusarquitetura.com.br\/blog\/#\/schema\/person\/image\/","url":"https:\/\/secure.gravatar.com\/avatar\/4078f4f8e54fb70a99a5e9edc642ecb1?s=96&d=mm&r=g","contentUrl":"https:\/\/secure.gravatar.com\/avatar\/4078f4f8e54fb70a99a5e9edc642ecb1?s=96&d=mm&r=g","caption":"heloisa.dabus"},"url":"https:\/\/www.dabusarquitetura.com.br\/blog\/author\/heloisa-dabus\/"}]}},"_links":{"self":[{"href":"https:\/\/www.dabusarquitetura.com.br\/blog\/wp-json\/wp\/v2\/posts\/17187"}],"collection":[{"href":"https:\/\/www.dabusarquitetura.com.br\/blog\/wp-json\/wp\/v2\/posts"}],"about":[{"href":"https:\/\/www.dabusarquitetura.com.br\/blog\/wp-json\/wp\/v2\/types\/post"}],"author":[{"embeddable":true,"href":"https:\/\/www.dabusarquitetura.com.br\/blog\/wp-json\/wp\/v2\/users\/3"}],"replies":[{"embeddable":true,"href":"https:\/\/www.dabusarquitetura.com.br\/blog\/wp-json\/wp\/v2\/comments?post=17187"}],"version-history":[{"count":4,"href":"https:\/\/www.dabusarquitetura.com.br\/blog\/wp-json\/wp\/v2\/posts\/17187\/revisions"}],"predecessor-version":[{"id":17193,"href":"https:\/\/www.dabusarquitetura.com.br\/blog\/wp-json\/wp\/v2\/posts\/17187\/revisions\/17193"}],"wp:attachment":[{"href":"https:\/\/www.dabusarquitetura.com.br\/blog\/wp-json\/wp\/v2\/media?parent=17187"}],"wp:term":[{"taxonomy":"category","embeddable":true,"href":"https:\/\/www.dabusarquitetura.com.br\/blog\/wp-json\/wp\/v2\/categories?post=17187"},{"taxonomy":"post_tag","embeddable":true,"href":"https:\/\/www.dabusarquitetura.com.br\/blog\/wp-json\/wp\/v2\/tags?post=17187"}],"curies":[{"name":"wp","href":"https:\/\/api.w.org\/{rel}","templated":true}]}}