{"id":17108,"date":"2024-01-23T02:40:41","date_gmt":"2024-01-22T23:40:41","guid":{"rendered":"https:\/\/www.dabusarquitetura.com.br\/blog\/?p=17108"},"modified":"2024-01-23T02:42:05","modified_gmt":"2024-01-22T23:42:05","slug":"futuro-do-arquiteto-dados-e-inteligencia-artificial","status":"publish","type":"post","link":"https:\/\/www.dabusarquitetura.com.br\/blog\/futuro-do-arquiteto-dados-e-inteligencia-artificial\/","title":{"rendered":"O futuro do arquiteto frente ao uso de dados e intelig\u00eancia artificial"},"content":{"rendered":"<div class=\"wp-block-image\">\n<figure class=\"aligncenter size-full\"><img decoding=\"async\" loading=\"lazy\" width=\"834\" height=\"317\" src=\"https:\/\/www.dabusarquitetura.com.br\/blog\/wp-content\/uploads\/2024\/01\/futuro-arquiteto-dados-ia.png\" alt=\"Futuro do arquiteto\" class=\"wp-image-17110\" title=\"Imagem meramente ilustrativa\" srcset=\"https:\/\/www.dabusarquitetura.com.br\/blog\/wp-content\/uploads\/2024\/01\/futuro-arquiteto-dados-ia.png 834w, https:\/\/www.dabusarquitetura.com.br\/blog\/wp-content\/uploads\/2024\/01\/futuro-arquiteto-dados-ia-300x114.png 300w, https:\/\/www.dabusarquitetura.com.br\/blog\/wp-content\/uploads\/2024\/01\/futuro-arquiteto-dados-ia-768x292.png 768w\" sizes=\"(max-width: 834px) 100vw, 834px\" \/><\/figure><\/div>\n\n\n<p>Como ser\u00e1 o <strong>futuro do arquiteto<\/strong> na era dos dados e da intelig\u00eancia artificial? Vivemos um momento impulsionado pelas inova\u00e7\u00f5es tecnol\u00f3gicas. As ferramentas dispon\u00edveis t\u00eam alargado os horizontes e proporcionado novas formas de cria\u00e7\u00f5es, m\u00e9todos e atua\u00e7\u00e3o.<\/p>\n\n\n\n<p>Assim, a Arquitetura avan\u00e7a, estreitando ainda mais a <strong>rela\u00e7\u00e3o entre tecnologia, criatividade e habilidades humanas<\/strong>. Como os profissionais podem tirar o melhor proveito poss\u00edvel de recursos t\u00e3o potentes?&nbsp;<\/p>\n\n\n\n<p>Pois bem. No artigo de hoje vamos explorar essas quest\u00f5es, apontando alguns caminhos poss\u00edveis. Acompanhe!<\/p>\n\n\n\n<h2 class=\"wp-block-heading\">Novo cen\u00e1rio para a Arquitetura<\/h2>\n\n\n\n<p>Com as constantes mudan\u00e7as na sociedade e no mundo, maior se torna o desafio de criar solu\u00e7\u00f5es para atender cen\u00e1rios t\u00e3o complexos. Contudo, \u00e9 papel do arquiteto acompanhar essa evolu\u00e7\u00e3o e buscar, incansavelmente, as <strong>pr\u00e1ticas mais coerentes, eficazes e vi\u00e1veis<\/strong>.<\/p>\n\n\n\n<p>Hoje, fatores como a crise clim\u00e1tica, a r\u00e1pida urbaniza\u00e7\u00e3o, a densidade populacional e a escassez de habita\u00e7\u00e3o exigezzzzzzmzabordagens que extrapolam os m\u00e9todos tradicionais. Portanto, \u00e9 necess\u00e1rio inovar! E \u00e9 a\u00ed que a disponibilidade de dados e a IA podem fazer a diferen\u00e7a.<\/p>\n\n\n\n<h3 class=\"wp-block-heading\">Princ\u00edpios para o futuro do arquiteto<\/h3>\n\n\n\n<p>A seguir relacionamos 5 princ\u00edpios que devem guiar a atua\u00e7\u00e3o e o futuro do arquiteto.<\/p>\n\n\n\n<h4 class=\"wp-block-heading\">1. Co-cria\u00e7\u00e3o com a IA<\/h4>\n\n\n\n<p>A <a href=\"https:\/\/www.dabusarquitetura.com.br\/blog\/tendencias-inteligencia-artificial-arquitetura\/\"><strong>intelig\u00eancia artificial<\/strong><\/a> n\u00e3o \u00e9 uma amea\u00e7a \u00e0 criatividade humana, mas sim uma aliada poderosa. Por isso, arquitetos est\u00e3o utilizando algoritmos de design generativo para explorar uma variedade impressionante de solu\u00e7\u00f5es a desafios complexos. A co-cria\u00e7\u00e3o entre humanos e IA n\u00e3o apenas <strong>acelera o processo de design<\/strong>, mas tamb\u00e9m abre portas para <strong>concep\u00e7\u00f5es inovadoras<\/strong> que poderiam n\u00e3o ter sido imaginadas por outros caminhos.<\/p>\n\n\n\n<h4 class=\"wp-block-heading\">2. Design orientado por dados<\/h4>\n\n\n\n<p>A coleta e an\u00e1lise de dados est\u00e3o transformando o modo como os espa\u00e7os s\u00e3o projetados. Os arquitetos agora podem ter acesso a informa\u00e7\u00f5es valiosas sobre o uso e desempenho de edif\u00edcios, permitindo <strong>designs mais eficientes e sustent\u00e1veis<\/strong>. Sensores inteligentes, an\u00e1lise de dados ambientais e feedback em tempo real est\u00e3o moldando <strong>ambientes que se adaptam \u00e0s necessidades<\/strong> em constante mudan\u00e7a dos ocupantes.<\/p>\n\n\n\n<h4 class=\"wp-block-heading\">3. Personaliza\u00e7\u00e3o e experi\u00eancia do usu\u00e1rio<\/h4>\n\n\n\n<p>Com a IA os arquitetos t\u00eam a possibilidade de personalizar os espa\u00e7os de maneiras ainda mais inspiradoras. Desde ambientes de trabalho adapt\u00e1veis at\u00e9 resid\u00eancias inteligentes que aprendem com as prefer\u00eancias dos habitantes, a Arquitetura est\u00e1 se movendo em dire\u00e7\u00e3o a uma <strong>abordagem mais centrada nos ocupantes<\/strong>.<\/p>\n\n\n\n<p>A experi\u00eancia do usu\u00e1rio torna-se um ponto focal, redefinindo como concebemos e interagimos com o ambiente constru\u00eddo.<\/p>\n\n\n\n<h4 class=\"wp-block-heading\">4. Responsabilidade \u00e9tica e social<\/h4>\n\n\n\n<p>\u00c0 medida que a IA e os dados se tornam pe\u00e7as fundamentais no campo da Arquitetura, os profissionais enfrentam a responsabilidade de <strong>garantir que essas tecnologias sejam aplicadas de maneira \u00e9tica e socialmente respons\u00e1vel<\/strong>.&nbsp;<\/p>\n\n\n\n<p>Desse modo, temas como privacidade, equidade e impacto ambiental tornam-se parte integrante do <strong>processo de tomada de decis\u00f5es<\/strong>. O que exige uma reflex\u00e3o profunda sobre as implica\u00e7\u00f5es \u00e9ticas do design impulsionado por dados.<\/p>\n\n\n\n<h4 class=\"wp-block-heading\">5. Educa\u00e7\u00e3o cont\u00ednua para o futuro do arquiteto<\/h4>\n\n\n\n<p>A r\u00e1pida evolu\u00e7\u00e3o tecnol\u00f3gica requer que os <strong>arquitetos estejam em constante aprendizado<\/strong>. Portanto, a forma\u00e7\u00e3o cont\u00ednua torna-se essencial para manter os profissionais atualizados com as \u00faltimas tend\u00eancias em IA e dados.<\/p>\n\n\n\n<p><strong>Parcerias entre universidades, empresas e profissionais do setor<\/strong> desempenham um papel crucial na promo\u00e7\u00e3o de uma comunidade de arquitetos prontos para enfrentar os desafios e oportunidades da era digital.<\/p>\n\n\n\n<h2 class=\"wp-block-heading\">Um novo cap\u00edtulo na Arquitetura<\/h2>\n\n\n\n<p>A era da IA e dos dados n\u00e3o representa uma amea\u00e7a \u00e0 atua\u00e7\u00e3o e ao futuro do arquiteto, mas sim uma oportunidade emocionante para <a href=\"https:\/\/www.dabusarquitetura.com.br\/blog\/papel-do-arquiteto-sociedade-responsabilidade\/\"><strong>redefinir e aprimorar o seu papel na sociedade<\/strong><\/a>.<\/p>\n\n\n\n<p>Ao abra\u00e7ar a tecnologia, esses profissionais est\u00e3o liderando a cria\u00e7\u00e3o de <strong>espa\u00e7os inovadores, sustent\u00e1veis e centrados no ser humano<\/strong>.&nbsp;<\/p>\n\n\n\n<p>Este \u00e9 um cap\u00edtulo emocionante na hist\u00f3ria da Arquitetura, onde a criatividade e a tecnologia convergem para moldar um <strong>futuro promissor e inspirador<\/strong>.<\/p>\n\n\n\n<p>N\u00f3s, da <strong>DABUS ARQUITETURA<\/strong>, estamos preparados. Ent\u00e3o, abrace o futuro com a gente! Chame no <a href=\"https:\/\/api.whatsapp.com\/send?l=pt&amp;phone=5511983276060\" target=\"_blank\" rel=\"noreferrer noopener\"><strong>WhatsApp 11 98327-6060<\/strong><\/a> e saiba como podemos desenvolver o seu projeto.<\/p>\n","protected":false},"excerpt":{"rendered":"<p>Como ser\u00e1 o futuro do arquiteto na era dos dados e da intelig\u00eancia artificial? Vivemos um momento impulsionado pelas inova\u00e7\u00f5es tecnol\u00f3gicas. As ferramentas dispon\u00edveis t\u00eam [&hellip;]<\/p>\n","protected":false},"author":3,"featured_media":0,"comment_status":"open","ping_status":"open","sticky":false,"template":"","format":"standard","meta":[],"categories":[49],"tags":[],"yoast_head":"<!-- This site is optimized with the Yoast SEO plugin v20.8 - https:\/\/yoast.com\/wordpress\/plugins\/seo\/ -->\n<title>O futuro do arquiteto frente ao uso de dados e intelig\u00eancia artificial<\/title>\n<meta name=\"description\" content=\"Entenda como ficam a atua\u00e7\u00e3o e o futuro do arquiteto na era dos dados e da IA. Saiba como esse profissional pode explor\u00e1-las!\" \/>\n<meta name=\"robots\" content=\"index, follow, max-snippet:-1, max-image-preview:large, max-video-preview:-1\" \/>\n<link rel=\"canonical\" href=\"https:\/\/www.dabusarquitetura.com.br\/blog\/futuro-do-arquiteto-dados-e-inteligencia-artificial\/\" \/>\n<meta property=\"og:locale\" content=\"pt_BR\" \/>\n<meta property=\"og:type\" content=\"article\" \/>\n<meta property=\"og:title\" content=\"O futuro do arquiteto frente ao uso de dados e intelig\u00eancia artificial\" \/>\n<meta property=\"og:description\" content=\"Entenda como ficam a atua\u00e7\u00e3o e o futuro do arquiteto na era dos dados e da IA. Saiba como esse profissional pode explor\u00e1-las!\" \/>\n<meta property=\"og:url\" content=\"https:\/\/www.dabusarquitetura.com.br\/blog\/futuro-do-arquiteto-dados-e-inteligencia-artificial\/\" \/>\n<meta property=\"og:site_name\" content=\"DABUS ARQUITETURA\" \/>\n<meta property=\"article:published_time\" content=\"2024-01-22T23:40:41+00:00\" \/>\n<meta property=\"article:modified_time\" content=\"2024-01-22T23:42:05+00:00\" \/>\n<meta property=\"og:image\" content=\"https:\/\/www.dabusarquitetura.com.br\/blog\/wp-content\/uploads\/2024\/01\/futuro-arquiteto-dados-ia.png\" \/>\n<meta name=\"author\" content=\"heloisa.dabus\" \/>\n<meta name=\"twitter:card\" content=\"summary_large_image\" \/>\n<meta name=\"twitter:label1\" content=\"Escrito por\" \/>\n\t<meta name=\"twitter:data1\" content=\"heloisa.dabus\" \/>\n\t<meta name=\"twitter:label2\" content=\"Est. tempo de leitura\" \/>\n\t<meta name=\"twitter:data2\" content=\"4 minutos\" \/>\n<script type=\"application\/ld+json\" class=\"yoast-schema-graph\">{\"@context\":\"https:\/\/schema.org\",\"@graph\":[{\"@type\":\"WebPage\",\"@id\":\"https:\/\/www.dabusarquitetura.com.br\/blog\/futuro-do-arquiteto-dados-e-inteligencia-artificial\/\",\"url\":\"https:\/\/www.dabusarquitetura.com.br\/blog\/futuro-do-arquiteto-dados-e-inteligencia-artificial\/\",\"name\":\"O futuro do arquiteto frente ao uso de dados e intelig\u00eancia artificial\",\"isPartOf\":{\"@id\":\"https:\/\/www.dabusarquitetura.com.br\/blog\/#website\"},\"datePublished\":\"2024-01-22T23:40:41+00:00\",\"dateModified\":\"2024-01-22T23:42:05+00:00\",\"author\":{\"@id\":\"https:\/\/www.dabusarquitetura.com.br\/blog\/#\/schema\/person\/978b78d74759412a1cd43634996237c4\"},\"description\":\"Entenda como ficam a atua\u00e7\u00e3o e o futuro do arquiteto na era dos dados e da IA. Saiba como esse profissional pode explor\u00e1-las!\",\"breadcrumb\":{\"@id\":\"https:\/\/www.dabusarquitetura.com.br\/blog\/futuro-do-arquiteto-dados-e-inteligencia-artificial\/#breadcrumb\"},\"inLanguage\":\"pt-BR\",\"potentialAction\":[{\"@type\":\"ReadAction\",\"target\":[\"https:\/\/www.dabusarquitetura.com.br\/blog\/futuro-do-arquiteto-dados-e-inteligencia-artificial\/\"]}]},{\"@type\":\"BreadcrumbList\",\"@id\":\"https:\/\/www.dabusarquitetura.com.br\/blog\/futuro-do-arquiteto-dados-e-inteligencia-artificial\/#breadcrumb\",\"itemListElement\":[{\"@type\":\"ListItem\",\"position\":1,\"name\":\"In\u00edcio\",\"item\":\"https:\/\/www.dabusarquitetura.com.br\/blog\/\"},{\"@type\":\"ListItem\",\"position\":2,\"name\":\"O futuro do arquiteto frente ao uso de dados e intelig\u00eancia artificial\"}]},{\"@type\":\"WebSite\",\"@id\":\"https:\/\/www.dabusarquitetura.com.br\/blog\/#website\",\"url\":\"https:\/\/www.dabusarquitetura.com.br\/blog\/\",\"name\":\"DABUS ARQUITETURA\",\"description\":\"Arquitetura Corporativa\",\"potentialAction\":[{\"@type\":\"SearchAction\",\"target\":{\"@type\":\"EntryPoint\",\"urlTemplate\":\"https:\/\/www.dabusarquitetura.com.br\/blog\/?s={search_term_string}\"},\"query-input\":\"required name=search_term_string\"}],\"inLanguage\":\"pt-BR\"},{\"@type\":\"Person\",\"@id\":\"https:\/\/www.dabusarquitetura.com.br\/blog\/#\/schema\/person\/978b78d74759412a1cd43634996237c4\",\"name\":\"heloisa.dabus\",\"image\":{\"@type\":\"ImageObject\",\"inLanguage\":\"pt-BR\",\"@id\":\"https:\/\/www.dabusarquitetura.com.br\/blog\/#\/schema\/person\/image\/\",\"url\":\"https:\/\/secure.gravatar.com\/avatar\/4078f4f8e54fb70a99a5e9edc642ecb1?s=96&d=mm&r=g\",\"contentUrl\":\"https:\/\/secure.gravatar.com\/avatar\/4078f4f8e54fb70a99a5e9edc642ecb1?s=96&d=mm&r=g\",\"caption\":\"heloisa.dabus\"},\"url\":\"https:\/\/www.dabusarquitetura.com.br\/blog\/author\/heloisa-dabus\/\"}]}<\/script>\n<!-- \/ Yoast SEO plugin. -->","yoast_head_json":{"title":"O futuro do arquiteto frente ao uso de dados e intelig\u00eancia artificial","description":"Entenda como ficam a atua\u00e7\u00e3o e o futuro do arquiteto na era dos dados e da IA. Saiba como esse profissional pode explor\u00e1-las!","robots":{"index":"index","follow":"follow","max-snippet":"max-snippet:-1","max-image-preview":"max-image-preview:large","max-video-preview":"max-video-preview:-1"},"canonical":"https:\/\/www.dabusarquitetura.com.br\/blog\/futuro-do-arquiteto-dados-e-inteligencia-artificial\/","og_locale":"pt_BR","og_type":"article","og_title":"O futuro do arquiteto frente ao uso de dados e intelig\u00eancia artificial","og_description":"Entenda como ficam a atua\u00e7\u00e3o e o futuro do arquiteto na era dos dados e da IA. Saiba como esse profissional pode explor\u00e1-las!","og_url":"https:\/\/www.dabusarquitetura.com.br\/blog\/futuro-do-arquiteto-dados-e-inteligencia-artificial\/","og_site_name":"DABUS ARQUITETURA","article_published_time":"2024-01-22T23:40:41+00:00","article_modified_time":"2024-01-22T23:42:05+00:00","og_image":[{"url":"https:\/\/www.dabusarquitetura.com.br\/blog\/wp-content\/uploads\/2024\/01\/futuro-arquiteto-dados-ia.png"}],"author":"heloisa.dabus","twitter_card":"summary_large_image","twitter_misc":{"Escrito por":"heloisa.dabus","Est. tempo de leitura":"4 minutos"},"schema":{"@context":"https:\/\/schema.org","@graph":[{"@type":"WebPage","@id":"https:\/\/www.dabusarquitetura.com.br\/blog\/futuro-do-arquiteto-dados-e-inteligencia-artificial\/","url":"https:\/\/www.dabusarquitetura.com.br\/blog\/futuro-do-arquiteto-dados-e-inteligencia-artificial\/","name":"O futuro do arquiteto frente ao uso de dados e intelig\u00eancia artificial","isPartOf":{"@id":"https:\/\/www.dabusarquitetura.com.br\/blog\/#website"},"datePublished":"2024-01-22T23:40:41+00:00","dateModified":"2024-01-22T23:42:05+00:00","author":{"@id":"https:\/\/www.dabusarquitetura.com.br\/blog\/#\/schema\/person\/978b78d74759412a1cd43634996237c4"},"description":"Entenda como ficam a atua\u00e7\u00e3o e o futuro do arquiteto na era dos dados e da IA. Saiba como esse profissional pode explor\u00e1-las!","breadcrumb":{"@id":"https:\/\/www.dabusarquitetura.com.br\/blog\/futuro-do-arquiteto-dados-e-inteligencia-artificial\/#breadcrumb"},"inLanguage":"pt-BR","potentialAction":[{"@type":"ReadAction","target":["https:\/\/www.dabusarquitetura.com.br\/blog\/futuro-do-arquiteto-dados-e-inteligencia-artificial\/"]}]},{"@type":"BreadcrumbList","@id":"https:\/\/www.dabusarquitetura.com.br\/blog\/futuro-do-arquiteto-dados-e-inteligencia-artificial\/#breadcrumb","itemListElement":[{"@type":"ListItem","position":1,"name":"In\u00edcio","item":"https:\/\/www.dabusarquitetura.com.br\/blog\/"},{"@type":"ListItem","position":2,"name":"O futuro do arquiteto frente ao uso de dados e intelig\u00eancia artificial"}]},{"@type":"WebSite","@id":"https:\/\/www.dabusarquitetura.com.br\/blog\/#website","url":"https:\/\/www.dabusarquitetura.com.br\/blog\/","name":"DABUS ARQUITETURA","description":"Arquitetura Corporativa","potentialAction":[{"@type":"SearchAction","target":{"@type":"EntryPoint","urlTemplate":"https:\/\/www.dabusarquitetura.com.br\/blog\/?s={search_term_string}"},"query-input":"required name=search_term_string"}],"inLanguage":"pt-BR"},{"@type":"Person","@id":"https:\/\/www.dabusarquitetura.com.br\/blog\/#\/schema\/person\/978b78d74759412a1cd43634996237c4","name":"heloisa.dabus","image":{"@type":"ImageObject","inLanguage":"pt-BR","@id":"https:\/\/www.dabusarquitetura.com.br\/blog\/#\/schema\/person\/image\/","url":"https:\/\/secure.gravatar.com\/avatar\/4078f4f8e54fb70a99a5e9edc642ecb1?s=96&d=mm&r=g","contentUrl":"https:\/\/secure.gravatar.com\/avatar\/4078f4f8e54fb70a99a5e9edc642ecb1?s=96&d=mm&r=g","caption":"heloisa.dabus"},"url":"https:\/\/www.dabusarquitetura.com.br\/blog\/author\/heloisa-dabus\/"}]}},"_links":{"self":[{"href":"https:\/\/www.dabusarquitetura.com.br\/blog\/wp-json\/wp\/v2\/posts\/17108"}],"collection":[{"href":"https:\/\/www.dabusarquitetura.com.br\/blog\/wp-json\/wp\/v2\/posts"}],"about":[{"href":"https:\/\/www.dabusarquitetura.com.br\/blog\/wp-json\/wp\/v2\/types\/post"}],"author":[{"embeddable":true,"href":"https:\/\/www.dabusarquitetura.com.br\/blog\/wp-json\/wp\/v2\/users\/3"}],"replies":[{"embeddable":true,"href":"https:\/\/www.dabusarquitetura.com.br\/blog\/wp-json\/wp\/v2\/comments?post=17108"}],"version-history":[{"count":4,"href":"https:\/\/www.dabusarquitetura.com.br\/blog\/wp-json\/wp\/v2\/posts\/17108\/revisions"}],"predecessor-version":[{"id":17113,"href":"https:\/\/www.dabusarquitetura.com.br\/blog\/wp-json\/wp\/v2\/posts\/17108\/revisions\/17113"}],"wp:attachment":[{"href":"https:\/\/www.dabusarquitetura.com.br\/blog\/wp-json\/wp\/v2\/media?parent=17108"}],"wp:term":[{"taxonomy":"category","embeddable":true,"href":"https:\/\/www.dabusarquitetura.com.br\/blog\/wp-json\/wp\/v2\/categories?post=17108"},{"taxonomy":"post_tag","embeddable":true,"href":"https:\/\/www.dabusarquitetura.com.br\/blog\/wp-json\/wp\/v2\/tags?post=17108"}],"curies":[{"name":"wp","href":"https:\/\/api.w.org\/{rel}","templated":true}]}}