{"id":17102,"date":"2024-01-15T13:51:08","date_gmt":"2024-01-15T10:51:08","guid":{"rendered":"https:\/\/www.dabusarquitetura.com.br\/blog\/?p=17102"},"modified":"2024-01-15T13:51:09","modified_gmt":"2024-01-15T10:51:09","slug":"beneficios-design-escolar-sustentavel","status":"publish","type":"post","link":"https:\/\/www.dabusarquitetura.com.br\/blog\/beneficios-design-escolar-sustentavel\/","title":{"rendered":"Import\u00e2ncia e benef\u00edcios do design escolar sustent\u00e1vel"},"content":{"rendered":"<div class=\"wp-block-image\">\n<figure class=\"aligncenter size-full\"><img decoding=\"async\" loading=\"lazy\" width=\"834\" height=\"317\" src=\"https:\/\/www.dabusarquitetura.com.br\/blog\/wp-content\/uploads\/2024\/01\/design-escolar-sustentavel.png\" alt=\"Design escolar sustent\u00e1vel\" class=\"wp-image-17104\" title=\"Imagem meramente ilustrativa\" srcset=\"https:\/\/www.dabusarquitetura.com.br\/blog\/wp-content\/uploads\/2024\/01\/design-escolar-sustentavel.png 834w, https:\/\/www.dabusarquitetura.com.br\/blog\/wp-content\/uploads\/2024\/01\/design-escolar-sustentavel-300x114.png 300w, https:\/\/www.dabusarquitetura.com.br\/blog\/wp-content\/uploads\/2024\/01\/design-escolar-sustentavel-768x292.png 768w\" sizes=\"(max-width: 834px) 100vw, 834px\" \/><\/figure><\/div>\n\n\n<p>Ao olharmos para o futuro da educa\u00e7\u00e3o \u00e9 crucial considerar n\u00e3o apenas o que ensinamos, mas tamb\u00e9m onde ensinamos. O <strong>design escolar sustent\u00e1vel <\/strong>emerge como um pilar fundamental para moldar ambientes educacionais que n\u00e3o apenas acolhem o aprendizado, mas tamb\u00e9m respeitam e protegem nosso precioso planeta.&nbsp;<\/p>\n\n\n\n<p>Hoje, vamos explorar por que o design sustent\u00e1vel \u00e9 t\u00e3o vital para as escolas e os diversos benef\u00edcios que ele proporciona \u00e0 comunidade escolar, aos alunos e ao processo de ensino-aprendizagem.<\/p>\n\n\n\n<h2 class=\"wp-block-heading\">Por que o design escolar sustent\u00e1vel \u00e9 crucial?<\/h2>\n\n\n\n<p>Confira a seguir 3 raz\u00f5es fundamentais.<\/p>\n\n\n\n<h3 class=\"wp-block-heading\">Responsabilidade ambiental<\/h3>\n\n\n\n<p>O design sustent\u00e1vel nas escolas reflete a preocupa\u00e7\u00e3o global com a sustentabilidade. Assim, ao adotar pr\u00e1ticas e materiais eco-friendly, as institui\u00e7\u00f5es educacionais demonstram responsabilidade ambiental, oferecendo um <strong>exemplo pr\u00e1tico de como \u00e9 poss\u00edvel reduzir o impacto negativo no meio ambiente<\/strong>.<\/p>\n\n\n\n<h3 class=\"wp-block-heading\">Inspira\u00e7\u00e3o para as gera\u00e7\u00f5es futuras<\/h3>\n\n\n\n<p>Escolas s\u00e3o locais de forma\u00e7\u00e3o, sobretudo, de mentes jovens. Ao incorporar elementos de <a href=\"https:\/\/www.dabusarquitetura.com.br\/blog\/green-design-design-sustentavel-diferencas\/\"><strong>design sustent\u00e1vel<\/strong><\/a>, elas inspiram os alunos a <strong>pensar de forma cr\u00edtica sobre seu impacto no planeta<\/strong>. Isso n\u00e3o apenas educa, mas tamb\u00e9m cria cidad\u00e3os conscientes e comprometidos com a preserva\u00e7\u00e3o do meio ambiente.<\/p>\n\n\n\n<h3 class=\"wp-block-heading\">Efici\u00eancia energ\u00e9tica e redu\u00e7\u00e3o de desperd\u00edcio<\/h3>\n\n\n\n<p>O design sustent\u00e1vel visa otimizar o uso de recursos, promovendo efici\u00eancia energ\u00e9tica e redu\u00e7\u00e3o de desperd\u00edcio. Instala\u00e7\u00f5es que incorporam energia renov\u00e1vel, sistemas de ilumina\u00e7\u00e3o eficientes e gest\u00e3o inteligente de res\u00edduos n\u00e3o s\u00f3 economizam recursos, mas tamb\u00e9m <strong>reduzem custos operacionais<\/strong>.<\/p>\n\n\n\n<h2 class=\"wp-block-heading\">Benef\u00edcios do design escolar sustent\u00e1vel para a comunidade<\/h2>\n\n\n\n<p>Acompanhe a seguir.<\/p>\n\n\n\n<h3 class=\"wp-block-heading\">Ambiente de aprendizado apraz\u00edvel<\/h3>\n\n\n\n<p>O design sustent\u00e1vel cria ambientes escolares mais agrad\u00e1veis e saud\u00e1veis. A utiliza\u00e7\u00e3o de materiais naturais, ilumina\u00e7\u00e3o adequada e espa\u00e7os verdes melhora a qualidade do ar e tamb\u00e9m promove um ambiente prop\u00edcio para o aprendizado.<\/p>\n\n\n\n<h3 class=\"wp-block-heading\">Envolvimento da comunidade<\/h3>\n\n\n\n<p>Projetos sustent\u00e1veis muitas vezes envolvem a comunidade local. Isso fortalece os la\u00e7os entre a escola e os residentes, promovendo um <strong>senso de pertencimento e coopera\u00e7\u00e3o<\/strong>.<\/p>\n\n\n\n<h3 class=\"wp-block-heading\">Educa\u00e7\u00e3o pr\u00e1tica<\/h3>\n\n\n\n<p>O design sustent\u00e1vel proporciona oportunidades pr\u00e1ticas de <strong>educa\u00e7\u00e3o ambiental<\/strong>. Ent\u00e3o, a presen\u00e7a de elementos sustent\u00e1veis nas instala\u00e7\u00f5es educacionais oferece aos alunos a chance de vivenciar e compreender conceitos fundamentais de forma tang\u00edvel.<\/p>\n\n\n\n<h2 class=\"wp-block-heading\">Benef\u00edcios para os alunos e o processo de ensino-aprendizagem<\/h2>\n\n\n\n<p>O design escolar sustent\u00e1vel \u00e9 capaz de proporcionar benef\u00edcios como:<\/p>\n\n\n\n<h3 class=\"wp-block-heading\">Desenvolvimento de consci\u00eancia cr\u00edtica<\/h3>\n\n\n\n<p>Ambientes sustent\u00e1veis estimulam o pensamento cr\u00edtico. Ao interagir com esses espa\u00e7os, <strong>os alunos s\u00e3o incentivados a questionar<\/strong>, entender e buscar solu\u00e7\u00f5es inovadoras para desafios ambientais.<\/p>\n\n\n\n<h3 class=\"wp-block-heading\">Bem-estar e sa\u00fade mental<\/h3>\n\n\n\n<p>Ambientes naturais e bem projetados contribuem para o bem-estar dos alunos. Por isso, a conex\u00e3o com a natureza e a qualidade do ambiente f\u00edsico t\u00eam <strong>impacto positivo na sa\u00fade mental e na disposi\u00e7\u00e3o para o aprendizado<\/strong>.<\/p>\n\n\n\n<h3 class=\"wp-block-heading\">Prepara\u00e7\u00e3o para o futuro<\/h3>\n\n\n\n<p>Ao serem expostos a pr\u00e1ticas sustent\u00e1veis desde cedo, os alunos ficam mais bem preparados para enfrentar os desafios futuros. Isso cria uma <strong>mentalidade voltada para a inova\u00e7\u00e3o<\/strong> e a busca de solu\u00e7\u00f5es sustent\u00e1veis em suas vidas pessoais e profissionais.<\/p>\n\n\n\n<p>Sem d\u00favida, o design escolar sustent\u00e1vel transcende a est\u00e9tica, transformando as escolas em espa\u00e7os educativos que <strong>inspiram, educam e moldam as gera\u00e7\u00f5es futuras<\/strong>.&nbsp;<\/p>\n\n\n\n<p>Portanto, ao investir em ambientes sustent\u00e1veis, estamos investindo n\u00e3o apenas na educa\u00e7\u00e3o, mas tamb\u00e9m em um <strong>futuro mais promissor e equilibrado para todos<\/strong>.<\/p>\n\n\n\n<p>Chame no <a href=\"https:\/\/api.whatsapp.com\/send?l=pt&amp;phone=5511983276060\"><strong>WhatsApp (11) 98327-6060<\/strong><\/a> e saiba como podemos desenvolver o projeto arquitet\u00f4nico da sua institui\u00e7\u00e3o.<\/p>\n","protected":false},"excerpt":{"rendered":"<p>Ao olharmos para o futuro da educa\u00e7\u00e3o \u00e9 crucial considerar n\u00e3o apenas o que ensinamos, mas tamb\u00e9m onde ensinamos. O design escolar sustent\u00e1vel emerge como [&hellip;]<\/p>\n","protected":false},"author":3,"featured_media":17104,"comment_status":"open","ping_status":"open","sticky":false,"template":"","format":"standard","meta":[],"categories":[268],"tags":[],"yoast_head":"<!-- This site is optimized with the Yoast SEO plugin v20.8 - https:\/\/yoast.com\/wordpress\/plugins\/seo\/ -->\n<title>Import\u00e2ncia e benef\u00edcios do design escolar sustent\u00e1vel<\/title>\n<meta name=\"description\" content=\"O design escolar sustent\u00e1vel \u00e9 uma necessidade urgente na Arquitetura. Al\u00e9m de criar espa\u00e7os mais agrad\u00e1veis, incentiva o senso cr\u00edtico.\" \/>\n<meta name=\"robots\" content=\"index, follow, max-snippet:-1, max-image-preview:large, max-video-preview:-1\" \/>\n<link rel=\"canonical\" href=\"https:\/\/www.dabusarquitetura.com.br\/blog\/beneficios-design-escolar-sustentavel\/\" \/>\n<meta property=\"og:locale\" content=\"pt_BR\" \/>\n<meta property=\"og:type\" content=\"article\" \/>\n<meta property=\"og:title\" content=\"Import\u00e2ncia e benef\u00edcios do design escolar sustent\u00e1vel\" \/>\n<meta property=\"og:description\" content=\"O design escolar sustent\u00e1vel \u00e9 uma necessidade urgente na Arquitetura. Al\u00e9m de criar espa\u00e7os mais agrad\u00e1veis, incentiva o senso cr\u00edtico.\" \/>\n<meta property=\"og:url\" content=\"https:\/\/www.dabusarquitetura.com.br\/blog\/beneficios-design-escolar-sustentavel\/\" \/>\n<meta property=\"og:site_name\" content=\"DABUS ARQUITETURA\" \/>\n<meta property=\"article:published_time\" content=\"2024-01-15T10:51:08+00:00\" \/>\n<meta property=\"article:modified_time\" content=\"2024-01-15T10:51:09+00:00\" \/>\n<meta property=\"og:image\" content=\"http:\/\/www.dabusarquitetura.com.br\/blog\/wp-content\/uploads\/2024\/01\/design-escolar-sustentavel.png\" \/>\n\t<meta property=\"og:image:width\" content=\"834\" \/>\n\t<meta property=\"og:image:height\" content=\"317\" \/>\n\t<meta property=\"og:image:type\" content=\"image\/png\" \/>\n<meta name=\"author\" content=\"heloisa.dabus\" \/>\n<meta name=\"twitter:card\" content=\"summary_large_image\" \/>\n<meta name=\"twitter:label1\" content=\"Escrito por\" \/>\n\t<meta name=\"twitter:data1\" content=\"heloisa.dabus\" \/>\n\t<meta name=\"twitter:label2\" content=\"Est. tempo de leitura\" \/>\n\t<meta name=\"twitter:data2\" content=\"4 minutos\" \/>\n<script type=\"application\/ld+json\" class=\"yoast-schema-graph\">{\"@context\":\"https:\/\/schema.org\",\"@graph\":[{\"@type\":\"WebPage\",\"@id\":\"https:\/\/www.dabusarquitetura.com.br\/blog\/beneficios-design-escolar-sustentavel\/\",\"url\":\"https:\/\/www.dabusarquitetura.com.br\/blog\/beneficios-design-escolar-sustentavel\/\",\"name\":\"Import\u00e2ncia e benef\u00edcios do design escolar sustent\u00e1vel\",\"isPartOf\":{\"@id\":\"https:\/\/www.dabusarquitetura.com.br\/blog\/#website\"},\"datePublished\":\"2024-01-15T10:51:08+00:00\",\"dateModified\":\"2024-01-15T10:51:09+00:00\",\"author\":{\"@id\":\"https:\/\/www.dabusarquitetura.com.br\/blog\/#\/schema\/person\/978b78d74759412a1cd43634996237c4\"},\"description\":\"O design escolar sustent\u00e1vel \u00e9 uma necessidade urgente na Arquitetura. Al\u00e9m de criar espa\u00e7os mais agrad\u00e1veis, incentiva o senso cr\u00edtico.\",\"breadcrumb\":{\"@id\":\"https:\/\/www.dabusarquitetura.com.br\/blog\/beneficios-design-escolar-sustentavel\/#breadcrumb\"},\"inLanguage\":\"pt-BR\",\"potentialAction\":[{\"@type\":\"ReadAction\",\"target\":[\"https:\/\/www.dabusarquitetura.com.br\/blog\/beneficios-design-escolar-sustentavel\/\"]}]},{\"@type\":\"BreadcrumbList\",\"@id\":\"https:\/\/www.dabusarquitetura.com.br\/blog\/beneficios-design-escolar-sustentavel\/#breadcrumb\",\"itemListElement\":[{\"@type\":\"ListItem\",\"position\":1,\"name\":\"In\u00edcio\",\"item\":\"https:\/\/www.dabusarquitetura.com.br\/blog\/\"},{\"@type\":\"ListItem\",\"position\":2,\"name\":\"Import\u00e2ncia e benef\u00edcios do design escolar sustent\u00e1vel\"}]},{\"@type\":\"WebSite\",\"@id\":\"https:\/\/www.dabusarquitetura.com.br\/blog\/#website\",\"url\":\"https:\/\/www.dabusarquitetura.com.br\/blog\/\",\"name\":\"DABUS ARQUITETURA\",\"description\":\"Arquitetura Corporativa\",\"potentialAction\":[{\"@type\":\"SearchAction\",\"target\":{\"@type\":\"EntryPoint\",\"urlTemplate\":\"https:\/\/www.dabusarquitetura.com.br\/blog\/?s={search_term_string}\"},\"query-input\":\"required name=search_term_string\"}],\"inLanguage\":\"pt-BR\"},{\"@type\":\"Person\",\"@id\":\"https:\/\/www.dabusarquitetura.com.br\/blog\/#\/schema\/person\/978b78d74759412a1cd43634996237c4\",\"name\":\"heloisa.dabus\",\"image\":{\"@type\":\"ImageObject\",\"inLanguage\":\"pt-BR\",\"@id\":\"https:\/\/www.dabusarquitetura.com.br\/blog\/#\/schema\/person\/image\/\",\"url\":\"https:\/\/secure.gravatar.com\/avatar\/4078f4f8e54fb70a99a5e9edc642ecb1?s=96&d=mm&r=g\",\"contentUrl\":\"https:\/\/secure.gravatar.com\/avatar\/4078f4f8e54fb70a99a5e9edc642ecb1?s=96&d=mm&r=g\",\"caption\":\"heloisa.dabus\"},\"url\":\"https:\/\/www.dabusarquitetura.com.br\/blog\/author\/heloisa-dabus\/\"}]}<\/script>\n<!-- \/ Yoast SEO plugin. -->","yoast_head_json":{"title":"Import\u00e2ncia e benef\u00edcios do design escolar sustent\u00e1vel","description":"O design escolar sustent\u00e1vel \u00e9 uma necessidade urgente na Arquitetura. Al\u00e9m de criar espa\u00e7os mais agrad\u00e1veis, incentiva o senso cr\u00edtico.","robots":{"index":"index","follow":"follow","max-snippet":"max-snippet:-1","max-image-preview":"max-image-preview:large","max-video-preview":"max-video-preview:-1"},"canonical":"https:\/\/www.dabusarquitetura.com.br\/blog\/beneficios-design-escolar-sustentavel\/","og_locale":"pt_BR","og_type":"article","og_title":"Import\u00e2ncia e benef\u00edcios do design escolar sustent\u00e1vel","og_description":"O design escolar sustent\u00e1vel \u00e9 uma necessidade urgente na Arquitetura. Al\u00e9m de criar espa\u00e7os mais agrad\u00e1veis, incentiva o senso cr\u00edtico.","og_url":"https:\/\/www.dabusarquitetura.com.br\/blog\/beneficios-design-escolar-sustentavel\/","og_site_name":"DABUS ARQUITETURA","article_published_time":"2024-01-15T10:51:08+00:00","article_modified_time":"2024-01-15T10:51:09+00:00","og_image":[{"width":834,"height":317,"url":"http:\/\/www.dabusarquitetura.com.br\/blog\/wp-content\/uploads\/2024\/01\/design-escolar-sustentavel.png","type":"image\/png"}],"author":"heloisa.dabus","twitter_card":"summary_large_image","twitter_misc":{"Escrito por":"heloisa.dabus","Est. tempo de leitura":"4 minutos"},"schema":{"@context":"https:\/\/schema.org","@graph":[{"@type":"WebPage","@id":"https:\/\/www.dabusarquitetura.com.br\/blog\/beneficios-design-escolar-sustentavel\/","url":"https:\/\/www.dabusarquitetura.com.br\/blog\/beneficios-design-escolar-sustentavel\/","name":"Import\u00e2ncia e benef\u00edcios do design escolar sustent\u00e1vel","isPartOf":{"@id":"https:\/\/www.dabusarquitetura.com.br\/blog\/#website"},"datePublished":"2024-01-15T10:51:08+00:00","dateModified":"2024-01-15T10:51:09+00:00","author":{"@id":"https:\/\/www.dabusarquitetura.com.br\/blog\/#\/schema\/person\/978b78d74759412a1cd43634996237c4"},"description":"O design escolar sustent\u00e1vel \u00e9 uma necessidade urgente na Arquitetura. Al\u00e9m de criar espa\u00e7os mais agrad\u00e1veis, incentiva o senso cr\u00edtico.","breadcrumb":{"@id":"https:\/\/www.dabusarquitetura.com.br\/blog\/beneficios-design-escolar-sustentavel\/#breadcrumb"},"inLanguage":"pt-BR","potentialAction":[{"@type":"ReadAction","target":["https:\/\/www.dabusarquitetura.com.br\/blog\/beneficios-design-escolar-sustentavel\/"]}]},{"@type":"BreadcrumbList","@id":"https:\/\/www.dabusarquitetura.com.br\/blog\/beneficios-design-escolar-sustentavel\/#breadcrumb","itemListElement":[{"@type":"ListItem","position":1,"name":"In\u00edcio","item":"https:\/\/www.dabusarquitetura.com.br\/blog\/"},{"@type":"ListItem","position":2,"name":"Import\u00e2ncia e benef\u00edcios do design escolar sustent\u00e1vel"}]},{"@type":"WebSite","@id":"https:\/\/www.dabusarquitetura.com.br\/blog\/#website","url":"https:\/\/www.dabusarquitetura.com.br\/blog\/","name":"DABUS ARQUITETURA","description":"Arquitetura Corporativa","potentialAction":[{"@type":"SearchAction","target":{"@type":"EntryPoint","urlTemplate":"https:\/\/www.dabusarquitetura.com.br\/blog\/?s={search_term_string}"},"query-input":"required name=search_term_string"}],"inLanguage":"pt-BR"},{"@type":"Person","@id":"https:\/\/www.dabusarquitetura.com.br\/blog\/#\/schema\/person\/978b78d74759412a1cd43634996237c4","name":"heloisa.dabus","image":{"@type":"ImageObject","inLanguage":"pt-BR","@id":"https:\/\/www.dabusarquitetura.com.br\/blog\/#\/schema\/person\/image\/","url":"https:\/\/secure.gravatar.com\/avatar\/4078f4f8e54fb70a99a5e9edc642ecb1?s=96&d=mm&r=g","contentUrl":"https:\/\/secure.gravatar.com\/avatar\/4078f4f8e54fb70a99a5e9edc642ecb1?s=96&d=mm&r=g","caption":"heloisa.dabus"},"url":"https:\/\/www.dabusarquitetura.com.br\/blog\/author\/heloisa-dabus\/"}]}},"_links":{"self":[{"href":"https:\/\/www.dabusarquitetura.com.br\/blog\/wp-json\/wp\/v2\/posts\/17102"}],"collection":[{"href":"https:\/\/www.dabusarquitetura.com.br\/blog\/wp-json\/wp\/v2\/posts"}],"about":[{"href":"https:\/\/www.dabusarquitetura.com.br\/blog\/wp-json\/wp\/v2\/types\/post"}],"author":[{"embeddable":true,"href":"https:\/\/www.dabusarquitetura.com.br\/blog\/wp-json\/wp\/v2\/users\/3"}],"replies":[{"embeddable":true,"href":"https:\/\/www.dabusarquitetura.com.br\/blog\/wp-json\/wp\/v2\/comments?post=17102"}],"version-history":[{"count":3,"href":"https:\/\/www.dabusarquitetura.com.br\/blog\/wp-json\/wp\/v2\/posts\/17102\/revisions"}],"predecessor-version":[{"id":17106,"href":"https:\/\/www.dabusarquitetura.com.br\/blog\/wp-json\/wp\/v2\/posts\/17102\/revisions\/17106"}],"wp:featuredmedia":[{"embeddable":true,"href":"https:\/\/www.dabusarquitetura.com.br\/blog\/wp-json\/wp\/v2\/media\/17104"}],"wp:attachment":[{"href":"https:\/\/www.dabusarquitetura.com.br\/blog\/wp-json\/wp\/v2\/media?parent=17102"}],"wp:term":[{"taxonomy":"category","embeddable":true,"href":"https:\/\/www.dabusarquitetura.com.br\/blog\/wp-json\/wp\/v2\/categories?post=17102"},{"taxonomy":"post_tag","embeddable":true,"href":"https:\/\/www.dabusarquitetura.com.br\/blog\/wp-json\/wp\/v2\/tags?post=17102"}],"curies":[{"name":"wp","href":"https:\/\/api.w.org\/{rel}","templated":true}]}}