{"id":16973,"date":"2023-10-23T03:25:37","date_gmt":"2023-10-23T00:25:37","guid":{"rendered":"https:\/\/www.dabusarquitetura.com.br\/blog\/?p=16973"},"modified":"2023-10-23T04:27:35","modified_gmt":"2023-10-23T01:27:35","slug":"projeto-de-readequacao-escritorio-trans-ferrari","status":"publish","type":"post","link":"https:\/\/www.dabusarquitetura.com.br\/blog\/projeto-de-readequacao-escritorio-trans-ferrari\/","title":{"rendered":"Conhe\u00e7a o projeto de readequa\u00e7\u00e3o do escrit\u00f3rio da Trans Ferrari"},"content":{"rendered":"<div class=\"wp-block-image\">\n<figure class=\"aligncenter size-full\"><img decoding=\"async\" loading=\"lazy\" width=\"834\" height=\"317\" src=\"https:\/\/www.dabusarquitetura.com.br\/blog\/wp-content\/uploads\/2023\/10\/projeto-readequacao-escritorio-transferrari.png\" alt=\"Projeto de readequa\u00e7\u00e3o Trans Ferrari\" class=\"wp-image-16983\" title=\"Projeto DABUS ARQUITETURA\" srcset=\"https:\/\/www.dabusarquitetura.com.br\/blog\/wp-content\/uploads\/2023\/10\/projeto-readequacao-escritorio-transferrari.png 834w, https:\/\/www.dabusarquitetura.com.br\/blog\/wp-content\/uploads\/2023\/10\/projeto-readequacao-escritorio-transferrari-300x114.png 300w, https:\/\/www.dabusarquitetura.com.br\/blog\/wp-content\/uploads\/2023\/10\/projeto-readequacao-escritorio-transferrari-768x292.png 768w\" sizes=\"(max-width: 834px) 100vw, 834px\" \/><\/figure><\/div>\n\n\n<p>Um <strong>projeto de readequa\u00e7\u00e3o<\/strong> exige total sintonia com a identidade da marca, a cultura corporativa e as necessidades da organiza\u00e7\u00e3o. Por isso, para cumprir o desafio, \u00e9 indispon\u00edvel contar com uma <strong>equipe experiente e multidisciplinar<\/strong>.&nbsp;<\/p>\n\n\n\n<p>No post de hoje, contaremos sobre o <strong>projeto de Arquitetura Corporativa<\/strong> que desenvolvemos para a <strong>Trans Ferrari<\/strong>, empresa do segmento de transportes e log\u00edstica.<\/p>\n\n\n\n<p>Al\u00e9m disso, claro, mostraremos os ambientes desenvolvidos. O resultado ficou incr\u00edvel! E voc\u00ea pode acompanhar a seguir.<\/p>\n\n\n\n<h2 class=\"wp-block-heading\">Sobre a Trans Ferrari<\/h2>\n\n\n\n<p>Desde 1997, a <a href=\"https:\/\/www.transferrari.com.br\/\" target=\"_blank\" rel=\"noreferrer noopener\"><strong>Trans Ferrari<\/strong><\/a><strong> <\/strong>tem sido um nome confi\u00e1vel no mercado de transportes e log\u00edstica, sediada na vibrante cidade de Embu das Artes, no estado de S\u00e3o Paulo.<\/p>\n\n\n\n<p>Comprometida com a agilidade e a pontualidade, a marca \u00e9 sin\u00f4nimo de experi\u00eancia e dinamismo, sempre pronta para atender \u00e0s crescentes necessidades de seus clientes.&nbsp;<\/p>\n\n\n\n<p>O time especializado, altamente <strong>treinado e focado em inova\u00e7\u00e3o<\/strong>, tem sido a espinha dorsal do sucesso cont\u00ednuo da empresa.<\/p>\n\n\n\n<h3 class=\"wp-block-heading\"><strong>Sobre o projeto de readequa\u00e7\u00e3o do escrit\u00f3rio<\/strong><\/h3>\n\n\n\n<p>Em 2022, a Trans Ferrari embarcou em um emocionante projeto de readequa\u00e7\u00e3o de seu escrit\u00f3rio, que abrange uma <strong>\u00e1rea de impressionantes 1.128 m\u00b2<\/strong>, distribu\u00eddos em cinco andares.<\/p>\n\n\n\n<p>A miss\u00e3o era clara: <strong>trazer a identidade da marca para todo o ambiente interno<\/strong>, criando espa\u00e7os que refletissem o compromisso da comunh\u00e3o com a excel\u00eancia.<\/p>\n\n\n\n<p>O objetivo foi ir al\u00e9m da simples renova\u00e7\u00e3o est\u00e9tica. Portanto, buscamos n\u00e3o s\u00f3 dar nova vida \u00e0s ocupa\u00e7\u00f5es, como tamb\u00e9m refletir a cultura do neg\u00f3cio e proporcionar condi\u00e7\u00f5es para <strong>otimizar a produtividade<\/strong> dos colaboradores.<\/p>\n\n\n\n<p>O projeto seguiu diretrizes claras e ambiciosas. A primeira delas era <strong>incorporar elementos e cores da marca<\/strong> em todos os detalhes arquitet\u00f4nicos e de comunica\u00e7\u00e3o visual. Desse modo, as medidas n\u00e3o apenas criaram uma atmosfera coesa, mas tamb\u00e9m <strong>transmitiram a identidade da empresa de forma v\u00edvida e memor\u00e1vel<\/strong>.&nbsp;<\/p>\n\n\n\n<p>As esta\u00e7\u00f5es de trabalho, tanto individuais quanto coletivas, foram projetadas para proporcionar um <strong>ambiente prop\u00edcio \u00e0 colabora\u00e7\u00e3o e inova\u00e7\u00e3o<\/strong>, estimulando um comportamento din\u00e2mico e interativo.<\/p>\n\n\n\n<p>Al\u00e9m disso, foram criadas <strong>\u00e1reas de descompress\u00e3o<\/strong> para a equipe, reconhecendo a import\u00e2ncia do equil\u00edbrio entre a produtividade e o bem-estar. Assim, foram inclu\u00eddos espa\u00e7os para relaxamento, \u00e1reas para refei\u00e7\u00f5es e locais destinados \u00e0 criatividade e ao networking.<\/p>\n\n\n<div class=\"wp-block-image\">\n<figure class=\"aligncenter size-full\"><img decoding=\"async\" loading=\"lazy\" width=\"1000\" height=\"667\" src=\"https:\/\/www.dabusarquitetura.com.br\/blog\/wp-content\/uploads\/2023\/10\/arquitetura-corporativa-trans-ferrari-1.png\" alt=\"Trans Ferrari\" class=\"wp-image-16985\" title=\"Projeto DABUS ARQUITETURA\" srcset=\"https:\/\/www.dabusarquitetura.com.br\/blog\/wp-content\/uploads\/2023\/10\/arquitetura-corporativa-trans-ferrari-1.png 1000w, https:\/\/www.dabusarquitetura.com.br\/blog\/wp-content\/uploads\/2023\/10\/arquitetura-corporativa-trans-ferrari-1-300x200.png 300w, https:\/\/www.dabusarquitetura.com.br\/blog\/wp-content\/uploads\/2023\/10\/arquitetura-corporativa-trans-ferrari-1-768x512.png 768w\" sizes=\"(max-width: 1000px) 100vw, 1000px\" \/><\/figure><\/div>\n\n<div class=\"wp-block-image\">\n<figure class=\"aligncenter size-full\"><img decoding=\"async\" loading=\"lazy\" width=\"1000\" height=\"667\" src=\"https:\/\/www.dabusarquitetura.com.br\/blog\/wp-content\/uploads\/2023\/10\/arquitetura-corporativa-trans-ferrari-2.png\" alt=\"Trans Ferrari\" class=\"wp-image-16986\" title=\"Projeto DABUS ARQUITETURA\" srcset=\"https:\/\/www.dabusarquitetura.com.br\/blog\/wp-content\/uploads\/2023\/10\/arquitetura-corporativa-trans-ferrari-2.png 1000w, https:\/\/www.dabusarquitetura.com.br\/blog\/wp-content\/uploads\/2023\/10\/arquitetura-corporativa-trans-ferrari-2-300x200.png 300w, https:\/\/www.dabusarquitetura.com.br\/blog\/wp-content\/uploads\/2023\/10\/arquitetura-corporativa-trans-ferrari-2-768x512.png 768w\" sizes=\"(max-width: 1000px) 100vw, 1000px\" \/><\/figure><\/div>\n\n<div class=\"wp-block-image\">\n<figure class=\"aligncenter size-full\"><img decoding=\"async\" loading=\"lazy\" width=\"1000\" height=\"667\" src=\"https:\/\/www.dabusarquitetura.com.br\/blog\/wp-content\/uploads\/2023\/10\/arquitetura-corporativa-trans-ferrari-3.png\" alt=\"Trans Ferrari\" class=\"wp-image-16987\" title=\"Projeto DABUS ARQUITETURA\" srcset=\"https:\/\/www.dabusarquitetura.com.br\/blog\/wp-content\/uploads\/2023\/10\/arquitetura-corporativa-trans-ferrari-3.png 1000w, https:\/\/www.dabusarquitetura.com.br\/blog\/wp-content\/uploads\/2023\/10\/arquitetura-corporativa-trans-ferrari-3-300x200.png 300w, https:\/\/www.dabusarquitetura.com.br\/blog\/wp-content\/uploads\/2023\/10\/arquitetura-corporativa-trans-ferrari-3-768x512.png 768w\" sizes=\"(max-width: 1000px) 100vw, 1000px\" \/><\/figure><\/div>\n\n<div class=\"wp-block-image\">\n<figure class=\"aligncenter size-full\"><img decoding=\"async\" loading=\"lazy\" width=\"1000\" height=\"667\" src=\"https:\/\/www.dabusarquitetura.com.br\/blog\/wp-content\/uploads\/2023\/10\/arquitetura-corporativa-trans-ferrari-4.png\" alt=\"Trans Ferrari\" class=\"wp-image-16988\" title=\"Projeto DABUS ARQUITETURA\" srcset=\"https:\/\/www.dabusarquitetura.com.br\/blog\/wp-content\/uploads\/2023\/10\/arquitetura-corporativa-trans-ferrari-4.png 1000w, https:\/\/www.dabusarquitetura.com.br\/blog\/wp-content\/uploads\/2023\/10\/arquitetura-corporativa-trans-ferrari-4-300x200.png 300w, https:\/\/www.dabusarquitetura.com.br\/blog\/wp-content\/uploads\/2023\/10\/arquitetura-corporativa-trans-ferrari-4-768x512.png 768w\" sizes=\"(max-width: 1000px) 100vw, 1000px\" \/><\/figure><\/div>\n\n<div class=\"wp-block-image\">\n<figure class=\"aligncenter size-full\"><img decoding=\"async\" loading=\"lazy\" width=\"1000\" height=\"667\" src=\"https:\/\/www.dabusarquitetura.com.br\/blog\/wp-content\/uploads\/2023\/10\/arquitetura-corporativa-trans-ferrari-5.png\" alt=\"Trans Ferrari\" class=\"wp-image-16989\" title=\"Projeto DABUS ARQUITETURA\" srcset=\"https:\/\/www.dabusarquitetura.com.br\/blog\/wp-content\/uploads\/2023\/10\/arquitetura-corporativa-trans-ferrari-5.png 1000w, https:\/\/www.dabusarquitetura.com.br\/blog\/wp-content\/uploads\/2023\/10\/arquitetura-corporativa-trans-ferrari-5-300x200.png 300w, https:\/\/www.dabusarquitetura.com.br\/blog\/wp-content\/uploads\/2023\/10\/arquitetura-corporativa-trans-ferrari-5-768x512.png 768w\" sizes=\"(max-width: 1000px) 100vw, 1000px\" \/><\/figure><\/div>\n\n<div class=\"wp-block-image\">\n<figure class=\"aligncenter size-full\"><img decoding=\"async\" loading=\"lazy\" width=\"1000\" height=\"667\" src=\"https:\/\/www.dabusarquitetura.com.br\/blog\/wp-content\/uploads\/2023\/10\/arquitetura-corporativa-trans-ferrari-6.png\" alt=\"Trans Ferrari\" class=\"wp-image-16990\" title=\"Projeto DABUS ARQUITETURA\" srcset=\"https:\/\/www.dabusarquitetura.com.br\/blog\/wp-content\/uploads\/2023\/10\/arquitetura-corporativa-trans-ferrari-6.png 1000w, https:\/\/www.dabusarquitetura.com.br\/blog\/wp-content\/uploads\/2023\/10\/arquitetura-corporativa-trans-ferrari-6-300x200.png 300w, https:\/\/www.dabusarquitetura.com.br\/blog\/wp-content\/uploads\/2023\/10\/arquitetura-corporativa-trans-ferrari-6-768x512.png 768w\" sizes=\"(max-width: 1000px) 100vw, 1000px\" \/><\/figure><\/div>\n\n<div class=\"wp-block-image\">\n<figure class=\"aligncenter size-full\"><img decoding=\"async\" loading=\"lazy\" width=\"1000\" height=\"667\" src=\"https:\/\/www.dabusarquitetura.com.br\/blog\/wp-content\/uploads\/2023\/10\/arquitetura-corporativa-trans-ferrari-7.png\" alt=\"Trans Ferrari\" class=\"wp-image-16991\" title=\"Projeto DABUS ARQUITETURA\" srcset=\"https:\/\/www.dabusarquitetura.com.br\/blog\/wp-content\/uploads\/2023\/10\/arquitetura-corporativa-trans-ferrari-7.png 1000w, https:\/\/www.dabusarquitetura.com.br\/blog\/wp-content\/uploads\/2023\/10\/arquitetura-corporativa-trans-ferrari-7-300x200.png 300w, https:\/\/www.dabusarquitetura.com.br\/blog\/wp-content\/uploads\/2023\/10\/arquitetura-corporativa-trans-ferrari-7-768x512.png 768w\" sizes=\"(max-width: 1000px) 100vw, 1000px\" \/><\/figure><\/div>\n\n<div class=\"wp-block-image\">\n<figure class=\"aligncenter size-full\"><img decoding=\"async\" loading=\"lazy\" width=\"1000\" height=\"667\" src=\"https:\/\/www.dabusarquitetura.com.br\/blog\/wp-content\/uploads\/2023\/10\/arquitetura-corporativa-trans-ferrari-8.png\" alt=\"Trans Ferrari\" class=\"wp-image-16992\" title=\"Projeto DABUS ARQUITETURA\" srcset=\"https:\/\/www.dabusarquitetura.com.br\/blog\/wp-content\/uploads\/2023\/10\/arquitetura-corporativa-trans-ferrari-8.png 1000w, https:\/\/www.dabusarquitetura.com.br\/blog\/wp-content\/uploads\/2023\/10\/arquitetura-corporativa-trans-ferrari-8-300x200.png 300w, https:\/\/www.dabusarquitetura.com.br\/blog\/wp-content\/uploads\/2023\/10\/arquitetura-corporativa-trans-ferrari-8-768x512.png 768w\" sizes=\"(max-width: 1000px) 100vw, 1000px\" \/><\/figure><\/div>\n\n<div class=\"wp-block-image\">\n<figure class=\"aligncenter size-full\"><img decoding=\"async\" loading=\"lazy\" width=\"1000\" height=\"667\" src=\"https:\/\/www.dabusarquitetura.com.br\/blog\/wp-content\/uploads\/2023\/10\/arquitetura-corporativa-trans-ferrari-9.png\" alt=\"Trans Ferrari\" class=\"wp-image-16993\" title=\"Projeto DABUS ARQUITETURA\" srcset=\"https:\/\/www.dabusarquitetura.com.br\/blog\/wp-content\/uploads\/2023\/10\/arquitetura-corporativa-trans-ferrari-9.png 1000w, https:\/\/www.dabusarquitetura.com.br\/blog\/wp-content\/uploads\/2023\/10\/arquitetura-corporativa-trans-ferrari-9-300x200.png 300w, https:\/\/www.dabusarquitetura.com.br\/blog\/wp-content\/uploads\/2023\/10\/arquitetura-corporativa-trans-ferrari-9-768x512.png 768w\" sizes=\"(max-width: 1000px) 100vw, 1000px\" \/><\/figure><\/div>\n\n<div class=\"wp-block-image\">\n<figure class=\"aligncenter size-full\"><img decoding=\"async\" loading=\"lazy\" width=\"1000\" height=\"667\" src=\"https:\/\/www.dabusarquitetura.com.br\/blog\/wp-content\/uploads\/2023\/10\/arquitetura-corporativa-trans-ferrari-10.png\" alt=\"Trans Ferrari\" class=\"wp-image-16994\" title=\"Projeto DABUS ARQUITETURA\" srcset=\"https:\/\/www.dabusarquitetura.com.br\/blog\/wp-content\/uploads\/2023\/10\/arquitetura-corporativa-trans-ferrari-10.png 1000w, https:\/\/www.dabusarquitetura.com.br\/blog\/wp-content\/uploads\/2023\/10\/arquitetura-corporativa-trans-ferrari-10-300x200.png 300w, https:\/\/www.dabusarquitetura.com.br\/blog\/wp-content\/uploads\/2023\/10\/arquitetura-corporativa-trans-ferrari-10-768x512.png 768w\" sizes=\"(max-width: 1000px) 100vw, 1000px\" \/><\/figure><\/div>\n\n\n<p>Quer um ambiente de trabalho mais estimulante, coerente e produtivo?<\/p>\n\n\n\n<p>Ent\u00e3o, chame no <a href=\"https:\/\/www.dabusarquitetura.com.br\/blog\/integracao-de-ambientes-projeto-scatec\/#:~:text=WhatsApp%20(11)%2098327%2D6060\" target=\"_blank\" rel=\"noreferrer noopener\"><strong>WhatsApp (11) 98327-6060<\/strong><\/a> e saiba como podemos desenvolver o seu <strong>projeto de Arquitetura Corporativa<\/strong>!<\/p>\n","protected":false},"excerpt":{"rendered":"<p>Um projeto de readequa\u00e7\u00e3o exige total sintonia com a identidade da marca, a cultura corporativa e as necessidades da organiza\u00e7\u00e3o. Por isso, para cumprir o [&hellip;]<\/p>\n","protected":false},"author":3,"featured_media":16983,"comment_status":"open","ping_status":"open","sticky":false,"template":"","format":"standard","meta":[],"categories":[7],"tags":[],"yoast_head":"<!-- This site is optimized with the Yoast SEO plugin v20.8 - https:\/\/yoast.com\/wordpress\/plugins\/seo\/ -->\n<title>Conhe\u00e7a o projeto de readequa\u00e7\u00e3o do escrit\u00f3rio da Transferrari<\/title>\n<meta name=\"description\" content=\"Confira os ambientes desenvolvidos no projeto de readequa\u00e7\u00e3o do escrit\u00f3rio da Trans Ferrari, abrangendo uma \u00e1rea de 1.128 m\u00b2.\" \/>\n<meta name=\"robots\" content=\"index, follow, max-snippet:-1, max-image-preview:large, max-video-preview:-1\" \/>\n<link rel=\"canonical\" href=\"https:\/\/www.dabusarquitetura.com.br\/blog\/projeto-de-readequacao-escritorio-trans-ferrari\/\" \/>\n<meta property=\"og:locale\" content=\"pt_BR\" \/>\n<meta property=\"og:type\" content=\"article\" \/>\n<meta property=\"og:title\" content=\"Conhe\u00e7a o projeto de readequa\u00e7\u00e3o do escrit\u00f3rio da Transferrari\" \/>\n<meta property=\"og:description\" content=\"Confira os ambientes desenvolvidos no projeto de readequa\u00e7\u00e3o do escrit\u00f3rio da Trans Ferrari, abrangendo uma \u00e1rea de 1.128 m\u00b2.\" \/>\n<meta property=\"og:url\" content=\"https:\/\/www.dabusarquitetura.com.br\/blog\/projeto-de-readequacao-escritorio-trans-ferrari\/\" \/>\n<meta property=\"og:site_name\" content=\"DABUS ARQUITETURA\" \/>\n<meta property=\"article:published_time\" content=\"2023-10-23T00:25:37+00:00\" \/>\n<meta property=\"article:modified_time\" content=\"2023-10-23T01:27:35+00:00\" \/>\n<meta property=\"og:image\" content=\"http:\/\/www.dabusarquitetura.com.br\/blog\/wp-content\/uploads\/2023\/10\/projeto-readequacao-escritorio-transferrari.png\" \/>\n\t<meta property=\"og:image:width\" content=\"834\" \/>\n\t<meta property=\"og:image:height\" content=\"317\" \/>\n\t<meta property=\"og:image:type\" content=\"image\/png\" \/>\n<meta name=\"author\" content=\"heloisa.dabus\" \/>\n<meta name=\"twitter:card\" content=\"summary_large_image\" \/>\n<meta name=\"twitter:label1\" content=\"Escrito por\" \/>\n\t<meta name=\"twitter:data1\" content=\"heloisa.dabus\" \/>\n\t<meta name=\"twitter:label2\" content=\"Est. tempo de leitura\" \/>\n\t<meta name=\"twitter:data2\" content=\"5 minutos\" \/>\n<script type=\"application\/ld+json\" class=\"yoast-schema-graph\">{\"@context\":\"https:\/\/schema.org\",\"@graph\":[{\"@type\":\"WebPage\",\"@id\":\"https:\/\/www.dabusarquitetura.com.br\/blog\/projeto-de-readequacao-escritorio-trans-ferrari\/\",\"url\":\"https:\/\/www.dabusarquitetura.com.br\/blog\/projeto-de-readequacao-escritorio-trans-ferrari\/\",\"name\":\"Conhe\u00e7a o projeto de readequa\u00e7\u00e3o do escrit\u00f3rio da Transferrari\",\"isPartOf\":{\"@id\":\"https:\/\/www.dabusarquitetura.com.br\/blog\/#website\"},\"datePublished\":\"2023-10-23T00:25:37+00:00\",\"dateModified\":\"2023-10-23T01:27:35+00:00\",\"author\":{\"@id\":\"https:\/\/www.dabusarquitetura.com.br\/blog\/#\/schema\/person\/978b78d74759412a1cd43634996237c4\"},\"description\":\"Confira os ambientes desenvolvidos no projeto de readequa\u00e7\u00e3o do escrit\u00f3rio da Trans Ferrari, abrangendo uma \u00e1rea de 1.128 m\u00b2.\",\"breadcrumb\":{\"@id\":\"https:\/\/www.dabusarquitetura.com.br\/blog\/projeto-de-readequacao-escritorio-trans-ferrari\/#breadcrumb\"},\"inLanguage\":\"pt-BR\",\"potentialAction\":[{\"@type\":\"ReadAction\",\"target\":[\"https:\/\/www.dabusarquitetura.com.br\/blog\/projeto-de-readequacao-escritorio-trans-ferrari\/\"]}]},{\"@type\":\"BreadcrumbList\",\"@id\":\"https:\/\/www.dabusarquitetura.com.br\/blog\/projeto-de-readequacao-escritorio-trans-ferrari\/#breadcrumb\",\"itemListElement\":[{\"@type\":\"ListItem\",\"position\":1,\"name\":\"In\u00edcio\",\"item\":\"https:\/\/www.dabusarquitetura.com.br\/blog\/\"},{\"@type\":\"ListItem\",\"position\":2,\"name\":\"Conhe\u00e7a o projeto de readequa\u00e7\u00e3o do escrit\u00f3rio da Trans Ferrari\"}]},{\"@type\":\"WebSite\",\"@id\":\"https:\/\/www.dabusarquitetura.com.br\/blog\/#website\",\"url\":\"https:\/\/www.dabusarquitetura.com.br\/blog\/\",\"name\":\"DABUS ARQUITETURA\",\"description\":\"Arquitetura Corporativa\",\"potentialAction\":[{\"@type\":\"SearchAction\",\"target\":{\"@type\":\"EntryPoint\",\"urlTemplate\":\"https:\/\/www.dabusarquitetura.com.br\/blog\/?s={search_term_string}\"},\"query-input\":\"required name=search_term_string\"}],\"inLanguage\":\"pt-BR\"},{\"@type\":\"Person\",\"@id\":\"https:\/\/www.dabusarquitetura.com.br\/blog\/#\/schema\/person\/978b78d74759412a1cd43634996237c4\",\"name\":\"heloisa.dabus\",\"image\":{\"@type\":\"ImageObject\",\"inLanguage\":\"pt-BR\",\"@id\":\"https:\/\/www.dabusarquitetura.com.br\/blog\/#\/schema\/person\/image\/\",\"url\":\"https:\/\/secure.gravatar.com\/avatar\/4078f4f8e54fb70a99a5e9edc642ecb1?s=96&d=mm&r=g\",\"contentUrl\":\"https:\/\/secure.gravatar.com\/avatar\/4078f4f8e54fb70a99a5e9edc642ecb1?s=96&d=mm&r=g\",\"caption\":\"heloisa.dabus\"},\"url\":\"https:\/\/www.dabusarquitetura.com.br\/blog\/author\/heloisa-dabus\/\"}]}<\/script>\n<!-- \/ Yoast SEO plugin. -->","yoast_head_json":{"title":"Conhe\u00e7a o projeto de readequa\u00e7\u00e3o do escrit\u00f3rio da Transferrari","description":"Confira os ambientes desenvolvidos no projeto de readequa\u00e7\u00e3o do escrit\u00f3rio da Trans Ferrari, abrangendo uma \u00e1rea de 1.128 m\u00b2.","robots":{"index":"index","follow":"follow","max-snippet":"max-snippet:-1","max-image-preview":"max-image-preview:large","max-video-preview":"max-video-preview:-1"},"canonical":"https:\/\/www.dabusarquitetura.com.br\/blog\/projeto-de-readequacao-escritorio-trans-ferrari\/","og_locale":"pt_BR","og_type":"article","og_title":"Conhe\u00e7a o projeto de readequa\u00e7\u00e3o do escrit\u00f3rio da Transferrari","og_description":"Confira os ambientes desenvolvidos no projeto de readequa\u00e7\u00e3o do escrit\u00f3rio da Trans Ferrari, abrangendo uma \u00e1rea de 1.128 m\u00b2.","og_url":"https:\/\/www.dabusarquitetura.com.br\/blog\/projeto-de-readequacao-escritorio-trans-ferrari\/","og_site_name":"DABUS ARQUITETURA","article_published_time":"2023-10-23T00:25:37+00:00","article_modified_time":"2023-10-23T01:27:35+00:00","og_image":[{"width":834,"height":317,"url":"http:\/\/www.dabusarquitetura.com.br\/blog\/wp-content\/uploads\/2023\/10\/projeto-readequacao-escritorio-transferrari.png","type":"image\/png"}],"author":"heloisa.dabus","twitter_card":"summary_large_image","twitter_misc":{"Escrito por":"heloisa.dabus","Est. tempo de leitura":"5 minutos"},"schema":{"@context":"https:\/\/schema.org","@graph":[{"@type":"WebPage","@id":"https:\/\/www.dabusarquitetura.com.br\/blog\/projeto-de-readequacao-escritorio-trans-ferrari\/","url":"https:\/\/www.dabusarquitetura.com.br\/blog\/projeto-de-readequacao-escritorio-trans-ferrari\/","name":"Conhe\u00e7a o projeto de readequa\u00e7\u00e3o do escrit\u00f3rio da Transferrari","isPartOf":{"@id":"https:\/\/www.dabusarquitetura.com.br\/blog\/#website"},"datePublished":"2023-10-23T00:25:37+00:00","dateModified":"2023-10-23T01:27:35+00:00","author":{"@id":"https:\/\/www.dabusarquitetura.com.br\/blog\/#\/schema\/person\/978b78d74759412a1cd43634996237c4"},"description":"Confira os ambientes desenvolvidos no projeto de readequa\u00e7\u00e3o do escrit\u00f3rio da Trans Ferrari, abrangendo uma \u00e1rea de 1.128 m\u00b2.","breadcrumb":{"@id":"https:\/\/www.dabusarquitetura.com.br\/blog\/projeto-de-readequacao-escritorio-trans-ferrari\/#breadcrumb"},"inLanguage":"pt-BR","potentialAction":[{"@type":"ReadAction","target":["https:\/\/www.dabusarquitetura.com.br\/blog\/projeto-de-readequacao-escritorio-trans-ferrari\/"]}]},{"@type":"BreadcrumbList","@id":"https:\/\/www.dabusarquitetura.com.br\/blog\/projeto-de-readequacao-escritorio-trans-ferrari\/#breadcrumb","itemListElement":[{"@type":"ListItem","position":1,"name":"In\u00edcio","item":"https:\/\/www.dabusarquitetura.com.br\/blog\/"},{"@type":"ListItem","position":2,"name":"Conhe\u00e7a o projeto de readequa\u00e7\u00e3o do escrit\u00f3rio da Trans Ferrari"}]},{"@type":"WebSite","@id":"https:\/\/www.dabusarquitetura.com.br\/blog\/#website","url":"https:\/\/www.dabusarquitetura.com.br\/blog\/","name":"DABUS ARQUITETURA","description":"Arquitetura Corporativa","potentialAction":[{"@type":"SearchAction","target":{"@type":"EntryPoint","urlTemplate":"https:\/\/www.dabusarquitetura.com.br\/blog\/?s={search_term_string}"},"query-input":"required name=search_term_string"}],"inLanguage":"pt-BR"},{"@type":"Person","@id":"https:\/\/www.dabusarquitetura.com.br\/blog\/#\/schema\/person\/978b78d74759412a1cd43634996237c4","name":"heloisa.dabus","image":{"@type":"ImageObject","inLanguage":"pt-BR","@id":"https:\/\/www.dabusarquitetura.com.br\/blog\/#\/schema\/person\/image\/","url":"https:\/\/secure.gravatar.com\/avatar\/4078f4f8e54fb70a99a5e9edc642ecb1?s=96&d=mm&r=g","contentUrl":"https:\/\/secure.gravatar.com\/avatar\/4078f4f8e54fb70a99a5e9edc642ecb1?s=96&d=mm&r=g","caption":"heloisa.dabus"},"url":"https:\/\/www.dabusarquitetura.com.br\/blog\/author\/heloisa-dabus\/"}]}},"_links":{"self":[{"href":"https:\/\/www.dabusarquitetura.com.br\/blog\/wp-json\/wp\/v2\/posts\/16973"}],"collection":[{"href":"https:\/\/www.dabusarquitetura.com.br\/blog\/wp-json\/wp\/v2\/posts"}],"about":[{"href":"https:\/\/www.dabusarquitetura.com.br\/blog\/wp-json\/wp\/v2\/types\/post"}],"author":[{"embeddable":true,"href":"https:\/\/www.dabusarquitetura.com.br\/blog\/wp-json\/wp\/v2\/users\/3"}],"replies":[{"embeddable":true,"href":"https:\/\/www.dabusarquitetura.com.br\/blog\/wp-json\/wp\/v2\/comments?post=16973"}],"version-history":[{"count":10,"href":"https:\/\/www.dabusarquitetura.com.br\/blog\/wp-json\/wp\/v2\/posts\/16973\/revisions"}],"predecessor-version":[{"id":16999,"href":"https:\/\/www.dabusarquitetura.com.br\/blog\/wp-json\/wp\/v2\/posts\/16973\/revisions\/16999"}],"wp:featuredmedia":[{"embeddable":true,"href":"https:\/\/www.dabusarquitetura.com.br\/blog\/wp-json\/wp\/v2\/media\/16983"}],"wp:attachment":[{"href":"https:\/\/www.dabusarquitetura.com.br\/blog\/wp-json\/wp\/v2\/media?parent=16973"}],"wp:term":[{"taxonomy":"category","embeddable":true,"href":"https:\/\/www.dabusarquitetura.com.br\/blog\/wp-json\/wp\/v2\/categories?post=16973"},{"taxonomy":"post_tag","embeddable":true,"href":"https:\/\/www.dabusarquitetura.com.br\/blog\/wp-json\/wp\/v2\/tags?post=16973"}],"curies":[{"name":"wp","href":"https:\/\/api.w.org\/{rel}","templated":true}]}}