{"id":16932,"date":"2023-09-08T21:28:02","date_gmt":"2023-09-08T18:28:02","guid":{"rendered":"https:\/\/www.dabusarquitetura.com.br\/blog\/?p=16932"},"modified":"2023-09-08T21:28:10","modified_gmt":"2023-09-08T18:28:10","slug":"arquitetura-e-esg-importancia-desafios","status":"publish","type":"post","link":"https:\/\/www.dabusarquitetura.com.br\/blog\/arquitetura-e-esg-importancia-desafios\/","title":{"rendered":"A rela\u00e7\u00e3o entre Arquitetura e ESG: import\u00e2ncia, papel e desafios"},"content":{"rendered":"<div class=\"wp-block-image\">\n<figure class=\"aligncenter size-full\"><img decoding=\"async\" loading=\"lazy\" width=\"834\" height=\"317\" src=\"https:\/\/www.dabusarquitetura.com.br\/blog\/wp-content\/uploads\/2023\/09\/arquitetura-esg-importancia-desafios.png\" alt=\"Arquitetura e ESG\" class=\"wp-image-16934\" title=\"Imagem meramente ilustrativa\" srcset=\"https:\/\/www.dabusarquitetura.com.br\/blog\/wp-content\/uploads\/2023\/09\/arquitetura-esg-importancia-desafios.png 834w, https:\/\/www.dabusarquitetura.com.br\/blog\/wp-content\/uploads\/2023\/09\/arquitetura-esg-importancia-desafios-300x114.png 300w, https:\/\/www.dabusarquitetura.com.br\/blog\/wp-content\/uploads\/2023\/09\/arquitetura-esg-importancia-desafios-768x292.png 768w\" sizes=\"(max-width: 834px) 100vw, 834px\" \/><\/figure><\/div>\n\n\n<p>A conscientiza\u00e7\u00e3o sobre a import\u00e2ncia da <strong>responsabilidade ambiental, social e de governan\u00e7a <\/strong>est\u00e1 crescendo em todo o mundo, impulsionando mudan\u00e7as em todos os setores da sociedade. De modo especial, destacamos a rela\u00e7\u00e3o entre <strong>Arquitetura e ESG <\/strong>(Environmental, Social and Corporate Governance). Isso porque entendemos que ela desempenha um papel indispens\u00e1vel para o cumprimento dos princ\u00edpios propostos por esse conceito.<\/p>\n\n\n\n<p>No entanto, ainda \u00e9 necess\u00e1rio discutir e enxergar o tema com mais clareza, compreendendo tamb\u00e9m os desafios envolvidos. Por isso, criamos o post de hoje, que ajudar\u00e1 a elucidar as principais quest\u00f5es envolvidas.<\/p>\n\n\n\n<p>Vem com a gente!<\/p>\n\n\n\n<h2 class=\"wp-block-heading\">A import\u00e2ncia do estreitamento entre Arquitetura e ESG<\/h2>\n\n\n\n<p>A Arquitetura \u00e9 um componente fundamental de ESG, pois influencia diretamente o ambiente constru\u00eddo em que vivemos, trabalhamos e interagimos. Como afirma nossa arquiteta-titular, <strong>Heloisa Dabu<\/strong>s:<\/p>\n\n\n\n<blockquote class=\"wp-block-quote\">\n<p>&#8220;Os crit\u00e9rios de ESG n\u00e3o s\u00e3o apenas uma tend\u00eancia, mas sim os <strong>alicerces que sustentar\u00e3o o futuro da Arquitetura<\/strong>. A sustentabilidade ambiental, a responsabilidade social e a transpar\u00eancia na governan\u00e7a n\u00e3o s\u00e3o apenas valores a serem perseguidos. Mas as bases sobre as quais devemos construir n\u00e3o apenas edif\u00edcios, como tamb\u00e9m um <strong>mundo melhor e mais duradouro para n\u00f3s e as pr\u00f3ximas gera\u00e7\u00f5es<\/strong>&#8220;.<\/p>\n<\/blockquote>\n\n\n\n<p>Confira a seguir algumas maneiras pelas quais a Arquitetura \u00e9 capaz de contribuir para cada dimens\u00e3o dos princ\u00edpios de ESG:<\/p>\n\n\n\n<ul>\n<li><strong>Ambiental (E): <\/strong>os edif\u00edcios s\u00e3o respons\u00e1veis por uma parcela significativa das emiss\u00f5es globais de carbono. Arquitetos podem projetar edif\u00edcios sustent\u00e1veis que <a href=\"https:\/\/www.dabusarquitetura.com.br\/blog\/consumo-consciente-de-energia\/\"><strong>minimizam o consumo de energia<\/strong><\/a>, utilizam materiais de baixo impacto e incorporam tecnologias ecoeficientes. Como sistemas de capta\u00e7\u00e3o de \u00e1gua da chuva e energia solar.<\/li>\n<\/ul>\n\n\n\n<ul>\n<li><strong>Social (S): <\/strong>os espa\u00e7os arquitet\u00f4nicos influenciam o bem-estar das pessoas. Projetos que promovem a acessibilidade, a inclus\u00e3o e a comunidade contribuem para o aspecto social do ESG. Al\u00e9m disso, a revitaliza\u00e7\u00e3o urbana e o planejamento urbano sensato podem melhorar a qualidade de vida das comunidades.<\/li>\n<\/ul>\n\n\n\n<ul>\n<li><strong>Governan\u00e7a (G): <\/strong>a governan\u00e7a na Arquitetura est\u00e1 relacionada \u00e0 \u00e9tica profissional e \u00e0 responsabilidade. Isso envolve a conformidade com regulamenta\u00e7\u00f5es, <strong>transpar\u00eancia na gest\u00e3o de projetos<\/strong> e a considera\u00e7\u00e3o dos interesses de todas as partes envolvidas, desde os propriet\u00e1rios at\u00e9 a comunidade local.<\/li>\n<\/ul>\n\n\n\n<p>Clique no link e <a href=\"https:\/\/www.dabusarquitetura.com.br\/blog\/o-que-e-esg-e-como-seus-principios-transformam-o-ambiente-de-trabalho\/\"><strong>entenda melhor o que \u00e9 ESG<\/strong><\/a>!<\/p>\n\n\n\n<h3 class=\"wp-block-heading\">O papel da Arquitetura na constru\u00e7\u00e3o de um futuro ESG<\/h3>\n\n\n\n<p>A arquitetura tem o poder de moldar o futuro do ESG de diversas maneiras:<\/p>\n\n\n\n<ul>\n<li><strong>Inova\u00e7\u00e3o:<\/strong> arquitetos est\u00e3o constantemente desenvolvendo novas abordagens e tecnologias para projetar edif\u00edcios mais sustent\u00e1veis e eficientes. Isso inclui o uso de materiais de constru\u00e7\u00e3o mais verdes, t\u00e9cnicas de constru\u00e7\u00e3o modular e estrat\u00e9gias de design bioclim\u00e1tico.<\/li>\n<\/ul>\n\n\n\n<ul>\n<li><strong>Educa\u00e7\u00e3o e conscientiza\u00e7\u00e3o:<\/strong> arquitetos podem desempenhar um papel importante na educa\u00e7\u00e3o do p\u00fablico sobre a import\u00e2ncia da <strong>Arquitetura sustent\u00e1vel<\/strong> e na promo\u00e7\u00e3o da conscientiza\u00e7\u00e3o sobre os princ\u00edpios de ESG.<\/li>\n<\/ul>\n\n\n\n<ul>\n<li><strong>Lideran\u00e7a na ind\u00fastria:<\/strong> arquitetos podem liderar pelo exemplo, adotando pr\u00e1ticas sustent\u00e1veis em seus pr\u00f3prios projetos e incentivando a ado\u00e7\u00e3o de padr\u00f5es mais rigorosos na ind\u00fastria da constru\u00e7\u00e3o.<\/li>\n<\/ul>\n\n\n\n<h3 class=\"wp-block-heading\">Desafios da Arquitetura em rela\u00e7\u00e3o ao ESG<\/h3>\n\n\n\n<p>Apesar do potencial da Arquitetura para impulsionar o ESG, ainda existem desafios significativos a serem enfrentados. Tais como:<\/p>\n\n\n\n<ul>\n<li><strong>Custos iniciais:<\/strong> a implementa\u00e7\u00e3o de tecnologias sustent\u00e1veis e materiais ecol\u00f3gicos pode aumentar os custos iniciais dos projetos. Entretanto, esses investimentos geralmente se traduzem em <strong>economias a longo prazo e benef\u00edcios ambientais<\/strong>.<\/li>\n<\/ul>\n\n\n\n<ul>\n<li><strong>Educa\u00e7\u00e3o e conscientiza\u00e7\u00e3o:<\/strong> nem todos os arquitetos est\u00e3o igualmente preparados para integrar Arquitetura e ESG em seus projetos. A educa\u00e7\u00e3o cont\u00ednua e a conscientiza\u00e7\u00e3o s\u00e3o essenciais.<\/li>\n<\/ul>\n\n\n\n<ul>\n<li><strong>Regulamenta\u00e7\u00f5es e normas:<\/strong> a falta de regulamenta\u00e7\u00f5es rigorosas pode desencorajar a ado\u00e7\u00e3o de pr\u00e1ticas sustent\u00e1veis. \u00c9 importante que os governos e as institui\u00e7\u00f5es definam padr\u00f5es e incentivem a conformidade.<\/li>\n<\/ul>\n\n\n\n<p class=\"has-background\" style=\"background-color:#abb7c25c\">Quer saber mais ou entender como ter um <strong>projeto corporativo <\/strong>atrelado aos princ\u00edpios de ESG? Ent\u00e3o, chame no <a href=\"https:\/\/api.whatsapp.com\/send?l=pt&amp;phone=5511983276060\" target=\"_blank\" rel=\"noreferrer noopener\"><strong>WhatsApp 11 98327-6060<\/strong><\/a> e saiba como podemos te ajudar!<\/p>\n","protected":false},"excerpt":{"rendered":"<p>A conscientiza\u00e7\u00e3o sobre a import\u00e2ncia da responsabilidade ambiental, social e de governan\u00e7a est\u00e1 crescendo em todo o mundo, impulsionando mudan\u00e7as em todos os setores da [&hellip;]<\/p>\n","protected":false},"author":3,"featured_media":16934,"comment_status":"open","ping_status":"open","sticky":false,"template":"","format":"standard","meta":[],"categories":[49],"tags":[],"yoast_head":"<!-- This site is optimized with the Yoast SEO plugin v20.8 - https:\/\/yoast.com\/wordpress\/plugins\/seo\/ -->\n<title>A rela\u00e7\u00e3o entre Arquitetura e ESG: import\u00e2ncia, papel e desafios<\/title>\n<meta name=\"description\" content=\"A rela\u00e7\u00e3o entre Arquitetura e ESG pode transformar nossa rela\u00e7\u00e3o com o espa\u00e7o e com o mundo como um todo. Fique por dentro do debate!\" \/>\n<meta name=\"robots\" content=\"index, follow, max-snippet:-1, max-image-preview:large, max-video-preview:-1\" \/>\n<link rel=\"canonical\" href=\"https:\/\/www.dabusarquitetura.com.br\/blog\/arquitetura-e-esg-importancia-desafios\/\" \/>\n<meta property=\"og:locale\" content=\"pt_BR\" \/>\n<meta property=\"og:type\" content=\"article\" \/>\n<meta property=\"og:title\" content=\"A rela\u00e7\u00e3o entre Arquitetura e ESG: import\u00e2ncia, papel e desafios\" \/>\n<meta property=\"og:description\" content=\"A rela\u00e7\u00e3o entre Arquitetura e ESG pode transformar nossa rela\u00e7\u00e3o com o espa\u00e7o e com o mundo como um todo. Fique por dentro do debate!\" \/>\n<meta property=\"og:url\" content=\"https:\/\/www.dabusarquitetura.com.br\/blog\/arquitetura-e-esg-importancia-desafios\/\" \/>\n<meta property=\"og:site_name\" content=\"DABUS ARQUITETURA\" \/>\n<meta property=\"article:published_time\" content=\"2023-09-08T18:28:02+00:00\" \/>\n<meta property=\"article:modified_time\" content=\"2023-09-08T18:28:10+00:00\" \/>\n<meta property=\"og:image\" content=\"http:\/\/www.dabusarquitetura.com.br\/blog\/wp-content\/uploads\/2023\/09\/arquitetura-esg-importancia-desafios.png\" \/>\n\t<meta property=\"og:image:width\" content=\"834\" \/>\n\t<meta property=\"og:image:height\" content=\"317\" \/>\n\t<meta property=\"og:image:type\" content=\"image\/png\" \/>\n<meta name=\"author\" content=\"heloisa.dabus\" \/>\n<meta name=\"twitter:card\" content=\"summary_large_image\" \/>\n<meta name=\"twitter:label1\" content=\"Escrito por\" \/>\n\t<meta name=\"twitter:data1\" content=\"heloisa.dabus\" \/>\n\t<meta name=\"twitter:label2\" content=\"Est. tempo de leitura\" \/>\n\t<meta name=\"twitter:data2\" content=\"4 minutos\" \/>\n<script type=\"application\/ld+json\" class=\"yoast-schema-graph\">{\"@context\":\"https:\/\/schema.org\",\"@graph\":[{\"@type\":\"WebPage\",\"@id\":\"https:\/\/www.dabusarquitetura.com.br\/blog\/arquitetura-e-esg-importancia-desafios\/\",\"url\":\"https:\/\/www.dabusarquitetura.com.br\/blog\/arquitetura-e-esg-importancia-desafios\/\",\"name\":\"A rela\u00e7\u00e3o entre Arquitetura e ESG: import\u00e2ncia, papel e desafios\",\"isPartOf\":{\"@id\":\"https:\/\/www.dabusarquitetura.com.br\/blog\/#website\"},\"datePublished\":\"2023-09-08T18:28:02+00:00\",\"dateModified\":\"2023-09-08T18:28:10+00:00\",\"author\":{\"@id\":\"https:\/\/www.dabusarquitetura.com.br\/blog\/#\/schema\/person\/978b78d74759412a1cd43634996237c4\"},\"description\":\"A rela\u00e7\u00e3o entre Arquitetura e ESG pode transformar nossa rela\u00e7\u00e3o com o espa\u00e7o e com o mundo como um todo. Fique por dentro do debate!\",\"breadcrumb\":{\"@id\":\"https:\/\/www.dabusarquitetura.com.br\/blog\/arquitetura-e-esg-importancia-desafios\/#breadcrumb\"},\"inLanguage\":\"pt-BR\",\"potentialAction\":[{\"@type\":\"ReadAction\",\"target\":[\"https:\/\/www.dabusarquitetura.com.br\/blog\/arquitetura-e-esg-importancia-desafios\/\"]}]},{\"@type\":\"BreadcrumbList\",\"@id\":\"https:\/\/www.dabusarquitetura.com.br\/blog\/arquitetura-e-esg-importancia-desafios\/#breadcrumb\",\"itemListElement\":[{\"@type\":\"ListItem\",\"position\":1,\"name\":\"In\u00edcio\",\"item\":\"https:\/\/www.dabusarquitetura.com.br\/blog\/\"},{\"@type\":\"ListItem\",\"position\":2,\"name\":\"A rela\u00e7\u00e3o entre Arquitetura e ESG: import\u00e2ncia, papel e desafios\"}]},{\"@type\":\"WebSite\",\"@id\":\"https:\/\/www.dabusarquitetura.com.br\/blog\/#website\",\"url\":\"https:\/\/www.dabusarquitetura.com.br\/blog\/\",\"name\":\"DABUS ARQUITETURA\",\"description\":\"Arquitetura Corporativa\",\"potentialAction\":[{\"@type\":\"SearchAction\",\"target\":{\"@type\":\"EntryPoint\",\"urlTemplate\":\"https:\/\/www.dabusarquitetura.com.br\/blog\/?s={search_term_string}\"},\"query-input\":\"required name=search_term_string\"}],\"inLanguage\":\"pt-BR\"},{\"@type\":\"Person\",\"@id\":\"https:\/\/www.dabusarquitetura.com.br\/blog\/#\/schema\/person\/978b78d74759412a1cd43634996237c4\",\"name\":\"heloisa.dabus\",\"image\":{\"@type\":\"ImageObject\",\"inLanguage\":\"pt-BR\",\"@id\":\"https:\/\/www.dabusarquitetura.com.br\/blog\/#\/schema\/person\/image\/\",\"url\":\"https:\/\/secure.gravatar.com\/avatar\/4078f4f8e54fb70a99a5e9edc642ecb1?s=96&d=mm&r=g\",\"contentUrl\":\"https:\/\/secure.gravatar.com\/avatar\/4078f4f8e54fb70a99a5e9edc642ecb1?s=96&d=mm&r=g\",\"caption\":\"heloisa.dabus\"},\"url\":\"https:\/\/www.dabusarquitetura.com.br\/blog\/author\/heloisa-dabus\/\"}]}<\/script>\n<!-- \/ Yoast SEO plugin. -->","yoast_head_json":{"title":"A rela\u00e7\u00e3o entre Arquitetura e ESG: import\u00e2ncia, papel e desafios","description":"A rela\u00e7\u00e3o entre Arquitetura e ESG pode transformar nossa rela\u00e7\u00e3o com o espa\u00e7o e com o mundo como um todo. Fique por dentro do debate!","robots":{"index":"index","follow":"follow","max-snippet":"max-snippet:-1","max-image-preview":"max-image-preview:large","max-video-preview":"max-video-preview:-1"},"canonical":"https:\/\/www.dabusarquitetura.com.br\/blog\/arquitetura-e-esg-importancia-desafios\/","og_locale":"pt_BR","og_type":"article","og_title":"A rela\u00e7\u00e3o entre Arquitetura e ESG: import\u00e2ncia, papel e desafios","og_description":"A rela\u00e7\u00e3o entre Arquitetura e ESG pode transformar nossa rela\u00e7\u00e3o com o espa\u00e7o e com o mundo como um todo. Fique por dentro do debate!","og_url":"https:\/\/www.dabusarquitetura.com.br\/blog\/arquitetura-e-esg-importancia-desafios\/","og_site_name":"DABUS ARQUITETURA","article_published_time":"2023-09-08T18:28:02+00:00","article_modified_time":"2023-09-08T18:28:10+00:00","og_image":[{"width":834,"height":317,"url":"http:\/\/www.dabusarquitetura.com.br\/blog\/wp-content\/uploads\/2023\/09\/arquitetura-esg-importancia-desafios.png","type":"image\/png"}],"author":"heloisa.dabus","twitter_card":"summary_large_image","twitter_misc":{"Escrito por":"heloisa.dabus","Est. tempo de leitura":"4 minutos"},"schema":{"@context":"https:\/\/schema.org","@graph":[{"@type":"WebPage","@id":"https:\/\/www.dabusarquitetura.com.br\/blog\/arquitetura-e-esg-importancia-desafios\/","url":"https:\/\/www.dabusarquitetura.com.br\/blog\/arquitetura-e-esg-importancia-desafios\/","name":"A rela\u00e7\u00e3o entre Arquitetura e ESG: import\u00e2ncia, papel e desafios","isPartOf":{"@id":"https:\/\/www.dabusarquitetura.com.br\/blog\/#website"},"datePublished":"2023-09-08T18:28:02+00:00","dateModified":"2023-09-08T18:28:10+00:00","author":{"@id":"https:\/\/www.dabusarquitetura.com.br\/blog\/#\/schema\/person\/978b78d74759412a1cd43634996237c4"},"description":"A rela\u00e7\u00e3o entre Arquitetura e ESG pode transformar nossa rela\u00e7\u00e3o com o espa\u00e7o e com o mundo como um todo. Fique por dentro do debate!","breadcrumb":{"@id":"https:\/\/www.dabusarquitetura.com.br\/blog\/arquitetura-e-esg-importancia-desafios\/#breadcrumb"},"inLanguage":"pt-BR","potentialAction":[{"@type":"ReadAction","target":["https:\/\/www.dabusarquitetura.com.br\/blog\/arquitetura-e-esg-importancia-desafios\/"]}]},{"@type":"BreadcrumbList","@id":"https:\/\/www.dabusarquitetura.com.br\/blog\/arquitetura-e-esg-importancia-desafios\/#breadcrumb","itemListElement":[{"@type":"ListItem","position":1,"name":"In\u00edcio","item":"https:\/\/www.dabusarquitetura.com.br\/blog\/"},{"@type":"ListItem","position":2,"name":"A rela\u00e7\u00e3o entre Arquitetura e ESG: import\u00e2ncia, papel e desafios"}]},{"@type":"WebSite","@id":"https:\/\/www.dabusarquitetura.com.br\/blog\/#website","url":"https:\/\/www.dabusarquitetura.com.br\/blog\/","name":"DABUS ARQUITETURA","description":"Arquitetura Corporativa","potentialAction":[{"@type":"SearchAction","target":{"@type":"EntryPoint","urlTemplate":"https:\/\/www.dabusarquitetura.com.br\/blog\/?s={search_term_string}"},"query-input":"required name=search_term_string"}],"inLanguage":"pt-BR"},{"@type":"Person","@id":"https:\/\/www.dabusarquitetura.com.br\/blog\/#\/schema\/person\/978b78d74759412a1cd43634996237c4","name":"heloisa.dabus","image":{"@type":"ImageObject","inLanguage":"pt-BR","@id":"https:\/\/www.dabusarquitetura.com.br\/blog\/#\/schema\/person\/image\/","url":"https:\/\/secure.gravatar.com\/avatar\/4078f4f8e54fb70a99a5e9edc642ecb1?s=96&d=mm&r=g","contentUrl":"https:\/\/secure.gravatar.com\/avatar\/4078f4f8e54fb70a99a5e9edc642ecb1?s=96&d=mm&r=g","caption":"heloisa.dabus"},"url":"https:\/\/www.dabusarquitetura.com.br\/blog\/author\/heloisa-dabus\/"}]}},"_links":{"self":[{"href":"https:\/\/www.dabusarquitetura.com.br\/blog\/wp-json\/wp\/v2\/posts\/16932"}],"collection":[{"href":"https:\/\/www.dabusarquitetura.com.br\/blog\/wp-json\/wp\/v2\/posts"}],"about":[{"href":"https:\/\/www.dabusarquitetura.com.br\/blog\/wp-json\/wp\/v2\/types\/post"}],"author":[{"embeddable":true,"href":"https:\/\/www.dabusarquitetura.com.br\/blog\/wp-json\/wp\/v2\/users\/3"}],"replies":[{"embeddable":true,"href":"https:\/\/www.dabusarquitetura.com.br\/blog\/wp-json\/wp\/v2\/comments?post=16932"}],"version-history":[{"count":5,"href":"https:\/\/www.dabusarquitetura.com.br\/blog\/wp-json\/wp\/v2\/posts\/16932\/revisions"}],"predecessor-version":[{"id":16938,"href":"https:\/\/www.dabusarquitetura.com.br\/blog\/wp-json\/wp\/v2\/posts\/16932\/revisions\/16938"}],"wp:featuredmedia":[{"embeddable":true,"href":"https:\/\/www.dabusarquitetura.com.br\/blog\/wp-json\/wp\/v2\/media\/16934"}],"wp:attachment":[{"href":"https:\/\/www.dabusarquitetura.com.br\/blog\/wp-json\/wp\/v2\/media?parent=16932"}],"wp:term":[{"taxonomy":"category","embeddable":true,"href":"https:\/\/www.dabusarquitetura.com.br\/blog\/wp-json\/wp\/v2\/categories?post=16932"},{"taxonomy":"post_tag","embeddable":true,"href":"https:\/\/www.dabusarquitetura.com.br\/blog\/wp-json\/wp\/v2\/tags?post=16932"}],"curies":[{"name":"wp","href":"https:\/\/api.w.org\/{rel}","templated":true}]}}