{"id":16927,"date":"2023-09-04T22:25:42","date_gmt":"2023-09-04T19:25:42","guid":{"rendered":"https:\/\/www.dabusarquitetura.com.br\/blog\/?p=16927"},"modified":"2023-09-04T22:25:47","modified_gmt":"2023-09-04T19:25:47","slug":"espacos-socializacao-no-trabalho","status":"publish","type":"post","link":"https:\/\/www.dabusarquitetura.com.br\/blog\/espacos-socializacao-no-trabalho\/","title":{"rendered":"9 espa\u00e7os para potencializar a socializa\u00e7\u00e3o no trabalho"},"content":{"rendered":"<div class=\"wp-block-image\">\n<figure class=\"aligncenter size-full\"><img decoding=\"async\" loading=\"lazy\" width=\"834\" height=\"317\" src=\"https:\/\/www.dabusarquitetura.com.br\/blog\/wp-content\/uploads\/2023\/09\/espacos-socializacao-trabalho.png\" alt=\"Espa\u00e7os de socializa\u00e7\u00e3o no trabalho\" class=\"wp-image-16929\" title=\"Projeto DABUS ARQUITETURA\" srcset=\"https:\/\/www.dabusarquitetura.com.br\/blog\/wp-content\/uploads\/2023\/09\/espacos-socializacao-trabalho.png 834w, https:\/\/www.dabusarquitetura.com.br\/blog\/wp-content\/uploads\/2023\/09\/espacos-socializacao-trabalho-300x114.png 300w, https:\/\/www.dabusarquitetura.com.br\/blog\/wp-content\/uploads\/2023\/09\/espacos-socializacao-trabalho-768x292.png 768w\" sizes=\"(max-width: 834px) 100vw, 834px\" \/><figcaption class=\"wp-element-caption\"><a href=\"https:\/\/www.dabusarquitetura.com.br\/blog\/conheca-escritorio-colaborativo-gft\/\" target=\"_blank\" rel=\"noreferrer noopener\">Projeto da DABUS ARQUITETURA para a GFT<\/a>.<\/figcaption><\/figure><\/div>\n\n\n<p>No mundo atual, onde a colabora\u00e7\u00e3o e a intera\u00e7\u00e3o desempenham pap\u00e9is fundamentais no sucesso de qualquer empresa, a cria\u00e7\u00e3o de espa\u00e7os que promovam a <strong>socializa\u00e7\u00e3o no trabalho<\/strong> \u00e9 mais importante do que nunca.<\/p>\n\n\n\n<p>\u00c0 medida que a natureza do trabalho continua a evoluir, com equipes dispersas geograficamente e uma crescente depend\u00eancia da tecnologia, encontrar maneiras de <strong>cultivar conex\u00f5es pessoais e promover a colabora\u00e7\u00e3o<\/strong> \u00e9 crucial.<\/p>\n\n\n\n<p>Ent\u00e3o, neste artigo, exploraremos alguns tipos de ambientes que ajudam a potencializar a socializa\u00e7\u00e3o dentro das empresas, perpassando como isso pode impactar positivamente a produtividade e a satisfa\u00e7\u00e3o dos funcion\u00e1rios.<\/p>\n\n\n\n<p>Acompanhe!<\/p>\n\n\n\n<h2 class=\"wp-block-heading\">A import\u00e2ncia dos espa\u00e7os de socializa\u00e7\u00e3o no trabalho<\/h2>\n\n\n\n<p>Criar espa\u00e7os de conv\u00edvio que estimulem a intera\u00e7\u00e3o entre os colaboradores \u00e9 uma estrat\u00e9gia crucial para <strong>promover a produtividade, a criatividade e o bem-estar <\/strong>no ambiente corporativo.<\/p>\n\n\n\n<p>Al\u00e9m disso, os seres humanos foram &#8220;projetados&#8221; para operar ritmicamente, se movendo entre atividade e descanso. Assim, quando o c\u00e9rebro fica sobrecarregado de informa\u00e7\u00f5es, os indiv\u00edduos n\u00e3o conseguem mais pensar t\u00e3o bem ou t\u00e3o profundamente para resolver problemas. Pior ainda,<strong> a sobrecarga cobra o seu pre\u00e7o sobre a sa\u00fade f\u00edsica e emocional <\/strong>das pessoas, o que pode levar ao esgotamento.<\/p>\n\n\n\n<p>Portanto, o segredo \u00e9 ser flex\u00edvel, variando entre hor\u00e1rios de trabalho e momentos para relaxar e restabelecer as energias. Isso tanto de forma individual como em grupo.<\/p>\n\n\n\n<p>Vale destacar que parte do cultivo de uma cultura de bem-estar inclui <strong>promover conex\u00f5es sociais<\/strong>. Desse modo, oportunidades que envolvam os colaboradores em equipes para para aprender, gerar ideias e trabalhar informalmente fazem toda a diferen\u00e7a. A chave \u00e9 combinar espa\u00e7os \u00e0s necessidades das pessoas e dar-lhes escolhas.<\/p>\n\n\n\n<h3 class=\"wp-block-heading\">Conhe\u00e7a 9 espa\u00e7os de socializa\u00e7\u00e3o no trabalho<\/h3>\n\n\n\n<p>Os ambientes para a socializa\u00e7\u00e3o no trabalho s\u00e3o diversos. Podem ser internos ou externos, relaxantes ou en\u00e9rgicos, mas sempre coletivos. Confira a seguir 9 deles!<\/p>\n\n\n\n<h3 class=\"wp-block-heading\">1. Lobby<\/h3>\n\n\n\n<p>O lobby deve ser um espa\u00e7o caloroso, acolhedor e memor\u00e1vel. \u00c9 ali onde se d\u00e3o as <strong>primeiras impress\u00f5es da empresa<\/strong>. Por isso, \u00e9 importante que esse local d\u00ea o &#8220;tom&#8221; correto da <a href=\"https:\/\/www.dabusarquitetura.com.br\/blog\/como-criar-cultura-organizacional-forte-saudavel\/\"><strong>marca e de sua cultura<\/strong><\/a>. O layout deve ser convidativo e o mobili\u00e1rio, al\u00e9m de confort\u00e1vel, precisa estar de acordo com a capacidade prevista.<\/p>\n\n\n\n<h3 class=\"wp-block-heading\">2. Bar<\/h3>\n\n\n\n<p>O bar deve ser um ambiente mais sofisticado, com estrutura at\u00e9 mesmo para refei\u00e7\u00f5es. Assim, ele se tornar\u00e1 mais poderoso para <strong>provocar a socializa\u00e7\u00e3o e as conex\u00f5es<\/strong> entre os colegas de trabalho. Dependendo do tamanho do grupo, \u00e9 importante cuidar das \u00e1reas de circula\u00e7\u00e3o.<\/p>\n\n\n\n<h3 class=\"wp-block-heading\">3. Caf\u00e9<\/h3>\n\n\n\n<p>Um ambiente adequado para o caf\u00e9 na empresa funciona como um <strong>centro social multifuncional<\/strong>. Incentiva a intera\u00e7\u00e3o entre a equipe e proporciona relaxamento em meio \u00e0 rotina de trabalho.<\/p>\n\n\n\n<p>Caf\u00e9s bem iluminados t\u00eam potencial para criar mais energia e di\u00e1logo. Enquanto caf\u00e9s com ilumina\u00e7\u00e3o mais amena propiciam um clima mais acolhedor e descontra\u00eddo.<\/p>\n\n\n\n<h3 class=\"wp-block-heading\">4. \u00c1reas comunit\u00e1rias<\/h3>\n\n\n\n<p>Quer criar um ambiente comunit\u00e1rio em sua empresa? Ent\u00e3o, pense em um <strong>espa\u00e7o amplo, aberto e flex\u00edvel <\/strong>a uma variedade de atividades e tamanhos de grupos. Ofere\u00e7a acesso \u00e0 energia, tecnologia, bebidas (n\u00e3o alco\u00f3licas) e m\u00f3veis confort\u00e1veis, de prefer\u00eancia que possam ser facilmente reconfigurados.<\/p>\n\n\n\n<h3 class=\"wp-block-heading\">5. Lounge<\/h3>\n\n\n\n<p>O lounge deve ser uma \u00e1rea aberta e com assentos confort\u00e1veis para incentivar a intera\u00e7\u00e3o e a colabora\u00e7\u00e3o. Criar uma <strong>atmosfera confort\u00e1vel e convidativa<\/strong> \u00e9 essencial! Os recursos disponibilizados t\u00eam de apoiar atividades que v\u00e3o desde contatos sociais, at\u00e9 momentos de retiro e relaxamento. \u00c9 um <a href=\"https:\/\/www.dabusarquitetura.com.br\/blog\/o-que-saber-sobre-design-resimercial\/\"><strong>local resimercial<\/strong><\/a><strong> <\/strong>por natureza, que deve contar com elementos, mobili\u00e1rio e ilumina\u00e7\u00e3o especiais.<\/p>\n\n\n\n<h3 class=\"wp-block-heading\">6. Ref\u00fagio<\/h3>\n\n\n\n<p>O ref\u00fagio deve ser um espa\u00e7o tranquilo, capaz de <strong>acomodar de duas a quatro pessoas<\/strong>, no m\u00e1ximo. Ali, elas poder\u00e3o estabelecer <strong>intera\u00e7\u00f5es espont\u00e2neas<\/strong>. Como continuar a conversa ap\u00f3s uma reuni\u00e3o.<\/p>\n\n\n\n<h3 class=\"wp-block-heading\">7. \u00c1rea de treinamento<\/h3>\n\n\n\n<p>Um ambiente t\u00e1tico que se reconfigura facilmente, tanto para trabalhos em grupos grandes quanto pequenos. O <strong>mobili\u00e1rio tem de ser confort\u00e1vel, autorregul\u00e1vel e modular<\/strong>. Afinal, flexibilidade \u00e9 a palavra de ordem aqui.<\/p>\n\n\n\n<h3 class=\"wp-block-heading\">8. \u00c1rea de confer\u00eancia<\/h3>\n\n\n\n<p>Aqui a socializa\u00e7\u00e3o no trabalho pode acontecer em torno de diferentes situa\u00e7\u00f5es. Tais como: treinamentos, brainstorming, projetos, teleconfer\u00eancias, entrevistas e elabora\u00e7\u00e3o de estrat\u00e9gias.<\/p>\n\n\n\n<h3 class=\"wp-block-heading\">9. Ar livre<\/h3>\n\n\n\n<p>Ambientes externos s\u00e3o excelentes para reunir os colaboradores e <strong>aproxim\u00e1-los da natureza<\/strong>. Assim, \u00e9 poss\u00edvel provocar novas maneiras e pensar em meio ao dia a dia cansativo e, muitas vezes, mon\u00f3tono.<\/p>\n\n\n\n<p class=\"has-background\" style=\"background-color:#abb7c25c\">Quer criar as melhores solu\u00e7\u00f5es para o seu escrit\u00f3rio? Ent\u00e3o, entre em contato com a gente pelo <a href=\"https:\/\/www.dabusarquitetura.com.br\/blog\/como-criar-cultura-organizacional-forte-saudavel\/#:~:text=WhatsApp%2011%2098327%2D6060\" target=\"_blank\" rel=\"noreferrer noopener\"><strong>WhatsApp 11 98327-6060<\/strong><\/a> e saiba como podemos desenvolver o seu <strong>projeto de Arquitetura Corporativa<\/strong>!<\/p>\n\n\n\n<p class=\"has-text-align-center\">Fonte: <a href=\"https:\/\/www.haworth.com\/na\/en\/spaces\/design-guides\/social-spaces.html\" target=\"_blank\" rel=\"noreferrer noopener\">Haworth<\/a>.<\/p>\n","protected":false},"excerpt":{"rendered":"<p>No mundo atual, onde a colabora\u00e7\u00e3o e a intera\u00e7\u00e3o desempenham pap\u00e9is fundamentais no sucesso de qualquer empresa, a cria\u00e7\u00e3o de espa\u00e7os que promovam a socializa\u00e7\u00e3o [&hellip;]<\/p>\n","protected":false},"author":3,"featured_media":16929,"comment_status":"open","ping_status":"open","sticky":false,"template":"","format":"standard","meta":[],"categories":[7],"tags":[],"yoast_head":"<!-- This site is optimized with the Yoast SEO plugin v20.8 - https:\/\/yoast.com\/wordpress\/plugins\/seo\/ -->\n<title>9 espa\u00e7os para potencializar a socializa\u00e7\u00e3o no trabalho<\/title>\n<meta name=\"description\" content=\"A socializa\u00e7\u00e3o no trabalho pode ser uma poderosa estrat\u00e9gia para estimular os seus colaboradores e construir um ambiente mais frut\u00edfero.\" \/>\n<meta name=\"robots\" content=\"index, follow, max-snippet:-1, max-image-preview:large, max-video-preview:-1\" \/>\n<link rel=\"canonical\" href=\"https:\/\/www.dabusarquitetura.com.br\/blog\/espacos-socializacao-no-trabalho\/\" \/>\n<meta property=\"og:locale\" content=\"pt_BR\" \/>\n<meta property=\"og:type\" content=\"article\" \/>\n<meta property=\"og:title\" content=\"9 espa\u00e7os para potencializar a socializa\u00e7\u00e3o no trabalho\" \/>\n<meta property=\"og:description\" content=\"A socializa\u00e7\u00e3o no trabalho pode ser uma poderosa estrat\u00e9gia para estimular os seus colaboradores e construir um ambiente mais frut\u00edfero.\" \/>\n<meta property=\"og:url\" content=\"https:\/\/www.dabusarquitetura.com.br\/blog\/espacos-socializacao-no-trabalho\/\" \/>\n<meta property=\"og:site_name\" content=\"DABUS ARQUITETURA\" \/>\n<meta property=\"article:published_time\" content=\"2023-09-04T19:25:42+00:00\" \/>\n<meta property=\"article:modified_time\" content=\"2023-09-04T19:25:47+00:00\" \/>\n<meta property=\"og:image\" content=\"http:\/\/www.dabusarquitetura.com.br\/blog\/wp-content\/uploads\/2023\/09\/espacos-socializacao-trabalho.png\" \/>\n\t<meta property=\"og:image:width\" content=\"834\" \/>\n\t<meta property=\"og:image:height\" content=\"317\" \/>\n\t<meta property=\"og:image:type\" content=\"image\/png\" \/>\n<meta name=\"author\" content=\"heloisa.dabus\" \/>\n<meta name=\"twitter:card\" content=\"summary_large_image\" \/>\n<meta name=\"twitter:label1\" content=\"Escrito por\" \/>\n\t<meta name=\"twitter:data1\" content=\"heloisa.dabus\" \/>\n\t<meta name=\"twitter:label2\" content=\"Est. tempo de leitura\" \/>\n\t<meta name=\"twitter:data2\" content=\"5 minutos\" \/>\n<script type=\"application\/ld+json\" class=\"yoast-schema-graph\">{\"@context\":\"https:\/\/schema.org\",\"@graph\":[{\"@type\":\"WebPage\",\"@id\":\"https:\/\/www.dabusarquitetura.com.br\/blog\/espacos-socializacao-no-trabalho\/\",\"url\":\"https:\/\/www.dabusarquitetura.com.br\/blog\/espacos-socializacao-no-trabalho\/\",\"name\":\"9 espa\u00e7os para potencializar a socializa\u00e7\u00e3o no trabalho\",\"isPartOf\":{\"@id\":\"https:\/\/www.dabusarquitetura.com.br\/blog\/#website\"},\"datePublished\":\"2023-09-04T19:25:42+00:00\",\"dateModified\":\"2023-09-04T19:25:47+00:00\",\"author\":{\"@id\":\"https:\/\/www.dabusarquitetura.com.br\/blog\/#\/schema\/person\/978b78d74759412a1cd43634996237c4\"},\"description\":\"A socializa\u00e7\u00e3o no trabalho pode ser uma poderosa estrat\u00e9gia para estimular os seus colaboradores e construir um ambiente mais frut\u00edfero.\",\"breadcrumb\":{\"@id\":\"https:\/\/www.dabusarquitetura.com.br\/blog\/espacos-socializacao-no-trabalho\/#breadcrumb\"},\"inLanguage\":\"pt-BR\",\"potentialAction\":[{\"@type\":\"ReadAction\",\"target\":[\"https:\/\/www.dabusarquitetura.com.br\/blog\/espacos-socializacao-no-trabalho\/\"]}]},{\"@type\":\"BreadcrumbList\",\"@id\":\"https:\/\/www.dabusarquitetura.com.br\/blog\/espacos-socializacao-no-trabalho\/#breadcrumb\",\"itemListElement\":[{\"@type\":\"ListItem\",\"position\":1,\"name\":\"In\u00edcio\",\"item\":\"https:\/\/www.dabusarquitetura.com.br\/blog\/\"},{\"@type\":\"ListItem\",\"position\":2,\"name\":\"9 espa\u00e7os para potencializar a socializa\u00e7\u00e3o no trabalho\"}]},{\"@type\":\"WebSite\",\"@id\":\"https:\/\/www.dabusarquitetura.com.br\/blog\/#website\",\"url\":\"https:\/\/www.dabusarquitetura.com.br\/blog\/\",\"name\":\"DABUS ARQUITETURA\",\"description\":\"Arquitetura Corporativa\",\"potentialAction\":[{\"@type\":\"SearchAction\",\"target\":{\"@type\":\"EntryPoint\",\"urlTemplate\":\"https:\/\/www.dabusarquitetura.com.br\/blog\/?s={search_term_string}\"},\"query-input\":\"required name=search_term_string\"}],\"inLanguage\":\"pt-BR\"},{\"@type\":\"Person\",\"@id\":\"https:\/\/www.dabusarquitetura.com.br\/blog\/#\/schema\/person\/978b78d74759412a1cd43634996237c4\",\"name\":\"heloisa.dabus\",\"image\":{\"@type\":\"ImageObject\",\"inLanguage\":\"pt-BR\",\"@id\":\"https:\/\/www.dabusarquitetura.com.br\/blog\/#\/schema\/person\/image\/\",\"url\":\"https:\/\/secure.gravatar.com\/avatar\/4078f4f8e54fb70a99a5e9edc642ecb1?s=96&d=mm&r=g\",\"contentUrl\":\"https:\/\/secure.gravatar.com\/avatar\/4078f4f8e54fb70a99a5e9edc642ecb1?s=96&d=mm&r=g\",\"caption\":\"heloisa.dabus\"},\"url\":\"https:\/\/www.dabusarquitetura.com.br\/blog\/author\/heloisa-dabus\/\"}]}<\/script>\n<!-- \/ Yoast SEO plugin. -->","yoast_head_json":{"title":"9 espa\u00e7os para potencializar a socializa\u00e7\u00e3o no trabalho","description":"A socializa\u00e7\u00e3o no trabalho pode ser uma poderosa estrat\u00e9gia para estimular os seus colaboradores e construir um ambiente mais frut\u00edfero.","robots":{"index":"index","follow":"follow","max-snippet":"max-snippet:-1","max-image-preview":"max-image-preview:large","max-video-preview":"max-video-preview:-1"},"canonical":"https:\/\/www.dabusarquitetura.com.br\/blog\/espacos-socializacao-no-trabalho\/","og_locale":"pt_BR","og_type":"article","og_title":"9 espa\u00e7os para potencializar a socializa\u00e7\u00e3o no trabalho","og_description":"A socializa\u00e7\u00e3o no trabalho pode ser uma poderosa estrat\u00e9gia para estimular os seus colaboradores e construir um ambiente mais frut\u00edfero.","og_url":"https:\/\/www.dabusarquitetura.com.br\/blog\/espacos-socializacao-no-trabalho\/","og_site_name":"DABUS ARQUITETURA","article_published_time":"2023-09-04T19:25:42+00:00","article_modified_time":"2023-09-04T19:25:47+00:00","og_image":[{"width":834,"height":317,"url":"http:\/\/www.dabusarquitetura.com.br\/blog\/wp-content\/uploads\/2023\/09\/espacos-socializacao-trabalho.png","type":"image\/png"}],"author":"heloisa.dabus","twitter_card":"summary_large_image","twitter_misc":{"Escrito por":"heloisa.dabus","Est. tempo de leitura":"5 minutos"},"schema":{"@context":"https:\/\/schema.org","@graph":[{"@type":"WebPage","@id":"https:\/\/www.dabusarquitetura.com.br\/blog\/espacos-socializacao-no-trabalho\/","url":"https:\/\/www.dabusarquitetura.com.br\/blog\/espacos-socializacao-no-trabalho\/","name":"9 espa\u00e7os para potencializar a socializa\u00e7\u00e3o no trabalho","isPartOf":{"@id":"https:\/\/www.dabusarquitetura.com.br\/blog\/#website"},"datePublished":"2023-09-04T19:25:42+00:00","dateModified":"2023-09-04T19:25:47+00:00","author":{"@id":"https:\/\/www.dabusarquitetura.com.br\/blog\/#\/schema\/person\/978b78d74759412a1cd43634996237c4"},"description":"A socializa\u00e7\u00e3o no trabalho pode ser uma poderosa estrat\u00e9gia para estimular os seus colaboradores e construir um ambiente mais frut\u00edfero.","breadcrumb":{"@id":"https:\/\/www.dabusarquitetura.com.br\/blog\/espacos-socializacao-no-trabalho\/#breadcrumb"},"inLanguage":"pt-BR","potentialAction":[{"@type":"ReadAction","target":["https:\/\/www.dabusarquitetura.com.br\/blog\/espacos-socializacao-no-trabalho\/"]}]},{"@type":"BreadcrumbList","@id":"https:\/\/www.dabusarquitetura.com.br\/blog\/espacos-socializacao-no-trabalho\/#breadcrumb","itemListElement":[{"@type":"ListItem","position":1,"name":"In\u00edcio","item":"https:\/\/www.dabusarquitetura.com.br\/blog\/"},{"@type":"ListItem","position":2,"name":"9 espa\u00e7os para potencializar a socializa\u00e7\u00e3o no trabalho"}]},{"@type":"WebSite","@id":"https:\/\/www.dabusarquitetura.com.br\/blog\/#website","url":"https:\/\/www.dabusarquitetura.com.br\/blog\/","name":"DABUS ARQUITETURA","description":"Arquitetura Corporativa","potentialAction":[{"@type":"SearchAction","target":{"@type":"EntryPoint","urlTemplate":"https:\/\/www.dabusarquitetura.com.br\/blog\/?s={search_term_string}"},"query-input":"required name=search_term_string"}],"inLanguage":"pt-BR"},{"@type":"Person","@id":"https:\/\/www.dabusarquitetura.com.br\/blog\/#\/schema\/person\/978b78d74759412a1cd43634996237c4","name":"heloisa.dabus","image":{"@type":"ImageObject","inLanguage":"pt-BR","@id":"https:\/\/www.dabusarquitetura.com.br\/blog\/#\/schema\/person\/image\/","url":"https:\/\/secure.gravatar.com\/avatar\/4078f4f8e54fb70a99a5e9edc642ecb1?s=96&d=mm&r=g","contentUrl":"https:\/\/secure.gravatar.com\/avatar\/4078f4f8e54fb70a99a5e9edc642ecb1?s=96&d=mm&r=g","caption":"heloisa.dabus"},"url":"https:\/\/www.dabusarquitetura.com.br\/blog\/author\/heloisa-dabus\/"}]}},"_links":{"self":[{"href":"https:\/\/www.dabusarquitetura.com.br\/blog\/wp-json\/wp\/v2\/posts\/16927"}],"collection":[{"href":"https:\/\/www.dabusarquitetura.com.br\/blog\/wp-json\/wp\/v2\/posts"}],"about":[{"href":"https:\/\/www.dabusarquitetura.com.br\/blog\/wp-json\/wp\/v2\/types\/post"}],"author":[{"embeddable":true,"href":"https:\/\/www.dabusarquitetura.com.br\/blog\/wp-json\/wp\/v2\/users\/3"}],"replies":[{"embeddable":true,"href":"https:\/\/www.dabusarquitetura.com.br\/blog\/wp-json\/wp\/v2\/comments?post=16927"}],"version-history":[{"count":3,"href":"https:\/\/www.dabusarquitetura.com.br\/blog\/wp-json\/wp\/v2\/posts\/16927\/revisions"}],"predecessor-version":[{"id":16931,"href":"https:\/\/www.dabusarquitetura.com.br\/blog\/wp-json\/wp\/v2\/posts\/16927\/revisions\/16931"}],"wp:featuredmedia":[{"embeddable":true,"href":"https:\/\/www.dabusarquitetura.com.br\/blog\/wp-json\/wp\/v2\/media\/16929"}],"wp:attachment":[{"href":"https:\/\/www.dabusarquitetura.com.br\/blog\/wp-json\/wp\/v2\/media?parent=16927"}],"wp:term":[{"taxonomy":"category","embeddable":true,"href":"https:\/\/www.dabusarquitetura.com.br\/blog\/wp-json\/wp\/v2\/categories?post=16927"},{"taxonomy":"post_tag","embeddable":true,"href":"https:\/\/www.dabusarquitetura.com.br\/blog\/wp-json\/wp\/v2\/tags?post=16927"}],"curies":[{"name":"wp","href":"https:\/\/api.w.org\/{rel}","templated":true}]}}