{"id":1688,"date":"2010-10-13T14:00:36","date_gmt":"2010-10-13T14:00:36","guid":{"rendered":"http:\/\/www.dabus.com.br\/blog\/?p=1688"},"modified":"2022-07-25T20:14:02","modified_gmt":"2022-07-25T17:14:02","slug":"o-melhor-aproveitamento-dos-espacos-da-empresa-pela-arquitetura-corporativa","status":"publish","type":"post","link":"https:\/\/www.dabusarquitetura.com.br\/blog\/o-melhor-aproveitamento-dos-espacos-da-empresa-pela-arquitetura-corporativa\/","title":{"rendered":"O melhor aproveitamento dos espa\u00e7os da empresa pela Arquitetura Corporativa"},"content":{"rendered":"<p>Do mesmo modo como<strong> o mercado est\u00e1 em constante evolu\u00e7\u00e3o,<\/strong> destacando<strong> novas tend\u00eancias e formas de comportamento, <\/strong>\u00e9 imprescind\u00edvel que o <strong>espa\u00e7o corporativo <\/strong>esteja preparado para acompanhar <strong>tais transforma\u00e7\u00f5es, <\/strong>oferecendo as condi\u00e7\u00f5es necess\u00e1rias para <strong>se produzir melhor e para garantir a identidade da empresa.<\/strong><\/p>\n<p>A <strong>tecnologia <\/strong>\u00e9 um dos elementos fundamentais quando o assunto \u00e9 <strong>evolu\u00e7\u00e3o e adequa\u00e7\u00e3o das esta\u00e7\u00f5es de trabalho.<\/strong> Somados a ela, o <strong>melhor aproveitamento dos espa\u00e7os<\/strong> e a<strong> reorganiza\u00e7\u00e3o do <\/strong><em><strong>layout<\/strong> <\/em>desempenham <strong>fun\u00e7\u00f5es de qualidade e efici\u00eancia<\/strong> na<strong> Arquitetura Corporativa contempor\u00e2nea.<br \/>\n<\/strong><\/p>\n<p>Hoje, ao contr\u00e1rio da r\u00edgida divis\u00e3o dos espa\u00e7os de trabalho comum nas d\u00e9cadas de 70 e 80, os <strong>projetos de plantas livres e espa\u00e7os integrados<\/strong> s\u00e3o cada vez mais utilizados.<\/p>\n<div id=\"attachment_1752\" style=\"width: 313px\" class=\"wp-caption aligncenter\"><a title=\"Saiba mais sobre este projeto!\" href=\"http:\/\/www.dabusarquitetura.com.br\/site\/arquitetura-corporativa\/projeto-votorantim-ccti.html\" target=\"_blank\" rel=\"noopener noreferrer\"><img aria-describedby=\"caption-attachment-1752\" decoding=\"async\" loading=\"lazy\" class=\"size-full wp-image-1752 \" title=\"Dabus Arquitetura - Projeto Votorantim CCTI\" src=\"http:\/\/www.dabusarquitetura.com.br\/blog\/wp-content\/uploads\/2010\/10\/Dabus-Arquitetura-Projeto-Votorantim-CCTI1.jpg\" alt=\"\" width=\"303\" height=\"228\" srcset=\"https:\/\/www.dabusarquitetura.com.br\/blog\/wp-content\/uploads\/2010\/10\/Dabus-Arquitetura-Projeto-Votorantim-CCTI1.jpg 303w, https:\/\/www.dabusarquitetura.com.br\/blog\/wp-content\/uploads\/2010\/10\/Dabus-Arquitetura-Projeto-Votorantim-CCTI1-300x225.jpg 300w\" sizes=\"(max-width: 303px) 100vw, 303px\" \/><\/a><p id=\"caption-attachment-1752\" class=\"wp-caption-text\">Projeto de Arquitetura Corporativa para um dos escrit\u00f3rios do Votorantim CCTI em S\u00e3o Paulo.<\/p><\/div>\n<p>&nbsp;<\/p>\n<p>Em mat\u00e9ria da revista <a title=\"Site oficial\" href=\"http:\/\/www.revistaau.com.br\/\" target=\"_blank\" rel=\"noopener noreferrer\">Arquitetura e Urbanismo<\/a> de setembro, <strong>Heloisa Dabus,<\/strong> arquiteta respons\u00e1vel pela <strong>DABUS ARQUITETURA, <\/strong>destacou que <strong>antes da Era Digital, os escrit\u00f3rios e empresas ainda eram configurados de acordo com padr\u00f5es hier\u00e1rquicos. <\/strong>&#8220;Mas com as novas premissas e necessidades de inform\u00e1tica, as esta\u00e7\u00f5es passaram a ser definidas de acordo com os <strong>equipamentos que cada usu\u00e1rio precisa para desempenhar sua fun\u00e7\u00e3o<\/strong>&#8220;, afirmou ela.<\/p>\n<div id=\"attachment_1712\" style=\"width: 265px\" class=\"wp-caption aligncenter\"><a title=\"Saiba mais sobre esta edi\u00e7\u00e3o\" href=\"http:\/\/www.revistaau.com.br\/arquitetura-urbanismo\/198\/artigo184907-1.asp\" target=\"_blank\" rel=\"noopener noreferrer\"><img aria-describedby=\"caption-attachment-1712\" decoding=\"async\" loading=\"lazy\" class=\"size-full wp-image-1712 \" title=\"Revista Arquitetura e Urbanismo - Ed. 198 Set. 2010\" src=\"http:\/\/www.dabusarquitetura.com.br\/blog\/wp-content\/uploads\/2010\/10\/Revista-Arquitetura-e-Urbanismo-Ed.-198-Set.-2010.jpeg\" alt=\"\" width=\"255\" height=\"300\"><\/a><p id=\"caption-attachment-1712\" class=\"wp-caption-text\">Revista Arquitetura e Urbanismo &#8211; Setembro de 2010, Edi\u00e7\u00e3o 198.<\/p><\/div>\n<p>Com a chegada de <strong>computadores mais compactos e telas mais finas,<\/strong> se tornou poss\u00edvel aproveitar um \u00fanico local para a realiza\u00e7\u00e3o das tarefas de um <strong>n\u00famero maior de colaboradores.<\/strong><\/p>\n<blockquote><p>&#8230; os <strong>mes\u00f5es lineares<\/strong> se multiplicaram em escrit\u00f3rios de diferentes portes e atividades prometendo <strong>racionalizar os espa\u00e7os e promover maior intera\u00e7\u00e3o entre as equipes. <\/strong>Estima-se que esse modelo de organiza\u00e7\u00e3o permita <strong>reduzir em pelo menos 25% a \u00e1rea ocupada,<\/strong> o que, em outras palavras, significa redu\u00e7\u00e3o de custos&#8221; &#8211; Trecho da mat\u00e9ria<em> Tempos Modernos<\/em> da revista <strong>Arquitetura e Urbanismo<\/strong> de setembro de 2010.<\/p><\/blockquote>\n<p>A utiliza\u00e7\u00e3o de<strong> arm\u00e1rios embutidos, portas de correr,<\/strong> <strong>prateleiras aplicadas \u00e0 parede,<\/strong> s\u00e3o outras solu\u00e7\u00f5es que permitem o <strong>melhor aproveitamento do metro quadrado<\/strong>. Para dar a sensa\u00e7\u00e3o de amplitude, <strong>espelhos e imagens em profundidade <\/strong>tamb\u00e9m podem ajudar &#8211; principalmente em \u00e1reas reduzidas.<\/p>\n<p><strong>Salas usadas para mais de uma finalidade<\/strong> s\u00e3o excelentes quando a ideia \u00e9 economizar espa\u00e7o. Neste sentido, salas de reuni\u00e3o podem ser aproveitadas tamb\u00e9m para fazer confer\u00eancias e treinamentos &#8211; aqui o importante \u00e9 contar com um <strong>mobili\u00e1rio leve e pr\u00e1tico.<\/strong><\/p>\n<p>O ideal \u00e9 que o <strong>projeto de Arquitetura Corporativa<\/strong> preveja <strong>solu\u00e7\u00f5es vers\u00e1teis,<\/strong> pois, conforme dito no in\u00edcio,<strong> a constante evolu\u00e7\u00e3o do mercado exige atualiza\u00e7\u00f5es nas esta\u00e7\u00f5es de trabalho com maior frequ\u00eancia.<\/strong><\/p>\n<p>Em vista disto, crescem os<strong> projetos facilmente revers\u00edveis, <\/strong>permitindo retrabalhar os ambientes para atender as necessidades da empresa e da equipe, <strong>associando novas tecnologias e a reorganiza\u00e7\u00e3o do <em>layout<\/em>.<\/strong><\/p>\n<p>Muito mais que a <strong>otimiza\u00e7\u00e3o do espa\u00e7o corporativo,<\/strong> a <strong>Arquitetura Corporativa<\/strong> se reflete diretamente sobre os<strong> resultados operacionais e financeiros,<\/strong> sendo um<strong> elemento decisivo no planejamento dos neg\u00f3cios.<\/strong><\/p>\n<p>Por isso, entre <strong><a title=\"Clique Aqui!\" href=\"..\/fale-conosco\/\" target=\"_blank\" rel=\"noopener noreferrer\"><strong>entre em contato <\/strong><\/a><\/strong> com a<strong><strong> DABUS ARQUITETURA<\/strong><\/strong> e saiba como podemos tornar a sua empresa muito mais<strong> integrada, confort\u00e1vel e produtiva!<\/strong><\/p>\n","protected":false},"excerpt":{"rendered":"<p>Do mesmo modo como o mercado est\u00e1 em constante evolu\u00e7\u00e3o, destacando novas tend\u00eancias e formas de comportamento, \u00e9 imprescind\u00edvel que o espa\u00e7o corporativo esteja preparado [&hellip;]<\/p>\n","protected":false},"author":3,"featured_media":0,"comment_status":"open","ping_status":"open","sticky":false,"template":"","format":"standard","meta":[],"categories":[7,49,12],"tags":[116,117,273,23,75,119,118,84],"yoast_head":"<!-- This site is optimized with the Yoast SEO plugin v20.8 - https:\/\/yoast.com\/wordpress\/plugins\/seo\/ -->\n<title>O melhor aproveitamento dos espa\u00e7os da empresa pela Arquitetura Corporativa - DABUS ARQUITETURA<\/title>\n<meta name=\"robots\" content=\"index, follow, max-snippet:-1, max-image-preview:large, max-video-preview:-1\" \/>\n<link rel=\"canonical\" href=\"https:\/\/www.dabusarquitetura.com.br\/blog\/o-melhor-aproveitamento-dos-espacos-da-empresa-pela-arquitetura-corporativa\/\" \/>\n<meta property=\"og:locale\" content=\"pt_BR\" \/>\n<meta property=\"og:type\" content=\"article\" \/>\n<meta property=\"og:title\" content=\"O melhor aproveitamento dos espa\u00e7os da empresa pela Arquitetura Corporativa - DABUS ARQUITETURA\" \/>\n<meta property=\"og:description\" content=\"Do mesmo modo como o mercado est\u00e1 em constante evolu\u00e7\u00e3o, destacando novas tend\u00eancias e formas de comportamento, \u00e9 imprescind\u00edvel que o espa\u00e7o corporativo esteja preparado [&hellip;]\" \/>\n<meta property=\"og:url\" content=\"https:\/\/www.dabusarquitetura.com.br\/blog\/o-melhor-aproveitamento-dos-espacos-da-empresa-pela-arquitetura-corporativa\/\" \/>\n<meta property=\"og:site_name\" content=\"DABUS ARQUITETURA\" \/>\n<meta property=\"article:published_time\" content=\"2010-10-13T14:00:36+00:00\" \/>\n<meta property=\"article:modified_time\" content=\"2022-07-25T17:14:02+00:00\" \/>\n<meta property=\"og:image\" content=\"http:\/\/www.dabusarquitetura.com.br\/blog\/wp-content\/uploads\/2010\/10\/Dabus-Arquitetura-Projeto-Votorantim-CCTI1.jpg\" \/>\n<meta name=\"author\" content=\"heloisa.dabus\" \/>\n<meta name=\"twitter:card\" content=\"summary_large_image\" \/>\n<meta name=\"twitter:label1\" content=\"Escrito por\" \/>\n\t<meta name=\"twitter:data1\" content=\"heloisa.dabus\" \/>\n\t<meta name=\"twitter:label2\" content=\"Est. tempo de leitura\" \/>\n\t<meta name=\"twitter:data2\" content=\"3 minutos\" \/>\n<script type=\"application\/ld+json\" class=\"yoast-schema-graph\">{\"@context\":\"https:\/\/schema.org\",\"@graph\":[{\"@type\":\"WebPage\",\"@id\":\"https:\/\/www.dabusarquitetura.com.br\/blog\/o-melhor-aproveitamento-dos-espacos-da-empresa-pela-arquitetura-corporativa\/\",\"url\":\"https:\/\/www.dabusarquitetura.com.br\/blog\/o-melhor-aproveitamento-dos-espacos-da-empresa-pela-arquitetura-corporativa\/\",\"name\":\"O melhor aproveitamento dos espa\u00e7os da empresa pela Arquitetura Corporativa - DABUS ARQUITETURA\",\"isPartOf\":{\"@id\":\"https:\/\/www.dabusarquitetura.com.br\/blog\/#website\"},\"datePublished\":\"2010-10-13T14:00:36+00:00\",\"dateModified\":\"2022-07-25T17:14:02+00:00\",\"author\":{\"@id\":\"https:\/\/www.dabusarquitetura.com.br\/blog\/#\/schema\/person\/978b78d74759412a1cd43634996237c4\"},\"breadcrumb\":{\"@id\":\"https:\/\/www.dabusarquitetura.com.br\/blog\/o-melhor-aproveitamento-dos-espacos-da-empresa-pela-arquitetura-corporativa\/#breadcrumb\"},\"inLanguage\":\"pt-BR\",\"potentialAction\":[{\"@type\":\"ReadAction\",\"target\":[\"https:\/\/www.dabusarquitetura.com.br\/blog\/o-melhor-aproveitamento-dos-espacos-da-empresa-pela-arquitetura-corporativa\/\"]}]},{\"@type\":\"BreadcrumbList\",\"@id\":\"https:\/\/www.dabusarquitetura.com.br\/blog\/o-melhor-aproveitamento-dos-espacos-da-empresa-pela-arquitetura-corporativa\/#breadcrumb\",\"itemListElement\":[{\"@type\":\"ListItem\",\"position\":1,\"name\":\"In\u00edcio\",\"item\":\"https:\/\/www.dabusarquitetura.com.br\/blog\/\"},{\"@type\":\"ListItem\",\"position\":2,\"name\":\"O melhor aproveitamento dos espa\u00e7os da empresa pela Arquitetura Corporativa\"}]},{\"@type\":\"WebSite\",\"@id\":\"https:\/\/www.dabusarquitetura.com.br\/blog\/#website\",\"url\":\"https:\/\/www.dabusarquitetura.com.br\/blog\/\",\"name\":\"DABUS ARQUITETURA\",\"description\":\"Arquitetura Corporativa\",\"potentialAction\":[{\"@type\":\"SearchAction\",\"target\":{\"@type\":\"EntryPoint\",\"urlTemplate\":\"https:\/\/www.dabusarquitetura.com.br\/blog\/?s={search_term_string}\"},\"query-input\":\"required name=search_term_string\"}],\"inLanguage\":\"pt-BR\"},{\"@type\":\"Person\",\"@id\":\"https:\/\/www.dabusarquitetura.com.br\/blog\/#\/schema\/person\/978b78d74759412a1cd43634996237c4\",\"name\":\"heloisa.dabus\",\"image\":{\"@type\":\"ImageObject\",\"inLanguage\":\"pt-BR\",\"@id\":\"https:\/\/www.dabusarquitetura.com.br\/blog\/#\/schema\/person\/image\/\",\"url\":\"https:\/\/secure.gravatar.com\/avatar\/4078f4f8e54fb70a99a5e9edc642ecb1?s=96&d=mm&r=g\",\"contentUrl\":\"https:\/\/secure.gravatar.com\/avatar\/4078f4f8e54fb70a99a5e9edc642ecb1?s=96&d=mm&r=g\",\"caption\":\"heloisa.dabus\"},\"url\":\"https:\/\/www.dabusarquitetura.com.br\/blog\/author\/heloisa-dabus\/\"}]}<\/script>\n<!-- \/ Yoast SEO plugin. -->","yoast_head_json":{"title":"O melhor aproveitamento dos espa\u00e7os da empresa pela Arquitetura Corporativa - DABUS ARQUITETURA","robots":{"index":"index","follow":"follow","max-snippet":"max-snippet:-1","max-image-preview":"max-image-preview:large","max-video-preview":"max-video-preview:-1"},"canonical":"https:\/\/www.dabusarquitetura.com.br\/blog\/o-melhor-aproveitamento-dos-espacos-da-empresa-pela-arquitetura-corporativa\/","og_locale":"pt_BR","og_type":"article","og_title":"O melhor aproveitamento dos espa\u00e7os da empresa pela Arquitetura Corporativa - DABUS ARQUITETURA","og_description":"Do mesmo modo como o mercado est\u00e1 em constante evolu\u00e7\u00e3o, destacando novas tend\u00eancias e formas de comportamento, \u00e9 imprescind\u00edvel que o espa\u00e7o corporativo esteja preparado [&hellip;]","og_url":"https:\/\/www.dabusarquitetura.com.br\/blog\/o-melhor-aproveitamento-dos-espacos-da-empresa-pela-arquitetura-corporativa\/","og_site_name":"DABUS ARQUITETURA","article_published_time":"2010-10-13T14:00:36+00:00","article_modified_time":"2022-07-25T17:14:02+00:00","og_image":[{"url":"http:\/\/www.dabusarquitetura.com.br\/blog\/wp-content\/uploads\/2010\/10\/Dabus-Arquitetura-Projeto-Votorantim-CCTI1.jpg"}],"author":"heloisa.dabus","twitter_card":"summary_large_image","twitter_misc":{"Escrito por":"heloisa.dabus","Est. tempo de leitura":"3 minutos"},"schema":{"@context":"https:\/\/schema.org","@graph":[{"@type":"WebPage","@id":"https:\/\/www.dabusarquitetura.com.br\/blog\/o-melhor-aproveitamento-dos-espacos-da-empresa-pela-arquitetura-corporativa\/","url":"https:\/\/www.dabusarquitetura.com.br\/blog\/o-melhor-aproveitamento-dos-espacos-da-empresa-pela-arquitetura-corporativa\/","name":"O melhor aproveitamento dos espa\u00e7os da empresa pela Arquitetura Corporativa - DABUS ARQUITETURA","isPartOf":{"@id":"https:\/\/www.dabusarquitetura.com.br\/blog\/#website"},"datePublished":"2010-10-13T14:00:36+00:00","dateModified":"2022-07-25T17:14:02+00:00","author":{"@id":"https:\/\/www.dabusarquitetura.com.br\/blog\/#\/schema\/person\/978b78d74759412a1cd43634996237c4"},"breadcrumb":{"@id":"https:\/\/www.dabusarquitetura.com.br\/blog\/o-melhor-aproveitamento-dos-espacos-da-empresa-pela-arquitetura-corporativa\/#breadcrumb"},"inLanguage":"pt-BR","potentialAction":[{"@type":"ReadAction","target":["https:\/\/www.dabusarquitetura.com.br\/blog\/o-melhor-aproveitamento-dos-espacos-da-empresa-pela-arquitetura-corporativa\/"]}]},{"@type":"BreadcrumbList","@id":"https:\/\/www.dabusarquitetura.com.br\/blog\/o-melhor-aproveitamento-dos-espacos-da-empresa-pela-arquitetura-corporativa\/#breadcrumb","itemListElement":[{"@type":"ListItem","position":1,"name":"In\u00edcio","item":"https:\/\/www.dabusarquitetura.com.br\/blog\/"},{"@type":"ListItem","position":2,"name":"O melhor aproveitamento dos espa\u00e7os da empresa pela Arquitetura Corporativa"}]},{"@type":"WebSite","@id":"https:\/\/www.dabusarquitetura.com.br\/blog\/#website","url":"https:\/\/www.dabusarquitetura.com.br\/blog\/","name":"DABUS ARQUITETURA","description":"Arquitetura Corporativa","potentialAction":[{"@type":"SearchAction","target":{"@type":"EntryPoint","urlTemplate":"https:\/\/www.dabusarquitetura.com.br\/blog\/?s={search_term_string}"},"query-input":"required name=search_term_string"}],"inLanguage":"pt-BR"},{"@type":"Person","@id":"https:\/\/www.dabusarquitetura.com.br\/blog\/#\/schema\/person\/978b78d74759412a1cd43634996237c4","name":"heloisa.dabus","image":{"@type":"ImageObject","inLanguage":"pt-BR","@id":"https:\/\/www.dabusarquitetura.com.br\/blog\/#\/schema\/person\/image\/","url":"https:\/\/secure.gravatar.com\/avatar\/4078f4f8e54fb70a99a5e9edc642ecb1?s=96&d=mm&r=g","contentUrl":"https:\/\/secure.gravatar.com\/avatar\/4078f4f8e54fb70a99a5e9edc642ecb1?s=96&d=mm&r=g","caption":"heloisa.dabus"},"url":"https:\/\/www.dabusarquitetura.com.br\/blog\/author\/heloisa-dabus\/"}]}},"_links":{"self":[{"href":"https:\/\/www.dabusarquitetura.com.br\/blog\/wp-json\/wp\/v2\/posts\/1688"}],"collection":[{"href":"https:\/\/www.dabusarquitetura.com.br\/blog\/wp-json\/wp\/v2\/posts"}],"about":[{"href":"https:\/\/www.dabusarquitetura.com.br\/blog\/wp-json\/wp\/v2\/types\/post"}],"author":[{"embeddable":true,"href":"https:\/\/www.dabusarquitetura.com.br\/blog\/wp-json\/wp\/v2\/users\/3"}],"replies":[{"embeddable":true,"href":"https:\/\/www.dabusarquitetura.com.br\/blog\/wp-json\/wp\/v2\/comments?post=1688"}],"version-history":[{"count":1,"href":"https:\/\/www.dabusarquitetura.com.br\/blog\/wp-json\/wp\/v2\/posts\/1688\/revisions"}],"predecessor-version":[{"id":16154,"href":"https:\/\/www.dabusarquitetura.com.br\/blog\/wp-json\/wp\/v2\/posts\/1688\/revisions\/16154"}],"wp:attachment":[{"href":"https:\/\/www.dabusarquitetura.com.br\/blog\/wp-json\/wp\/v2\/media?parent=1688"}],"wp:term":[{"taxonomy":"category","embeddable":true,"href":"https:\/\/www.dabusarquitetura.com.br\/blog\/wp-json\/wp\/v2\/categories?post=1688"},{"taxonomy":"post_tag","embeddable":true,"href":"https:\/\/www.dabusarquitetura.com.br\/blog\/wp-json\/wp\/v2\/tags?post=1688"}],"curies":[{"name":"wp","href":"https:\/\/api.w.org\/{rel}","templated":true}]}}