{"id":16845,"date":"2023-06-30T23:30:18","date_gmt":"2023-06-30T20:30:18","guid":{"rendered":"https:\/\/www.dabusarquitetura.com.br\/blog\/?p=16845"},"modified":"2023-06-30T23:30:25","modified_gmt":"2023-06-30T20:30:25","slug":"fatores-escolher-o-mobiliario-corporativo","status":"publish","type":"post","link":"https:\/\/www.dabusarquitetura.com.br\/blog\/fatores-escolher-o-mobiliario-corporativo\/","title":{"rendered":"5 fatores a considerar ao escolher o mobili\u00e1rio corporativo"},"content":{"rendered":"<div class=\"wp-block-image\">\n<figure class=\"aligncenter size-full\"><img decoding=\"async\" loading=\"lazy\" width=\"834\" height=\"317\" src=\"https:\/\/www.dabusarquitetura.com.br\/blog\/wp-content\/uploads\/2023\/06\/escolher-mobiliario-corporativo.png\" alt=\"Como escolher o mobili\u00e1rio corporativo\" class=\"wp-image-16850\" title=\"Projeto DABUS ARQUITETURA\" srcset=\"https:\/\/www.dabusarquitetura.com.br\/blog\/wp-content\/uploads\/2023\/06\/escolher-mobiliario-corporativo.png 834w, https:\/\/www.dabusarquitetura.com.br\/blog\/wp-content\/uploads\/2023\/06\/escolher-mobiliario-corporativo-300x114.png 300w, https:\/\/www.dabusarquitetura.com.br\/blog\/wp-content\/uploads\/2023\/06\/escolher-mobiliario-corporativo-768x292.png 768w\" sizes=\"(max-width: 834px) 100vw, 834px\" \/><figcaption class=\"wp-element-caption\"><a href=\"https:\/\/www.dabusarquitetura.com.br\/site\/arquitetura-corporativa\/gft-290422150405.html\" target=\"_blank\" rel=\"noreferrer noopener\">Projeto da DABUS ARQUITETURA desenvolvido para a GFT<\/a>.<\/figcaption><\/figure><\/div>\n\n\n<p>Na hora de projetar ou reformar um escrit\u00f3rio, um dos aspectos mais importantes a serem considerados \u00e9 <strong>como escolher mobili\u00e1rio corporativo<\/strong>. O mobili\u00e1rio n\u00e3o apenas define a est\u00e9tica do ambiente de trabalho, mas tamb\u00e9m desempenha um papel fundamental na <strong>produtividade e no bem-estar<\/strong> dos colaboradores.<\/p>\n\n\n\n<p>Hoje, veremos os principais pontos a serem considerados ao especificar mobili\u00e1rio corporativo, para que voc\u00ea possa tomar decis\u00f5es assertivas e criar um <strong>espa\u00e7o funcional e inspirador<\/strong>.<\/p>\n\n\n\n<h2 class=\"wp-block-heading\">Escolher o mobili\u00e1rio corporativo vai muito al\u00e9m da est\u00e9tica<\/h2>\n\n\n\n<p>O momento de escolher o mobili\u00e1rio corporativo deve ser cuidadosamente pensado. Afinal, sua defini\u00e7\u00e3o ir\u00e1 <strong>impactar em diferentes aspectos do neg\u00f3cio<\/strong>. Incluindo a disposi\u00e7\u00e3o e a sa\u00fade das pessoas.<\/p>\n\n\n\n<p>Portanto, n\u00e3o se pode observar apenas o estilo e o design. \u00c9 necess\u00e1rio considerar seu alinhamento com a cultura organizacional, as necessidades da sua equipe, as condi\u00e7\u00f5es de regulagem e de adapta\u00e7\u00e3o, entre outros fatores.<\/p>\n\n\n\n<p>Saiba mais a seguir!<\/p>\n\n\n\n<h3 class=\"wp-block-heading\">1. Ergonomia<\/h3>\n\n\n\n<p>Ao escolher o mobili\u00e1rio corporativo, <strong>a ergonomia deve ser uma prioridade<\/strong>. Desse modo, vale lembrar que cadeiras e mesas ergonomicamente projetadas ajudam a prevenir les\u00f5es musculoesquel\u00e9ticas e melhoram o conforto e a postura dos funcion\u00e1rios. Certifique-se de que as cadeiras ofere\u00e7am suporte adequado para a coluna vertebral e de que permitam <strong>ajustes personalizados<\/strong>. Mesas ajust\u00e1veis em altura tamb\u00e9m s\u00e3o uma excelente op\u00e7\u00e3o, pois permitem que os funcion\u00e1rios alternem entre posi\u00e7\u00f5es sentadas e em p\u00e9 ao longo do dia.<\/p>\n\n\n\n<h3 class=\"wp-block-heading\">2. Espa\u00e7o dispon\u00edvel<\/h3>\n\n\n\n<p>Antes de escolher o mobili\u00e1rio corporativo, \u00e9 essencial ter um conhecimento claro sobre o espa\u00e7o dispon\u00edvel. Assim, me\u00e7a cuidadosamente o escrit\u00f3rio e leve em considera\u00e7\u00e3o a circula\u00e7\u00e3o de pessoas, as \u00e1reas de trabalho em equipe e os espa\u00e7os de armazenamento necess\u00e1rios. Isso ajudar\u00e1 a determinar o tamanho e a configura\u00e7\u00e3o adequados dos m\u00f3veis, garantindo uma <strong>utiliza\u00e7\u00e3o eficiente do espa\u00e7o<\/strong>.<\/p>\n\n\n\n<h3 class=\"wp-block-heading\">3. Fun\u00e7\u00e3o e necessidades<\/h3>\n\n\n\n<p>Pense nas atividades e nas necessidades espec\u00edficas da sua empresa ao escolher o mobili\u00e1rio corporativo. Assim, se o trabalho envolve muitas reuni\u00f5es, considere a inclus\u00e3o de <a href=\"https:\/\/www.dabusarquitetura.com.br\/blog\/novos-espacos-colaborativos-mesas-compartilhadas\/\"><strong>mesas de confer\u00eancia ou \u00e1reas de colabora\u00e7\u00e3o<\/strong><\/a>. Se a equipe trabalha com tecnologia, certifique-se de que existam recursos para gerenciamento de cabos e suportes para monitores. Al\u00e9m disso, considere as <strong>demandas de armazenamento<\/strong>, optando por arm\u00e1rios, estantes ou gaveteiros, conforme necess\u00e1rio.<\/p>\n\n\n\n<h3 class=\"wp-block-heading\">4. Estilo e branding<\/h3>\n\n\n\n<p>O mobili\u00e1rio corporativo tamb\u00e9m desempenha um papel importante na <a href=\"https:\/\/www.dabusarquitetura.com.br\/blog\/branding-em-arquitetura-como-criar\/\"><strong>express\u00e3o do estilo e da identidade da empresa<\/strong><\/a>. Ent\u00e3o, considere o estilo geral do escrit\u00f3rio e a imagem de marca que deseja transmitir. Escolha <strong>m\u00f3veis que se alinhem com a est\u00e9tica e a cultura da empresa<\/strong>. Cores, materiais e design podem ser utilizados para criar um ambiente inspirador e profissional.<\/p>\n\n\n\n<h3 class=\"wp-block-heading\">5. Qualidade e durabilidade<\/h3>\n\n\n\n<p>Investir em mobili\u00e1rio de qualidade \u00e9 fundamental para <strong>garantir a durabilidade e a longevidade<\/strong> dos seus m\u00f3veis corporativos. Por isso, verifique a reputa\u00e7\u00e3o dos fabricantes e escolha fornecedores confi\u00e1veis. Avalie os materiais utilizados na fabrica\u00e7\u00e3o e cheque se eles s\u00e3o resistentes e f\u00e1ceis de limpar. Al\u00e9m disso, <strong>certifique-se de que os m\u00f3veis possuam garantia<\/strong>, o que \u00e9 um indicativo da confiabilidade do produto.<\/p>\n\n\n\n<p class=\"has-background\" style=\"background-color:#abb7c25c\">Muitos par\u00e2metros a serem considerados? Mas n\u00e3o \u00e9 preciso se preocupar! N\u00f3s somos especialistas em projetos corporativos. Ent\u00e3o, chame no <a href=\"https:\/\/www.dabusarquitetura.com.br\/blog\/climatizacao-no-escritorio-beneficios-ar-condicionado\/#:~:text=WhatsApp%2011%2098327%2D6060\" target=\"_blank\" rel=\"noreferrer noopener\"><strong>WhatsApp 11 98327-6060<\/strong><\/a> e saiba como podemos te ajudar!<\/p>\n","protected":false},"excerpt":{"rendered":"<p>Na hora de projetar ou reformar um escrit\u00f3rio, um dos aspectos mais importantes a serem considerados \u00e9 como escolher mobili\u00e1rio corporativo. O mobili\u00e1rio n\u00e3o apenas [&hellip;]<\/p>\n","protected":false},"author":3,"featured_media":0,"comment_status":"open","ping_status":"open","sticky":false,"template":"","format":"standard","meta":[],"categories":[7,1],"tags":[],"yoast_head":"<!-- This site is optimized with the Yoast SEO plugin v20.8 - https:\/\/yoast.com\/wordpress\/plugins\/seo\/ -->\n<title>5 fatores a considerar ao escolher o mobili\u00e1rio corporativo<\/title>\n<meta name=\"description\" content=\"Saiba qualidades levar em considera\u00e7\u00e3o ao escolher o mobili\u00e1rio corporativo. Assim, evite surpresas e preju\u00edzos!\" \/>\n<meta name=\"robots\" content=\"index, follow, max-snippet:-1, max-image-preview:large, max-video-preview:-1\" \/>\n<link rel=\"canonical\" href=\"https:\/\/www.dabusarquitetura.com.br\/blog\/fatores-escolher-o-mobiliario-corporativo\/\" \/>\n<meta property=\"og:locale\" content=\"pt_BR\" \/>\n<meta property=\"og:type\" content=\"article\" \/>\n<meta property=\"og:title\" content=\"5 fatores a considerar ao escolher o mobili\u00e1rio corporativo\" \/>\n<meta property=\"og:description\" content=\"Saiba qualidades levar em considera\u00e7\u00e3o ao escolher o mobili\u00e1rio corporativo. Assim, evite surpresas e preju\u00edzos!\" \/>\n<meta property=\"og:url\" content=\"https:\/\/www.dabusarquitetura.com.br\/blog\/fatores-escolher-o-mobiliario-corporativo\/\" \/>\n<meta property=\"og:site_name\" content=\"DABUS ARQUITETURA\" \/>\n<meta property=\"article:published_time\" content=\"2023-06-30T20:30:18+00:00\" \/>\n<meta property=\"article:modified_time\" content=\"2023-06-30T20:30:25+00:00\" \/>\n<meta property=\"og:image\" content=\"https:\/\/www.dabusarquitetura.com.br\/blog\/wp-content\/uploads\/2023\/06\/escolher-mobiliario-corporativo.png\" \/>\n<meta name=\"author\" content=\"heloisa.dabus\" \/>\n<meta name=\"twitter:card\" content=\"summary_large_image\" \/>\n<meta name=\"twitter:label1\" content=\"Escrito por\" \/>\n\t<meta name=\"twitter:data1\" content=\"heloisa.dabus\" \/>\n\t<meta name=\"twitter:label2\" content=\"Est. tempo de leitura\" \/>\n\t<meta name=\"twitter:data2\" content=\"4 minutos\" \/>\n<script type=\"application\/ld+json\" class=\"yoast-schema-graph\">{\"@context\":\"https:\/\/schema.org\",\"@graph\":[{\"@type\":\"WebPage\",\"@id\":\"https:\/\/www.dabusarquitetura.com.br\/blog\/fatores-escolher-o-mobiliario-corporativo\/\",\"url\":\"https:\/\/www.dabusarquitetura.com.br\/blog\/fatores-escolher-o-mobiliario-corporativo\/\",\"name\":\"5 fatores a considerar ao escolher o mobili\u00e1rio corporativo\",\"isPartOf\":{\"@id\":\"https:\/\/www.dabusarquitetura.com.br\/blog\/#website\"},\"datePublished\":\"2023-06-30T20:30:18+00:00\",\"dateModified\":\"2023-06-30T20:30:25+00:00\",\"author\":{\"@id\":\"https:\/\/www.dabusarquitetura.com.br\/blog\/#\/schema\/person\/978b78d74759412a1cd43634996237c4\"},\"description\":\"Saiba qualidades levar em considera\u00e7\u00e3o ao escolher o mobili\u00e1rio corporativo. Assim, evite surpresas e preju\u00edzos!\",\"breadcrumb\":{\"@id\":\"https:\/\/www.dabusarquitetura.com.br\/blog\/fatores-escolher-o-mobiliario-corporativo\/#breadcrumb\"},\"inLanguage\":\"pt-BR\",\"potentialAction\":[{\"@type\":\"ReadAction\",\"target\":[\"https:\/\/www.dabusarquitetura.com.br\/blog\/fatores-escolher-o-mobiliario-corporativo\/\"]}]},{\"@type\":\"BreadcrumbList\",\"@id\":\"https:\/\/www.dabusarquitetura.com.br\/blog\/fatores-escolher-o-mobiliario-corporativo\/#breadcrumb\",\"itemListElement\":[{\"@type\":\"ListItem\",\"position\":1,\"name\":\"In\u00edcio\",\"item\":\"https:\/\/www.dabusarquitetura.com.br\/blog\/\"},{\"@type\":\"ListItem\",\"position\":2,\"name\":\"5 fatores a considerar ao escolher o mobili\u00e1rio corporativo\"}]},{\"@type\":\"WebSite\",\"@id\":\"https:\/\/www.dabusarquitetura.com.br\/blog\/#website\",\"url\":\"https:\/\/www.dabusarquitetura.com.br\/blog\/\",\"name\":\"DABUS ARQUITETURA\",\"description\":\"Arquitetura Corporativa\",\"potentialAction\":[{\"@type\":\"SearchAction\",\"target\":{\"@type\":\"EntryPoint\",\"urlTemplate\":\"https:\/\/www.dabusarquitetura.com.br\/blog\/?s={search_term_string}\"},\"query-input\":\"required name=search_term_string\"}],\"inLanguage\":\"pt-BR\"},{\"@type\":\"Person\",\"@id\":\"https:\/\/www.dabusarquitetura.com.br\/blog\/#\/schema\/person\/978b78d74759412a1cd43634996237c4\",\"name\":\"heloisa.dabus\",\"image\":{\"@type\":\"ImageObject\",\"inLanguage\":\"pt-BR\",\"@id\":\"https:\/\/www.dabusarquitetura.com.br\/blog\/#\/schema\/person\/image\/\",\"url\":\"https:\/\/secure.gravatar.com\/avatar\/4078f4f8e54fb70a99a5e9edc642ecb1?s=96&d=mm&r=g\",\"contentUrl\":\"https:\/\/secure.gravatar.com\/avatar\/4078f4f8e54fb70a99a5e9edc642ecb1?s=96&d=mm&r=g\",\"caption\":\"heloisa.dabus\"},\"url\":\"https:\/\/www.dabusarquitetura.com.br\/blog\/author\/heloisa-dabus\/\"}]}<\/script>\n<!-- \/ Yoast SEO plugin. -->","yoast_head_json":{"title":"5 fatores a considerar ao escolher o mobili\u00e1rio corporativo","description":"Saiba qualidades levar em considera\u00e7\u00e3o ao escolher o mobili\u00e1rio corporativo. Assim, evite surpresas e preju\u00edzos!","robots":{"index":"index","follow":"follow","max-snippet":"max-snippet:-1","max-image-preview":"max-image-preview:large","max-video-preview":"max-video-preview:-1"},"canonical":"https:\/\/www.dabusarquitetura.com.br\/blog\/fatores-escolher-o-mobiliario-corporativo\/","og_locale":"pt_BR","og_type":"article","og_title":"5 fatores a considerar ao escolher o mobili\u00e1rio corporativo","og_description":"Saiba qualidades levar em considera\u00e7\u00e3o ao escolher o mobili\u00e1rio corporativo. Assim, evite surpresas e preju\u00edzos!","og_url":"https:\/\/www.dabusarquitetura.com.br\/blog\/fatores-escolher-o-mobiliario-corporativo\/","og_site_name":"DABUS ARQUITETURA","article_published_time":"2023-06-30T20:30:18+00:00","article_modified_time":"2023-06-30T20:30:25+00:00","og_image":[{"url":"https:\/\/www.dabusarquitetura.com.br\/blog\/wp-content\/uploads\/2023\/06\/escolher-mobiliario-corporativo.png"}],"author":"heloisa.dabus","twitter_card":"summary_large_image","twitter_misc":{"Escrito por":"heloisa.dabus","Est. tempo de leitura":"4 minutos"},"schema":{"@context":"https:\/\/schema.org","@graph":[{"@type":"WebPage","@id":"https:\/\/www.dabusarquitetura.com.br\/blog\/fatores-escolher-o-mobiliario-corporativo\/","url":"https:\/\/www.dabusarquitetura.com.br\/blog\/fatores-escolher-o-mobiliario-corporativo\/","name":"5 fatores a considerar ao escolher o mobili\u00e1rio corporativo","isPartOf":{"@id":"https:\/\/www.dabusarquitetura.com.br\/blog\/#website"},"datePublished":"2023-06-30T20:30:18+00:00","dateModified":"2023-06-30T20:30:25+00:00","author":{"@id":"https:\/\/www.dabusarquitetura.com.br\/blog\/#\/schema\/person\/978b78d74759412a1cd43634996237c4"},"description":"Saiba qualidades levar em considera\u00e7\u00e3o ao escolher o mobili\u00e1rio corporativo. Assim, evite surpresas e preju\u00edzos!","breadcrumb":{"@id":"https:\/\/www.dabusarquitetura.com.br\/blog\/fatores-escolher-o-mobiliario-corporativo\/#breadcrumb"},"inLanguage":"pt-BR","potentialAction":[{"@type":"ReadAction","target":["https:\/\/www.dabusarquitetura.com.br\/blog\/fatores-escolher-o-mobiliario-corporativo\/"]}]},{"@type":"BreadcrumbList","@id":"https:\/\/www.dabusarquitetura.com.br\/blog\/fatores-escolher-o-mobiliario-corporativo\/#breadcrumb","itemListElement":[{"@type":"ListItem","position":1,"name":"In\u00edcio","item":"https:\/\/www.dabusarquitetura.com.br\/blog\/"},{"@type":"ListItem","position":2,"name":"5 fatores a considerar ao escolher o mobili\u00e1rio corporativo"}]},{"@type":"WebSite","@id":"https:\/\/www.dabusarquitetura.com.br\/blog\/#website","url":"https:\/\/www.dabusarquitetura.com.br\/blog\/","name":"DABUS ARQUITETURA","description":"Arquitetura Corporativa","potentialAction":[{"@type":"SearchAction","target":{"@type":"EntryPoint","urlTemplate":"https:\/\/www.dabusarquitetura.com.br\/blog\/?s={search_term_string}"},"query-input":"required name=search_term_string"}],"inLanguage":"pt-BR"},{"@type":"Person","@id":"https:\/\/www.dabusarquitetura.com.br\/blog\/#\/schema\/person\/978b78d74759412a1cd43634996237c4","name":"heloisa.dabus","image":{"@type":"ImageObject","inLanguage":"pt-BR","@id":"https:\/\/www.dabusarquitetura.com.br\/blog\/#\/schema\/person\/image\/","url":"https:\/\/secure.gravatar.com\/avatar\/4078f4f8e54fb70a99a5e9edc642ecb1?s=96&d=mm&r=g","contentUrl":"https:\/\/secure.gravatar.com\/avatar\/4078f4f8e54fb70a99a5e9edc642ecb1?s=96&d=mm&r=g","caption":"heloisa.dabus"},"url":"https:\/\/www.dabusarquitetura.com.br\/blog\/author\/heloisa-dabus\/"}]}},"_links":{"self":[{"href":"https:\/\/www.dabusarquitetura.com.br\/blog\/wp-json\/wp\/v2\/posts\/16845"}],"collection":[{"href":"https:\/\/www.dabusarquitetura.com.br\/blog\/wp-json\/wp\/v2\/posts"}],"about":[{"href":"https:\/\/www.dabusarquitetura.com.br\/blog\/wp-json\/wp\/v2\/types\/post"}],"author":[{"embeddable":true,"href":"https:\/\/www.dabusarquitetura.com.br\/blog\/wp-json\/wp\/v2\/users\/3"}],"replies":[{"embeddable":true,"href":"https:\/\/www.dabusarquitetura.com.br\/blog\/wp-json\/wp\/v2\/comments?post=16845"}],"version-history":[{"count":7,"href":"https:\/\/www.dabusarquitetura.com.br\/blog\/wp-json\/wp\/v2\/posts\/16845\/revisions"}],"predecessor-version":[{"id":16853,"href":"https:\/\/www.dabusarquitetura.com.br\/blog\/wp-json\/wp\/v2\/posts\/16845\/revisions\/16853"}],"wp:attachment":[{"href":"https:\/\/www.dabusarquitetura.com.br\/blog\/wp-json\/wp\/v2\/media?parent=16845"}],"wp:term":[{"taxonomy":"category","embeddable":true,"href":"https:\/\/www.dabusarquitetura.com.br\/blog\/wp-json\/wp\/v2\/categories?post=16845"},{"taxonomy":"post_tag","embeddable":true,"href":"https:\/\/www.dabusarquitetura.com.br\/blog\/wp-json\/wp\/v2\/tags?post=16845"}],"curies":[{"name":"wp","href":"https:\/\/api.w.org\/{rel}","templated":true}]}}