{"id":16797,"date":"2023-05-16T03:44:33","date_gmt":"2023-05-16T00:44:33","guid":{"rendered":"https:\/\/www.dabusarquitetura.com.br\/blog\/?p=16797"},"modified":"2023-05-16T03:44:35","modified_gmt":"2023-05-16T00:44:35","slug":"importancia-iluminacao-seguranca-do-trabalho","status":"publish","type":"post","link":"https:\/\/www.dabusarquitetura.com.br\/blog\/importancia-iluminacao-seguranca-do-trabalho\/","title":{"rendered":"A import\u00e2ncia da ilumina\u00e7\u00e3o para a seguran\u00e7a do trabalho"},"content":{"rendered":"<div class=\"wp-block-image\">\n<figure class=\"aligncenter size-full\"><img decoding=\"async\" loading=\"lazy\" width=\"834\" height=\"317\" src=\"https:\/\/www.dabusarquitetura.com.br\/blog\/wp-content\/uploads\/2023\/05\/iluminacao-seguranca-trabalho.png\" alt=\"Ilumina\u00e7\u00e3o para a seguran\u00e7a do trabalho\" class=\"wp-image-16800\" title=\"Projeto DABUS ARQUITETURA\" srcset=\"https:\/\/www.dabusarquitetura.com.br\/blog\/wp-content\/uploads\/2023\/05\/iluminacao-seguranca-trabalho.png 834w, https:\/\/www.dabusarquitetura.com.br\/blog\/wp-content\/uploads\/2023\/05\/iluminacao-seguranca-trabalho-300x114.png 300w, https:\/\/www.dabusarquitetura.com.br\/blog\/wp-content\/uploads\/2023\/05\/iluminacao-seguranca-trabalho-768x292.png 768w\" sizes=\"(max-width: 834px) 100vw, 834px\" \/><figcaption><a href=\"https:\/\/www.dabusarquitetura.com.br\/site\/arquitetura-corporativa\/tereos-260421100447.html\" target=\"_blank\" rel=\"noreferrer noopener\">Projeto da DABUS ARQUITETURA para a Tereos<\/a>.<\/figcaption><\/figure><\/div>\n\n\n<p>Ao contr\u00e1rio do que muitos possam supor, a <strong>seguran\u00e7a do trabalho<\/strong> vai muito al\u00e9m das medidas que visam evitar acidentes em atividades de alto risco. Na verdade, trata-se de uma \u00e1rea mais abrangente, que engloba tamb\u00e9m a <strong>sa\u00fade ocupacional <\/strong>como um todo.&nbsp;<\/p>\n\n\n\n<p>Portanto, est\u00e1 envolvida a\u00ed uma s\u00e9rie de normas, cuidados e a\u00e7\u00f5es preventivas com o objetivo de assegurar ao trabalhador sua <strong>integridade f\u00edsica, mental e emocional<\/strong>.&nbsp;<\/p>\n\n\n\n<p>Nesse sentido, um dos fatores que precisam ser cuidadosamente planejados \u00e9 a ilumina\u00e7\u00e3o. Vem saber mais!<\/p>\n\n\n\n<h2 class=\"wp-block-heading\">Ergonomia e seguran\u00e7a do trabalho\u00a0<\/h2>\n\n\n\n<p>A ilumina\u00e7\u00e3o dos ambientes traz impactos diretos n\u00e3o s\u00f3 \u00e0 experi\u00eancia dos usu\u00e1rios como tamb\u00e9m \u00e0 sua sa\u00fade.<\/p>\n\n\n\n<p>Afinal, uma ilumina\u00e7\u00e3o deficiente pode causar problemas como <strong>fadiga visual, dor de cabe\u00e7a e, em longo prazo, at\u00e9 danos irrevers\u00edveis \u00e0 vis\u00e3o<\/strong>. Al\u00e9m disso, pode provocar acidentes, que prejudicam n\u00e3o s\u00f3 a pessoa atingida, como a empresa de forma geral. Sobretudo em ind\u00fastrias.<\/p>\n\n\n\n<p>Desse modo, um clima de tens\u00e3o e inseguran\u00e7a pode ser estabelecido. O que compromete o foco, o engajamento dos colaboradores e a <a href=\"https:\/\/www.dabusarquitetura.com.br\/blog\/atracao-retencao-talentos-ambiente-trabalho\/\"><strong>reten\u00e7\u00e3o de talentos<\/strong><\/a>. Ou seja, a produtividade pode ir por \u00e1gua abaixo!<\/p>\n\n\n\n<p>Tudo isso dificulta o desenvolvimento e crescimento dos neg\u00f3cios. Resulta tamb\u00e9m em gastos mais elevados com exames, licen\u00e7as e trocas de funcion\u00e1rios.&nbsp;<\/p>\n\n\n\n<h3 class=\"wp-block-heading\">Projeto luminot\u00e9cnico<\/h3>\n\n\n\n<p>Um projeto luminot\u00e9cnico eficiente \u00e9 aquele que <strong>aproveita ao m\u00e1ximo a luz natural<\/strong>, otimiza a artificial de maneira econ\u00f4mica e garante o conforto t\u00e9rmico.<\/p>\n\n\n\n<p>Mas, vale destacar que as exig\u00eancias de luminosidade variam conforme a <strong>atividade realizada no local e o tempo<\/strong> em que as pessoas permanecem nele.<\/p>\n\n\n\n<p>De acordo com a NR-17, deve haver <strong>uniformidade, aus\u00eancia de ofuscamento e de efeitos indesej\u00e1veis de contraste<\/strong>. H\u00e1 diversos par\u00e2metros a serem seguidos. Por isso, \u00e9 indispens\u00e1vel contar com uma equipe experiente, capaz de atender \u00e0s normas estipuladas, maximizar os recursos dispon\u00edveis e promover a seguran\u00e7a do trabalho em todos os aspectos necess\u00e1rios.&nbsp;<\/p>\n\n\n\n<p>N\u00f3s, da <strong>DABUS ARQUITETURA<\/strong>, contamos com um time especializado em <strong>projetos de Arquitetura Corporativa<\/strong>. Em 2023 <a href=\"https:\/\/www.dabusarquitetura.com.br\/blog\/35-anos-amor-pela-arquitetura\/\"><strong>comemoramos 35 anos de atua\u00e7\u00e3o<\/strong><\/a>.\u00a0<\/p>\n\n\n\n<p>Assim, dispomos de toda expertise que o seu neg\u00f3cio precisa na elabora\u00e7\u00e3o do seu ambiente. Chame no <a href=\"https:\/\/api.whatsapp.com\/send?l=pt&amp;phone=5511983276060\" target=\"_blank\" rel=\"noreferrer noopener\"><strong>WhatsApp (11) 98327-6060<\/strong><\/a> e saiba como podemos te ajudar!<\/p>\n","protected":false},"excerpt":{"rendered":"<p>Ao contr\u00e1rio do que muitos possam supor, a seguran\u00e7a do trabalho vai muito al\u00e9m das medidas que visam evitar acidentes em atividades de alto risco. [&hellip;]<\/p>\n","protected":false},"author":3,"featured_media":0,"comment_status":"open","ping_status":"open","sticky":false,"template":"","format":"standard","meta":[],"categories":[7],"tags":[],"yoast_head":"<!-- This site is optimized with the Yoast SEO plugin v20.8 - https:\/\/yoast.com\/wordpress\/plugins\/seo\/ -->\n<title>A import\u00e2ncia da ilumina para a seguran\u00e7a do trabalho<\/title>\n<meta name=\"description\" content=\"A seguran\u00e7a do trabalho \u00e9 um conceito abrangente, que vai muito al\u00e9m de medidas para prevenir acidentes em ambientes de alto risco.\" \/>\n<meta name=\"robots\" content=\"index, follow, max-snippet:-1, max-image-preview:large, max-video-preview:-1\" \/>\n<link rel=\"canonical\" href=\"https:\/\/www.dabusarquitetura.com.br\/blog\/importancia-iluminacao-seguranca-do-trabalho\/\" \/>\n<meta property=\"og:locale\" content=\"pt_BR\" \/>\n<meta property=\"og:type\" content=\"article\" \/>\n<meta property=\"og:title\" content=\"A import\u00e2ncia da ilumina para a seguran\u00e7a do trabalho\" \/>\n<meta property=\"og:description\" content=\"A seguran\u00e7a do trabalho \u00e9 um conceito abrangente, que vai muito al\u00e9m de medidas para prevenir acidentes em ambientes de alto risco.\" \/>\n<meta property=\"og:url\" content=\"https:\/\/www.dabusarquitetura.com.br\/blog\/importancia-iluminacao-seguranca-do-trabalho\/\" \/>\n<meta property=\"og:site_name\" content=\"DABUS ARQUITETURA\" \/>\n<meta property=\"article:published_time\" content=\"2023-05-16T00:44:33+00:00\" \/>\n<meta property=\"article:modified_time\" content=\"2023-05-16T00:44:35+00:00\" \/>\n<meta property=\"og:image\" content=\"https:\/\/www.dabusarquitetura.com.br\/blog\/wp-content\/uploads\/2023\/05\/iluminacao-seguranca-trabalho.png\" \/>\n<meta name=\"author\" content=\"heloisa.dabus\" \/>\n<meta name=\"twitter:card\" content=\"summary_large_image\" \/>\n<meta name=\"twitter:label1\" content=\"Escrito por\" \/>\n\t<meta name=\"twitter:data1\" content=\"heloisa.dabus\" \/>\n\t<meta name=\"twitter:label2\" content=\"Est. tempo de leitura\" \/>\n\t<meta name=\"twitter:data2\" content=\"3 minutos\" \/>\n<script type=\"application\/ld+json\" class=\"yoast-schema-graph\">{\"@context\":\"https:\/\/schema.org\",\"@graph\":[{\"@type\":\"WebPage\",\"@id\":\"https:\/\/www.dabusarquitetura.com.br\/blog\/importancia-iluminacao-seguranca-do-trabalho\/\",\"url\":\"https:\/\/www.dabusarquitetura.com.br\/blog\/importancia-iluminacao-seguranca-do-trabalho\/\",\"name\":\"A import\u00e2ncia da ilumina para a seguran\u00e7a do trabalho\",\"isPartOf\":{\"@id\":\"https:\/\/www.dabusarquitetura.com.br\/blog\/#website\"},\"datePublished\":\"2023-05-16T00:44:33+00:00\",\"dateModified\":\"2023-05-16T00:44:35+00:00\",\"author\":{\"@id\":\"https:\/\/www.dabusarquitetura.com.br\/blog\/#\/schema\/person\/978b78d74759412a1cd43634996237c4\"},\"description\":\"A seguran\u00e7a do trabalho \u00e9 um conceito abrangente, que vai muito al\u00e9m de medidas para prevenir acidentes em ambientes de alto risco.\",\"breadcrumb\":{\"@id\":\"https:\/\/www.dabusarquitetura.com.br\/blog\/importancia-iluminacao-seguranca-do-trabalho\/#breadcrumb\"},\"inLanguage\":\"pt-BR\",\"potentialAction\":[{\"@type\":\"ReadAction\",\"target\":[\"https:\/\/www.dabusarquitetura.com.br\/blog\/importancia-iluminacao-seguranca-do-trabalho\/\"]}]},{\"@type\":\"BreadcrumbList\",\"@id\":\"https:\/\/www.dabusarquitetura.com.br\/blog\/importancia-iluminacao-seguranca-do-trabalho\/#breadcrumb\",\"itemListElement\":[{\"@type\":\"ListItem\",\"position\":1,\"name\":\"In\u00edcio\",\"item\":\"https:\/\/www.dabusarquitetura.com.br\/blog\/\"},{\"@type\":\"ListItem\",\"position\":2,\"name\":\"A import\u00e2ncia da ilumina\u00e7\u00e3o para a seguran\u00e7a do trabalho\"}]},{\"@type\":\"WebSite\",\"@id\":\"https:\/\/www.dabusarquitetura.com.br\/blog\/#website\",\"url\":\"https:\/\/www.dabusarquitetura.com.br\/blog\/\",\"name\":\"DABUS ARQUITETURA\",\"description\":\"Arquitetura Corporativa\",\"potentialAction\":[{\"@type\":\"SearchAction\",\"target\":{\"@type\":\"EntryPoint\",\"urlTemplate\":\"https:\/\/www.dabusarquitetura.com.br\/blog\/?s={search_term_string}\"},\"query-input\":\"required name=search_term_string\"}],\"inLanguage\":\"pt-BR\"},{\"@type\":\"Person\",\"@id\":\"https:\/\/www.dabusarquitetura.com.br\/blog\/#\/schema\/person\/978b78d74759412a1cd43634996237c4\",\"name\":\"heloisa.dabus\",\"image\":{\"@type\":\"ImageObject\",\"inLanguage\":\"pt-BR\",\"@id\":\"https:\/\/www.dabusarquitetura.com.br\/blog\/#\/schema\/person\/image\/\",\"url\":\"https:\/\/secure.gravatar.com\/avatar\/4078f4f8e54fb70a99a5e9edc642ecb1?s=96&d=mm&r=g\",\"contentUrl\":\"https:\/\/secure.gravatar.com\/avatar\/4078f4f8e54fb70a99a5e9edc642ecb1?s=96&d=mm&r=g\",\"caption\":\"heloisa.dabus\"},\"url\":\"https:\/\/www.dabusarquitetura.com.br\/blog\/author\/heloisa-dabus\/\"}]}<\/script>\n<!-- \/ Yoast SEO plugin. -->","yoast_head_json":{"title":"A import\u00e2ncia da ilumina para a seguran\u00e7a do trabalho","description":"A seguran\u00e7a do trabalho \u00e9 um conceito abrangente, que vai muito al\u00e9m de medidas para prevenir acidentes em ambientes de alto risco.","robots":{"index":"index","follow":"follow","max-snippet":"max-snippet:-1","max-image-preview":"max-image-preview:large","max-video-preview":"max-video-preview:-1"},"canonical":"https:\/\/www.dabusarquitetura.com.br\/blog\/importancia-iluminacao-seguranca-do-trabalho\/","og_locale":"pt_BR","og_type":"article","og_title":"A import\u00e2ncia da ilumina para a seguran\u00e7a do trabalho","og_description":"A seguran\u00e7a do trabalho \u00e9 um conceito abrangente, que vai muito al\u00e9m de medidas para prevenir acidentes em ambientes de alto risco.","og_url":"https:\/\/www.dabusarquitetura.com.br\/blog\/importancia-iluminacao-seguranca-do-trabalho\/","og_site_name":"DABUS ARQUITETURA","article_published_time":"2023-05-16T00:44:33+00:00","article_modified_time":"2023-05-16T00:44:35+00:00","og_image":[{"url":"https:\/\/www.dabusarquitetura.com.br\/blog\/wp-content\/uploads\/2023\/05\/iluminacao-seguranca-trabalho.png"}],"author":"heloisa.dabus","twitter_card":"summary_large_image","twitter_misc":{"Escrito por":"heloisa.dabus","Est. tempo de leitura":"3 minutos"},"schema":{"@context":"https:\/\/schema.org","@graph":[{"@type":"WebPage","@id":"https:\/\/www.dabusarquitetura.com.br\/blog\/importancia-iluminacao-seguranca-do-trabalho\/","url":"https:\/\/www.dabusarquitetura.com.br\/blog\/importancia-iluminacao-seguranca-do-trabalho\/","name":"A import\u00e2ncia da ilumina para a seguran\u00e7a do trabalho","isPartOf":{"@id":"https:\/\/www.dabusarquitetura.com.br\/blog\/#website"},"datePublished":"2023-05-16T00:44:33+00:00","dateModified":"2023-05-16T00:44:35+00:00","author":{"@id":"https:\/\/www.dabusarquitetura.com.br\/blog\/#\/schema\/person\/978b78d74759412a1cd43634996237c4"},"description":"A seguran\u00e7a do trabalho \u00e9 um conceito abrangente, que vai muito al\u00e9m de medidas para prevenir acidentes em ambientes de alto risco.","breadcrumb":{"@id":"https:\/\/www.dabusarquitetura.com.br\/blog\/importancia-iluminacao-seguranca-do-trabalho\/#breadcrumb"},"inLanguage":"pt-BR","potentialAction":[{"@type":"ReadAction","target":["https:\/\/www.dabusarquitetura.com.br\/blog\/importancia-iluminacao-seguranca-do-trabalho\/"]}]},{"@type":"BreadcrumbList","@id":"https:\/\/www.dabusarquitetura.com.br\/blog\/importancia-iluminacao-seguranca-do-trabalho\/#breadcrumb","itemListElement":[{"@type":"ListItem","position":1,"name":"In\u00edcio","item":"https:\/\/www.dabusarquitetura.com.br\/blog\/"},{"@type":"ListItem","position":2,"name":"A import\u00e2ncia da ilumina\u00e7\u00e3o para a seguran\u00e7a do trabalho"}]},{"@type":"WebSite","@id":"https:\/\/www.dabusarquitetura.com.br\/blog\/#website","url":"https:\/\/www.dabusarquitetura.com.br\/blog\/","name":"DABUS ARQUITETURA","description":"Arquitetura Corporativa","potentialAction":[{"@type":"SearchAction","target":{"@type":"EntryPoint","urlTemplate":"https:\/\/www.dabusarquitetura.com.br\/blog\/?s={search_term_string}"},"query-input":"required name=search_term_string"}],"inLanguage":"pt-BR"},{"@type":"Person","@id":"https:\/\/www.dabusarquitetura.com.br\/blog\/#\/schema\/person\/978b78d74759412a1cd43634996237c4","name":"heloisa.dabus","image":{"@type":"ImageObject","inLanguage":"pt-BR","@id":"https:\/\/www.dabusarquitetura.com.br\/blog\/#\/schema\/person\/image\/","url":"https:\/\/secure.gravatar.com\/avatar\/4078f4f8e54fb70a99a5e9edc642ecb1?s=96&d=mm&r=g","contentUrl":"https:\/\/secure.gravatar.com\/avatar\/4078f4f8e54fb70a99a5e9edc642ecb1?s=96&d=mm&r=g","caption":"heloisa.dabus"},"url":"https:\/\/www.dabusarquitetura.com.br\/blog\/author\/heloisa-dabus\/"}]}},"_links":{"self":[{"href":"https:\/\/www.dabusarquitetura.com.br\/blog\/wp-json\/wp\/v2\/posts\/16797"}],"collection":[{"href":"https:\/\/www.dabusarquitetura.com.br\/blog\/wp-json\/wp\/v2\/posts"}],"about":[{"href":"https:\/\/www.dabusarquitetura.com.br\/blog\/wp-json\/wp\/v2\/types\/post"}],"author":[{"embeddable":true,"href":"https:\/\/www.dabusarquitetura.com.br\/blog\/wp-json\/wp\/v2\/users\/3"}],"replies":[{"embeddable":true,"href":"https:\/\/www.dabusarquitetura.com.br\/blog\/wp-json\/wp\/v2\/comments?post=16797"}],"version-history":[{"count":3,"href":"https:\/\/www.dabusarquitetura.com.br\/blog\/wp-json\/wp\/v2\/posts\/16797\/revisions"}],"predecessor-version":[{"id":16801,"href":"https:\/\/www.dabusarquitetura.com.br\/blog\/wp-json\/wp\/v2\/posts\/16797\/revisions\/16801"}],"wp:attachment":[{"href":"https:\/\/www.dabusarquitetura.com.br\/blog\/wp-json\/wp\/v2\/media?parent=16797"}],"wp:term":[{"taxonomy":"category","embeddable":true,"href":"https:\/\/www.dabusarquitetura.com.br\/blog\/wp-json\/wp\/v2\/categories?post=16797"},{"taxonomy":"post_tag","embeddable":true,"href":"https:\/\/www.dabusarquitetura.com.br\/blog\/wp-json\/wp\/v2\/tags?post=16797"}],"curies":[{"name":"wp","href":"https:\/\/api.w.org\/{rel}","templated":true}]}}