{"id":16664,"date":"2023-02-20T02:00:56","date_gmt":"2023-02-19T23:00:56","guid":{"rendered":"https:\/\/www.dabusarquitetura.com.br\/blog\/?p=16664"},"modified":"2023-02-20T02:00:57","modified_gmt":"2023-02-19T23:00:57","slug":"o-que-sao-projetos-complementares-arquitetura","status":"publish","type":"post","link":"https:\/\/www.dabusarquitetura.com.br\/blog\/o-que-sao-projetos-complementares-arquitetura\/","title":{"rendered":"O que s\u00e3o projetos complementares na Arquitetura?"},"content":{"rendered":"<div class=\"wp-block-image\">\n<figure class=\"aligncenter size-full\"><img decoding=\"async\" loading=\"lazy\" width=\"834\" height=\"317\" src=\"https:\/\/www.dabusarquitetura.com.br\/blog\/wp-content\/uploads\/2023\/02\/o-que-sao-projetos-complementares.png\" alt=\"Projetos complementares\" class=\"wp-image-16666\" title=\"Imagem meramente ilustrativa\" srcset=\"https:\/\/www.dabusarquitetura.com.br\/blog\/wp-content\/uploads\/2023\/02\/o-que-sao-projetos-complementares.png 834w, https:\/\/www.dabusarquitetura.com.br\/blog\/wp-content\/uploads\/2023\/02\/o-que-sao-projetos-complementares-300x114.png 300w, https:\/\/www.dabusarquitetura.com.br\/blog\/wp-content\/uploads\/2023\/02\/o-que-sao-projetos-complementares-768x292.png 768w\" sizes=\"(max-width: 834px) 100vw, 834px\" \/><\/figure><\/div>\n\n\n<p>N\u00e3o \u00e9 novidade para ningu\u00e9m que o projeto arquitet\u00f4nico \u00e9 um trabalho imprescind\u00edvel para a execu\u00e7\u00e3o de qualquer empreendimento. Mas e quanto aos <strong>projetos complementares<\/strong>? Voc\u00ea sabe quais s\u00e3o eles?&nbsp;<\/p>\n\n\n\n<p>Entender sobre a sua import\u00e2ncia e necessidade faz toda a diferen\u00e7a para a <strong>previsibilidade de prazos e investimentos<\/strong>. Al\u00e9m disso, se voc\u00ea quer ter menos imprevistos e problemas com as instala\u00e7\u00f5es, fique atento.&nbsp;<\/p>\n\n\n\n<p>Acompanhe a seguir e saiba mais!&nbsp;<\/p>\n\n\n\n<h2 class=\"wp-block-heading\">Afinal, o que s\u00e3o projetos complementares?<\/h2>\n\n\n\n<p>Como o pr\u00f3prio nome j\u00e1 indica, projetos complementares s\u00e3o aqueles que se somam ao projeto de Arquitetura, a fim de prever uma s\u00e9rie de informa\u00e7\u00f5es e medidas espec\u00edficas.<\/p>\n\n\n\n<p>\u00c9 importante entender que alguns deles s\u00e3o sim opcionais. Mas outros s\u00e3o <strong>obrigat\u00f3rios<\/strong>. Em ambos os casos \u00e9 necess\u00e1rio contar com profissionais experientes e capazes de planejar solu\u00e7\u00f5es inteligentes, vers\u00e1teis e econ\u00f4micas.<\/p>\n\n\n\n<h3 class=\"wp-block-heading\">Tipos de projetos complementares<\/h3>\n\n\n\n<p>Como mencionado, os projetos complementares podem ser opcionais ou <strong>obrigat\u00f3rios. Estes \u00faltimos s\u00e3o <\/strong>aqueles que garantem a funcionalidade e a seguran\u00e7a da constru\u00e7\u00e3o.&nbsp;<\/p>\n\n\n\n<p>A obrigatoriedade de um projeto complementar varia conforme o local e o tipo do edif\u00edcio.<\/p>\n\n\n\n<p>Conhe\u00e7a abaixo.<\/p>\n\n\n\n<ul><li><strong>Projeto estrutural:<\/strong> envolve os c\u00e1lculos de funda\u00e7\u00e3o, arrimos, conten\u00e7\u00f5es e estrutura. Contempla tamb\u00e9m os materiais utilizados.<\/li><\/ul>\n\n\n\n<ul><li><strong>Projeto el\u00e9trico:<\/strong> planeja e prepara fatores como a disposi\u00e7\u00e3o de tomadas, soquetes, passagem de fios, quadro de distribui\u00e7\u00e3o e&nbsp; sua liga\u00e7\u00e3o com a fonte de abastecimento de energia.<\/li><\/ul>\n\n\n\n<ul><li><strong>Projeto hidrossanit\u00e1rio:<\/strong> aborda o abastecimento de \u00e1gua, tubula\u00e7\u00f5es, sanit\u00e1rios e \u00e1guas pluviais, entre outros fatores.<\/li><\/ul>\n\n\n\n<ul><li><strong>Projeto de prote\u00e7\u00e3o contra inc\u00eandios:<\/strong> ser\u00e1 obrigat\u00f3rio para ambientes corporativos, comerciais e escolares, por exemplo. Prev\u00ea medidas relacionadas a sa\u00eddas de emerg\u00eancia, hidrantes, extintores, sprinkler, detec\u00e7\u00e3o de fuma\u00e7a, sinaliza\u00e7\u00e3o, entre outros cuidados.<\/li><\/ul>\n\n\n\n<ul><li>&nbsp;<strong>Projeto luminot\u00e9cnico:<\/strong> traz as especifica\u00e7\u00f5es de distribui\u00e7\u00e3o de luz, lumin\u00e1rias, l\u00e2mpadas, recursos artificiais e tamb\u00e9m naturais.<\/li><\/ul>\n\n\n\n<ul><li><strong>Projeto de climatiza\u00e7\u00e3o: <\/strong>define o dimensionamento do sistema de refrigera\u00e7\u00e3o, ou aquecimento, e outros equipamentos\/medidas cujo objetivo \u00e9 promover conforto t\u00e9rmico.<\/li><\/ul>\n\n\n\n<ul><li><strong>Projeto de telecom:<\/strong> abrange quest\u00f5es como instala\u00e7\u00f5es telef\u00f4nicas, interfones, internet e alarmes.<\/li><\/ul>\n\n\n\n<p>Garanta as solu\u00e7\u00f5es mais assertivas e seguras para o seu projeto. Por isso, fale com a gente pelo\u00a0 <a href=\"https:\/\/api.whatsapp.com\/send?l=pt&amp;phone=5511983276060\" target=\"_blank\" rel=\"noreferrer noopener\"><strong>WhatsApp (11) 98327-6060<\/strong><\/a>. Temos uma equipe preparada para atender as mais diversas necess\u00e1rio e exig\u00eancias!<\/p>\n\n\n\n<p><\/p>\n","protected":false},"excerpt":{"rendered":"<p>N\u00e3o \u00e9 novidade para ningu\u00e9m que o projeto arquitet\u00f4nico \u00e9 um trabalho imprescind\u00edvel para a execu\u00e7\u00e3o de qualquer empreendimento. Mas e quanto aos projetos complementares? [&hellip;]<\/p>\n","protected":false},"author":3,"featured_media":0,"comment_status":"open","ping_status":"open","sticky":false,"template":"","format":"standard","meta":[],"categories":[280],"tags":[],"yoast_head":"<!-- This site is optimized with the Yoast SEO plugin v20.8 - https:\/\/yoast.com\/wordpress\/plugins\/seo\/ -->\n<title>O que s\u00e3o projetos complementares na Arquitetura?<\/title>\n<meta name=\"description\" content=\"Projetos complementares s\u00e3o essenciais e, algumas vezes, at\u00e9 obrigat\u00f3rios. Saiba quais s\u00e3o eles e porque s\u00e3o importantes.\" \/>\n<meta name=\"robots\" content=\"index, follow, max-snippet:-1, max-image-preview:large, max-video-preview:-1\" \/>\n<link rel=\"canonical\" href=\"https:\/\/www.dabusarquitetura.com.br\/blog\/o-que-sao-projetos-complementares-arquitetura\/\" \/>\n<meta property=\"og:locale\" content=\"pt_BR\" \/>\n<meta property=\"og:type\" content=\"article\" \/>\n<meta property=\"og:title\" content=\"O que s\u00e3o projetos complementares na Arquitetura?\" \/>\n<meta property=\"og:description\" content=\"Projetos complementares s\u00e3o essenciais e, algumas vezes, at\u00e9 obrigat\u00f3rios. Saiba quais s\u00e3o eles e porque s\u00e3o importantes.\" \/>\n<meta property=\"og:url\" content=\"https:\/\/www.dabusarquitetura.com.br\/blog\/o-que-sao-projetos-complementares-arquitetura\/\" \/>\n<meta property=\"og:site_name\" content=\"DABUS ARQUITETURA\" \/>\n<meta property=\"article:published_time\" content=\"2023-02-19T23:00:56+00:00\" \/>\n<meta property=\"article:modified_time\" content=\"2023-02-19T23:00:57+00:00\" \/>\n<meta property=\"og:image\" content=\"https:\/\/www.dabusarquitetura.com.br\/blog\/wp-content\/uploads\/2023\/02\/o-que-sao-projetos-complementares.png\" \/>\n<meta name=\"author\" content=\"heloisa.dabus\" \/>\n<meta name=\"twitter:card\" content=\"summary_large_image\" \/>\n<meta name=\"twitter:label1\" content=\"Escrito por\" \/>\n\t<meta name=\"twitter:data1\" content=\"heloisa.dabus\" \/>\n\t<meta name=\"twitter:label2\" content=\"Est. tempo de leitura\" \/>\n\t<meta name=\"twitter:data2\" content=\"3 minutos\" \/>\n<script type=\"application\/ld+json\" class=\"yoast-schema-graph\">{\"@context\":\"https:\/\/schema.org\",\"@graph\":[{\"@type\":\"WebPage\",\"@id\":\"https:\/\/www.dabusarquitetura.com.br\/blog\/o-que-sao-projetos-complementares-arquitetura\/\",\"url\":\"https:\/\/www.dabusarquitetura.com.br\/blog\/o-que-sao-projetos-complementares-arquitetura\/\",\"name\":\"O que s\u00e3o projetos complementares na Arquitetura?\",\"isPartOf\":{\"@id\":\"https:\/\/www.dabusarquitetura.com.br\/blog\/#website\"},\"datePublished\":\"2023-02-19T23:00:56+00:00\",\"dateModified\":\"2023-02-19T23:00:57+00:00\",\"author\":{\"@id\":\"https:\/\/www.dabusarquitetura.com.br\/blog\/#\/schema\/person\/978b78d74759412a1cd43634996237c4\"},\"description\":\"Projetos complementares s\u00e3o essenciais e, algumas vezes, at\u00e9 obrigat\u00f3rios. Saiba quais s\u00e3o eles e porque s\u00e3o importantes.\",\"breadcrumb\":{\"@id\":\"https:\/\/www.dabusarquitetura.com.br\/blog\/o-que-sao-projetos-complementares-arquitetura\/#breadcrumb\"},\"inLanguage\":\"pt-BR\",\"potentialAction\":[{\"@type\":\"ReadAction\",\"target\":[\"https:\/\/www.dabusarquitetura.com.br\/blog\/o-que-sao-projetos-complementares-arquitetura\/\"]}]},{\"@type\":\"BreadcrumbList\",\"@id\":\"https:\/\/www.dabusarquitetura.com.br\/blog\/o-que-sao-projetos-complementares-arquitetura\/#breadcrumb\",\"itemListElement\":[{\"@type\":\"ListItem\",\"position\":1,\"name\":\"In\u00edcio\",\"item\":\"https:\/\/www.dabusarquitetura.com.br\/blog\/\"},{\"@type\":\"ListItem\",\"position\":2,\"name\":\"O que s\u00e3o projetos complementares na Arquitetura?\"}]},{\"@type\":\"WebSite\",\"@id\":\"https:\/\/www.dabusarquitetura.com.br\/blog\/#website\",\"url\":\"https:\/\/www.dabusarquitetura.com.br\/blog\/\",\"name\":\"DABUS ARQUITETURA\",\"description\":\"Arquitetura Corporativa\",\"potentialAction\":[{\"@type\":\"SearchAction\",\"target\":{\"@type\":\"EntryPoint\",\"urlTemplate\":\"https:\/\/www.dabusarquitetura.com.br\/blog\/?s={search_term_string}\"},\"query-input\":\"required name=search_term_string\"}],\"inLanguage\":\"pt-BR\"},{\"@type\":\"Person\",\"@id\":\"https:\/\/www.dabusarquitetura.com.br\/blog\/#\/schema\/person\/978b78d74759412a1cd43634996237c4\",\"name\":\"heloisa.dabus\",\"image\":{\"@type\":\"ImageObject\",\"inLanguage\":\"pt-BR\",\"@id\":\"https:\/\/www.dabusarquitetura.com.br\/blog\/#\/schema\/person\/image\/\",\"url\":\"https:\/\/secure.gravatar.com\/avatar\/4078f4f8e54fb70a99a5e9edc642ecb1?s=96&d=mm&r=g\",\"contentUrl\":\"https:\/\/secure.gravatar.com\/avatar\/4078f4f8e54fb70a99a5e9edc642ecb1?s=96&d=mm&r=g\",\"caption\":\"heloisa.dabus\"},\"url\":\"https:\/\/www.dabusarquitetura.com.br\/blog\/author\/heloisa-dabus\/\"}]}<\/script>\n<!-- \/ Yoast SEO plugin. -->","yoast_head_json":{"title":"O que s\u00e3o projetos complementares na Arquitetura?","description":"Projetos complementares s\u00e3o essenciais e, algumas vezes, at\u00e9 obrigat\u00f3rios. Saiba quais s\u00e3o eles e porque s\u00e3o importantes.","robots":{"index":"index","follow":"follow","max-snippet":"max-snippet:-1","max-image-preview":"max-image-preview:large","max-video-preview":"max-video-preview:-1"},"canonical":"https:\/\/www.dabusarquitetura.com.br\/blog\/o-que-sao-projetos-complementares-arquitetura\/","og_locale":"pt_BR","og_type":"article","og_title":"O que s\u00e3o projetos complementares na Arquitetura?","og_description":"Projetos complementares s\u00e3o essenciais e, algumas vezes, at\u00e9 obrigat\u00f3rios. Saiba quais s\u00e3o eles e porque s\u00e3o importantes.","og_url":"https:\/\/www.dabusarquitetura.com.br\/blog\/o-que-sao-projetos-complementares-arquitetura\/","og_site_name":"DABUS ARQUITETURA","article_published_time":"2023-02-19T23:00:56+00:00","article_modified_time":"2023-02-19T23:00:57+00:00","og_image":[{"url":"https:\/\/www.dabusarquitetura.com.br\/blog\/wp-content\/uploads\/2023\/02\/o-que-sao-projetos-complementares.png"}],"author":"heloisa.dabus","twitter_card":"summary_large_image","twitter_misc":{"Escrito por":"heloisa.dabus","Est. tempo de leitura":"3 minutos"},"schema":{"@context":"https:\/\/schema.org","@graph":[{"@type":"WebPage","@id":"https:\/\/www.dabusarquitetura.com.br\/blog\/o-que-sao-projetos-complementares-arquitetura\/","url":"https:\/\/www.dabusarquitetura.com.br\/blog\/o-que-sao-projetos-complementares-arquitetura\/","name":"O que s\u00e3o projetos complementares na Arquitetura?","isPartOf":{"@id":"https:\/\/www.dabusarquitetura.com.br\/blog\/#website"},"datePublished":"2023-02-19T23:00:56+00:00","dateModified":"2023-02-19T23:00:57+00:00","author":{"@id":"https:\/\/www.dabusarquitetura.com.br\/blog\/#\/schema\/person\/978b78d74759412a1cd43634996237c4"},"description":"Projetos complementares s\u00e3o essenciais e, algumas vezes, at\u00e9 obrigat\u00f3rios. Saiba quais s\u00e3o eles e porque s\u00e3o importantes.","breadcrumb":{"@id":"https:\/\/www.dabusarquitetura.com.br\/blog\/o-que-sao-projetos-complementares-arquitetura\/#breadcrumb"},"inLanguage":"pt-BR","potentialAction":[{"@type":"ReadAction","target":["https:\/\/www.dabusarquitetura.com.br\/blog\/o-que-sao-projetos-complementares-arquitetura\/"]}]},{"@type":"BreadcrumbList","@id":"https:\/\/www.dabusarquitetura.com.br\/blog\/o-que-sao-projetos-complementares-arquitetura\/#breadcrumb","itemListElement":[{"@type":"ListItem","position":1,"name":"In\u00edcio","item":"https:\/\/www.dabusarquitetura.com.br\/blog\/"},{"@type":"ListItem","position":2,"name":"O que s\u00e3o projetos complementares na Arquitetura?"}]},{"@type":"WebSite","@id":"https:\/\/www.dabusarquitetura.com.br\/blog\/#website","url":"https:\/\/www.dabusarquitetura.com.br\/blog\/","name":"DABUS ARQUITETURA","description":"Arquitetura Corporativa","potentialAction":[{"@type":"SearchAction","target":{"@type":"EntryPoint","urlTemplate":"https:\/\/www.dabusarquitetura.com.br\/blog\/?s={search_term_string}"},"query-input":"required name=search_term_string"}],"inLanguage":"pt-BR"},{"@type":"Person","@id":"https:\/\/www.dabusarquitetura.com.br\/blog\/#\/schema\/person\/978b78d74759412a1cd43634996237c4","name":"heloisa.dabus","image":{"@type":"ImageObject","inLanguage":"pt-BR","@id":"https:\/\/www.dabusarquitetura.com.br\/blog\/#\/schema\/person\/image\/","url":"https:\/\/secure.gravatar.com\/avatar\/4078f4f8e54fb70a99a5e9edc642ecb1?s=96&d=mm&r=g","contentUrl":"https:\/\/secure.gravatar.com\/avatar\/4078f4f8e54fb70a99a5e9edc642ecb1?s=96&d=mm&r=g","caption":"heloisa.dabus"},"url":"https:\/\/www.dabusarquitetura.com.br\/blog\/author\/heloisa-dabus\/"}]}},"_links":{"self":[{"href":"https:\/\/www.dabusarquitetura.com.br\/blog\/wp-json\/wp\/v2\/posts\/16664"}],"collection":[{"href":"https:\/\/www.dabusarquitetura.com.br\/blog\/wp-json\/wp\/v2\/posts"}],"about":[{"href":"https:\/\/www.dabusarquitetura.com.br\/blog\/wp-json\/wp\/v2\/types\/post"}],"author":[{"embeddable":true,"href":"https:\/\/www.dabusarquitetura.com.br\/blog\/wp-json\/wp\/v2\/users\/3"}],"replies":[{"embeddable":true,"href":"https:\/\/www.dabusarquitetura.com.br\/blog\/wp-json\/wp\/v2\/comments?post=16664"}],"version-history":[{"count":3,"href":"https:\/\/www.dabusarquitetura.com.br\/blog\/wp-json\/wp\/v2\/posts\/16664\/revisions"}],"predecessor-version":[{"id":16668,"href":"https:\/\/www.dabusarquitetura.com.br\/blog\/wp-json\/wp\/v2\/posts\/16664\/revisions\/16668"}],"wp:attachment":[{"href":"https:\/\/www.dabusarquitetura.com.br\/blog\/wp-json\/wp\/v2\/media?parent=16664"}],"wp:term":[{"taxonomy":"category","embeddable":true,"href":"https:\/\/www.dabusarquitetura.com.br\/blog\/wp-json\/wp\/v2\/categories?post=16664"},{"taxonomy":"post_tag","embeddable":true,"href":"https:\/\/www.dabusarquitetura.com.br\/blog\/wp-json\/wp\/v2\/tags?post=16664"}],"curies":[{"name":"wp","href":"https:\/\/api.w.org\/{rel}","templated":true}]}}