{"id":16615,"date":"2023-01-03T02:04:48","date_gmt":"2023-01-02T23:04:48","guid":{"rendered":"https:\/\/www.dabusarquitetura.com.br\/blog\/?p=16615"},"modified":"2023-01-03T02:04:50","modified_gmt":"2023-01-02T23:04:50","slug":"artigos-comunicacao-visual-corporativa","status":"publish","type":"post","link":"https:\/\/www.dabusarquitetura.com.br\/blog\/artigos-comunicacao-visual-corporativa\/","title":{"rendered":"6 artigos para orientar a comunica\u00e7\u00e3o visual corporativa"},"content":{"rendered":"<div class=\"wp-block-image\">\n<figure class=\"aligncenter size-full\"><img decoding=\"async\" loading=\"lazy\" width=\"834\" height=\"317\" src=\"https:\/\/www.dabusarquitetura.com.br\/blog\/wp-content\/uploads\/2023\/01\/comunicacao-visual-corporativa.png\" alt=\"Comunica\u00e7\u00e3o visual corporativa\" class=\"wp-image-16619\" title=\"Projeto DABUS ARQUITETURA\" srcset=\"https:\/\/www.dabusarquitetura.com.br\/blog\/wp-content\/uploads\/2023\/01\/comunicacao-visual-corporativa.png 834w, https:\/\/www.dabusarquitetura.com.br\/blog\/wp-content\/uploads\/2023\/01\/comunicacao-visual-corporativa-300x114.png 300w, https:\/\/www.dabusarquitetura.com.br\/blog\/wp-content\/uploads\/2023\/01\/comunicacao-visual-corporativa-768x292.png 768w\" sizes=\"(max-width: 834px) 100vw, 834px\" \/><figcaption><a href=\"https:\/\/www.dabusarquitetura.com.br\/site\/arquitetura-corporativa\/med-mais-200722120751.html\" target=\"_blank\" rel=\"noreferrer noopener\">Projeto DABUS ARQUITETURA para a Med+<\/a>.<\/figcaption><\/figure><\/div>\n\n\n<p>A <strong>comunica\u00e7\u00e3o visual corporativa<\/strong> \u00e9 um fator que precisa ser cuidado com aten\u00e7\u00e3o. Mas n\u00e3o s\u00f3 cuidado, como muito bem planejado. Isto porque ele deve refletir os valores e cultura da empresa. Tudo conforme a <strong>identidade da marca<\/strong>.<\/p>\n\n\n\n<p>Assim, \u00e9 preciso falar uma \u00fanica l\u00edngua, capaz de gerar valor e de fortalecer a imagem do neg\u00f3cio. Seja junto aos clientes, seja com os colabores. \u00c9 crucial que eles sintam que fazem parte de uma <strong>organiza\u00e7\u00e3o com alma e personalidade pr\u00f3prias<\/strong>.<\/p>\n\n\n\n<p>O escrit\u00f3rio \u00e9 um ponto de contato de suma import\u00e2ncia para explorar a comunica\u00e7\u00e3o visual corporativa. Contudo, n\u00e3o basta apenas sair replicando as cores do logotipo. H\u00e1 muitas outras quest\u00f5es envolvidas.<\/p>\n\n\n\n<p>Por isso, hoje, queremos relacionar uma s\u00e9rie de dicas que ir\u00e3o ajudar a sua empresa a estabelecer uma <strong>linguagem coerente e eficiente<\/strong>. Acompanhe!<\/p>\n\n\n\n<h2 class=\"wp-block-heading\">Impactos do rebranding na comunica\u00e7\u00e3o visual corporativa<\/h2>\n\n\n\n<blockquote class=\"wp-block-quote\"><p>&#8220;O rebranding parte de uma decis\u00e3o estrat\u00e9gica, com profundo impacto sobre o neg\u00f3cio. Entretanto, n\u00e3o significa que seja um processo sempre igual. Ele pode ser mais ou menos abrangente ou radical. Pode requerer apenas adapta\u00e7\u00f5es sutis nas formas do logotipo, ou exigir at\u00e9 a mudan\u00e7a do nome do neg\u00f3cio. Pode acontecer aos poucos ao longo do tempo, ou ter de ser implementado em pouqu\u00edssimos meses&#8221; &#8211; <a href=\"https:\/\/www.dabusarquitetura.com.br\/blog\/o-que-e-rebranding-como-impacta-espaco\/\"><strong>LEIA MAIS<\/strong><\/a>!<\/p><\/blockquote>\n\n\n\n<h3 class=\"wp-block-heading\">Sinaliza\u00e7\u00e3o interna no escrit\u00f3rio<\/h3>\n\n\n\n<blockquote class=\"wp-block-quote\"><p>&#8220;A sinaliza\u00e7\u00e3o interna acontece, sobretudo, por meio de placas que, de maneira clara e objetiva, devem orientar sobre as a\u00e7\u00f5es corretas a serem tomadas. Contudo, h\u00e1 outras fun\u00e7\u00f5es agregadas que fazem toda a diferen\u00e7a para a experi\u00eancia dos ocupantes&#8221; &#8211; <a href=\"https:\/\/www.dabusarquitetura.com.br\/blog\/4-dicas-de-sinalizacao-interna-para-sua-empresa\/\"><strong>LEIA MAIS<\/strong><\/a>!<\/p><\/blockquote>\n\n\n\n<h3 class=\"wp-block-heading\">Como evitar a polui\u00e7\u00e3o visual<\/h3>\n\n\n\n<blockquote class=\"wp-block-quote\"><p>&#8220;Os excessos que causam um ambiente visualmente carregado podem vir desde o projeto de Arquitetura at\u00e9 o uso do local pelos colaboradores no cotidiano&#8221; &#8211; <a href=\"https:\/\/www.dabusarquitetura.com.br\/blog\/poluicao-visual-no-escritorio-evitar\/\"><strong>LEIA MAIS<\/strong><\/a>!<\/p><\/blockquote>\n\n\n\n<h3 class=\"wp-block-heading\">Criando um escrit\u00f3rio com identidade visual<\/h3>\n\n\n\n<blockquote class=\"wp-block-quote\"><p>&#8220;Primeiramente, \u00e9 indispens\u00e1vel que a empresa tenha uma marca bem definida. Sem isso, n\u00e3o se torna poss\u00edvel desenvolver solu\u00e7\u00f5es minimamente coerentes. A partir disso, o projeto de Arquitetura Corporativa deve se debru\u00e7ar sobre as caracter\u00edsticas apresentadas, a fim de criar aplica\u00e7\u00f5es visuais que as respeitem e valorizem&#8221; &#8211; <a href=\"https:\/\/www.dabusarquitetura.com.br\/blog\/identidade-visual-no-escritorio-como-criar\/\"><strong>LEIA MAIS<\/strong><\/a>!<\/p><\/blockquote>\n\n\n\n<h3 class=\"wp-block-heading\">Os elementos da comunica\u00e7\u00e3o visual<\/h3>\n\n\n\n<blockquote class=\"wp-block-quote\"><p>&#8220;Um olhar particularizado sobre cada um desses elementos permite utiliz\u00e1-los de maneira mais estrat\u00e9gica. De modo que corroborem com a mensagem final que deve ser assimilada pela maioria das pessoas. Designers e arquitetos estudam muito bem a disciplina para poder desenvolver obras repletas de sentido e significado&#8221; &#8211; <a href=\"https:\/\/www.dabusarquitetura.com.br\/blog\/elementos-basicos-da-comunicacao-visual\/\"><strong>LEIA MAIS<\/strong><\/a>!<\/p><\/blockquote>\n\n\n\n<h3 class=\"wp-block-heading\">Dicas para definir as cores do escrit\u00f3rio<\/h3>\n\n\n\n<blockquote class=\"wp-block-quote\"><p>&#8220;Cores despertam emo\u00e7\u00f5es, sentimentos e sensa\u00e7\u00f5es. No entanto, nem todos t\u00eam as mesmas percep\u00e7\u00f5es. Por isso \u00e9 um grande equ\u00edvoco fazer uma escolha com base em gostos pessoais. Eles n\u00e3o devem ser utilizados como par\u00e2metros determinantes&#8221; &#8211; <a href=\"https:\/\/www.dabusarquitetura.com.br\/blog\/dicas-definir-cores-para-escritorio\/\"><strong>LEIA MAIS<\/strong><\/a>!<\/p><\/blockquote>\n\n\n\n<p>Aqui no blog e em nossas <a href=\"https:\/\/www.instagram.com\/dabus.arquitetura\/\" target=\"_blank\" rel=\"noreferrer noopener\"><strong>redes sociais<\/strong><\/a> falamos sobre comunica\u00e7\u00e3o visual, projetos realizados e muitos outros assuntos que podem ajudar voc\u00ea e seu neg\u00f3cio a criarem <strong>ambientes mais agrad\u00e1veis, econ\u00f4micos e produtivos<\/strong>.\u00a0<\/p>\n\n\n\n<p>Ent\u00e3o, continue nos acompanhando. Tem conte\u00fados incr\u00edveis vindo por a\u00ed!<\/p>\n","protected":false},"excerpt":{"rendered":"<p>A comunica\u00e7\u00e3o visual corporativa \u00e9 um fator que precisa ser cuidado com aten\u00e7\u00e3o. Mas n\u00e3o s\u00f3 cuidado, como muito bem planejado. Isto porque ele deve [&hellip;]<\/p>\n","protected":false},"author":3,"featured_media":0,"comment_status":"open","ping_status":"open","sticky":false,"template":"","format":"standard","meta":[],"categories":[281],"tags":[],"yoast_head":"<!-- This site is optimized with the Yoast SEO plugin v20.8 - https:\/\/yoast.com\/wordpress\/plugins\/seo\/ -->\n<title>6 artigos para orientar a comunica\u00e7\u00e3o visual corporativa<\/title>\n<meta name=\"description\" content=\"Confira as dicas para acertar de vez na comunica\u00e7\u00e3o visual corporativa, fator essencial e estrat\u00e9gico para as empresas.\" \/>\n<meta name=\"robots\" content=\"index, follow, max-snippet:-1, max-image-preview:large, max-video-preview:-1\" \/>\n<link rel=\"canonical\" href=\"https:\/\/www.dabusarquitetura.com.br\/blog\/artigos-comunicacao-visual-corporativa\/\" \/>\n<meta property=\"og:locale\" content=\"pt_BR\" \/>\n<meta property=\"og:type\" content=\"article\" \/>\n<meta property=\"og:title\" content=\"6 artigos para orientar a comunica\u00e7\u00e3o visual corporativa\" \/>\n<meta property=\"og:description\" content=\"Confira as dicas para acertar de vez na comunica\u00e7\u00e3o visual corporativa, fator essencial e estrat\u00e9gico para as empresas.\" \/>\n<meta property=\"og:url\" content=\"https:\/\/www.dabusarquitetura.com.br\/blog\/artigos-comunicacao-visual-corporativa\/\" \/>\n<meta property=\"og:site_name\" content=\"DABUS ARQUITETURA\" \/>\n<meta property=\"article:published_time\" content=\"2023-01-02T23:04:48+00:00\" \/>\n<meta property=\"article:modified_time\" content=\"2023-01-02T23:04:50+00:00\" \/>\n<meta property=\"og:image\" content=\"https:\/\/www.dabusarquitetura.com.br\/blog\/wp-content\/uploads\/2023\/01\/comunicacao-visual-corporativa.png\" \/>\n<meta name=\"author\" content=\"heloisa.dabus\" \/>\n<meta name=\"twitter:card\" content=\"summary_large_image\" \/>\n<meta name=\"twitter:label1\" content=\"Escrito por\" \/>\n\t<meta name=\"twitter:data1\" content=\"heloisa.dabus\" \/>\n\t<meta name=\"twitter:label2\" content=\"Est. tempo de leitura\" \/>\n\t<meta name=\"twitter:data2\" content=\"3 minutos\" \/>\n<script type=\"application\/ld+json\" class=\"yoast-schema-graph\">{\"@context\":\"https:\/\/schema.org\",\"@graph\":[{\"@type\":\"WebPage\",\"@id\":\"https:\/\/www.dabusarquitetura.com.br\/blog\/artigos-comunicacao-visual-corporativa\/\",\"url\":\"https:\/\/www.dabusarquitetura.com.br\/blog\/artigos-comunicacao-visual-corporativa\/\",\"name\":\"6 artigos para orientar a comunica\u00e7\u00e3o visual corporativa\",\"isPartOf\":{\"@id\":\"https:\/\/www.dabusarquitetura.com.br\/blog\/#website\"},\"datePublished\":\"2023-01-02T23:04:48+00:00\",\"dateModified\":\"2023-01-02T23:04:50+00:00\",\"author\":{\"@id\":\"https:\/\/www.dabusarquitetura.com.br\/blog\/#\/schema\/person\/978b78d74759412a1cd43634996237c4\"},\"description\":\"Confira as dicas para acertar de vez na comunica\u00e7\u00e3o visual corporativa, fator essencial e estrat\u00e9gico para as empresas.\",\"breadcrumb\":{\"@id\":\"https:\/\/www.dabusarquitetura.com.br\/blog\/artigos-comunicacao-visual-corporativa\/#breadcrumb\"},\"inLanguage\":\"pt-BR\",\"potentialAction\":[{\"@type\":\"ReadAction\",\"target\":[\"https:\/\/www.dabusarquitetura.com.br\/blog\/artigos-comunicacao-visual-corporativa\/\"]}]},{\"@type\":\"BreadcrumbList\",\"@id\":\"https:\/\/www.dabusarquitetura.com.br\/blog\/artigos-comunicacao-visual-corporativa\/#breadcrumb\",\"itemListElement\":[{\"@type\":\"ListItem\",\"position\":1,\"name\":\"In\u00edcio\",\"item\":\"https:\/\/www.dabusarquitetura.com.br\/blog\/\"},{\"@type\":\"ListItem\",\"position\":2,\"name\":\"6 artigos para orientar a comunica\u00e7\u00e3o visual corporativa\"}]},{\"@type\":\"WebSite\",\"@id\":\"https:\/\/www.dabusarquitetura.com.br\/blog\/#website\",\"url\":\"https:\/\/www.dabusarquitetura.com.br\/blog\/\",\"name\":\"DABUS ARQUITETURA\",\"description\":\"Arquitetura Corporativa\",\"potentialAction\":[{\"@type\":\"SearchAction\",\"target\":{\"@type\":\"EntryPoint\",\"urlTemplate\":\"https:\/\/www.dabusarquitetura.com.br\/blog\/?s={search_term_string}\"},\"query-input\":\"required name=search_term_string\"}],\"inLanguage\":\"pt-BR\"},{\"@type\":\"Person\",\"@id\":\"https:\/\/www.dabusarquitetura.com.br\/blog\/#\/schema\/person\/978b78d74759412a1cd43634996237c4\",\"name\":\"heloisa.dabus\",\"image\":{\"@type\":\"ImageObject\",\"inLanguage\":\"pt-BR\",\"@id\":\"https:\/\/www.dabusarquitetura.com.br\/blog\/#\/schema\/person\/image\/\",\"url\":\"https:\/\/secure.gravatar.com\/avatar\/4078f4f8e54fb70a99a5e9edc642ecb1?s=96&d=mm&r=g\",\"contentUrl\":\"https:\/\/secure.gravatar.com\/avatar\/4078f4f8e54fb70a99a5e9edc642ecb1?s=96&d=mm&r=g\",\"caption\":\"heloisa.dabus\"},\"url\":\"https:\/\/www.dabusarquitetura.com.br\/blog\/author\/heloisa-dabus\/\"}]}<\/script>\n<!-- \/ Yoast SEO plugin. -->","yoast_head_json":{"title":"6 artigos para orientar a comunica\u00e7\u00e3o visual corporativa","description":"Confira as dicas para acertar de vez na comunica\u00e7\u00e3o visual corporativa, fator essencial e estrat\u00e9gico para as empresas.","robots":{"index":"index","follow":"follow","max-snippet":"max-snippet:-1","max-image-preview":"max-image-preview:large","max-video-preview":"max-video-preview:-1"},"canonical":"https:\/\/www.dabusarquitetura.com.br\/blog\/artigos-comunicacao-visual-corporativa\/","og_locale":"pt_BR","og_type":"article","og_title":"6 artigos para orientar a comunica\u00e7\u00e3o visual corporativa","og_description":"Confira as dicas para acertar de vez na comunica\u00e7\u00e3o visual corporativa, fator essencial e estrat\u00e9gico para as empresas.","og_url":"https:\/\/www.dabusarquitetura.com.br\/blog\/artigos-comunicacao-visual-corporativa\/","og_site_name":"DABUS ARQUITETURA","article_published_time":"2023-01-02T23:04:48+00:00","article_modified_time":"2023-01-02T23:04:50+00:00","og_image":[{"url":"https:\/\/www.dabusarquitetura.com.br\/blog\/wp-content\/uploads\/2023\/01\/comunicacao-visual-corporativa.png"}],"author":"heloisa.dabus","twitter_card":"summary_large_image","twitter_misc":{"Escrito por":"heloisa.dabus","Est. tempo de leitura":"3 minutos"},"schema":{"@context":"https:\/\/schema.org","@graph":[{"@type":"WebPage","@id":"https:\/\/www.dabusarquitetura.com.br\/blog\/artigos-comunicacao-visual-corporativa\/","url":"https:\/\/www.dabusarquitetura.com.br\/blog\/artigos-comunicacao-visual-corporativa\/","name":"6 artigos para orientar a comunica\u00e7\u00e3o visual corporativa","isPartOf":{"@id":"https:\/\/www.dabusarquitetura.com.br\/blog\/#website"},"datePublished":"2023-01-02T23:04:48+00:00","dateModified":"2023-01-02T23:04:50+00:00","author":{"@id":"https:\/\/www.dabusarquitetura.com.br\/blog\/#\/schema\/person\/978b78d74759412a1cd43634996237c4"},"description":"Confira as dicas para acertar de vez na comunica\u00e7\u00e3o visual corporativa, fator essencial e estrat\u00e9gico para as empresas.","breadcrumb":{"@id":"https:\/\/www.dabusarquitetura.com.br\/blog\/artigos-comunicacao-visual-corporativa\/#breadcrumb"},"inLanguage":"pt-BR","potentialAction":[{"@type":"ReadAction","target":["https:\/\/www.dabusarquitetura.com.br\/blog\/artigos-comunicacao-visual-corporativa\/"]}]},{"@type":"BreadcrumbList","@id":"https:\/\/www.dabusarquitetura.com.br\/blog\/artigos-comunicacao-visual-corporativa\/#breadcrumb","itemListElement":[{"@type":"ListItem","position":1,"name":"In\u00edcio","item":"https:\/\/www.dabusarquitetura.com.br\/blog\/"},{"@type":"ListItem","position":2,"name":"6 artigos para orientar a comunica\u00e7\u00e3o visual corporativa"}]},{"@type":"WebSite","@id":"https:\/\/www.dabusarquitetura.com.br\/blog\/#website","url":"https:\/\/www.dabusarquitetura.com.br\/blog\/","name":"DABUS ARQUITETURA","description":"Arquitetura Corporativa","potentialAction":[{"@type":"SearchAction","target":{"@type":"EntryPoint","urlTemplate":"https:\/\/www.dabusarquitetura.com.br\/blog\/?s={search_term_string}"},"query-input":"required name=search_term_string"}],"inLanguage":"pt-BR"},{"@type":"Person","@id":"https:\/\/www.dabusarquitetura.com.br\/blog\/#\/schema\/person\/978b78d74759412a1cd43634996237c4","name":"heloisa.dabus","image":{"@type":"ImageObject","inLanguage":"pt-BR","@id":"https:\/\/www.dabusarquitetura.com.br\/blog\/#\/schema\/person\/image\/","url":"https:\/\/secure.gravatar.com\/avatar\/4078f4f8e54fb70a99a5e9edc642ecb1?s=96&d=mm&r=g","contentUrl":"https:\/\/secure.gravatar.com\/avatar\/4078f4f8e54fb70a99a5e9edc642ecb1?s=96&d=mm&r=g","caption":"heloisa.dabus"},"url":"https:\/\/www.dabusarquitetura.com.br\/blog\/author\/heloisa-dabus\/"}]}},"_links":{"self":[{"href":"https:\/\/www.dabusarquitetura.com.br\/blog\/wp-json\/wp\/v2\/posts\/16615"}],"collection":[{"href":"https:\/\/www.dabusarquitetura.com.br\/blog\/wp-json\/wp\/v2\/posts"}],"about":[{"href":"https:\/\/www.dabusarquitetura.com.br\/blog\/wp-json\/wp\/v2\/types\/post"}],"author":[{"embeddable":true,"href":"https:\/\/www.dabusarquitetura.com.br\/blog\/wp-json\/wp\/v2\/users\/3"}],"replies":[{"embeddable":true,"href":"https:\/\/www.dabusarquitetura.com.br\/blog\/wp-json\/wp\/v2\/comments?post=16615"}],"version-history":[{"count":7,"href":"https:\/\/www.dabusarquitetura.com.br\/blog\/wp-json\/wp\/v2\/posts\/16615\/revisions"}],"predecessor-version":[{"id":16624,"href":"https:\/\/www.dabusarquitetura.com.br\/blog\/wp-json\/wp\/v2\/posts\/16615\/revisions\/16624"}],"wp:attachment":[{"href":"https:\/\/www.dabusarquitetura.com.br\/blog\/wp-json\/wp\/v2\/media?parent=16615"}],"wp:term":[{"taxonomy":"category","embeddable":true,"href":"https:\/\/www.dabusarquitetura.com.br\/blog\/wp-json\/wp\/v2\/categories?post=16615"},{"taxonomy":"post_tag","embeddable":true,"href":"https:\/\/www.dabusarquitetura.com.br\/blog\/wp-json\/wp\/v2\/tags?post=16615"}],"curies":[{"name":"wp","href":"https:\/\/api.w.org\/{rel}","templated":true}]}}