{"id":16523,"date":"2022-12-05T00:26:07","date_gmt":"2022-12-04T21:26:07","guid":{"rendered":"https:\/\/www.dabusarquitetura.com.br\/blog\/?p=16523"},"modified":"2022-12-05T00:32:02","modified_gmt":"2022-12-04T21:32:02","slug":"o-que-e-gestao-do-conhecimento-beneficios","status":"publish","type":"post","link":"https:\/\/www.dabusarquitetura.com.br\/blog\/o-que-e-gestao-do-conhecimento-beneficios\/","title":{"rendered":"O que \u00e9 gest\u00e3o do conhecimento e quais seus benef\u00edcios para o neg\u00f3cio?"},"content":{"rendered":"<div class=\"wp-block-image\">\n<figure class=\"aligncenter size-full\"><img decoding=\"async\" loading=\"lazy\" width=\"834\" height=\"317\" src=\"https:\/\/www.dabusarquitetura.com.br\/blog\/wp-content\/uploads\/2022\/12\/o-que-e-gestao-conhecimento.png\" alt=\"O que \u00e9 gest\u00e3o do conhecimento\" class=\"wp-image-16525\" title=\"Imagem ilustrativa\" srcset=\"https:\/\/www.dabusarquitetura.com.br\/blog\/wp-content\/uploads\/2022\/12\/o-que-e-gestao-conhecimento.png 834w, https:\/\/www.dabusarquitetura.com.br\/blog\/wp-content\/uploads\/2022\/12\/o-que-e-gestao-conhecimento-300x114.png 300w, https:\/\/www.dabusarquitetura.com.br\/blog\/wp-content\/uploads\/2022\/12\/o-que-e-gestao-conhecimento-768x292.png 768w\" sizes=\"(max-width: 834px) 100vw, 834px\" \/><\/figure><\/div>\n\n\n<p>Como seu neg\u00f3cio tem buscado se desenvolver e crescer? A <strong>gest\u00e3o do conhecimento<\/strong> vem sendo trabalhada? Pois este \u00e9 um aspecto muito importante para o avan\u00e7o consistente da empresa. E tamb\u00e9m para acelerar este processo.<\/p>\n\n\n\n<p>Muitos gestores n\u00e3o d\u00e3o a devida aten\u00e7\u00e3o aos talentos, habilidades e experi\u00eancias presentes em seu time. Assim, deixam de explorar todo esse potencial que poderia ser transformado em <strong>intelig\u00eancia e conhecimento <\/strong>para o neg\u00f3cio como um todo.<\/p>\n\n\n\n<p>Mas, a partir de agora, isso poder\u00e1 mudar. Acompanhe o post de hoje e entenda porque esse tema \u00e9 t\u00e3o importante. H\u00e1 muitos benef\u00edcios que podem ser aproveitados!<\/p>\n\n\n\n<h2 class=\"wp-block-heading\">Mas o que \u00e9 gest\u00e3o do conhecimento?&nbsp;<\/h2>\n\n\n\n<p>Como mencionado, h\u00e1 diversas experi\u00eancias e conhecimentos entre as pessoas de uma companhia. No entanto, eles <strong>se encontram dilu\u00eddos<\/strong> em tarefas pontuais, documentos espalhados, grupos delimitados e ideias que nem sempre saem do campo te\u00f3rico. Desse modo, a empresa deixa passar um bem extremamente precioso, que poderia fazer toda a diferen\u00e7a se fosse adequadamente aplicado.<\/p>\n\n\n\n<p>Nesse sentido, a gest\u00e3o do conhecimento existe para n\u00e3o deixar que um cen\u00e1rio ca\u00f3tico e desvantajoso se instaure. Trata-se de uma ferramenta que visa <strong>identificar os conhecimentos <\/strong>que est\u00e3o ao alcance da organiza\u00e7\u00e3o. Estejam eles entre os indiv\u00edduos ou em meio a arquivos.<\/p>\n\n\n\n<p>Mas, n\u00e3o apenas isso. Esse gerenciamento tamb\u00e9m ocupa-se da <strong>avalia\u00e7\u00e3o, distribui\u00e7\u00e3o e transforma\u00e7\u00e3o em processos<\/strong> dos conhecimentos levantados. Ent\u00e3o, a partir da\u00ed, se torna poss\u00edvel desenvolver uma empresa inteligente, integrativa e adaptada \u00e0s novas necessidades. Os l\u00edderes conseguem entender o que ainda precisa ser alcan\u00e7ado para, assim, <strong>estabelecer metas mais coerentes<\/strong>.<\/p>\n\n\n\n<p>Vale observar que, para tudo acontecer, \u00e9 necess\u00e1rio implementar uma <strong>abordagem sist\u00eamica<\/strong>. Al\u00e9m de ter vis\u00e3o de longo prazo e abrir espa\u00e7o para a colabora\u00e7\u00e3o produtiva.<\/p>\n\n\n\n<h3 class=\"wp-block-heading\">Benef\u00edcios para o neg\u00f3cio<\/h3>\n\n\n\n<p>Com uma gest\u00e3o do conhecimento bem planejada e executada, o neg\u00f3cio passa a desfrutar de muitas vantagens competitivas. Tais como:&nbsp;<\/p>\n\n\n\n<ul><li>Cultura de melhoria cont\u00ednua;<\/li><li>Educa\u00e7\u00e3o corporativa;<\/li><li>Equipes mais participativas e motivadas;<\/li><li>Fortalecimento do senso de colabora\u00e7\u00e3o;<\/li><li>Valoriza\u00e7\u00e3o do capital intelectual;<\/li><li>Processos mais assertivos;<\/li><li>Agilidade para identificar e corrigir erros;<\/li><li>Redu\u00e7\u00e3o de custos;&nbsp;<\/li><li>Organiza\u00e7\u00e3o e economia de tempo;<\/li><li>Clareza para a defini\u00e7\u00e3o de objetivos;<\/li><li>Aumento da qualidade de produtos e servi\u00e7os.&nbsp;<\/li><\/ul>\n\n\n\n<p>O conhecimento deve sempre evoluir. Por isso, continue acompanhando nosso blog. Confira tamb\u00e9m <a href=\"https:\/\/www.dabusarquitetura.com.br\/blog\/dicas-gestao-pessoas-equipe-eficiente\/\"><strong>5 dicas de gest\u00e3o de pessoas<\/strong><\/a> para ter um time mais eficiente!<\/p>\n","protected":false},"excerpt":{"rendered":"<p>Como seu neg\u00f3cio tem buscado se desenvolver e crescer? A gest\u00e3o do conhecimento vem sendo trabalhada? Pois este \u00e9 um aspecto muito importante para o [&hellip;]<\/p>\n","protected":false},"author":3,"featured_media":0,"comment_status":"open","ping_status":"open","sticky":false,"template":"","format":"standard","meta":[],"categories":[278],"tags":[],"yoast_head":"<!-- This site is optimized with the Yoast SEO plugin v20.8 - https:\/\/yoast.com\/wordpress\/plugins\/seo\/ -->\n<title>O que \u00e9 gest\u00e3o do conhecimento e quais seus benef\u00edcios?<\/title>\n<meta name=\"description\" content=\"Entender o que \u00e9 gest\u00e3o do conhecimento \u00e9 o passo que falta ter um neg\u00f3cio mais inteligente e competitivo. Conhe\u00e7a os benef\u00edcios!\" \/>\n<meta name=\"robots\" content=\"index, follow, max-snippet:-1, max-image-preview:large, max-video-preview:-1\" \/>\n<link rel=\"canonical\" href=\"https:\/\/www.dabusarquitetura.com.br\/blog\/o-que-e-gestao-do-conhecimento-beneficios\/\" \/>\n<meta property=\"og:locale\" content=\"pt_BR\" \/>\n<meta property=\"og:type\" content=\"article\" \/>\n<meta property=\"og:title\" content=\"O que \u00e9 gest\u00e3o do conhecimento e quais seus benef\u00edcios?\" \/>\n<meta property=\"og:description\" content=\"Entender o que \u00e9 gest\u00e3o do conhecimento \u00e9 o passo que falta ter um neg\u00f3cio mais inteligente e competitivo. Conhe\u00e7a os benef\u00edcios!\" \/>\n<meta property=\"og:url\" content=\"https:\/\/www.dabusarquitetura.com.br\/blog\/o-que-e-gestao-do-conhecimento-beneficios\/\" \/>\n<meta property=\"og:site_name\" content=\"DABUS ARQUITETURA\" \/>\n<meta property=\"article:published_time\" content=\"2022-12-04T21:26:07+00:00\" \/>\n<meta property=\"article:modified_time\" content=\"2022-12-04T21:32:02+00:00\" \/>\n<meta property=\"og:image\" content=\"https:\/\/www.dabusarquitetura.com.br\/blog\/wp-content\/uploads\/2022\/12\/o-que-e-gestao-conhecimento.png\" \/>\n<meta name=\"author\" content=\"heloisa.dabus\" \/>\n<meta name=\"twitter:card\" content=\"summary_large_image\" \/>\n<meta name=\"twitter:label1\" content=\"Escrito por\" \/>\n\t<meta name=\"twitter:data1\" content=\"heloisa.dabus\" \/>\n\t<meta name=\"twitter:label2\" content=\"Est. tempo de leitura\" \/>\n\t<meta name=\"twitter:data2\" content=\"3 minutos\" \/>\n<script type=\"application\/ld+json\" class=\"yoast-schema-graph\">{\"@context\":\"https:\/\/schema.org\",\"@graph\":[{\"@type\":\"WebPage\",\"@id\":\"https:\/\/www.dabusarquitetura.com.br\/blog\/o-que-e-gestao-do-conhecimento-beneficios\/\",\"url\":\"https:\/\/www.dabusarquitetura.com.br\/blog\/o-que-e-gestao-do-conhecimento-beneficios\/\",\"name\":\"O que \u00e9 gest\u00e3o do conhecimento e quais seus benef\u00edcios?\",\"isPartOf\":{\"@id\":\"https:\/\/www.dabusarquitetura.com.br\/blog\/#website\"},\"datePublished\":\"2022-12-04T21:26:07+00:00\",\"dateModified\":\"2022-12-04T21:32:02+00:00\",\"author\":{\"@id\":\"https:\/\/www.dabusarquitetura.com.br\/blog\/#\/schema\/person\/978b78d74759412a1cd43634996237c4\"},\"description\":\"Entender o que \u00e9 gest\u00e3o do conhecimento \u00e9 o passo que falta ter um neg\u00f3cio mais inteligente e competitivo. Conhe\u00e7a os benef\u00edcios!\",\"breadcrumb\":{\"@id\":\"https:\/\/www.dabusarquitetura.com.br\/blog\/o-que-e-gestao-do-conhecimento-beneficios\/#breadcrumb\"},\"inLanguage\":\"pt-BR\",\"potentialAction\":[{\"@type\":\"ReadAction\",\"target\":[\"https:\/\/www.dabusarquitetura.com.br\/blog\/o-que-e-gestao-do-conhecimento-beneficios\/\"]}]},{\"@type\":\"BreadcrumbList\",\"@id\":\"https:\/\/www.dabusarquitetura.com.br\/blog\/o-que-e-gestao-do-conhecimento-beneficios\/#breadcrumb\",\"itemListElement\":[{\"@type\":\"ListItem\",\"position\":1,\"name\":\"In\u00edcio\",\"item\":\"https:\/\/www.dabusarquitetura.com.br\/blog\/\"},{\"@type\":\"ListItem\",\"position\":2,\"name\":\"O que \u00e9 gest\u00e3o do conhecimento e quais seus benef\u00edcios para o neg\u00f3cio?\"}]},{\"@type\":\"WebSite\",\"@id\":\"https:\/\/www.dabusarquitetura.com.br\/blog\/#website\",\"url\":\"https:\/\/www.dabusarquitetura.com.br\/blog\/\",\"name\":\"DABUS ARQUITETURA\",\"description\":\"Arquitetura Corporativa\",\"potentialAction\":[{\"@type\":\"SearchAction\",\"target\":{\"@type\":\"EntryPoint\",\"urlTemplate\":\"https:\/\/www.dabusarquitetura.com.br\/blog\/?s={search_term_string}\"},\"query-input\":\"required name=search_term_string\"}],\"inLanguage\":\"pt-BR\"},{\"@type\":\"Person\",\"@id\":\"https:\/\/www.dabusarquitetura.com.br\/blog\/#\/schema\/person\/978b78d74759412a1cd43634996237c4\",\"name\":\"heloisa.dabus\",\"image\":{\"@type\":\"ImageObject\",\"inLanguage\":\"pt-BR\",\"@id\":\"https:\/\/www.dabusarquitetura.com.br\/blog\/#\/schema\/person\/image\/\",\"url\":\"https:\/\/secure.gravatar.com\/avatar\/4078f4f8e54fb70a99a5e9edc642ecb1?s=96&d=mm&r=g\",\"contentUrl\":\"https:\/\/secure.gravatar.com\/avatar\/4078f4f8e54fb70a99a5e9edc642ecb1?s=96&d=mm&r=g\",\"caption\":\"heloisa.dabus\"},\"url\":\"https:\/\/www.dabusarquitetura.com.br\/blog\/author\/heloisa-dabus\/\"}]}<\/script>\n<!-- \/ Yoast SEO plugin. -->","yoast_head_json":{"title":"O que \u00e9 gest\u00e3o do conhecimento e quais seus benef\u00edcios?","description":"Entender o que \u00e9 gest\u00e3o do conhecimento \u00e9 o passo que falta ter um neg\u00f3cio mais inteligente e competitivo. Conhe\u00e7a os benef\u00edcios!","robots":{"index":"index","follow":"follow","max-snippet":"max-snippet:-1","max-image-preview":"max-image-preview:large","max-video-preview":"max-video-preview:-1"},"canonical":"https:\/\/www.dabusarquitetura.com.br\/blog\/o-que-e-gestao-do-conhecimento-beneficios\/","og_locale":"pt_BR","og_type":"article","og_title":"O que \u00e9 gest\u00e3o do conhecimento e quais seus benef\u00edcios?","og_description":"Entender o que \u00e9 gest\u00e3o do conhecimento \u00e9 o passo que falta ter um neg\u00f3cio mais inteligente e competitivo. Conhe\u00e7a os benef\u00edcios!","og_url":"https:\/\/www.dabusarquitetura.com.br\/blog\/o-que-e-gestao-do-conhecimento-beneficios\/","og_site_name":"DABUS ARQUITETURA","article_published_time":"2022-12-04T21:26:07+00:00","article_modified_time":"2022-12-04T21:32:02+00:00","og_image":[{"url":"https:\/\/www.dabusarquitetura.com.br\/blog\/wp-content\/uploads\/2022\/12\/o-que-e-gestao-conhecimento.png"}],"author":"heloisa.dabus","twitter_card":"summary_large_image","twitter_misc":{"Escrito por":"heloisa.dabus","Est. tempo de leitura":"3 minutos"},"schema":{"@context":"https:\/\/schema.org","@graph":[{"@type":"WebPage","@id":"https:\/\/www.dabusarquitetura.com.br\/blog\/o-que-e-gestao-do-conhecimento-beneficios\/","url":"https:\/\/www.dabusarquitetura.com.br\/blog\/o-que-e-gestao-do-conhecimento-beneficios\/","name":"O que \u00e9 gest\u00e3o do conhecimento e quais seus benef\u00edcios?","isPartOf":{"@id":"https:\/\/www.dabusarquitetura.com.br\/blog\/#website"},"datePublished":"2022-12-04T21:26:07+00:00","dateModified":"2022-12-04T21:32:02+00:00","author":{"@id":"https:\/\/www.dabusarquitetura.com.br\/blog\/#\/schema\/person\/978b78d74759412a1cd43634996237c4"},"description":"Entender o que \u00e9 gest\u00e3o do conhecimento \u00e9 o passo que falta ter um neg\u00f3cio mais inteligente e competitivo. Conhe\u00e7a os benef\u00edcios!","breadcrumb":{"@id":"https:\/\/www.dabusarquitetura.com.br\/blog\/o-que-e-gestao-do-conhecimento-beneficios\/#breadcrumb"},"inLanguage":"pt-BR","potentialAction":[{"@type":"ReadAction","target":["https:\/\/www.dabusarquitetura.com.br\/blog\/o-que-e-gestao-do-conhecimento-beneficios\/"]}]},{"@type":"BreadcrumbList","@id":"https:\/\/www.dabusarquitetura.com.br\/blog\/o-que-e-gestao-do-conhecimento-beneficios\/#breadcrumb","itemListElement":[{"@type":"ListItem","position":1,"name":"In\u00edcio","item":"https:\/\/www.dabusarquitetura.com.br\/blog\/"},{"@type":"ListItem","position":2,"name":"O que \u00e9 gest\u00e3o do conhecimento e quais seus benef\u00edcios para o neg\u00f3cio?"}]},{"@type":"WebSite","@id":"https:\/\/www.dabusarquitetura.com.br\/blog\/#website","url":"https:\/\/www.dabusarquitetura.com.br\/blog\/","name":"DABUS ARQUITETURA","description":"Arquitetura Corporativa","potentialAction":[{"@type":"SearchAction","target":{"@type":"EntryPoint","urlTemplate":"https:\/\/www.dabusarquitetura.com.br\/blog\/?s={search_term_string}"},"query-input":"required name=search_term_string"}],"inLanguage":"pt-BR"},{"@type":"Person","@id":"https:\/\/www.dabusarquitetura.com.br\/blog\/#\/schema\/person\/978b78d74759412a1cd43634996237c4","name":"heloisa.dabus","image":{"@type":"ImageObject","inLanguage":"pt-BR","@id":"https:\/\/www.dabusarquitetura.com.br\/blog\/#\/schema\/person\/image\/","url":"https:\/\/secure.gravatar.com\/avatar\/4078f4f8e54fb70a99a5e9edc642ecb1?s=96&d=mm&r=g","contentUrl":"https:\/\/secure.gravatar.com\/avatar\/4078f4f8e54fb70a99a5e9edc642ecb1?s=96&d=mm&r=g","caption":"heloisa.dabus"},"url":"https:\/\/www.dabusarquitetura.com.br\/blog\/author\/heloisa-dabus\/"}]}},"_links":{"self":[{"href":"https:\/\/www.dabusarquitetura.com.br\/blog\/wp-json\/wp\/v2\/posts\/16523"}],"collection":[{"href":"https:\/\/www.dabusarquitetura.com.br\/blog\/wp-json\/wp\/v2\/posts"}],"about":[{"href":"https:\/\/www.dabusarquitetura.com.br\/blog\/wp-json\/wp\/v2\/types\/post"}],"author":[{"embeddable":true,"href":"https:\/\/www.dabusarquitetura.com.br\/blog\/wp-json\/wp\/v2\/users\/3"}],"replies":[{"embeddable":true,"href":"https:\/\/www.dabusarquitetura.com.br\/blog\/wp-json\/wp\/v2\/comments?post=16523"}],"version-history":[{"count":4,"href":"https:\/\/www.dabusarquitetura.com.br\/blog\/wp-json\/wp\/v2\/posts\/16523\/revisions"}],"predecessor-version":[{"id":16528,"href":"https:\/\/www.dabusarquitetura.com.br\/blog\/wp-json\/wp\/v2\/posts\/16523\/revisions\/16528"}],"wp:attachment":[{"href":"https:\/\/www.dabusarquitetura.com.br\/blog\/wp-json\/wp\/v2\/media?parent=16523"}],"wp:term":[{"taxonomy":"category","embeddable":true,"href":"https:\/\/www.dabusarquitetura.com.br\/blog\/wp-json\/wp\/v2\/categories?post=16523"},{"taxonomy":"post_tag","embeddable":true,"href":"https:\/\/www.dabusarquitetura.com.br\/blog\/wp-json\/wp\/v2\/tags?post=16523"}],"curies":[{"name":"wp","href":"https:\/\/api.w.org\/{rel}","templated":true}]}}