{"id":16511,"date":"2022-11-21T04:05:56","date_gmt":"2022-11-21T01:05:56","guid":{"rendered":"https:\/\/www.dabusarquitetura.com.br\/blog\/?p=16511"},"modified":"2022-11-21T04:05:58","modified_gmt":"2022-11-21T01:05:58","slug":"dall-e-na-arquitetura-o-que-e-quais-impactos","status":"publish","type":"post","link":"https:\/\/www.dabusarquitetura.com.br\/blog\/dall-e-na-arquitetura-o-que-e-quais-impactos\/","title":{"rendered":"Dall-e na Arquitetura: o que \u00e9 e quais os impactos desta tecnologia?"},"content":{"rendered":"<div class=\"wp-block-image\">\n<figure class=\"aligncenter size-full\"><img decoding=\"async\" loading=\"lazy\" width=\"834\" height=\"317\" src=\"https:\/\/www.dabusarquitetura.com.br\/blog\/wp-content\/uploads\/2022\/11\/dall-e-arquitetura.png\" alt=\"Dall-e na Arquitetura\" class=\"wp-image-16513\" title=\"Imagem meramente ilustrativa\" srcset=\"https:\/\/www.dabusarquitetura.com.br\/blog\/wp-content\/uploads\/2022\/11\/dall-e-arquitetura.png 834w, https:\/\/www.dabusarquitetura.com.br\/blog\/wp-content\/uploads\/2022\/11\/dall-e-arquitetura-300x114.png 300w, https:\/\/www.dabusarquitetura.com.br\/blog\/wp-content\/uploads\/2022\/11\/dall-e-arquitetura-768x292.png 768w\" sizes=\"(max-width: 834px) 100vw, 834px\" \/><\/figure><\/div>\n\n\n<p>O desenvolvimento da tecnologia tem nos levado a campos cada vez mais surpreendentes. Como o da intelig\u00eancia artificial, capaz de executar, hoje, as mais diversas fun\u00e7\u00f5es. As possibilidades de aplica\u00e7\u00e3o do <strong>Dall-e na Arquitetura<\/strong> est\u00e3o dentro deste contexto e merece nossa aten\u00e7\u00e3o.&nbsp;<\/p>\n\n\n\n<p>A cria\u00e7\u00e3o de imagens baseada em IA, sem d\u00favida, \u00e9 um cen\u00e1rio muito empolgante. No entanto, levanta uma s\u00e9rie de quest\u00f5es. Tais como: o trabalho humano seria, ent\u00e3o, substitu\u00eddo?&nbsp;<\/p>\n\n\n\n<p>Confira o artigo de hoje e entenda melhor sobre o assunto. Talvez ele seja, at\u00e9 mesmo, uma novidade para voc\u00ea.<\/p>\n\n\n\n<h2 class=\"wp-block-heading\">Afinal, o que \u00e9 Dall-e?<\/h2>\n\n\n\n<p>A cria\u00e7\u00e3o de imagens a partir de palavras e descri\u00e7\u00f5es resume, basicamente, <strong>o que faz o Dall-e<\/strong>. Mas, explicando melhor, trata-se de um software baseado em <strong>aprendizagem de m\u00e1quina<\/strong>. Nele, o usu\u00e1rio deve informar, em um campo, palavras correspondentes \u00e0 arte, ilustra\u00e7\u00e3o ou projeto que deseja desenvolver.<\/p>\n\n\n\n<p>O nome do produto vem da jun\u00e7\u00e3o do nome do artista surrealista Salvador Dal\u00ed com o do personagem da Pixar, WALL-E. A respons\u00e1vel pela funda\u00e7\u00e3o da Dall-e \u00e9 a OpenAI, que se dedica \u00e0 pesquisa e \u00e0 implanta\u00e7\u00e3o de intelig\u00eancia artificial. A empresa conta com o apoio das companhias Elon Musk e Microsoft. Portanto, bilh\u00f5es de d\u00f3lares s\u00e3o investidos.&nbsp;<\/p>\n\n\n\n<h3 class=\"wp-block-heading\">Como ser\u00e1 o uso do Dall-e na Arquitetura?\u00a0<\/h3>\n\n\n\n<p>Montar ambientes a partir de descri\u00e7\u00f5es fornecidas ao computador parece, \u00e0 primeira vista, uma tarefa muito simples. Tudo conforme as prefer\u00eancias do usu\u00e1rio! No entanto, o Dall-e na Arquitetura \u00e9 capaz de envolver muitas outras aplica\u00e7\u00f5es. Ao contr\u00e1rio do que alguns podem supor, <strong>o trabalho do arquiteto n\u00e3o ser\u00e1 substitu\u00eddo<\/strong>.&nbsp;<\/p>\n\n\n\n<p>A AI pode obedecer a comandos e at\u00e9 aprender ao longo do tempo. Contudo, antes disso, s\u00e3o necess\u00e1rios conhecimento humano, sensibilidade e compet\u00eancias t\u00e9cnicas para poder elaborar projetos personalizados e eficientes.<\/p>\n\n\n\n<p>O Dall-e na Arquitetura deve trazer benef\u00edcios como agilidade em processos, criatividade experimental, visualiza\u00e7\u00e3o de ideias e aumento da produtividade. Mas, vale mencionar, que, de modo semelhante, tamb\u00e9m j\u00e1 contribuem sistemas como BIM e CAD.<\/p>\n\n\n\n<p>Assim, mais uma vez, a Arquitetura tem de <strong>acompanhar os avan\u00e7os tecnol\u00f3gicos<\/strong> para tirar deles o melhor proveito poss\u00edvel. Mais ferramentas, mais conceitos e mais \u00e1reas do conhecimento est\u00e3o se estreitando. Tudo isso exige dos profissionais uma postura ainda mais inquieta, <strong>sempre em busca de evolu\u00e7\u00e3o<\/strong>.<\/p>\n\n\n\n<p>Quer ficar por dentro das novidades e tend\u00eancias? Ent\u00e3o, continue acompanhando nosso blog e <a href=\"https:\/\/instagram.com\/dabus.arquitetura?igshid=Nzg3NjI1NGI=\"><strong>nossas redes sociais<\/strong><\/a>!&nbsp;<\/p>\n\n\n\n<p class=\"has-text-align-center\">Refer\u00eancia: <a href=\"https:\/\/www.archdaily.com.br\/br\/991880\/o-que-e-dall-e-e-por-que-ela-vai-transformar-os-projetos-criativos\" target=\"_blank\" rel=\"noreferrer noopener\">ArchDaily<\/a>.<\/p>\n","protected":false},"excerpt":{"rendered":"<p>O desenvolvimento da tecnologia tem nos levado a campos cada vez mais surpreendentes. Como o da intelig\u00eancia artificial, capaz de executar, hoje, as mais diversas [&hellip;]<\/p>\n","protected":false},"author":3,"featured_media":0,"comment_status":"open","ping_status":"open","sticky":false,"template":"","format":"standard","meta":[],"categories":[49],"tags":[],"yoast_head":"<!-- This site is optimized with the Yoast SEO plugin v20.8 - https:\/\/yoast.com\/wordpress\/plugins\/seo\/ -->\n<title>Dall-e na Arquitetura: o que \u00e9 e quais os impactos?<\/title>\n<meta name=\"description\" content=\"O Dall-e na Arquitetura vai substituir o trabalho de profissnais? H\u00e1 alguma utilidade da ferramenta para eles?\" \/>\n<meta name=\"robots\" content=\"index, follow, max-snippet:-1, max-image-preview:large, max-video-preview:-1\" \/>\n<link rel=\"canonical\" href=\"https:\/\/www.dabusarquitetura.com.br\/blog\/dall-e-na-arquitetura-o-que-e-quais-impactos\/\" \/>\n<meta property=\"og:locale\" content=\"pt_BR\" \/>\n<meta property=\"og:type\" content=\"article\" \/>\n<meta property=\"og:title\" content=\"Dall-e na Arquitetura: o que \u00e9 e quais os impactos?\" \/>\n<meta property=\"og:description\" content=\"O Dall-e na Arquitetura vai substituir o trabalho de profissnais? H\u00e1 alguma utilidade da ferramenta para eles?\" \/>\n<meta property=\"og:url\" content=\"https:\/\/www.dabusarquitetura.com.br\/blog\/dall-e-na-arquitetura-o-que-e-quais-impactos\/\" \/>\n<meta property=\"og:site_name\" content=\"DABUS ARQUITETURA\" \/>\n<meta property=\"article:published_time\" content=\"2022-11-21T01:05:56+00:00\" \/>\n<meta property=\"article:modified_time\" content=\"2022-11-21T01:05:58+00:00\" \/>\n<meta property=\"og:image\" content=\"https:\/\/www.dabusarquitetura.com.br\/blog\/wp-content\/uploads\/2022\/11\/dall-e-arquitetura.png\" \/>\n<meta name=\"author\" content=\"heloisa.dabus\" \/>\n<meta name=\"twitter:card\" content=\"summary_large_image\" \/>\n<meta name=\"twitter:label1\" content=\"Escrito por\" \/>\n\t<meta name=\"twitter:data1\" content=\"heloisa.dabus\" \/>\n\t<meta name=\"twitter:label2\" content=\"Est. tempo de leitura\" \/>\n\t<meta name=\"twitter:data2\" content=\"3 minutos\" \/>\n<script type=\"application\/ld+json\" class=\"yoast-schema-graph\">{\"@context\":\"https:\/\/schema.org\",\"@graph\":[{\"@type\":\"WebPage\",\"@id\":\"https:\/\/www.dabusarquitetura.com.br\/blog\/dall-e-na-arquitetura-o-que-e-quais-impactos\/\",\"url\":\"https:\/\/www.dabusarquitetura.com.br\/blog\/dall-e-na-arquitetura-o-que-e-quais-impactos\/\",\"name\":\"Dall-e na Arquitetura: o que \u00e9 e quais os impactos?\",\"isPartOf\":{\"@id\":\"https:\/\/www.dabusarquitetura.com.br\/blog\/#website\"},\"datePublished\":\"2022-11-21T01:05:56+00:00\",\"dateModified\":\"2022-11-21T01:05:58+00:00\",\"author\":{\"@id\":\"https:\/\/www.dabusarquitetura.com.br\/blog\/#\/schema\/person\/978b78d74759412a1cd43634996237c4\"},\"description\":\"O Dall-e na Arquitetura vai substituir o trabalho de profissnais? H\u00e1 alguma utilidade da ferramenta para eles?\",\"breadcrumb\":{\"@id\":\"https:\/\/www.dabusarquitetura.com.br\/blog\/dall-e-na-arquitetura-o-que-e-quais-impactos\/#breadcrumb\"},\"inLanguage\":\"pt-BR\",\"potentialAction\":[{\"@type\":\"ReadAction\",\"target\":[\"https:\/\/www.dabusarquitetura.com.br\/blog\/dall-e-na-arquitetura-o-que-e-quais-impactos\/\"]}]},{\"@type\":\"BreadcrumbList\",\"@id\":\"https:\/\/www.dabusarquitetura.com.br\/blog\/dall-e-na-arquitetura-o-que-e-quais-impactos\/#breadcrumb\",\"itemListElement\":[{\"@type\":\"ListItem\",\"position\":1,\"name\":\"In\u00edcio\",\"item\":\"https:\/\/www.dabusarquitetura.com.br\/blog\/\"},{\"@type\":\"ListItem\",\"position\":2,\"name\":\"Dall-e na Arquitetura: o que \u00e9 e quais os impactos desta tecnologia?\"}]},{\"@type\":\"WebSite\",\"@id\":\"https:\/\/www.dabusarquitetura.com.br\/blog\/#website\",\"url\":\"https:\/\/www.dabusarquitetura.com.br\/blog\/\",\"name\":\"DABUS ARQUITETURA\",\"description\":\"Arquitetura Corporativa\",\"potentialAction\":[{\"@type\":\"SearchAction\",\"target\":{\"@type\":\"EntryPoint\",\"urlTemplate\":\"https:\/\/www.dabusarquitetura.com.br\/blog\/?s={search_term_string}\"},\"query-input\":\"required name=search_term_string\"}],\"inLanguage\":\"pt-BR\"},{\"@type\":\"Person\",\"@id\":\"https:\/\/www.dabusarquitetura.com.br\/blog\/#\/schema\/person\/978b78d74759412a1cd43634996237c4\",\"name\":\"heloisa.dabus\",\"image\":{\"@type\":\"ImageObject\",\"inLanguage\":\"pt-BR\",\"@id\":\"https:\/\/www.dabusarquitetura.com.br\/blog\/#\/schema\/person\/image\/\",\"url\":\"https:\/\/secure.gravatar.com\/avatar\/4078f4f8e54fb70a99a5e9edc642ecb1?s=96&d=mm&r=g\",\"contentUrl\":\"https:\/\/secure.gravatar.com\/avatar\/4078f4f8e54fb70a99a5e9edc642ecb1?s=96&d=mm&r=g\",\"caption\":\"heloisa.dabus\"},\"url\":\"https:\/\/www.dabusarquitetura.com.br\/blog\/author\/heloisa-dabus\/\"}]}<\/script>\n<!-- \/ Yoast SEO plugin. -->","yoast_head_json":{"title":"Dall-e na Arquitetura: o que \u00e9 e quais os impactos?","description":"O Dall-e na Arquitetura vai substituir o trabalho de profissnais? H\u00e1 alguma utilidade da ferramenta para eles?","robots":{"index":"index","follow":"follow","max-snippet":"max-snippet:-1","max-image-preview":"max-image-preview:large","max-video-preview":"max-video-preview:-1"},"canonical":"https:\/\/www.dabusarquitetura.com.br\/blog\/dall-e-na-arquitetura-o-que-e-quais-impactos\/","og_locale":"pt_BR","og_type":"article","og_title":"Dall-e na Arquitetura: o que \u00e9 e quais os impactos?","og_description":"O Dall-e na Arquitetura vai substituir o trabalho de profissnais? H\u00e1 alguma utilidade da ferramenta para eles?","og_url":"https:\/\/www.dabusarquitetura.com.br\/blog\/dall-e-na-arquitetura-o-que-e-quais-impactos\/","og_site_name":"DABUS ARQUITETURA","article_published_time":"2022-11-21T01:05:56+00:00","article_modified_time":"2022-11-21T01:05:58+00:00","og_image":[{"url":"https:\/\/www.dabusarquitetura.com.br\/blog\/wp-content\/uploads\/2022\/11\/dall-e-arquitetura.png"}],"author":"heloisa.dabus","twitter_card":"summary_large_image","twitter_misc":{"Escrito por":"heloisa.dabus","Est. tempo de leitura":"3 minutos"},"schema":{"@context":"https:\/\/schema.org","@graph":[{"@type":"WebPage","@id":"https:\/\/www.dabusarquitetura.com.br\/blog\/dall-e-na-arquitetura-o-que-e-quais-impactos\/","url":"https:\/\/www.dabusarquitetura.com.br\/blog\/dall-e-na-arquitetura-o-que-e-quais-impactos\/","name":"Dall-e na Arquitetura: o que \u00e9 e quais os impactos?","isPartOf":{"@id":"https:\/\/www.dabusarquitetura.com.br\/blog\/#website"},"datePublished":"2022-11-21T01:05:56+00:00","dateModified":"2022-11-21T01:05:58+00:00","author":{"@id":"https:\/\/www.dabusarquitetura.com.br\/blog\/#\/schema\/person\/978b78d74759412a1cd43634996237c4"},"description":"O Dall-e na Arquitetura vai substituir o trabalho de profissnais? H\u00e1 alguma utilidade da ferramenta para eles?","breadcrumb":{"@id":"https:\/\/www.dabusarquitetura.com.br\/blog\/dall-e-na-arquitetura-o-que-e-quais-impactos\/#breadcrumb"},"inLanguage":"pt-BR","potentialAction":[{"@type":"ReadAction","target":["https:\/\/www.dabusarquitetura.com.br\/blog\/dall-e-na-arquitetura-o-que-e-quais-impactos\/"]}]},{"@type":"BreadcrumbList","@id":"https:\/\/www.dabusarquitetura.com.br\/blog\/dall-e-na-arquitetura-o-que-e-quais-impactos\/#breadcrumb","itemListElement":[{"@type":"ListItem","position":1,"name":"In\u00edcio","item":"https:\/\/www.dabusarquitetura.com.br\/blog\/"},{"@type":"ListItem","position":2,"name":"Dall-e na Arquitetura: o que \u00e9 e quais os impactos desta tecnologia?"}]},{"@type":"WebSite","@id":"https:\/\/www.dabusarquitetura.com.br\/blog\/#website","url":"https:\/\/www.dabusarquitetura.com.br\/blog\/","name":"DABUS ARQUITETURA","description":"Arquitetura Corporativa","potentialAction":[{"@type":"SearchAction","target":{"@type":"EntryPoint","urlTemplate":"https:\/\/www.dabusarquitetura.com.br\/blog\/?s={search_term_string}"},"query-input":"required name=search_term_string"}],"inLanguage":"pt-BR"},{"@type":"Person","@id":"https:\/\/www.dabusarquitetura.com.br\/blog\/#\/schema\/person\/978b78d74759412a1cd43634996237c4","name":"heloisa.dabus","image":{"@type":"ImageObject","inLanguage":"pt-BR","@id":"https:\/\/www.dabusarquitetura.com.br\/blog\/#\/schema\/person\/image\/","url":"https:\/\/secure.gravatar.com\/avatar\/4078f4f8e54fb70a99a5e9edc642ecb1?s=96&d=mm&r=g","contentUrl":"https:\/\/secure.gravatar.com\/avatar\/4078f4f8e54fb70a99a5e9edc642ecb1?s=96&d=mm&r=g","caption":"heloisa.dabus"},"url":"https:\/\/www.dabusarquitetura.com.br\/blog\/author\/heloisa-dabus\/"}]}},"_links":{"self":[{"href":"https:\/\/www.dabusarquitetura.com.br\/blog\/wp-json\/wp\/v2\/posts\/16511"}],"collection":[{"href":"https:\/\/www.dabusarquitetura.com.br\/blog\/wp-json\/wp\/v2\/posts"}],"about":[{"href":"https:\/\/www.dabusarquitetura.com.br\/blog\/wp-json\/wp\/v2\/types\/post"}],"author":[{"embeddable":true,"href":"https:\/\/www.dabusarquitetura.com.br\/blog\/wp-json\/wp\/v2\/users\/3"}],"replies":[{"embeddable":true,"href":"https:\/\/www.dabusarquitetura.com.br\/blog\/wp-json\/wp\/v2\/comments?post=16511"}],"version-history":[{"count":3,"href":"https:\/\/www.dabusarquitetura.com.br\/blog\/wp-json\/wp\/v2\/posts\/16511\/revisions"}],"predecessor-version":[{"id":16515,"href":"https:\/\/www.dabusarquitetura.com.br\/blog\/wp-json\/wp\/v2\/posts\/16511\/revisions\/16515"}],"wp:attachment":[{"href":"https:\/\/www.dabusarquitetura.com.br\/blog\/wp-json\/wp\/v2\/media?parent=16511"}],"wp:term":[{"taxonomy":"category","embeddable":true,"href":"https:\/\/www.dabusarquitetura.com.br\/blog\/wp-json\/wp\/v2\/categories?post=16511"},{"taxonomy":"post_tag","embeddable":true,"href":"https:\/\/www.dabusarquitetura.com.br\/blog\/wp-json\/wp\/v2\/tags?post=16511"}],"curies":[{"name":"wp","href":"https:\/\/api.w.org\/{rel}","templated":true}]}}