{"id":16483,"date":"2022-11-06T23:06:25","date_gmt":"2022-11-06T20:06:25","guid":{"rendered":"https:\/\/www.dabusarquitetura.com.br\/blog\/?p=16483"},"modified":"2022-11-06T23:06:27","modified_gmt":"2022-11-06T20:06:27","slug":"competitividade-no-trabalho-como-gerenciar","status":"publish","type":"post","link":"https:\/\/www.dabusarquitetura.com.br\/blog\/competitividade-no-trabalho-como-gerenciar\/","title":{"rendered":"Competitividade no trabalho: como gerenciar?"},"content":{"rendered":"<div class=\"wp-block-image\">\n<figure class=\"aligncenter size-full\"><img decoding=\"async\" loading=\"lazy\" width=\"834\" height=\"317\" src=\"https:\/\/www.dabusarquitetura.com.br\/blog\/wp-content\/uploads\/2022\/11\/competitividade-trabalho.png\" alt=\"Competitividade no trabalho: como gerenciar?\" class=\"wp-image-16485\" title=\"Imagem ilustrativa\" srcset=\"https:\/\/www.dabusarquitetura.com.br\/blog\/wp-content\/uploads\/2022\/11\/competitividade-trabalho.png 834w, https:\/\/www.dabusarquitetura.com.br\/blog\/wp-content\/uploads\/2022\/11\/competitividade-trabalho-300x114.png 300w, https:\/\/www.dabusarquitetura.com.br\/blog\/wp-content\/uploads\/2022\/11\/competitividade-trabalho-768x292.png 768w\" sizes=\"(max-width: 834px) 100vw, 834px\" \/><\/figure><\/div>\n\n\n<p>Para muitos l\u00edderes e empresas a <strong>competitividade no trabalho<\/strong> \u00e9 um fator positivo, que intensifica o cumprimento de metas. No entanto, \u00e9 preciso ter cuidado. O <strong>clima organizacional<\/strong> n\u00e3o pode ser negligenciado. \u00c9 necess\u00e1rio sim que ele seja estimulante. Contudo, sem que se torne t\u00f3xico!<\/p>\n\n\n\n<p>Esse \u00e9 um assunto intimamente relacionado \u00e0 <strong>gest\u00e3o de pessoas<\/strong>. A forma como elas se relacionam tem de ser produtiva, colaborativa e saud\u00e1vel. Uma competitividade que promove brigas e intrigas n\u00e3o pode ser tolerada. Afinal, o neg\u00f3cio como um todo acaba sendo prejudicado. Por exemplo com a alta reatividade de colaboradores.&nbsp;<\/p>\n\n\n\n<p>No artigo de hoje vamos entender como gerenciar o time, a fim de que ele se mantenha estimulado e em harmonia. Confira!<\/p>\n\n\n\n<h2 class=\"wp-block-heading\">Os l\u00edderes e a competitividade no trabalho<\/h2>\n\n\n\n<p>Uma lideran\u00e7a ativa deve acompanhar o que se passa na empresa e, desta forma, intervir diante de poss\u00edveis conflitos. Sua atua\u00e7\u00e3o tem de ser, preferencialmente, <strong>preventiva<\/strong> nesse sentido. Portanto, precisa estar sempre presente, conhecer os membros do time, suas potencialidades e limita\u00e7\u00f5es.<\/p>\n\n\n\n<p>O clima de uma companhia depende muito do modo como seus l\u00edderes a conduzem. Sobretudo porque eles s\u00e3o observados a todo tempo. Seus m\u00e9todos, seu temperamento e sua disponibilidade s\u00e3o capazes de inspirar a maneira como os colaboradores se relacionam.<\/p>\n\n\n\n<p>Portanto, quem tem um papel de destaque tem de estar consciente sobre seu <strong>poder de influ\u00eancia<\/strong>. Inclusive com rela\u00e7\u00e3o \u00e0 competitividade no trabalho.&nbsp;<\/p>\n\n\n\n<h3 class=\"wp-block-heading\">Como tornar a competitividade saud\u00e1vel?<\/h3>\n\n\n\n<p>A competitividade no trabalho n\u00e3o \u00e9 algo a ser eliminado. Entretanto, como falamos, \u00e9 imprescind\u00edvel uma boa gest\u00e3o para que ela se torne saud\u00e1vel.&nbsp;<\/p>\n\n\n\n<p>Uma das pr\u00e1ticas que pode ajudar \u00e9 desenvolver <strong>atividades em grupo<\/strong>. De modo que todos tenham de cooperar por um objetivo comum. Estimule a supera\u00e7\u00e3o dos pr\u00f3prios limites ao inv\u00e9s do ofuscamento dos colegas. Explore diferentes modalidades de colabora\u00e7\u00e3o. O pr\u00f3prio escrit\u00f3rio pode criar <a href=\"https:\/\/www.dabusarquitetura.com.br\/blog\/novos-espacos-colaborativos-hot-desking\/\"><strong>espa\u00e7os prop\u00edcios para o trabalho colaborativo<\/strong><\/a>.&nbsp;<\/p>\n\n\n\n<p>Outro aspecto importante \u00e9 o <strong>reconhecimento<\/strong>. D\u00ea feedbacks, elogie e fa\u00e7a com que as pessoas entendam que est\u00e3o no caminho certo. Muitas vezes \u00e9 a inseguran\u00e7a a causadora dos conflitos.<\/p>\n\n\n\n<p>Al\u00e9m disso, assuma a diversidade como um valor do neg\u00f3cio. Monte times diversificados e inclusivos. Deixe claro que as diferen\u00e7as s\u00e3o valorizadas, que <strong>todos t\u00eam o seu lugar<\/strong> de valor.<\/p>\n\n\n\n<p>Como n\u00e3o poderia deixar de ser, abra sempre <strong>espa\u00e7o para o di\u00e1logo<\/strong>. Desse modo, promova a intera\u00e7\u00e3o entre setores diferentes, realize alinhamentos semanais, ou\u00e7a as ideias de todos! Canais como o e-mail e o WhatsApp s\u00e3o v\u00e1lidos nessa dire\u00e7\u00e3o.<\/p>\n\n\n\n<p>Ressignifique a competitividade no trabalho em prol de um ambiente agrad\u00e1vel, produtivo e est\u00e1vel.<\/p>\n\n\n\n<p>Leia tamb\u00e9m nosso artigo com <a href=\"https:\/\/www.dabusarquitetura.com.br\/blog\/como-estimular-trabalho-colaborativo\/\"><strong>dicas para estimular o trabalho colaborativo<\/strong><\/a>.<\/p>\n","protected":false},"excerpt":{"rendered":"<p>Para muitos l\u00edderes e empresas a competitividade no trabalho \u00e9 um fator positivo, que intensifica o cumprimento de metas. No entanto, \u00e9 preciso ter cuidado. [&hellip;]<\/p>\n","protected":false},"author":3,"featured_media":0,"comment_status":"open","ping_status":"open","sticky":false,"template":"","format":"standard","meta":[],"categories":[49],"tags":[],"yoast_head":"<!-- This site is optimized with the Yoast SEO plugin v20.8 - https:\/\/yoast.com\/wordpress\/plugins\/seo\/ -->\n<title>Competitividade no trabalho: como gerenciar?<\/title>\n<meta name=\"description\" content=\"A competitividade no trabalho pode trazer bons resultados se for bem gerenciada. Veja as dicas para desenvolver uma competitividade saud\u00e1ve!\" \/>\n<meta name=\"robots\" content=\"index, follow, max-snippet:-1, max-image-preview:large, max-video-preview:-1\" \/>\n<link rel=\"canonical\" href=\"https:\/\/www.dabusarquitetura.com.br\/blog\/competitividade-no-trabalho-como-gerenciar\/\" \/>\n<meta property=\"og:locale\" content=\"pt_BR\" \/>\n<meta property=\"og:type\" content=\"article\" \/>\n<meta property=\"og:title\" content=\"Competitividade no trabalho: como gerenciar?\" \/>\n<meta property=\"og:description\" content=\"A competitividade no trabalho pode trazer bons resultados se for bem gerenciada. Veja as dicas para desenvolver uma competitividade saud\u00e1ve!\" \/>\n<meta property=\"og:url\" content=\"https:\/\/www.dabusarquitetura.com.br\/blog\/competitividade-no-trabalho-como-gerenciar\/\" \/>\n<meta property=\"og:site_name\" content=\"DABUS ARQUITETURA\" \/>\n<meta property=\"article:published_time\" content=\"2022-11-06T20:06:25+00:00\" \/>\n<meta property=\"article:modified_time\" content=\"2022-11-06T20:06:27+00:00\" \/>\n<meta property=\"og:image\" content=\"https:\/\/www.dabusarquitetura.com.br\/blog\/wp-content\/uploads\/2022\/11\/competitividade-trabalho.png\" \/>\n<meta name=\"author\" content=\"heloisa.dabus\" \/>\n<meta name=\"twitter:card\" content=\"summary_large_image\" \/>\n<meta name=\"twitter:label1\" content=\"Escrito por\" \/>\n\t<meta name=\"twitter:data1\" content=\"heloisa.dabus\" \/>\n\t<meta name=\"twitter:label2\" content=\"Est. tempo de leitura\" \/>\n\t<meta name=\"twitter:data2\" content=\"3 minutos\" \/>\n<script type=\"application\/ld+json\" class=\"yoast-schema-graph\">{\"@context\":\"https:\/\/schema.org\",\"@graph\":[{\"@type\":\"WebPage\",\"@id\":\"https:\/\/www.dabusarquitetura.com.br\/blog\/competitividade-no-trabalho-como-gerenciar\/\",\"url\":\"https:\/\/www.dabusarquitetura.com.br\/blog\/competitividade-no-trabalho-como-gerenciar\/\",\"name\":\"Competitividade no trabalho: como gerenciar?\",\"isPartOf\":{\"@id\":\"https:\/\/www.dabusarquitetura.com.br\/blog\/#website\"},\"datePublished\":\"2022-11-06T20:06:25+00:00\",\"dateModified\":\"2022-11-06T20:06:27+00:00\",\"author\":{\"@id\":\"https:\/\/www.dabusarquitetura.com.br\/blog\/#\/schema\/person\/978b78d74759412a1cd43634996237c4\"},\"description\":\"A competitividade no trabalho pode trazer bons resultados se for bem gerenciada. Veja as dicas para desenvolver uma competitividade saud\u00e1ve!\",\"breadcrumb\":{\"@id\":\"https:\/\/www.dabusarquitetura.com.br\/blog\/competitividade-no-trabalho-como-gerenciar\/#breadcrumb\"},\"inLanguage\":\"pt-BR\",\"potentialAction\":[{\"@type\":\"ReadAction\",\"target\":[\"https:\/\/www.dabusarquitetura.com.br\/blog\/competitividade-no-trabalho-como-gerenciar\/\"]}]},{\"@type\":\"BreadcrumbList\",\"@id\":\"https:\/\/www.dabusarquitetura.com.br\/blog\/competitividade-no-trabalho-como-gerenciar\/#breadcrumb\",\"itemListElement\":[{\"@type\":\"ListItem\",\"position\":1,\"name\":\"In\u00edcio\",\"item\":\"https:\/\/www.dabusarquitetura.com.br\/blog\/\"},{\"@type\":\"ListItem\",\"position\":2,\"name\":\"Competitividade no trabalho: como gerenciar?\"}]},{\"@type\":\"WebSite\",\"@id\":\"https:\/\/www.dabusarquitetura.com.br\/blog\/#website\",\"url\":\"https:\/\/www.dabusarquitetura.com.br\/blog\/\",\"name\":\"DABUS ARQUITETURA\",\"description\":\"Arquitetura Corporativa\",\"potentialAction\":[{\"@type\":\"SearchAction\",\"target\":{\"@type\":\"EntryPoint\",\"urlTemplate\":\"https:\/\/www.dabusarquitetura.com.br\/blog\/?s={search_term_string}\"},\"query-input\":\"required name=search_term_string\"}],\"inLanguage\":\"pt-BR\"},{\"@type\":\"Person\",\"@id\":\"https:\/\/www.dabusarquitetura.com.br\/blog\/#\/schema\/person\/978b78d74759412a1cd43634996237c4\",\"name\":\"heloisa.dabus\",\"image\":{\"@type\":\"ImageObject\",\"inLanguage\":\"pt-BR\",\"@id\":\"https:\/\/www.dabusarquitetura.com.br\/blog\/#\/schema\/person\/image\/\",\"url\":\"https:\/\/secure.gravatar.com\/avatar\/4078f4f8e54fb70a99a5e9edc642ecb1?s=96&d=mm&r=g\",\"contentUrl\":\"https:\/\/secure.gravatar.com\/avatar\/4078f4f8e54fb70a99a5e9edc642ecb1?s=96&d=mm&r=g\",\"caption\":\"heloisa.dabus\"},\"url\":\"https:\/\/www.dabusarquitetura.com.br\/blog\/author\/heloisa-dabus\/\"}]}<\/script>\n<!-- \/ Yoast SEO plugin. -->","yoast_head_json":{"title":"Competitividade no trabalho: como gerenciar?","description":"A competitividade no trabalho pode trazer bons resultados se for bem gerenciada. Veja as dicas para desenvolver uma competitividade saud\u00e1ve!","robots":{"index":"index","follow":"follow","max-snippet":"max-snippet:-1","max-image-preview":"max-image-preview:large","max-video-preview":"max-video-preview:-1"},"canonical":"https:\/\/www.dabusarquitetura.com.br\/blog\/competitividade-no-trabalho-como-gerenciar\/","og_locale":"pt_BR","og_type":"article","og_title":"Competitividade no trabalho: como gerenciar?","og_description":"A competitividade no trabalho pode trazer bons resultados se for bem gerenciada. Veja as dicas para desenvolver uma competitividade saud\u00e1ve!","og_url":"https:\/\/www.dabusarquitetura.com.br\/blog\/competitividade-no-trabalho-como-gerenciar\/","og_site_name":"DABUS ARQUITETURA","article_published_time":"2022-11-06T20:06:25+00:00","article_modified_time":"2022-11-06T20:06:27+00:00","og_image":[{"url":"https:\/\/www.dabusarquitetura.com.br\/blog\/wp-content\/uploads\/2022\/11\/competitividade-trabalho.png"}],"author":"heloisa.dabus","twitter_card":"summary_large_image","twitter_misc":{"Escrito por":"heloisa.dabus","Est. tempo de leitura":"3 minutos"},"schema":{"@context":"https:\/\/schema.org","@graph":[{"@type":"WebPage","@id":"https:\/\/www.dabusarquitetura.com.br\/blog\/competitividade-no-trabalho-como-gerenciar\/","url":"https:\/\/www.dabusarquitetura.com.br\/blog\/competitividade-no-trabalho-como-gerenciar\/","name":"Competitividade no trabalho: como gerenciar?","isPartOf":{"@id":"https:\/\/www.dabusarquitetura.com.br\/blog\/#website"},"datePublished":"2022-11-06T20:06:25+00:00","dateModified":"2022-11-06T20:06:27+00:00","author":{"@id":"https:\/\/www.dabusarquitetura.com.br\/blog\/#\/schema\/person\/978b78d74759412a1cd43634996237c4"},"description":"A competitividade no trabalho pode trazer bons resultados se for bem gerenciada. Veja as dicas para desenvolver uma competitividade saud\u00e1ve!","breadcrumb":{"@id":"https:\/\/www.dabusarquitetura.com.br\/blog\/competitividade-no-trabalho-como-gerenciar\/#breadcrumb"},"inLanguage":"pt-BR","potentialAction":[{"@type":"ReadAction","target":["https:\/\/www.dabusarquitetura.com.br\/blog\/competitividade-no-trabalho-como-gerenciar\/"]}]},{"@type":"BreadcrumbList","@id":"https:\/\/www.dabusarquitetura.com.br\/blog\/competitividade-no-trabalho-como-gerenciar\/#breadcrumb","itemListElement":[{"@type":"ListItem","position":1,"name":"In\u00edcio","item":"https:\/\/www.dabusarquitetura.com.br\/blog\/"},{"@type":"ListItem","position":2,"name":"Competitividade no trabalho: como gerenciar?"}]},{"@type":"WebSite","@id":"https:\/\/www.dabusarquitetura.com.br\/blog\/#website","url":"https:\/\/www.dabusarquitetura.com.br\/blog\/","name":"DABUS ARQUITETURA","description":"Arquitetura Corporativa","potentialAction":[{"@type":"SearchAction","target":{"@type":"EntryPoint","urlTemplate":"https:\/\/www.dabusarquitetura.com.br\/blog\/?s={search_term_string}"},"query-input":"required name=search_term_string"}],"inLanguage":"pt-BR"},{"@type":"Person","@id":"https:\/\/www.dabusarquitetura.com.br\/blog\/#\/schema\/person\/978b78d74759412a1cd43634996237c4","name":"heloisa.dabus","image":{"@type":"ImageObject","inLanguage":"pt-BR","@id":"https:\/\/www.dabusarquitetura.com.br\/blog\/#\/schema\/person\/image\/","url":"https:\/\/secure.gravatar.com\/avatar\/4078f4f8e54fb70a99a5e9edc642ecb1?s=96&d=mm&r=g","contentUrl":"https:\/\/secure.gravatar.com\/avatar\/4078f4f8e54fb70a99a5e9edc642ecb1?s=96&d=mm&r=g","caption":"heloisa.dabus"},"url":"https:\/\/www.dabusarquitetura.com.br\/blog\/author\/heloisa-dabus\/"}]}},"_links":{"self":[{"href":"https:\/\/www.dabusarquitetura.com.br\/blog\/wp-json\/wp\/v2\/posts\/16483"}],"collection":[{"href":"https:\/\/www.dabusarquitetura.com.br\/blog\/wp-json\/wp\/v2\/posts"}],"about":[{"href":"https:\/\/www.dabusarquitetura.com.br\/blog\/wp-json\/wp\/v2\/types\/post"}],"author":[{"embeddable":true,"href":"https:\/\/www.dabusarquitetura.com.br\/blog\/wp-json\/wp\/v2\/users\/3"}],"replies":[{"embeddable":true,"href":"https:\/\/www.dabusarquitetura.com.br\/blog\/wp-json\/wp\/v2\/comments?post=16483"}],"version-history":[{"count":3,"href":"https:\/\/www.dabusarquitetura.com.br\/blog\/wp-json\/wp\/v2\/posts\/16483\/revisions"}],"predecessor-version":[{"id":16487,"href":"https:\/\/www.dabusarquitetura.com.br\/blog\/wp-json\/wp\/v2\/posts\/16483\/revisions\/16487"}],"wp:attachment":[{"href":"https:\/\/www.dabusarquitetura.com.br\/blog\/wp-json\/wp\/v2\/media?parent=16483"}],"wp:term":[{"taxonomy":"category","embeddable":true,"href":"https:\/\/www.dabusarquitetura.com.br\/blog\/wp-json\/wp\/v2\/categories?post=16483"},{"taxonomy":"post_tag","embeddable":true,"href":"https:\/\/www.dabusarquitetura.com.br\/blog\/wp-json\/wp\/v2\/tags?post=16483"}],"curies":[{"name":"wp","href":"https:\/\/api.w.org\/{rel}","templated":true}]}}