{"id":16444,"date":"2022-10-03T01:03:38","date_gmt":"2022-10-02T22:03:38","guid":{"rendered":"https:\/\/www.dabusarquitetura.com.br\/blog\/?p=16444"},"modified":"2022-10-03T01:03:41","modified_gmt":"2022-10-02T22:03:41","slug":"metaverso-na-educacao-impactara-ensino","status":"publish","type":"post","link":"https:\/\/www.dabusarquitetura.com.br\/blog\/metaverso-na-educacao-impactara-ensino\/","title":{"rendered":"Metaverso na educa\u00e7\u00e3o: \u00e9 poss\u00edvel? Como impactar\u00e1 o ensino?"},"content":{"rendered":"<div class=\"wp-block-image\">\n<figure class=\"aligncenter size-full\"><img decoding=\"async\" loading=\"lazy\" width=\"834\" height=\"317\" src=\"https:\/\/www.dabusarquitetura.com.br\/blog\/wp-content\/uploads\/2022\/09\/metaverso-na-esducacao.png\" alt=\"Metaverso na educa\u00e7\u00e3o\" class=\"wp-image-16446\" title=\"Imagem meramente ilustrativa\" srcset=\"https:\/\/www.dabusarquitetura.com.br\/blog\/wp-content\/uploads\/2022\/09\/metaverso-na-esducacao.png 834w, https:\/\/www.dabusarquitetura.com.br\/blog\/wp-content\/uploads\/2022\/09\/metaverso-na-esducacao-300x114.png 300w, https:\/\/www.dabusarquitetura.com.br\/blog\/wp-content\/uploads\/2022\/09\/metaverso-na-esducacao-768x292.png 768w\" sizes=\"(max-width: 834px) 100vw, 834px\" \/><\/figure><\/div>\n\n\n<p>O conceito de metaverso chegou para ficar. Vemos sua populariza\u00e7\u00e3o por meio de filmes, games e redes sociais. No entanto, n\u00e3o se trata de uma tecnologia totalmente formatada. Por isso, sua aplica\u00e7\u00e3o ainda n\u00e3o pode ser completamente vislumbrada. H\u00e1 muito a ser desenvolvido. Mas, hoje, j\u00e1 se fala, por exemplo, em <strong>metaverso na educa\u00e7\u00e3o<\/strong>.<\/p>\n\n\n\n<p>Essa \u00e9 uma discuss\u00e3o altamente pertinente, pois envolve a <a href=\"https:\/\/www.dabusarquitetura.com.br\/blog\/competencias-socioemocionais-dicas-escola\/\"><strong>forma\u00e7\u00e3o de indiv\u00edduos e cidad\u00e3os<\/strong><\/a> das novas gera\u00e7\u00f5es. Em crescimento pelo mundo, as <a href=\"https:\/\/fia.com.br\/blog\/edtechs\/amp\/\" target=\"_blank\" rel=\"noreferrer noopener\">edtechs<\/a> t\u00eam buscado solu\u00e7\u00f5es e investimentos nessa dire\u00e7\u00e3o.<\/p>\n\n\n\n<p>Ficar ligado nesse assunto \u00e9 <strong>se preparar para o futuro da educa\u00e7\u00e3o<\/strong>. Vem saber mais!<\/p>\n\n\n\n<h2 class=\"wp-block-heading\">Afinal, o que \u00e9 o metaverso?<\/h2>\n\n\n\n<p>J\u00e1 imaginou viver em um universo totalmente digital? Pois a proposta do metaverso \u00e9 essa. Ele engloba uma s\u00e9rie de recursos e tecnologias que criam uma esp\u00e9cie de <strong>gamifica\u00e7\u00e3o da vida real<\/strong>. Assim, permitem que as pessoas tenham experi\u00eancias reais a partir de ambientes e intera\u00e7\u00f5es virtuais.&nbsp;<\/p>\n\n\n\n<p>O metaverso utiliza, une e potencializa algumas tecnologias j\u00e1 conhecidas. Tais como: realidade aumentada, internet das coisas, aprendizado de m\u00e1quina, intelig\u00eancia artificial e holografia. Tudo para que o usu\u00e1rio possa realizar a\u00e7\u00f5es como visitar os amigos, ir a shows e exposi\u00e7\u00f5es, participar de reuni\u00f5es e at\u00e9 viajar pelo mundo, sem sair de seu espa\u00e7o f\u00edsico.&nbsp;<\/p>\n\n\n\n<h3 class=\"wp-block-heading\">Qual ser\u00e1 o impacto do metaverso na educa\u00e7\u00e3o?<\/h3>\n\n\n\n<p>Embora ainda existam muitas perguntas a serem respondidas, uma coisa \u00e9 certa: o metaverso na educa\u00e7\u00e3o \u00e9 uma tend\u00eancia. Isso porque ele permitir\u00e1 um <strong>aprendizado muito mais imersivo<\/strong>.&nbsp;<\/p>\n\n\n\n<p>Os professores poder\u00e3o ensinar sobre os temas levando os alunos aos ambientes mais adequados. Ou seja, poder\u00e3o <strong>trabalhar as li\u00e7\u00f5es de maneira vivencial<\/strong>. Portanto, ter\u00e3o mais recursos para tornar as li\u00e7\u00f5es mais relevantes na mente dos estudantes. O metaverso na educa\u00e7\u00e3o ser\u00e1, realmente, uma inova\u00e7\u00e3o!<\/p>\n\n\n\n<p>Sem d\u00favida alguma, as institui\u00e7\u00f5es precisar\u00e3o de investimentos e suporte para explorar todas as potencialidades. Definitivamente n\u00e3o ser\u00e1 uma mudan\u00e7a brusca. Mas, sim gradual e, de certa forma, experimental. Cada m\u00e9todo de ensino dever\u00e1 saber como <strong>adaptar a tecnologia em favor de seus valores e objetivos<\/strong>.<\/p>\n\n\n\n<p>Outro aspecto importante \u00e9 como torn\u00e1-la acess\u00edvel e n\u00e3o mais um fator de exclus\u00e3o. Por isso, os governos tamb\u00e9m dever\u00e3o ser envolvidos. Muitos agentes ter\u00e3o de firmar compromisso com a <strong>educa\u00e7\u00e3o de qualidade, atualizada e democr\u00e1tica<\/strong>.&nbsp;<\/p>\n\n\n\n<p>H\u00e1 um longo caminho pela frente. In\u00fameras adapta\u00e7\u00f5es a serem feitas. O importante, agora, \u00e9 saber para qual dire\u00e7\u00e3o se est\u00e1 caminhando!<\/p>\n","protected":false},"excerpt":{"rendered":"<p>O conceito de metaverso chegou para ficar. Vemos sua populariza\u00e7\u00e3o por meio de filmes, games e redes sociais. No entanto, n\u00e3o se trata de uma [&hellip;]<\/p>\n","protected":false},"author":3,"featured_media":0,"comment_status":"open","ping_status":"open","sticky":false,"template":"","format":"standard","meta":[],"categories":[49],"tags":[],"yoast_head":"<!-- This site is optimized with the Yoast SEO plugin v20.8 - https:\/\/yoast.com\/wordpress\/plugins\/seo\/ -->\n<title>Metaverso na educa\u00e7\u00e3o: \u00e9 poss\u00edvel? Como impactar\u00e1 o ensino?<\/title>\n<meta name=\"description\" content=\"O metaverso na educa\u00e7\u00e3o \u00e9 uma tend\u00eancia em longo prazo. Saiba como isso impactar\u00e1 o ensino e as instru\u00e7\u00f5es.\" \/>\n<meta name=\"robots\" content=\"index, follow, max-snippet:-1, max-image-preview:large, max-video-preview:-1\" \/>\n<link rel=\"canonical\" href=\"https:\/\/www.dabusarquitetura.com.br\/blog\/metaverso-na-educacao-impactara-ensino\/\" \/>\n<meta property=\"og:locale\" content=\"pt_BR\" \/>\n<meta property=\"og:type\" content=\"article\" \/>\n<meta property=\"og:title\" content=\"Metaverso na educa\u00e7\u00e3o: \u00e9 poss\u00edvel? Como impactar\u00e1 o ensino?\" \/>\n<meta property=\"og:description\" content=\"O metaverso na educa\u00e7\u00e3o \u00e9 uma tend\u00eancia em longo prazo. Saiba como isso impactar\u00e1 o ensino e as instru\u00e7\u00f5es.\" \/>\n<meta property=\"og:url\" content=\"https:\/\/www.dabusarquitetura.com.br\/blog\/metaverso-na-educacao-impactara-ensino\/\" \/>\n<meta property=\"og:site_name\" content=\"DABUS ARQUITETURA\" \/>\n<meta property=\"article:published_time\" content=\"2022-10-02T22:03:38+00:00\" \/>\n<meta property=\"article:modified_time\" content=\"2022-10-02T22:03:41+00:00\" \/>\n<meta property=\"og:image\" content=\"https:\/\/www.dabusarquitetura.com.br\/blog\/wp-content\/uploads\/2022\/09\/metaverso-na-esducacao.png\" \/>\n<meta name=\"author\" content=\"heloisa.dabus\" \/>\n<meta name=\"twitter:card\" content=\"summary_large_image\" \/>\n<meta name=\"twitter:label1\" content=\"Escrito por\" \/>\n\t<meta name=\"twitter:data1\" content=\"heloisa.dabus\" \/>\n\t<meta name=\"twitter:label2\" content=\"Est. tempo de leitura\" \/>\n\t<meta name=\"twitter:data2\" content=\"3 minutos\" \/>\n<script type=\"application\/ld+json\" class=\"yoast-schema-graph\">{\"@context\":\"https:\/\/schema.org\",\"@graph\":[{\"@type\":\"WebPage\",\"@id\":\"https:\/\/www.dabusarquitetura.com.br\/blog\/metaverso-na-educacao-impactara-ensino\/\",\"url\":\"https:\/\/www.dabusarquitetura.com.br\/blog\/metaverso-na-educacao-impactara-ensino\/\",\"name\":\"Metaverso na educa\u00e7\u00e3o: \u00e9 poss\u00edvel? Como impactar\u00e1 o ensino?\",\"isPartOf\":{\"@id\":\"https:\/\/www.dabusarquitetura.com.br\/blog\/#website\"},\"datePublished\":\"2022-10-02T22:03:38+00:00\",\"dateModified\":\"2022-10-02T22:03:41+00:00\",\"author\":{\"@id\":\"https:\/\/www.dabusarquitetura.com.br\/blog\/#\/schema\/person\/978b78d74759412a1cd43634996237c4\"},\"description\":\"O metaverso na educa\u00e7\u00e3o \u00e9 uma tend\u00eancia em longo prazo. Saiba como isso impactar\u00e1 o ensino e as instru\u00e7\u00f5es.\",\"breadcrumb\":{\"@id\":\"https:\/\/www.dabusarquitetura.com.br\/blog\/metaverso-na-educacao-impactara-ensino\/#breadcrumb\"},\"inLanguage\":\"pt-BR\",\"potentialAction\":[{\"@type\":\"ReadAction\",\"target\":[\"https:\/\/www.dabusarquitetura.com.br\/blog\/metaverso-na-educacao-impactara-ensino\/\"]}]},{\"@type\":\"BreadcrumbList\",\"@id\":\"https:\/\/www.dabusarquitetura.com.br\/blog\/metaverso-na-educacao-impactara-ensino\/#breadcrumb\",\"itemListElement\":[{\"@type\":\"ListItem\",\"position\":1,\"name\":\"In\u00edcio\",\"item\":\"https:\/\/www.dabusarquitetura.com.br\/blog\/\"},{\"@type\":\"ListItem\",\"position\":2,\"name\":\"Metaverso na educa\u00e7\u00e3o: \u00e9 poss\u00edvel? Como impactar\u00e1 o ensino?\"}]},{\"@type\":\"WebSite\",\"@id\":\"https:\/\/www.dabusarquitetura.com.br\/blog\/#website\",\"url\":\"https:\/\/www.dabusarquitetura.com.br\/blog\/\",\"name\":\"DABUS ARQUITETURA\",\"description\":\"Arquitetura Corporativa\",\"potentialAction\":[{\"@type\":\"SearchAction\",\"target\":{\"@type\":\"EntryPoint\",\"urlTemplate\":\"https:\/\/www.dabusarquitetura.com.br\/blog\/?s={search_term_string}\"},\"query-input\":\"required name=search_term_string\"}],\"inLanguage\":\"pt-BR\"},{\"@type\":\"Person\",\"@id\":\"https:\/\/www.dabusarquitetura.com.br\/blog\/#\/schema\/person\/978b78d74759412a1cd43634996237c4\",\"name\":\"heloisa.dabus\",\"image\":{\"@type\":\"ImageObject\",\"inLanguage\":\"pt-BR\",\"@id\":\"https:\/\/www.dabusarquitetura.com.br\/blog\/#\/schema\/person\/image\/\",\"url\":\"https:\/\/secure.gravatar.com\/avatar\/4078f4f8e54fb70a99a5e9edc642ecb1?s=96&d=mm&r=g\",\"contentUrl\":\"https:\/\/secure.gravatar.com\/avatar\/4078f4f8e54fb70a99a5e9edc642ecb1?s=96&d=mm&r=g\",\"caption\":\"heloisa.dabus\"},\"url\":\"https:\/\/www.dabusarquitetura.com.br\/blog\/author\/heloisa-dabus\/\"}]}<\/script>\n<!-- \/ Yoast SEO plugin. -->","yoast_head_json":{"title":"Metaverso na educa\u00e7\u00e3o: \u00e9 poss\u00edvel? Como impactar\u00e1 o ensino?","description":"O metaverso na educa\u00e7\u00e3o \u00e9 uma tend\u00eancia em longo prazo. Saiba como isso impactar\u00e1 o ensino e as instru\u00e7\u00f5es.","robots":{"index":"index","follow":"follow","max-snippet":"max-snippet:-1","max-image-preview":"max-image-preview:large","max-video-preview":"max-video-preview:-1"},"canonical":"https:\/\/www.dabusarquitetura.com.br\/blog\/metaverso-na-educacao-impactara-ensino\/","og_locale":"pt_BR","og_type":"article","og_title":"Metaverso na educa\u00e7\u00e3o: \u00e9 poss\u00edvel? Como impactar\u00e1 o ensino?","og_description":"O metaverso na educa\u00e7\u00e3o \u00e9 uma tend\u00eancia em longo prazo. Saiba como isso impactar\u00e1 o ensino e as instru\u00e7\u00f5es.","og_url":"https:\/\/www.dabusarquitetura.com.br\/blog\/metaverso-na-educacao-impactara-ensino\/","og_site_name":"DABUS ARQUITETURA","article_published_time":"2022-10-02T22:03:38+00:00","article_modified_time":"2022-10-02T22:03:41+00:00","og_image":[{"url":"https:\/\/www.dabusarquitetura.com.br\/blog\/wp-content\/uploads\/2022\/09\/metaverso-na-esducacao.png"}],"author":"heloisa.dabus","twitter_card":"summary_large_image","twitter_misc":{"Escrito por":"heloisa.dabus","Est. tempo de leitura":"3 minutos"},"schema":{"@context":"https:\/\/schema.org","@graph":[{"@type":"WebPage","@id":"https:\/\/www.dabusarquitetura.com.br\/blog\/metaverso-na-educacao-impactara-ensino\/","url":"https:\/\/www.dabusarquitetura.com.br\/blog\/metaverso-na-educacao-impactara-ensino\/","name":"Metaverso na educa\u00e7\u00e3o: \u00e9 poss\u00edvel? Como impactar\u00e1 o ensino?","isPartOf":{"@id":"https:\/\/www.dabusarquitetura.com.br\/blog\/#website"},"datePublished":"2022-10-02T22:03:38+00:00","dateModified":"2022-10-02T22:03:41+00:00","author":{"@id":"https:\/\/www.dabusarquitetura.com.br\/blog\/#\/schema\/person\/978b78d74759412a1cd43634996237c4"},"description":"O metaverso na educa\u00e7\u00e3o \u00e9 uma tend\u00eancia em longo prazo. Saiba como isso impactar\u00e1 o ensino e as instru\u00e7\u00f5es.","breadcrumb":{"@id":"https:\/\/www.dabusarquitetura.com.br\/blog\/metaverso-na-educacao-impactara-ensino\/#breadcrumb"},"inLanguage":"pt-BR","potentialAction":[{"@type":"ReadAction","target":["https:\/\/www.dabusarquitetura.com.br\/blog\/metaverso-na-educacao-impactara-ensino\/"]}]},{"@type":"BreadcrumbList","@id":"https:\/\/www.dabusarquitetura.com.br\/blog\/metaverso-na-educacao-impactara-ensino\/#breadcrumb","itemListElement":[{"@type":"ListItem","position":1,"name":"In\u00edcio","item":"https:\/\/www.dabusarquitetura.com.br\/blog\/"},{"@type":"ListItem","position":2,"name":"Metaverso na educa\u00e7\u00e3o: \u00e9 poss\u00edvel? Como impactar\u00e1 o ensino?"}]},{"@type":"WebSite","@id":"https:\/\/www.dabusarquitetura.com.br\/blog\/#website","url":"https:\/\/www.dabusarquitetura.com.br\/blog\/","name":"DABUS ARQUITETURA","description":"Arquitetura Corporativa","potentialAction":[{"@type":"SearchAction","target":{"@type":"EntryPoint","urlTemplate":"https:\/\/www.dabusarquitetura.com.br\/blog\/?s={search_term_string}"},"query-input":"required name=search_term_string"}],"inLanguage":"pt-BR"},{"@type":"Person","@id":"https:\/\/www.dabusarquitetura.com.br\/blog\/#\/schema\/person\/978b78d74759412a1cd43634996237c4","name":"heloisa.dabus","image":{"@type":"ImageObject","inLanguage":"pt-BR","@id":"https:\/\/www.dabusarquitetura.com.br\/blog\/#\/schema\/person\/image\/","url":"https:\/\/secure.gravatar.com\/avatar\/4078f4f8e54fb70a99a5e9edc642ecb1?s=96&d=mm&r=g","contentUrl":"https:\/\/secure.gravatar.com\/avatar\/4078f4f8e54fb70a99a5e9edc642ecb1?s=96&d=mm&r=g","caption":"heloisa.dabus"},"url":"https:\/\/www.dabusarquitetura.com.br\/blog\/author\/heloisa-dabus\/"}]}},"_links":{"self":[{"href":"https:\/\/www.dabusarquitetura.com.br\/blog\/wp-json\/wp\/v2\/posts\/16444"}],"collection":[{"href":"https:\/\/www.dabusarquitetura.com.br\/blog\/wp-json\/wp\/v2\/posts"}],"about":[{"href":"https:\/\/www.dabusarquitetura.com.br\/blog\/wp-json\/wp\/v2\/types\/post"}],"author":[{"embeddable":true,"href":"https:\/\/www.dabusarquitetura.com.br\/blog\/wp-json\/wp\/v2\/users\/3"}],"replies":[{"embeddable":true,"href":"https:\/\/www.dabusarquitetura.com.br\/blog\/wp-json\/wp\/v2\/comments?post=16444"}],"version-history":[{"count":5,"href":"https:\/\/www.dabusarquitetura.com.br\/blog\/wp-json\/wp\/v2\/posts\/16444\/revisions"}],"predecessor-version":[{"id":16450,"href":"https:\/\/www.dabusarquitetura.com.br\/blog\/wp-json\/wp\/v2\/posts\/16444\/revisions\/16450"}],"wp:attachment":[{"href":"https:\/\/www.dabusarquitetura.com.br\/blog\/wp-json\/wp\/v2\/media?parent=16444"}],"wp:term":[{"taxonomy":"category","embeddable":true,"href":"https:\/\/www.dabusarquitetura.com.br\/blog\/wp-json\/wp\/v2\/categories?post=16444"},{"taxonomy":"post_tag","embeddable":true,"href":"https:\/\/www.dabusarquitetura.com.br\/blog\/wp-json\/wp\/v2\/tags?post=16444"}],"curies":[{"name":"wp","href":"https:\/\/api.w.org\/{rel}","templated":true}]}}