{"id":16375,"date":"2022-08-15T01:48:17","date_gmt":"2022-08-14T22:48:17","guid":{"rendered":"https:\/\/www.dabusarquitetura.com.br\/blog\/?p=16375"},"modified":"2022-08-15T01:48:18","modified_gmt":"2022-08-14T22:48:18","slug":"erros-evitar-reforma-corporativa","status":"publish","type":"post","link":"https:\/\/www.dabusarquitetura.com.br\/blog\/erros-evitar-reforma-corporativa\/","title":{"rendered":"5 erros a evitar na reforma corporativa"},"content":{"rendered":"<div class=\"wp-block-image\">\n<figure class=\"aligncenter size-full\"><img decoding=\"async\" loading=\"lazy\" width=\"834\" height=\"317\" src=\"https:\/\/www.dabusarquitetura.com.br\/blog\/wp-content\/uploads\/2022\/08\/erros-reforma-corporativa.jpg\" alt=\"Reforma corporativa\" class=\"wp-image-16379\" title=\"Imagem meramente ilustrativa\" srcset=\"https:\/\/www.dabusarquitetura.com.br\/blog\/wp-content\/uploads\/2022\/08\/erros-reforma-corporativa.jpg 834w, https:\/\/www.dabusarquitetura.com.br\/blog\/wp-content\/uploads\/2022\/08\/erros-reforma-corporativa-300x114.jpg 300w, https:\/\/www.dabusarquitetura.com.br\/blog\/wp-content\/uploads\/2022\/08\/erros-reforma-corporativa-768x292.jpg 768w\" sizes=\"(max-width: 834px) 100vw, 834px\" \/><\/figure><\/div>\n\n\n<p>Mudan\u00e7as e melhorias no ambiente de trabalho exigem cuidados especiais. Afinal, h\u00e1 toda uma equipe que ser\u00e1 impactada pelas obras. O rendimento e a organiza\u00e7\u00e3o das tarefas n\u00e3o podem ser prejudicados. Por isso, hoje queremos despertar o seu senso de preven\u00e7\u00e3o, destacando alguns dos erros mais comuns em <strong>reforma corporativa<\/strong>.<\/p>\n\n\n\n<p>\u00c9 natural que imprevistos possam surgir. No entanto, at\u00e9 para isso \u00e9 poss\u00edvel se planejar a partir de <strong>sa\u00eddas alternativas para problemas calculados<\/strong>. O segredo de tudo, claro, est\u00e1 no planejamento! Outro aspecto imprescind\u00edvel \u00e9 a <strong>equipe de profissionais contratados<\/strong>. Sua experi\u00eancia far\u00e1 toda a diferen\u00e7a. Tanto com rela\u00e7\u00e3o ao resultado final, quanto ao longo do processo.<\/p>\n\n\n\n<p>Vem com a gente e fique de olho nos erros a serem evitados nas interven\u00e7\u00f5es que precisam ser feitas em seu escrit\u00f3rio!<\/p>\n\n\n\n<h2 class=\"wp-block-heading\">Por que fazer uma reforma corporativa?<\/h2>\n\n\n\n<p>Existem diversas <a href=\"https:\/\/www.dabusarquitetura.com.br\/blog\/sinais-hora-reformar-escritorio\/\"><strong>raz\u00f5es que podem motivar uma reforma corporativa<\/strong><\/a>. Como amplia\u00e7\u00e3o do espa\u00e7o para comportar uma equipe maior. Adequa\u00e7\u00f5es \u00e0s necessidades de acessibilidade. Atualiza\u00e7\u00e3o da linguagem visual, conforme novo <a href=\"https:\/\/neilpatel.com\/br\/blog\/posicionamento-de-marca\/\" target=\"_blank\" rel=\"noreferrer noopener\">posicionamento da marca<\/a>. Compartimentaliza\u00e7\u00e3o do espa\u00e7o para melhor atender a diferentes fun\u00e7\u00f5es. Corre\u00e7\u00f5es nas condi\u00e7\u00f5es de ergonomia. Enfim, muitos outros motivos.<\/p>\n\n\n\n<p>O importante \u00e9 compreender bem as <strong>necessidades a serem sanadas e os objetivos a serem alcan\u00e7ados<\/strong>. S\u00f3 assim ser\u00e1 poss\u00edvel fazer um bom investimento. Muitas vezes solu\u00e7\u00f5es pr\u00e1ticas e econ\u00f4micas s\u00e3o capazes de atender \u00e0 demanda. Entretanto, apenas uma an\u00e1lise realista e um planejamento perspicaz podem revelar isso.<\/p>\n\n\n\n<p>Acompanhe a seguir e saiba como evitar preju\u00edzos.<\/p>\n\n\n\n<h3 class=\"wp-block-heading\">O que n\u00e3o fazer na reforma corporativa?<\/h3>\n\n\n\n<p>O <strong>prazo na reforma de um escrit\u00f3rio<\/strong> \u00e9 de suma import\u00e2ncia para o andamento do neg\u00f3cio. Atrasos podem comprometer o trabalho dos colaboradores e gerar preju\u00edzos em cadeia. Portanto, \u00e9 crucial que o cronograma seja cumprido com rigor.<\/p>\n\n\n\n<p>Se prevenir contra os erros relacionados abaixo \u00e9 essencial para conter complica\u00e7\u00f5es ao longo do processo. Saiba quais s\u00e3o eles:<\/p>\n\n\n\n<h3 class=\"wp-block-heading\">1. Ignorar as necessidades da equipe<\/h3>\n\n\n\n<p>Na maioria das vezes, o trabalho dos colaboradores n\u00e3o pode ser interrompido para que a reforma termine. Mas se suas necessidades forem negligenciadas ser\u00e1 dif\u00edcil cobrar algum resultado. \u00c9 necess\u00e1rio <strong>prover as condi\u00e7\u00f5es para que o time possa continuar produzindo<\/strong>. Seja providenciando um espa\u00e7o tempor\u00e1rio, seja permitindo o trabalho em home office.<\/p>\n\n\n\n<h3 class=\"wp-block-heading\">2. Descumprir etapas do cronograma<\/h3>\n\n\n\n<p>O cronograma existe para ser acompanhado. E acompanhado de perto! Contudo, n\u00e3o somente pelos profissionais que est\u00e3o na obra. A empresa contratante tamb\u00e9m tem de ficar atenta \u00e0s fases, aos prazos e <strong>movimentar esfor\u00e7os para sua conclus\u00e3o no tempo estipulado<\/strong>. Al\u00e9m disso, pular ou inverter etapas pode trazer uma s\u00e9rie de confus\u00f5es se a medida n\u00e3o for cuidadosamente justificada e articulada.&nbsp;<\/p>\n\n\n\n<h3 class=\"wp-block-heading\">3. N\u00e3o estar preparado com a documenta\u00e7\u00e3o<\/h3>\n\n\n\n<p>Muitas organiza\u00e7\u00f5es come\u00e7am a implementar uma reforma corporativa e precisam pausar o andamento ao se depararem com quest\u00f5es burocr\u00e1ticas, antes n\u00e3o observadas. Assim, se torna preciso correr para providenciar a documenta\u00e7\u00e3o exigida. Contudo, sofrendo com o contratempo gerado.<\/p>\n\n\n\n<h3 class=\"wp-block-heading\">4. N\u00e3o ter bons fornecedores<\/h3>\n\n\n\n<p>Sem bons fornecedores na hora de reformar, o cronograma tamb\u00e9m pode ser prejudicado. Nem sempre \u00e9 f\u00e1cil encontrar os materiais adequados e n<strong>em sempre a proced\u00eancia e a entrega deles \u00e9 de qualidade<\/strong>. Por isso, o ideal \u00e9 contar com uma lista de bons fornecedores antes de iniciar os trabalhos.<\/p>\n\n\n\n<h3 class=\"wp-block-heading\">5. Contratar profissionais desqualificados<\/h3>\n\n\n\n<p>Assim como no caso acima, contratar arquitetos, engenheiros e oper\u00e1rios para a obra de forma r\u00e1pida e impensada pode trazer s\u00e9rias complica\u00e7\u00f5es. Profissionais desqualificados c<strong>omprometem n\u00e3o s\u00f3 os prazos, como tamb\u00e9m a seguran\u00e7a e a funcionalidade <\/strong>dos espa\u00e7os. Isso sem falar do lado financeiro, que pode desmoronar diante de erros que envolvem custos alt\u00edssimos.<\/p>\n\n\n\n<p>N\u00f3s da <strong>DABUS ARQUITETURA<\/strong> contamos com um time de ponta, com mais de 30 anos de experi\u00eancia em <strong>projetos de Arquitetura Corporativa<\/strong> e <a href=\"https:\/\/www.dabusarquitetura.com.br\/site\/arquitetura-obras\" target=\"_blank\" rel=\"noreferrer noopener\"><strong>Gerenciamento de Obras<\/strong><\/a>. Ent\u00e3o, n\u00e3o precisa sofrer e tampouco arriscar.<\/p>\n\n\n\n<p class=\"has-cyan-bluish-gray-background-color has-background\">Entre em contato com a gente pelo <a href=\"https:\/\/www.dabusarquitetura.com.br\/blog\/areas-de-convivencia-na-empresa-produtivas\/#:~:text=Entre%20em%20contato%20com%20a%20gente%20pelo%20WhatsApp%20(11)%2098327%2D6060%20e%20saiba%20como%20podemos%20te%20atender!\" target=\"_blank\" rel=\"noreferrer noopener\"><strong>WhatsApp (11) 98327-6060<\/strong><\/a> e saiba como podemos te atender!<\/p>\n","protected":false},"excerpt":{"rendered":"<p>Mudan\u00e7as e melhorias no ambiente de trabalho exigem cuidados especiais. Afinal, h\u00e1 toda uma equipe que ser\u00e1 impactada pelas obras. O rendimento e a organiza\u00e7\u00e3o [&hellip;]<\/p>\n","protected":false},"author":3,"featured_media":0,"comment_status":"open","ping_status":"open","sticky":false,"template":"","format":"standard","meta":[],"categories":[7],"tags":[],"yoast_head":"<!-- This site is optimized with the Yoast SEO plugin v20.8 - https:\/\/yoast.com\/wordpress\/plugins\/seo\/ -->\n<title>5 erros a evitar na reforma corporativa<\/title>\n<meta name=\"description\" content=\"Uma reforma corporativa exige cuidados especiais. Afinal h\u00e1 toda uma equipe envolvida. Fique prevenido aos principais erros\" \/>\n<meta name=\"robots\" content=\"index, follow, max-snippet:-1, max-image-preview:large, max-video-preview:-1\" \/>\n<link rel=\"canonical\" href=\"https:\/\/www.dabusarquitetura.com.br\/blog\/erros-evitar-reforma-corporativa\/\" \/>\n<meta property=\"og:locale\" content=\"pt_BR\" \/>\n<meta property=\"og:type\" content=\"article\" \/>\n<meta property=\"og:title\" content=\"5 erros a evitar na reforma corporativa\" \/>\n<meta property=\"og:description\" content=\"Uma reforma corporativa exige cuidados especiais. Afinal h\u00e1 toda uma equipe envolvida. Fique prevenido aos principais erros\" \/>\n<meta property=\"og:url\" content=\"https:\/\/www.dabusarquitetura.com.br\/blog\/erros-evitar-reforma-corporativa\/\" \/>\n<meta property=\"og:site_name\" content=\"DABUS ARQUITETURA\" \/>\n<meta property=\"article:published_time\" content=\"2022-08-14T22:48:17+00:00\" \/>\n<meta property=\"article:modified_time\" content=\"2022-08-14T22:48:18+00:00\" \/>\n<meta property=\"og:image\" content=\"https:\/\/www.dabusarquitetura.com.br\/blog\/wp-content\/uploads\/2022\/08\/erros-reforma-corporativa.jpg\" \/>\n<meta name=\"author\" content=\"heloisa.dabus\" \/>\n<meta name=\"twitter:card\" content=\"summary_large_image\" \/>\n<meta name=\"twitter:label1\" content=\"Escrito por\" \/>\n\t<meta name=\"twitter:data1\" content=\"heloisa.dabus\" \/>\n\t<meta name=\"twitter:label2\" content=\"Est. tempo de leitura\" \/>\n\t<meta name=\"twitter:data2\" content=\"4 minutos\" \/>\n<script type=\"application\/ld+json\" class=\"yoast-schema-graph\">{\"@context\":\"https:\/\/schema.org\",\"@graph\":[{\"@type\":\"WebPage\",\"@id\":\"https:\/\/www.dabusarquitetura.com.br\/blog\/erros-evitar-reforma-corporativa\/\",\"url\":\"https:\/\/www.dabusarquitetura.com.br\/blog\/erros-evitar-reforma-corporativa\/\",\"name\":\"5 erros a evitar na reforma corporativa\",\"isPartOf\":{\"@id\":\"https:\/\/www.dabusarquitetura.com.br\/blog\/#website\"},\"datePublished\":\"2022-08-14T22:48:17+00:00\",\"dateModified\":\"2022-08-14T22:48:18+00:00\",\"author\":{\"@id\":\"https:\/\/www.dabusarquitetura.com.br\/blog\/#\/schema\/person\/978b78d74759412a1cd43634996237c4\"},\"description\":\"Uma reforma corporativa exige cuidados especiais. Afinal h\u00e1 toda uma equipe envolvida. Fique prevenido aos principais erros\",\"breadcrumb\":{\"@id\":\"https:\/\/www.dabusarquitetura.com.br\/blog\/erros-evitar-reforma-corporativa\/#breadcrumb\"},\"inLanguage\":\"pt-BR\",\"potentialAction\":[{\"@type\":\"ReadAction\",\"target\":[\"https:\/\/www.dabusarquitetura.com.br\/blog\/erros-evitar-reforma-corporativa\/\"]}]},{\"@type\":\"BreadcrumbList\",\"@id\":\"https:\/\/www.dabusarquitetura.com.br\/blog\/erros-evitar-reforma-corporativa\/#breadcrumb\",\"itemListElement\":[{\"@type\":\"ListItem\",\"position\":1,\"name\":\"In\u00edcio\",\"item\":\"https:\/\/www.dabusarquitetura.com.br\/blog\/\"},{\"@type\":\"ListItem\",\"position\":2,\"name\":\"5 erros a evitar na reforma corporativa\"}]},{\"@type\":\"WebSite\",\"@id\":\"https:\/\/www.dabusarquitetura.com.br\/blog\/#website\",\"url\":\"https:\/\/www.dabusarquitetura.com.br\/blog\/\",\"name\":\"DABUS ARQUITETURA\",\"description\":\"Arquitetura Corporativa\",\"potentialAction\":[{\"@type\":\"SearchAction\",\"target\":{\"@type\":\"EntryPoint\",\"urlTemplate\":\"https:\/\/www.dabusarquitetura.com.br\/blog\/?s={search_term_string}\"},\"query-input\":\"required name=search_term_string\"}],\"inLanguage\":\"pt-BR\"},{\"@type\":\"Person\",\"@id\":\"https:\/\/www.dabusarquitetura.com.br\/blog\/#\/schema\/person\/978b78d74759412a1cd43634996237c4\",\"name\":\"heloisa.dabus\",\"image\":{\"@type\":\"ImageObject\",\"inLanguage\":\"pt-BR\",\"@id\":\"https:\/\/www.dabusarquitetura.com.br\/blog\/#\/schema\/person\/image\/\",\"url\":\"https:\/\/secure.gravatar.com\/avatar\/4078f4f8e54fb70a99a5e9edc642ecb1?s=96&d=mm&r=g\",\"contentUrl\":\"https:\/\/secure.gravatar.com\/avatar\/4078f4f8e54fb70a99a5e9edc642ecb1?s=96&d=mm&r=g\",\"caption\":\"heloisa.dabus\"},\"url\":\"https:\/\/www.dabusarquitetura.com.br\/blog\/author\/heloisa-dabus\/\"}]}<\/script>\n<!-- \/ Yoast SEO plugin. -->","yoast_head_json":{"title":"5 erros a evitar na reforma corporativa","description":"Uma reforma corporativa exige cuidados especiais. Afinal h\u00e1 toda uma equipe envolvida. Fique prevenido aos principais erros","robots":{"index":"index","follow":"follow","max-snippet":"max-snippet:-1","max-image-preview":"max-image-preview:large","max-video-preview":"max-video-preview:-1"},"canonical":"https:\/\/www.dabusarquitetura.com.br\/blog\/erros-evitar-reforma-corporativa\/","og_locale":"pt_BR","og_type":"article","og_title":"5 erros a evitar na reforma corporativa","og_description":"Uma reforma corporativa exige cuidados especiais. Afinal h\u00e1 toda uma equipe envolvida. Fique prevenido aos principais erros","og_url":"https:\/\/www.dabusarquitetura.com.br\/blog\/erros-evitar-reforma-corporativa\/","og_site_name":"DABUS ARQUITETURA","article_published_time":"2022-08-14T22:48:17+00:00","article_modified_time":"2022-08-14T22:48:18+00:00","og_image":[{"url":"https:\/\/www.dabusarquitetura.com.br\/blog\/wp-content\/uploads\/2022\/08\/erros-reforma-corporativa.jpg"}],"author":"heloisa.dabus","twitter_card":"summary_large_image","twitter_misc":{"Escrito por":"heloisa.dabus","Est. tempo de leitura":"4 minutos"},"schema":{"@context":"https:\/\/schema.org","@graph":[{"@type":"WebPage","@id":"https:\/\/www.dabusarquitetura.com.br\/blog\/erros-evitar-reforma-corporativa\/","url":"https:\/\/www.dabusarquitetura.com.br\/blog\/erros-evitar-reforma-corporativa\/","name":"5 erros a evitar na reforma corporativa","isPartOf":{"@id":"https:\/\/www.dabusarquitetura.com.br\/blog\/#website"},"datePublished":"2022-08-14T22:48:17+00:00","dateModified":"2022-08-14T22:48:18+00:00","author":{"@id":"https:\/\/www.dabusarquitetura.com.br\/blog\/#\/schema\/person\/978b78d74759412a1cd43634996237c4"},"description":"Uma reforma corporativa exige cuidados especiais. Afinal h\u00e1 toda uma equipe envolvida. Fique prevenido aos principais erros","breadcrumb":{"@id":"https:\/\/www.dabusarquitetura.com.br\/blog\/erros-evitar-reforma-corporativa\/#breadcrumb"},"inLanguage":"pt-BR","potentialAction":[{"@type":"ReadAction","target":["https:\/\/www.dabusarquitetura.com.br\/blog\/erros-evitar-reforma-corporativa\/"]}]},{"@type":"BreadcrumbList","@id":"https:\/\/www.dabusarquitetura.com.br\/blog\/erros-evitar-reforma-corporativa\/#breadcrumb","itemListElement":[{"@type":"ListItem","position":1,"name":"In\u00edcio","item":"https:\/\/www.dabusarquitetura.com.br\/blog\/"},{"@type":"ListItem","position":2,"name":"5 erros a evitar na reforma corporativa"}]},{"@type":"WebSite","@id":"https:\/\/www.dabusarquitetura.com.br\/blog\/#website","url":"https:\/\/www.dabusarquitetura.com.br\/blog\/","name":"DABUS ARQUITETURA","description":"Arquitetura Corporativa","potentialAction":[{"@type":"SearchAction","target":{"@type":"EntryPoint","urlTemplate":"https:\/\/www.dabusarquitetura.com.br\/blog\/?s={search_term_string}"},"query-input":"required name=search_term_string"}],"inLanguage":"pt-BR"},{"@type":"Person","@id":"https:\/\/www.dabusarquitetura.com.br\/blog\/#\/schema\/person\/978b78d74759412a1cd43634996237c4","name":"heloisa.dabus","image":{"@type":"ImageObject","inLanguage":"pt-BR","@id":"https:\/\/www.dabusarquitetura.com.br\/blog\/#\/schema\/person\/image\/","url":"https:\/\/secure.gravatar.com\/avatar\/4078f4f8e54fb70a99a5e9edc642ecb1?s=96&d=mm&r=g","contentUrl":"https:\/\/secure.gravatar.com\/avatar\/4078f4f8e54fb70a99a5e9edc642ecb1?s=96&d=mm&r=g","caption":"heloisa.dabus"},"url":"https:\/\/www.dabusarquitetura.com.br\/blog\/author\/heloisa-dabus\/"}]}},"_links":{"self":[{"href":"https:\/\/www.dabusarquitetura.com.br\/blog\/wp-json\/wp\/v2\/posts\/16375"}],"collection":[{"href":"https:\/\/www.dabusarquitetura.com.br\/blog\/wp-json\/wp\/v2\/posts"}],"about":[{"href":"https:\/\/www.dabusarquitetura.com.br\/blog\/wp-json\/wp\/v2\/types\/post"}],"author":[{"embeddable":true,"href":"https:\/\/www.dabusarquitetura.com.br\/blog\/wp-json\/wp\/v2\/users\/3"}],"replies":[{"embeddable":true,"href":"https:\/\/www.dabusarquitetura.com.br\/blog\/wp-json\/wp\/v2\/comments?post=16375"}],"version-history":[{"count":18,"href":"https:\/\/www.dabusarquitetura.com.br\/blog\/wp-json\/wp\/v2\/posts\/16375\/revisions"}],"predecessor-version":[{"id":16395,"href":"https:\/\/www.dabusarquitetura.com.br\/blog\/wp-json\/wp\/v2\/posts\/16375\/revisions\/16395"}],"wp:attachment":[{"href":"https:\/\/www.dabusarquitetura.com.br\/blog\/wp-json\/wp\/v2\/media?parent=16375"}],"wp:term":[{"taxonomy":"category","embeddable":true,"href":"https:\/\/www.dabusarquitetura.com.br\/blog\/wp-json\/wp\/v2\/categories?post=16375"},{"taxonomy":"post_tag","embeddable":true,"href":"https:\/\/www.dabusarquitetura.com.br\/blog\/wp-json\/wp\/v2\/tags?post=16375"}],"curies":[{"name":"wp","href":"https:\/\/api.w.org\/{rel}","templated":true}]}}