{"id":16361,"date":"2022-08-08T01:40:20","date_gmt":"2022-08-07T22:40:20","guid":{"rendered":"https:\/\/www.dabusarquitetura.com.br\/blog\/?p=16361"},"modified":"2022-08-08T01:40:22","modified_gmt":"2022-08-07T22:40:22","slug":"projeto-retrofit-corporativo-lemontech","status":"publish","type":"post","link":"https:\/\/www.dabusarquitetura.com.br\/blog\/projeto-retrofit-corporativo-lemontech\/","title":{"rendered":"Projeto de retrofit corporativo para a Lemontech"},"content":{"rendered":"<div class=\"wp-block-image\">\n<figure class=\"aligncenter size-full\"><img decoding=\"async\" loading=\"lazy\" width=\"834\" height=\"317\" src=\"http:\/\/www.dabusarquitetura.com.br\/blog\/wp-content\/uploads\/2022\/08\/projeto-retrofit-corporativo-lemontech.jpg\" alt=\"Retrofit corporativo\" class=\"wp-image-16363\" title=\"Projeto DABUS ARQUITETURA\" srcset=\"https:\/\/www.dabusarquitetura.com.br\/blog\/wp-content\/uploads\/2022\/08\/projeto-retrofit-corporativo-lemontech.jpg 834w, https:\/\/www.dabusarquitetura.com.br\/blog\/wp-content\/uploads\/2022\/08\/projeto-retrofit-corporativo-lemontech-300x114.jpg 300w, https:\/\/www.dabusarquitetura.com.br\/blog\/wp-content\/uploads\/2022\/08\/projeto-retrofit-corporativo-lemontech-768x292.jpg 768w\" sizes=\"(max-width: 834px) 100vw, 834px\" \/><\/figure><\/div>\n\n\n<p>Modernidade, tecnologia, e inova\u00e7\u00e3o s\u00e3o algumas das qualidades que se espera ver no escrit\u00f3rio de uma empresa. No entanto, isso n\u00e3o significa que todo e qualquer tra\u00e7o de cunho hist\u00f3rico ou tradicional tenha de ser suprimido. O <strong>projeto de retrofi<\/strong>t <strong>corporativo<\/strong> que desenvolvemos para a <strong>Lemontech<\/strong> prova isso.&nbsp;<\/p>\n\n\n\n<p>De acordo com as necessidades apresentadas, o resultado <strong>aliou solu\u00e7\u00f5es atuais a tra\u00e7os t\u00edpicos do pr\u00e9dio<\/strong> onde o espa\u00e7o se encontra. \u00c9 muito instigante quando h\u00e1 a oportunidade de realizar um trabalho que prop\u00f5e esse tipo de objetivo. Instigante e apaixonante. Afinal, nossa equipe ama um bom desafio!<\/p>\n\n\n\n<p>Hoje temos a honra de apresentar aqui no blog um pouco do que foi projetado para atend\u00ea-lo. Confira!&nbsp;<\/p>\n\n\n\n<h2 class=\"wp-block-heading\">Sobre a Lemontech<\/h2>\n\n\n\n<p>Com mais de 10 anos de atua\u00e7\u00e3o, a <a href=\"https:\/\/lemontech.com.br\/\"><strong>Lemontech<\/strong><\/a> \u00e9 uma empresa 100% nacional, que desenvolve ferramentas e aplica\u00e7\u00f5es para tornar o processo de <strong>gest\u00e3o de viagens e de despesas<\/strong> mais organizado e eficiente. Assim, corpora\u00e7\u00f5es e ag\u00eancias, que necessitam de excel\u00eancia em seus neg\u00f3cios, obt\u00eam alta performance e economia.<\/p>\n\n\n\n<blockquote class=\"wp-block-quote\"><p>\u201cColaboramos para que a experi\u00eancia em viagens corporativas e a produtividade na gest\u00e3o seja inigual\u00e1vel\u201d.<\/p><\/blockquote>\n\n\n\n<h3 class=\"wp-block-heading\">Sobre o projeto de retrofit&nbsp;corporativo<\/h3>\n\n\n\n<p>O <strong><strong><a href=\"https:\/\/www.dabusarquitetura.com.br\/blog\/retrofit-inteligencia-e-estrategia-aplicada-a-arquitetura-corporativa\/\">retrofit tem por objetivo revitalizar ambientes e edifica\u00e7\u00f5es antigas<\/a><\/strong><\/strong>, de maneira que seus tra\u00e7os originais n\u00e3o sejam \u201capagados\u201d. Portanto, \u00e9 um processo que <strong>valoriza a hist\u00f3ria<\/strong> do local.<\/p>\n\n\n\n<p>No projeto para a Lemontech o maior desafio foi, justamente, adaptar o programa de necessidades a um edif\u00edcio antigo, localizado bem na regi\u00e3o central da cidade de S\u00e3o Paulo.<\/p>\n\n\n\n<p>Al\u00e9m de <strong>preservar a estrutura interna<\/strong> existente, nosso time criou configura\u00e7\u00f5es para proporcionar um <strong>melhor aproveitamento do espa\u00e7o<\/strong>. O que requer experi\u00eancia, sensibilidade, criatividade e, claro, muita compet\u00eancia t\u00e9cnica.&nbsp;<\/p>\n\n\n\n<p>\u00c1reas de trabalho, colaborativas e de socializa\u00e7\u00e3o se destacam neste incr\u00edvel resultado, visto nos 3Ds a seguir:<\/p>\n\n\n<div class=\"wp-block-image\">\n<figure class=\"aligncenter size-full\"><img decoding=\"async\" loading=\"lazy\" width=\"1000\" height=\"667\" src=\"https:\/\/www.dabusarquitetura.com.br\/blog\/wp-content\/uploads\/2022\/08\/43DDE7A7-B4FD-4CA5-AD79-F31601D7D7E9.png\" alt=\"Projeto de Arquitetura Corporativa\" class=\"wp-image-16366\" title=\"Projeto DABUS ARQUITETURA\" srcset=\"https:\/\/www.dabusarquitetura.com.br\/blog\/wp-content\/uploads\/2022\/08\/43DDE7A7-B4FD-4CA5-AD79-F31601D7D7E9.png 1000w, https:\/\/www.dabusarquitetura.com.br\/blog\/wp-content\/uploads\/2022\/08\/43DDE7A7-B4FD-4CA5-AD79-F31601D7D7E9-300x200.png 300w, https:\/\/www.dabusarquitetura.com.br\/blog\/wp-content\/uploads\/2022\/08\/43DDE7A7-B4FD-4CA5-AD79-F31601D7D7E9-768x512.png 768w\" sizes=\"(max-width: 1000px) 100vw, 1000px\" \/><\/figure><\/div>\n\n<div class=\"wp-block-image\">\n<figure class=\"aligncenter size-full\"><img decoding=\"async\" loading=\"lazy\" width=\"1000\" height=\"667\" src=\"https:\/\/www.dabusarquitetura.com.br\/blog\/wp-content\/uploads\/2022\/08\/A90E20D3-B942-4358-9564-D2911AB3135A.png\" alt=\"Projeto de Arquitetura Corporativa\" class=\"wp-image-16367\" title=\"Projeto DABUS ARQUITETURA\" srcset=\"https:\/\/www.dabusarquitetura.com.br\/blog\/wp-content\/uploads\/2022\/08\/A90E20D3-B942-4358-9564-D2911AB3135A.png 1000w, https:\/\/www.dabusarquitetura.com.br\/blog\/wp-content\/uploads\/2022\/08\/A90E20D3-B942-4358-9564-D2911AB3135A-300x200.png 300w, https:\/\/www.dabusarquitetura.com.br\/blog\/wp-content\/uploads\/2022\/08\/A90E20D3-B942-4358-9564-D2911AB3135A-768x512.png 768w\" sizes=\"(max-width: 1000px) 100vw, 1000px\" \/><\/figure><\/div>\n\n<div class=\"wp-block-image\">\n<figure class=\"aligncenter size-full\"><img decoding=\"async\" loading=\"lazy\" width=\"1000\" height=\"667\" src=\"https:\/\/www.dabusarquitetura.com.br\/blog\/wp-content\/uploads\/2022\/08\/76D4D79B-1D7B-4F8A-881F-560CF1DEE221.png\" alt=\"Projeto de Arquitetura Corporativa\" class=\"wp-image-16368\" title=\"Projeto DABUS ARQUITETURA\" srcset=\"https:\/\/www.dabusarquitetura.com.br\/blog\/wp-content\/uploads\/2022\/08\/76D4D79B-1D7B-4F8A-881F-560CF1DEE221.png 1000w, https:\/\/www.dabusarquitetura.com.br\/blog\/wp-content\/uploads\/2022\/08\/76D4D79B-1D7B-4F8A-881F-560CF1DEE221-300x200.png 300w, https:\/\/www.dabusarquitetura.com.br\/blog\/wp-content\/uploads\/2022\/08\/76D4D79B-1D7B-4F8A-881F-560CF1DEE221-768x512.png 768w\" sizes=\"(max-width: 1000px) 100vw, 1000px\" \/><\/figure><\/div>\n\n\n<figure class=\"wp-block-image size-full\"><img decoding=\"async\" loading=\"lazy\" width=\"1000\" height=\"667\" src=\"http:\/\/www.dabusarquitetura.com.br\/blog\/wp-content\/uploads\/2022\/08\/39C99275-8B61-41B8-8AF4-76BE0F9B8627.png\" alt=\"Projeto de Arquitetura Corporativa\" class=\"wp-image-16369\" title=\"Projeto DABUS ARQUITETURA\" srcset=\"https:\/\/www.dabusarquitetura.com.br\/blog\/wp-content\/uploads\/2022\/08\/39C99275-8B61-41B8-8AF4-76BE0F9B8627.png 1000w, https:\/\/www.dabusarquitetura.com.br\/blog\/wp-content\/uploads\/2022\/08\/39C99275-8B61-41B8-8AF4-76BE0F9B8627-300x200.png 300w, https:\/\/www.dabusarquitetura.com.br\/blog\/wp-content\/uploads\/2022\/08\/39C99275-8B61-41B8-8AF4-76BE0F9B8627-768x512.png 768w\" sizes=\"(max-width: 1000px) 100vw, 1000px\" \/><\/figure>\n\n\n\n<p>Seu neg\u00f3cio tamb\u00e9m precisa de um projeto de retrofit corporativo? N\u00e3o se preocupe. Pois, com voc\u00ea, n\u00f3s vamos entender a fundo as suas reais necessidades.&nbsp;<\/p>\n\n\n\n<p class=\"has-cyan-bluish-gray-background-color has-background\">Entre em contato pelo <a href=\"https:\/\/api.whatsapp.com\/send?l=pt&amp;phone=5511983276060\" rel=\"sponsored nofollow\"><strong>WhatsApp (11) 98327-6060<\/strong><\/a> e saiba como podemos desenvolver a Arquitetura Corporativa da sua empresa.<\/p>\n","protected":false},"excerpt":{"rendered":"<p>Modernidade, tecnologia, e inova\u00e7\u00e3o s\u00e3o algumas das qualidades que se espera ver no escrit\u00f3rio de uma empresa. No entanto, isso n\u00e3o significa que todo e [&hellip;]<\/p>\n","protected":false},"author":3,"featured_media":0,"comment_status":"open","ping_status":"open","sticky":false,"template":"","format":"standard","meta":[],"categories":[7],"tags":[],"yoast_head":"<!-- This site is optimized with the Yoast SEO plugin v20.8 - https:\/\/yoast.com\/wordpress\/plugins\/seo\/ -->\n<title>Projeto de retrofit corporativo para a Lemontech<\/title>\n<meta name=\"description\" content=\"Confira o resultado do trabalho desenvolvido no projeto de retrofit corporativo para a Lemontech, empresa de tecnologia.\" \/>\n<meta name=\"robots\" content=\"index, follow, max-snippet:-1, max-image-preview:large, max-video-preview:-1\" \/>\n<link rel=\"canonical\" href=\"https:\/\/www.dabusarquitetura.com.br\/blog\/projeto-retrofit-corporativo-lemontech\/\" \/>\n<meta property=\"og:locale\" content=\"pt_BR\" \/>\n<meta property=\"og:type\" content=\"article\" \/>\n<meta property=\"og:title\" content=\"Projeto de retrofit corporativo para a Lemontech\" \/>\n<meta property=\"og:description\" content=\"Confira o resultado do trabalho desenvolvido no projeto de retrofit corporativo para a Lemontech, empresa de tecnologia.\" \/>\n<meta property=\"og:url\" content=\"https:\/\/www.dabusarquitetura.com.br\/blog\/projeto-retrofit-corporativo-lemontech\/\" \/>\n<meta property=\"og:site_name\" content=\"DABUS ARQUITETURA\" \/>\n<meta property=\"article:published_time\" content=\"2022-08-07T22:40:20+00:00\" \/>\n<meta property=\"article:modified_time\" content=\"2022-08-07T22:40:22+00:00\" \/>\n<meta property=\"og:image\" content=\"http:\/\/www.dabusarquitetura.com.br\/blog\/wp-content\/uploads\/2022\/08\/projeto-retrofit-corporativo-lemontech.jpg\" \/>\n<meta name=\"author\" content=\"heloisa.dabus\" \/>\n<meta name=\"twitter:card\" content=\"summary_large_image\" \/>\n<meta name=\"twitter:label1\" content=\"Escrito por\" \/>\n\t<meta name=\"twitter:data1\" content=\"heloisa.dabus\" \/>\n\t<meta name=\"twitter:label2\" content=\"Est. tempo de leitura\" \/>\n\t<meta name=\"twitter:data2\" content=\"3 minutos\" \/>\n<script type=\"application\/ld+json\" class=\"yoast-schema-graph\">{\"@context\":\"https:\/\/schema.org\",\"@graph\":[{\"@type\":\"WebPage\",\"@id\":\"https:\/\/www.dabusarquitetura.com.br\/blog\/projeto-retrofit-corporativo-lemontech\/\",\"url\":\"https:\/\/www.dabusarquitetura.com.br\/blog\/projeto-retrofit-corporativo-lemontech\/\",\"name\":\"Projeto de retrofit corporativo para a Lemontech\",\"isPartOf\":{\"@id\":\"https:\/\/www.dabusarquitetura.com.br\/blog\/#website\"},\"datePublished\":\"2022-08-07T22:40:20+00:00\",\"dateModified\":\"2022-08-07T22:40:22+00:00\",\"author\":{\"@id\":\"https:\/\/www.dabusarquitetura.com.br\/blog\/#\/schema\/person\/978b78d74759412a1cd43634996237c4\"},\"description\":\"Confira o resultado do trabalho desenvolvido no projeto de retrofit corporativo para a Lemontech, empresa de tecnologia.\",\"breadcrumb\":{\"@id\":\"https:\/\/www.dabusarquitetura.com.br\/blog\/projeto-retrofit-corporativo-lemontech\/#breadcrumb\"},\"inLanguage\":\"pt-BR\",\"potentialAction\":[{\"@type\":\"ReadAction\",\"target\":[\"https:\/\/www.dabusarquitetura.com.br\/blog\/projeto-retrofit-corporativo-lemontech\/\"]}]},{\"@type\":\"BreadcrumbList\",\"@id\":\"https:\/\/www.dabusarquitetura.com.br\/blog\/projeto-retrofit-corporativo-lemontech\/#breadcrumb\",\"itemListElement\":[{\"@type\":\"ListItem\",\"position\":1,\"name\":\"In\u00edcio\",\"item\":\"https:\/\/www.dabusarquitetura.com.br\/blog\/\"},{\"@type\":\"ListItem\",\"position\":2,\"name\":\"Projeto de retrofit corporativo para a Lemontech\"}]},{\"@type\":\"WebSite\",\"@id\":\"https:\/\/www.dabusarquitetura.com.br\/blog\/#website\",\"url\":\"https:\/\/www.dabusarquitetura.com.br\/blog\/\",\"name\":\"DABUS ARQUITETURA\",\"description\":\"Arquitetura Corporativa\",\"potentialAction\":[{\"@type\":\"SearchAction\",\"target\":{\"@type\":\"EntryPoint\",\"urlTemplate\":\"https:\/\/www.dabusarquitetura.com.br\/blog\/?s={search_term_string}\"},\"query-input\":\"required name=search_term_string\"}],\"inLanguage\":\"pt-BR\"},{\"@type\":\"Person\",\"@id\":\"https:\/\/www.dabusarquitetura.com.br\/blog\/#\/schema\/person\/978b78d74759412a1cd43634996237c4\",\"name\":\"heloisa.dabus\",\"image\":{\"@type\":\"ImageObject\",\"inLanguage\":\"pt-BR\",\"@id\":\"https:\/\/www.dabusarquitetura.com.br\/blog\/#\/schema\/person\/image\/\",\"url\":\"https:\/\/secure.gravatar.com\/avatar\/4078f4f8e54fb70a99a5e9edc642ecb1?s=96&d=mm&r=g\",\"contentUrl\":\"https:\/\/secure.gravatar.com\/avatar\/4078f4f8e54fb70a99a5e9edc642ecb1?s=96&d=mm&r=g\",\"caption\":\"heloisa.dabus\"},\"url\":\"https:\/\/www.dabusarquitetura.com.br\/blog\/author\/heloisa-dabus\/\"}]}<\/script>\n<!-- \/ Yoast SEO plugin. -->","yoast_head_json":{"title":"Projeto de retrofit corporativo para a Lemontech","description":"Confira o resultado do trabalho desenvolvido no projeto de retrofit corporativo para a Lemontech, empresa de tecnologia.","robots":{"index":"index","follow":"follow","max-snippet":"max-snippet:-1","max-image-preview":"max-image-preview:large","max-video-preview":"max-video-preview:-1"},"canonical":"https:\/\/www.dabusarquitetura.com.br\/blog\/projeto-retrofit-corporativo-lemontech\/","og_locale":"pt_BR","og_type":"article","og_title":"Projeto de retrofit corporativo para a Lemontech","og_description":"Confira o resultado do trabalho desenvolvido no projeto de retrofit corporativo para a Lemontech, empresa de tecnologia.","og_url":"https:\/\/www.dabusarquitetura.com.br\/blog\/projeto-retrofit-corporativo-lemontech\/","og_site_name":"DABUS ARQUITETURA","article_published_time":"2022-08-07T22:40:20+00:00","article_modified_time":"2022-08-07T22:40:22+00:00","og_image":[{"url":"http:\/\/www.dabusarquitetura.com.br\/blog\/wp-content\/uploads\/2022\/08\/projeto-retrofit-corporativo-lemontech.jpg"}],"author":"heloisa.dabus","twitter_card":"summary_large_image","twitter_misc":{"Escrito por":"heloisa.dabus","Est. tempo de leitura":"3 minutos"},"schema":{"@context":"https:\/\/schema.org","@graph":[{"@type":"WebPage","@id":"https:\/\/www.dabusarquitetura.com.br\/blog\/projeto-retrofit-corporativo-lemontech\/","url":"https:\/\/www.dabusarquitetura.com.br\/blog\/projeto-retrofit-corporativo-lemontech\/","name":"Projeto de retrofit corporativo para a Lemontech","isPartOf":{"@id":"https:\/\/www.dabusarquitetura.com.br\/blog\/#website"},"datePublished":"2022-08-07T22:40:20+00:00","dateModified":"2022-08-07T22:40:22+00:00","author":{"@id":"https:\/\/www.dabusarquitetura.com.br\/blog\/#\/schema\/person\/978b78d74759412a1cd43634996237c4"},"description":"Confira o resultado do trabalho desenvolvido no projeto de retrofit corporativo para a Lemontech, empresa de tecnologia.","breadcrumb":{"@id":"https:\/\/www.dabusarquitetura.com.br\/blog\/projeto-retrofit-corporativo-lemontech\/#breadcrumb"},"inLanguage":"pt-BR","potentialAction":[{"@type":"ReadAction","target":["https:\/\/www.dabusarquitetura.com.br\/blog\/projeto-retrofit-corporativo-lemontech\/"]}]},{"@type":"BreadcrumbList","@id":"https:\/\/www.dabusarquitetura.com.br\/blog\/projeto-retrofit-corporativo-lemontech\/#breadcrumb","itemListElement":[{"@type":"ListItem","position":1,"name":"In\u00edcio","item":"https:\/\/www.dabusarquitetura.com.br\/blog\/"},{"@type":"ListItem","position":2,"name":"Projeto de retrofit corporativo para a Lemontech"}]},{"@type":"WebSite","@id":"https:\/\/www.dabusarquitetura.com.br\/blog\/#website","url":"https:\/\/www.dabusarquitetura.com.br\/blog\/","name":"DABUS ARQUITETURA","description":"Arquitetura Corporativa","potentialAction":[{"@type":"SearchAction","target":{"@type":"EntryPoint","urlTemplate":"https:\/\/www.dabusarquitetura.com.br\/blog\/?s={search_term_string}"},"query-input":"required name=search_term_string"}],"inLanguage":"pt-BR"},{"@type":"Person","@id":"https:\/\/www.dabusarquitetura.com.br\/blog\/#\/schema\/person\/978b78d74759412a1cd43634996237c4","name":"heloisa.dabus","image":{"@type":"ImageObject","inLanguage":"pt-BR","@id":"https:\/\/www.dabusarquitetura.com.br\/blog\/#\/schema\/person\/image\/","url":"https:\/\/secure.gravatar.com\/avatar\/4078f4f8e54fb70a99a5e9edc642ecb1?s=96&d=mm&r=g","contentUrl":"https:\/\/secure.gravatar.com\/avatar\/4078f4f8e54fb70a99a5e9edc642ecb1?s=96&d=mm&r=g","caption":"heloisa.dabus"},"url":"https:\/\/www.dabusarquitetura.com.br\/blog\/author\/heloisa-dabus\/"}]}},"_links":{"self":[{"href":"https:\/\/www.dabusarquitetura.com.br\/blog\/wp-json\/wp\/v2\/posts\/16361"}],"collection":[{"href":"https:\/\/www.dabusarquitetura.com.br\/blog\/wp-json\/wp\/v2\/posts"}],"about":[{"href":"https:\/\/www.dabusarquitetura.com.br\/blog\/wp-json\/wp\/v2\/types\/post"}],"author":[{"embeddable":true,"href":"https:\/\/www.dabusarquitetura.com.br\/blog\/wp-json\/wp\/v2\/users\/3"}],"replies":[{"embeddable":true,"href":"https:\/\/www.dabusarquitetura.com.br\/blog\/wp-json\/wp\/v2\/comments?post=16361"}],"version-history":[{"count":6,"href":"https:\/\/www.dabusarquitetura.com.br\/blog\/wp-json\/wp\/v2\/posts\/16361\/revisions"}],"predecessor-version":[{"id":16374,"href":"https:\/\/www.dabusarquitetura.com.br\/blog\/wp-json\/wp\/v2\/posts\/16361\/revisions\/16374"}],"wp:attachment":[{"href":"https:\/\/www.dabusarquitetura.com.br\/blog\/wp-json\/wp\/v2\/media?parent=16361"}],"wp:term":[{"taxonomy":"category","embeddable":true,"href":"https:\/\/www.dabusarquitetura.com.br\/blog\/wp-json\/wp\/v2\/categories?post=16361"},{"taxonomy":"post_tag","embeddable":true,"href":"https:\/\/www.dabusarquitetura.com.br\/blog\/wp-json\/wp\/v2\/tags?post=16361"}],"curies":[{"name":"wp","href":"https:\/\/api.w.org\/{rel}","templated":true}]}}