{"id":16354,"date":"2022-08-01T16:39:13","date_gmt":"2022-08-01T13:39:13","guid":{"rendered":"http:\/\/www.dabusarquitetura.com.br\/blog\/?p=16354"},"modified":"2022-08-01T16:39:15","modified_gmt":"2022-08-01T13:39:15","slug":"ventilacao-natural-vantagens-empresa","status":"publish","type":"post","link":"https:\/\/www.dabusarquitetura.com.br\/blog\/ventilacao-natural-vantagens-empresa\/","title":{"rendered":"Ventila\u00e7\u00e3o natural: 5 vantagens para a empresa"},"content":{"rendered":"\n<div class=\"wp-block-image\"><figure class=\"aligncenter\"><img decoding=\"async\" loading=\"lazy\" width=\"834\" height=\"317\" src=\"http:\/\/www.dabusarquitetura.com.br\/blog\/wp-content\/uploads\/2022\/08\/ventilacao-natural-empresa.jpg\" alt=\"Ventila\u00e7\u00e3o natural\" class=\"wp-image-16355\" srcset=\"https:\/\/www.dabusarquitetura.com.br\/blog\/wp-content\/uploads\/2022\/08\/ventilacao-natural-empresa.jpg 834w, https:\/\/www.dabusarquitetura.com.br\/blog\/wp-content\/uploads\/2022\/08\/ventilacao-natural-empresa-300x114.jpg 300w, https:\/\/www.dabusarquitetura.com.br\/blog\/wp-content\/uploads\/2022\/08\/ventilacao-natural-empresa-768x292.jpg 768w\" sizes=\"(max-width: 834px) 100vw, 834px\" \/><\/figure><\/div>\n\n\n\n<p>A maioria das empresas j\u00e1 est\u00e1 mais que acostumada com os sistemas de condicionamento de ar. Afinal, em um pa\u00eds quente como o Brasil, esse tipo de solu\u00e7\u00e3o \u00e9 praticamente indispens\u00e1vel. Por outro lado, pouco se fala em <strong>ventila\u00e7\u00e3o natural<\/strong>. Um recurso gratuito, capaz de levar muitos benef\u00edcios para a organiza\u00e7\u00e3o e seu time.&nbsp;<\/p>\n\n\n\n<p>Salas que permanecem constantemente fechadas podem prejudicar a sa\u00fade dos ocupantes. Al\u00e9m de n\u00e3o permitirem a renova\u00e7\u00e3o do ar interno, esses espa\u00e7os tamb\u00e9m podem <strong>aumentar os n\u00edveis de estresse e insatisfa\u00e7\u00e3o<\/strong>.<\/p>\n\n\n\n<p>Voc\u00ea tem prestado aten\u00e7\u00e3o no seu pessoal e na rela\u00e7\u00e3o dele com as instala\u00e7\u00f5es oferecidas? N\u00e3o \u00e9 apenas uma quest\u00e3o de sa\u00fade. A <strong><a href=\"https:\/\/www.dabusarquitetura.com.br\/blog\/produtividade-otimizada-com-a-arquitetura-corporativa\/\">produtividade dos colaboradores depende muito das condi\u00e7\u00f5es f\u00edsicas<\/a><\/strong> dispon\u00edveis!<\/p>\n\n\n\n<p>Mas, tenha calma. Analise com aten\u00e7\u00e3o e passe a considerar tudo o que trazemos agora, logo abaixo!<\/p>\n\n\n\n<h2 class=\"wp-block-heading\">Ventila\u00e7\u00e3o natural x artificial&nbsp;<\/h2>\n\n\n\n<p>Como dissemos, a refrigera\u00e7\u00e3o do ar de modo artificial \u00e9 muito importante. Sobretudo no Brasil, que apresenta temperaturas elevadas na maior parte do ano. Contudo, \u00e9 crucial entender se, de fato, apenas as solu\u00e7\u00f5es artificiais podem resolver.<\/p>\n\n\n\n<p>Com um sistema de ar-condicionado, geralmente, n\u00e3o \u00e9 poss\u00edvel contar com o <strong>fornecimento adequado de ar fresco<\/strong>. Isso porque, com ele, o ar interno \u00e9 apenas resfriado e circula de maneira cont\u00ednua.<\/p>\n\n\n\n<p>Portanto, por meio de um projeto meticuloso, deve-se buscar solu\u00e7\u00f5es que evitem esse tipo de problema. H\u00e1 diferentes formas e m\u00e9todos pelos quais se pode desenvolver a ventila\u00e7\u00e3o natural no escrit\u00f3rio. E, vale lembrar, que ela n\u00e3o elimina a possiblidade de se trabalhar com os recursos artificiais.<\/p>\n\n\n\n<h3 class=\"wp-block-heading\">Mas o que a empresa ganha com a ventila\u00e7\u00e3o natural?<\/h3>\n\n\n\n<p>Confira a seguir algumas das principais vantagens!<\/p>\n\n\n\n<h4 class=\"wp-block-heading\">1. Conforto<\/h4>\n\n\n\n<p>O ar e a ilumina\u00e7\u00e3o naturais tornam o ambiente mais humanizado, pois deixam os ocupantes em maior contato com <strong>fontes de energia vindas diretamente da natureza<\/strong>. Isso gera conforto para todos, que podem desempenhar com mais qualidade suas tarefas.<\/p>\n\n\n\n<h4 class=\"wp-block-heading\">2. Bem-estar<\/h4>\n\n\n\n<p>Al\u00e9m do conforto, a sensa\u00e7\u00e3o de bem-estar tamb\u00e9m \u00e9 percebida pelos colaboradores. Ent\u00e3o, seus n\u00edveis de satisfa\u00e7\u00e3o e disposi\u00e7\u00e3o aumentam.<\/p>\n\n\n\n<h4 class=\"wp-block-heading\">3. Melhora da sa\u00fade<\/h4>\n\n\n\n<p>A renova\u00e7\u00e3o e qualidade do ar s\u00e3o alguns dos principais benef\u00edcios trazidos pela ventila\u00e7\u00e3o natural. Isso porque carregam consigo a melhora da sa\u00fade da equipe.<\/p>\n\n\n\n<h4 class=\"wp-block-heading\">4. Sustentabilidade<\/h4>\n\n\n\n<p>O vento \u00e9 um recurso gratuito, natural e renov\u00e1vel. Desse modo, agrega sustentabilidade aos processos da empresa.<\/p>\n\n\n\n<h4 class=\"wp-block-heading\">5. Economia<\/h4>\n\n\n\n<p>Por \u00faltimo, mas n\u00e3o menos importante, citamos a quest\u00e3o da gera\u00e7\u00e3o de economia. Uma vez que se torna poss\u00edvel <strong>reduzir consideravelmente o consumo e os gastos de energia el\u00e9trica<\/strong>.<\/p>\n\n\n\n<p class=\"has-background has-very-light-gray-background-color\">Quer contar com todas essas vantagens no seu escrit\u00f3rio? Entre em contato conosco pelo <strong><a href=\"https:\/\/www.dabusarquitetura.com.br\/blog\/vantagens-de-um-projeto-arquitetonico\/\" target=\"_blank\" rel=\"noreferrer noopener\" aria-label=\" (abre numa nova aba)\">WhatsApp (11) 98327-6060<\/a><\/strong> e saiba como podemos desenvolver o seu <strong>projeto de Arquitetura Corporativa!<\/strong><\/p>\n","protected":false},"excerpt":{"rendered":"<p>A maioria das empresas j\u00e1 est\u00e1 mais que acostumada com os sistemas de condicionamento de ar. Afinal, em um pa\u00eds quente como o Brasil, esse [&hellip;]<\/p>\n","protected":false},"author":3,"featured_media":0,"comment_status":"open","ping_status":"open","sticky":false,"template":"","format":"standard","meta":[],"categories":[7],"tags":[],"yoast_head":"<!-- This site is optimized with the Yoast SEO plugin v20.8 - https:\/\/yoast.com\/wordpress\/plugins\/seo\/ -->\n<title>Ventila\u00e7\u00e3o natural: Conhe\u00e7a X vantagens para a empresa<\/title>\n<meta name=\"description\" content=\"Um escrit\u00f3rio que conta com ventila\u00e7\u00e3o natural experimenta uma s\u00e9rie de benef\u00edcios, que valorizam o espa\u00e7o e o trabalho da equipe.\" \/>\n<meta name=\"robots\" content=\"index, follow, max-snippet:-1, max-image-preview:large, max-video-preview:-1\" \/>\n<link rel=\"canonical\" href=\"https:\/\/www.dabusarquitetura.com.br\/blog\/ventilacao-natural-vantagens-empresa\/\" \/>\n<meta property=\"og:locale\" content=\"pt_BR\" \/>\n<meta property=\"og:type\" content=\"article\" \/>\n<meta property=\"og:title\" content=\"Ventila\u00e7\u00e3o natural: Conhe\u00e7a X vantagens para a empresa\" \/>\n<meta property=\"og:description\" content=\"Um escrit\u00f3rio que conta com ventila\u00e7\u00e3o natural experimenta uma s\u00e9rie de benef\u00edcios, que valorizam o espa\u00e7o e o trabalho da equipe.\" \/>\n<meta property=\"og:url\" content=\"https:\/\/www.dabusarquitetura.com.br\/blog\/ventilacao-natural-vantagens-empresa\/\" \/>\n<meta property=\"og:site_name\" content=\"DABUS ARQUITETURA\" \/>\n<meta property=\"article:published_time\" content=\"2022-08-01T13:39:13+00:00\" \/>\n<meta property=\"article:modified_time\" content=\"2022-08-01T13:39:15+00:00\" \/>\n<meta property=\"og:image\" content=\"http:\/\/www.dabusarquitetura.com.br\/blog\/wp-content\/uploads\/2022\/08\/ventilacao-natural-empresa.jpg\" \/>\n<meta name=\"author\" content=\"heloisa.dabus\" \/>\n<meta name=\"twitter:card\" content=\"summary_large_image\" \/>\n<meta name=\"twitter:label1\" content=\"Escrito por\" \/>\n\t<meta name=\"twitter:data1\" content=\"heloisa.dabus\" \/>\n\t<meta name=\"twitter:label2\" content=\"Est. tempo de leitura\" \/>\n\t<meta name=\"twitter:data2\" content=\"2 minutos\" \/>\n<script type=\"application\/ld+json\" class=\"yoast-schema-graph\">{\"@context\":\"https:\/\/schema.org\",\"@graph\":[{\"@type\":\"WebPage\",\"@id\":\"https:\/\/www.dabusarquitetura.com.br\/blog\/ventilacao-natural-vantagens-empresa\/\",\"url\":\"https:\/\/www.dabusarquitetura.com.br\/blog\/ventilacao-natural-vantagens-empresa\/\",\"name\":\"Ventila\u00e7\u00e3o natural: Conhe\u00e7a X vantagens para a empresa\",\"isPartOf\":{\"@id\":\"https:\/\/www.dabusarquitetura.com.br\/blog\/#website\"},\"datePublished\":\"2022-08-01T13:39:13+00:00\",\"dateModified\":\"2022-08-01T13:39:15+00:00\",\"author\":{\"@id\":\"https:\/\/www.dabusarquitetura.com.br\/blog\/#\/schema\/person\/978b78d74759412a1cd43634996237c4\"},\"description\":\"Um escrit\u00f3rio que conta com ventila\u00e7\u00e3o natural experimenta uma s\u00e9rie de benef\u00edcios, que valorizam o espa\u00e7o e o trabalho da equipe.\",\"breadcrumb\":{\"@id\":\"https:\/\/www.dabusarquitetura.com.br\/blog\/ventilacao-natural-vantagens-empresa\/#breadcrumb\"},\"inLanguage\":\"pt-BR\",\"potentialAction\":[{\"@type\":\"ReadAction\",\"target\":[\"https:\/\/www.dabusarquitetura.com.br\/blog\/ventilacao-natural-vantagens-empresa\/\"]}]},{\"@type\":\"BreadcrumbList\",\"@id\":\"https:\/\/www.dabusarquitetura.com.br\/blog\/ventilacao-natural-vantagens-empresa\/#breadcrumb\",\"itemListElement\":[{\"@type\":\"ListItem\",\"position\":1,\"name\":\"In\u00edcio\",\"item\":\"https:\/\/www.dabusarquitetura.com.br\/blog\/\"},{\"@type\":\"ListItem\",\"position\":2,\"name\":\"Ventila\u00e7\u00e3o natural: 5 vantagens para a empresa\"}]},{\"@type\":\"WebSite\",\"@id\":\"https:\/\/www.dabusarquitetura.com.br\/blog\/#website\",\"url\":\"https:\/\/www.dabusarquitetura.com.br\/blog\/\",\"name\":\"DABUS ARQUITETURA\",\"description\":\"Arquitetura Corporativa\",\"potentialAction\":[{\"@type\":\"SearchAction\",\"target\":{\"@type\":\"EntryPoint\",\"urlTemplate\":\"https:\/\/www.dabusarquitetura.com.br\/blog\/?s={search_term_string}\"},\"query-input\":\"required name=search_term_string\"}],\"inLanguage\":\"pt-BR\"},{\"@type\":\"Person\",\"@id\":\"https:\/\/www.dabusarquitetura.com.br\/blog\/#\/schema\/person\/978b78d74759412a1cd43634996237c4\",\"name\":\"heloisa.dabus\",\"image\":{\"@type\":\"ImageObject\",\"inLanguage\":\"pt-BR\",\"@id\":\"https:\/\/www.dabusarquitetura.com.br\/blog\/#\/schema\/person\/image\/\",\"url\":\"https:\/\/secure.gravatar.com\/avatar\/4078f4f8e54fb70a99a5e9edc642ecb1?s=96&d=mm&r=g\",\"contentUrl\":\"https:\/\/secure.gravatar.com\/avatar\/4078f4f8e54fb70a99a5e9edc642ecb1?s=96&d=mm&r=g\",\"caption\":\"heloisa.dabus\"},\"url\":\"https:\/\/www.dabusarquitetura.com.br\/blog\/author\/heloisa-dabus\/\"}]}<\/script>\n<!-- \/ Yoast SEO plugin. -->","yoast_head_json":{"title":"Ventila\u00e7\u00e3o natural: Conhe\u00e7a X vantagens para a empresa","description":"Um escrit\u00f3rio que conta com ventila\u00e7\u00e3o natural experimenta uma s\u00e9rie de benef\u00edcios, que valorizam o espa\u00e7o e o trabalho da equipe.","robots":{"index":"index","follow":"follow","max-snippet":"max-snippet:-1","max-image-preview":"max-image-preview:large","max-video-preview":"max-video-preview:-1"},"canonical":"https:\/\/www.dabusarquitetura.com.br\/blog\/ventilacao-natural-vantagens-empresa\/","og_locale":"pt_BR","og_type":"article","og_title":"Ventila\u00e7\u00e3o natural: Conhe\u00e7a X vantagens para a empresa","og_description":"Um escrit\u00f3rio que conta com ventila\u00e7\u00e3o natural experimenta uma s\u00e9rie de benef\u00edcios, que valorizam o espa\u00e7o e o trabalho da equipe.","og_url":"https:\/\/www.dabusarquitetura.com.br\/blog\/ventilacao-natural-vantagens-empresa\/","og_site_name":"DABUS ARQUITETURA","article_published_time":"2022-08-01T13:39:13+00:00","article_modified_time":"2022-08-01T13:39:15+00:00","og_image":[{"url":"http:\/\/www.dabusarquitetura.com.br\/blog\/wp-content\/uploads\/2022\/08\/ventilacao-natural-empresa.jpg"}],"author":"heloisa.dabus","twitter_card":"summary_large_image","twitter_misc":{"Escrito por":"heloisa.dabus","Est. tempo de leitura":"2 minutos"},"schema":{"@context":"https:\/\/schema.org","@graph":[{"@type":"WebPage","@id":"https:\/\/www.dabusarquitetura.com.br\/blog\/ventilacao-natural-vantagens-empresa\/","url":"https:\/\/www.dabusarquitetura.com.br\/blog\/ventilacao-natural-vantagens-empresa\/","name":"Ventila\u00e7\u00e3o natural: Conhe\u00e7a X vantagens para a empresa","isPartOf":{"@id":"https:\/\/www.dabusarquitetura.com.br\/blog\/#website"},"datePublished":"2022-08-01T13:39:13+00:00","dateModified":"2022-08-01T13:39:15+00:00","author":{"@id":"https:\/\/www.dabusarquitetura.com.br\/blog\/#\/schema\/person\/978b78d74759412a1cd43634996237c4"},"description":"Um escrit\u00f3rio que conta com ventila\u00e7\u00e3o natural experimenta uma s\u00e9rie de benef\u00edcios, que valorizam o espa\u00e7o e o trabalho da equipe.","breadcrumb":{"@id":"https:\/\/www.dabusarquitetura.com.br\/blog\/ventilacao-natural-vantagens-empresa\/#breadcrumb"},"inLanguage":"pt-BR","potentialAction":[{"@type":"ReadAction","target":["https:\/\/www.dabusarquitetura.com.br\/blog\/ventilacao-natural-vantagens-empresa\/"]}]},{"@type":"BreadcrumbList","@id":"https:\/\/www.dabusarquitetura.com.br\/blog\/ventilacao-natural-vantagens-empresa\/#breadcrumb","itemListElement":[{"@type":"ListItem","position":1,"name":"In\u00edcio","item":"https:\/\/www.dabusarquitetura.com.br\/blog\/"},{"@type":"ListItem","position":2,"name":"Ventila\u00e7\u00e3o natural: 5 vantagens para a empresa"}]},{"@type":"WebSite","@id":"https:\/\/www.dabusarquitetura.com.br\/blog\/#website","url":"https:\/\/www.dabusarquitetura.com.br\/blog\/","name":"DABUS ARQUITETURA","description":"Arquitetura Corporativa","potentialAction":[{"@type":"SearchAction","target":{"@type":"EntryPoint","urlTemplate":"https:\/\/www.dabusarquitetura.com.br\/blog\/?s={search_term_string}"},"query-input":"required name=search_term_string"}],"inLanguage":"pt-BR"},{"@type":"Person","@id":"https:\/\/www.dabusarquitetura.com.br\/blog\/#\/schema\/person\/978b78d74759412a1cd43634996237c4","name":"heloisa.dabus","image":{"@type":"ImageObject","inLanguage":"pt-BR","@id":"https:\/\/www.dabusarquitetura.com.br\/blog\/#\/schema\/person\/image\/","url":"https:\/\/secure.gravatar.com\/avatar\/4078f4f8e54fb70a99a5e9edc642ecb1?s=96&d=mm&r=g","contentUrl":"https:\/\/secure.gravatar.com\/avatar\/4078f4f8e54fb70a99a5e9edc642ecb1?s=96&d=mm&r=g","caption":"heloisa.dabus"},"url":"https:\/\/www.dabusarquitetura.com.br\/blog\/author\/heloisa-dabus\/"}]}},"_links":{"self":[{"href":"https:\/\/www.dabusarquitetura.com.br\/blog\/wp-json\/wp\/v2\/posts\/16354"}],"collection":[{"href":"https:\/\/www.dabusarquitetura.com.br\/blog\/wp-json\/wp\/v2\/posts"}],"about":[{"href":"https:\/\/www.dabusarquitetura.com.br\/blog\/wp-json\/wp\/v2\/types\/post"}],"author":[{"embeddable":true,"href":"https:\/\/www.dabusarquitetura.com.br\/blog\/wp-json\/wp\/v2\/users\/3"}],"replies":[{"embeddable":true,"href":"https:\/\/www.dabusarquitetura.com.br\/blog\/wp-json\/wp\/v2\/comments?post=16354"}],"version-history":[{"count":4,"href":"https:\/\/www.dabusarquitetura.com.br\/blog\/wp-json\/wp\/v2\/posts\/16354\/revisions"}],"predecessor-version":[{"id":16359,"href":"https:\/\/www.dabusarquitetura.com.br\/blog\/wp-json\/wp\/v2\/posts\/16354\/revisions\/16359"}],"wp:attachment":[{"href":"https:\/\/www.dabusarquitetura.com.br\/blog\/wp-json\/wp\/v2\/media?parent=16354"}],"wp:term":[{"taxonomy":"category","embeddable":true,"href":"https:\/\/www.dabusarquitetura.com.br\/blog\/wp-json\/wp\/v2\/categories?post=16354"},{"taxonomy":"post_tag","embeddable":true,"href":"https:\/\/www.dabusarquitetura.com.br\/blog\/wp-json\/wp\/v2\/tags?post=16354"}],"curies":[{"name":"wp","href":"https:\/\/api.w.org\/{rel}","templated":true}]}}