{"id":16082,"date":"2022-06-28T04:16:30","date_gmt":"2022-06-28T01:16:30","guid":{"rendered":"http:\/\/www.dabusarquitetura.com.br\/blog\/?p=16082"},"modified":"2022-06-28T04:16:30","modified_gmt":"2022-06-28T01:16:30","slug":"dicas-definir-cores-para-escritorio","status":"publish","type":"post","link":"https:\/\/www.dabusarquitetura.com.br\/blog\/dicas-definir-cores-para-escritorio\/","title":{"rendered":"5 dicas ao definir cores para escrit\u00f3rio"},"content":{"rendered":"\n<div class=\"wp-block-image\"><figure class=\"aligncenter\"><img decoding=\"async\" loading=\"lazy\" width=\"834\" height=\"317\" src=\"https:\/\/www.dabusarquitetura.com.br\/blog\/wp-content\/uploads\/2022\/06\/definir-cores-escritorio.jpg\" alt=\"\" class=\"wp-image-16085\" srcset=\"https:\/\/www.dabusarquitetura.com.br\/blog\/wp-content\/uploads\/2022\/06\/definir-cores-escritorio.jpg 834w, https:\/\/www.dabusarquitetura.com.br\/blog\/wp-content\/uploads\/2022\/06\/definir-cores-escritorio-300x114.jpg 300w, https:\/\/www.dabusarquitetura.com.br\/blog\/wp-content\/uploads\/2022\/06\/definir-cores-escritorio-768x292.jpg 768w\" sizes=\"(max-width: 834px) 100vw, 834px\" \/><\/figure><\/div>\n\n\n\n<p>nznznbzx<\/p>\n\n\n\n<p>A defini\u00e7\u00e3o de <strong>cores para escrit\u00f3rio<\/strong> precisa ser muito bem planejada. Afinal, h\u00e1 uma s\u00e9rie de fatores envolvidos. Desde o efeito est\u00e9tico, at\u00e9 a produtividade dos colaboradores e o posicionamento da marca. Pois \u00e9, tudo isso \u00e9, de uma forma ou de outra, impactado.<\/p>\n\n\n\n<p>Portanto, na <strong>Arquitetura Corporativa<\/strong>, n\u00e3o basta apenas sair mudando a pintura dos ambientes. \u00c9 indispens\u00e1vel pensar muito bem antes de tomar qualquer medida. Sim, suas decis\u00f5es t\u00eam de ser estrat\u00e9gicas!<\/p>\n\n\n\n<p>Quer saber como fazer a escolha certa? Ent\u00e3o, n\u00e3o passe em branco pelo artigo de hoje. Confira as dicas!<\/p>\n\n\n\n<h2 class=\"wp-block-heading\">Cores para escrit\u00f3rio: al\u00e9m das aprendizagens<\/h2>\n\n\n\n<p>Cores despertam emo\u00e7\u00f5es, sentimentos e sensa\u00e7\u00f5es. No entanto, <strong>nem todos t\u00eam as mesmas percep\u00e7\u00f5es<\/strong>. Por isso \u00e9 um grande equ\u00edvoco fazer uma escolha com base em gostos pessoais. Eles n\u00e3o devem ser utilizados como par\u00e2metros determinantes.&nbsp;<\/p>\n\n\n\n<p>Em uma empresa \u00e9 necess\u00e1rio pensar no coletivo e, assim, valorizar aplica\u00e7\u00f5es que possam satisfazer o maior n\u00famero poss\u00edvel de ocupantes. Mas, ao mesmo tempo, n\u00e3o se pode deixar de lado a <strong>identidade visual da marca e sua personalidade<\/strong>.&nbsp;<\/p>\n\n\n\n<p>N\u00e3o se trata de um quebra-cabe\u00e7as simples. Uma pe\u00e7a mal encaixada pode trazer preju\u00edzos que, sequer, foram visualizados. Por exemplo, o branco aplicado em excesso pode provocar um estado depressivo. E, definitivamente, n\u00e3o \u00e9 isso o que se deseja entre os colaboradores.&nbsp;<\/p>\n\n\n\n<p>Assim, fique ligado nas dicas que separamos para voc\u00ea!<\/p>\n\n\n\n<h3 class=\"wp-block-heading\">1. Considere as influ\u00eancias das cores<\/h3>\n\n\n\n<p>Embora, como dissemos, pessoas diferentes possam ter percep\u00e7\u00f5es diferentes das cores, algumas caracter\u00edsticas elementares que elas carregam n\u00e3o devem ser ignoradas. A base para entender o assunto est\u00e1 na chamada <strong>psicologia das cores<\/strong>. \u00c9 crucial compreender o que cada tonalidade evoca e provoca.<\/p>\n\n\n\n<h3 class=\"wp-block-heading\">2. Tenha objetivos claros&nbsp;<\/h3>\n\n\n\n<p>As cores para escrit\u00f3rio devem atender a objetivos cuidadosamente tra\u00e7ados. Sua aplica\u00e7\u00e3o n\u00e3o pode ser aleat\u00f3ria. Sobretudo, porque, em uma empresa, <strong>h\u00e1 metas a serem cumpridas.<\/strong>&nbsp;<\/p>\n\n\n\n<p>Para poder definir o objetivo \u00e9 preciso conhecer bem o p\u00fablico (ocupantes), a identidade da marca, as necessidades do local e os est\u00edmulos que se deseja promover. Em todos esses quesitos, a utiliza\u00e7\u00e3o correta das cores \u00e9 capaz de ajudar.<\/p>\n\n\n\n<h3 class=\"wp-block-heading\">3. Leve em conta o segmento do neg\u00f3cio<\/h3>\n\n\n\n<p>Ser criativo n\u00e3o significa quebrar todas as regras. Para poder ousar, primeiro, \u00e9 importante entender que existem alguns par\u00e2metros. No caso do uso das cores, isso pode ser aplicado com rela\u00e7\u00e3o \u00e0 natureza do neg\u00f3cio. Um escrit\u00f3rio de direito, por exemplo, tende a ser menos expansivo que uma ag\u00eancia de publicidade. <strong>Cada segmento tem suas pr\u00f3prias linguagens<\/strong>, que devem ser observadas.<\/p>\n\n\n\n<h3 class=\"wp-block-heading\">4. Cuidado com modismos<\/h3>\n\n\n\n<p>De tempos em tempos costuma surgir os \u201ctons da moda\u201d. Muitas tend\u00eancias e aplica\u00e7\u00f5es acabam inspirando e trazendo perspectivas sobre as quais ainda n\u00e3o havia se pensando. Entretanto, \u00e9 preciso cuidado, pois nem tudo o que est\u00e1 fazendo sucesso no momento tem a ver com a sua empresa. Ela tem <strong>necessidades e uma cultura espec\u00edficas<\/strong>, que jamais podem ser ignoradas.<\/p>\n\n\n\n<h3 class=\"wp-block-heading\">5. Siga o manual de identidade visual<\/h3>\n\n\n\n<p>Por fim, mas n\u00e3o menos importante, temos que lembrar do manual de identidade visual. Se a sua marca n\u00e3o tem, \u00e9 bom providenciar. Isso porque esse documento traz todas as orienta\u00e7\u00f5es pertinentes para a correta aplica\u00e7\u00e3o da marca. As diretrizes contidas nele trazem muitos <strong>insights adequados<\/strong> para o <strong><a href=\"https:\/\/www.dabusarquitetura.com.br\/site\/arquitetura-corporativa\" target=\"_blank\" rel=\"noreferrer noopener\" aria-label=\" (abre numa nova aba)\">projeto de Arquitetura Corporativa<\/a><\/strong>.&nbsp;<\/p>\n\n\n\n<p>N\u00f3s, da <strong>DABUS ARQUITETURA<\/strong>, desenvolvemos solu\u00e7\u00f5es inteligentes para empresas <strong>h\u00e1 mais de30 anos<\/strong>. Nossa paix\u00e3o \u00e9 ajudar neg\u00f3cios a obterem resultados superiores a partir de seu espa\u00e7o de trabalho.<\/p>\n\n\n\n<p class=\"has-background has-very-light-gray-background-color\">Entre em contato com a gente pelo <strong><a href=\"https:\/\/api.whatsapp.com\/send?l=pt&amp;phone=5511983276060\" target=\"_blank\" rel=\"noreferrer noopener\" aria-label=\" (abre numa nova aba)\">WhatsApp (11) 98327-6060<\/a><\/strong> e saiba como podemos te atender!<\/p>\n","protected":false},"excerpt":{"rendered":"<p>nznznbzx A defini\u00e7\u00e3o de cores para escrit\u00f3rio precisa ser muito bem planejada. Afinal, h\u00e1 uma s\u00e9rie de fatores envolvidos. Desde o efeito est\u00e9tico, at\u00e9 a [&hellip;]<\/p>\n","protected":false},"author":3,"featured_media":0,"comment_status":"open","ping_status":"open","sticky":false,"template":"","format":"standard","meta":[],"categories":[1],"tags":[],"yoast_head":"<!-- This site is optimized with the Yoast SEO plugin v20.8 - https:\/\/yoast.com\/wordpress\/plugins\/seo\/ -->\n<title>Descubra 5 grandes dicas ao definir cores para escrit\u00f3rio<\/title>\n<meta name=\"description\" content=\"A defini\u00e7\u00e3o de cores para escrit\u00f3rio jamais deve partir de meros gostos pessoais. Ela deve ser estrat\u00e9gica. Saiba o que considerar!\" \/>\n<meta name=\"robots\" content=\"index, follow, max-snippet:-1, max-image-preview:large, max-video-preview:-1\" \/>\n<link rel=\"canonical\" href=\"https:\/\/www.dabusarquitetura.com.br\/blog\/dicas-definir-cores-para-escritorio\/\" \/>\n<meta property=\"og:locale\" content=\"pt_BR\" \/>\n<meta property=\"og:type\" content=\"article\" \/>\n<meta property=\"og:title\" content=\"Descubra 5 grandes dicas ao definir cores para escrit\u00f3rio\" \/>\n<meta property=\"og:description\" content=\"A defini\u00e7\u00e3o de cores para escrit\u00f3rio jamais deve partir de meros gostos pessoais. Ela deve ser estrat\u00e9gica. Saiba o que considerar!\" \/>\n<meta property=\"og:url\" content=\"https:\/\/www.dabusarquitetura.com.br\/blog\/dicas-definir-cores-para-escritorio\/\" \/>\n<meta property=\"og:site_name\" content=\"DABUS ARQUITETURA\" \/>\n<meta property=\"article:published_time\" content=\"2022-06-28T01:16:30+00:00\" \/>\n<meta property=\"og:image\" content=\"https:\/\/www.dabusarquitetura.com.br\/blog\/wp-content\/uploads\/2022\/06\/definir-cores-escritorio.jpg\" \/>\n<meta name=\"author\" content=\"heloisa.dabus\" \/>\n<meta name=\"twitter:card\" content=\"summary_large_image\" \/>\n<meta name=\"twitter:label1\" content=\"Escrito por\" \/>\n\t<meta name=\"twitter:data1\" content=\"heloisa.dabus\" \/>\n\t<meta name=\"twitter:label2\" content=\"Est. tempo de leitura\" \/>\n\t<meta name=\"twitter:data2\" content=\"3 minutos\" \/>\n<script type=\"application\/ld+json\" class=\"yoast-schema-graph\">{\"@context\":\"https:\/\/schema.org\",\"@graph\":[{\"@type\":\"WebPage\",\"@id\":\"https:\/\/www.dabusarquitetura.com.br\/blog\/dicas-definir-cores-para-escritorio\/\",\"url\":\"https:\/\/www.dabusarquitetura.com.br\/blog\/dicas-definir-cores-para-escritorio\/\",\"name\":\"Descubra 5 grandes dicas ao definir cores para escrit\u00f3rio\",\"isPartOf\":{\"@id\":\"https:\/\/www.dabusarquitetura.com.br\/blog\/#website\"},\"datePublished\":\"2022-06-28T01:16:30+00:00\",\"dateModified\":\"2022-06-28T01:16:30+00:00\",\"author\":{\"@id\":\"https:\/\/www.dabusarquitetura.com.br\/blog\/#\/schema\/person\/978b78d74759412a1cd43634996237c4\"},\"description\":\"A defini\u00e7\u00e3o de cores para escrit\u00f3rio jamais deve partir de meros gostos pessoais. Ela deve ser estrat\u00e9gica. Saiba o que considerar!\",\"breadcrumb\":{\"@id\":\"https:\/\/www.dabusarquitetura.com.br\/blog\/dicas-definir-cores-para-escritorio\/#breadcrumb\"},\"inLanguage\":\"pt-BR\",\"potentialAction\":[{\"@type\":\"ReadAction\",\"target\":[\"https:\/\/www.dabusarquitetura.com.br\/blog\/dicas-definir-cores-para-escritorio\/\"]}]},{\"@type\":\"BreadcrumbList\",\"@id\":\"https:\/\/www.dabusarquitetura.com.br\/blog\/dicas-definir-cores-para-escritorio\/#breadcrumb\",\"itemListElement\":[{\"@type\":\"ListItem\",\"position\":1,\"name\":\"In\u00edcio\",\"item\":\"https:\/\/www.dabusarquitetura.com.br\/blog\/\"},{\"@type\":\"ListItem\",\"position\":2,\"name\":\"5 dicas ao definir cores para escrit\u00f3rio\"}]},{\"@type\":\"WebSite\",\"@id\":\"https:\/\/www.dabusarquitetura.com.br\/blog\/#website\",\"url\":\"https:\/\/www.dabusarquitetura.com.br\/blog\/\",\"name\":\"DABUS ARQUITETURA\",\"description\":\"Arquitetura Corporativa\",\"potentialAction\":[{\"@type\":\"SearchAction\",\"target\":{\"@type\":\"EntryPoint\",\"urlTemplate\":\"https:\/\/www.dabusarquitetura.com.br\/blog\/?s={search_term_string}\"},\"query-input\":\"required name=search_term_string\"}],\"inLanguage\":\"pt-BR\"},{\"@type\":\"Person\",\"@id\":\"https:\/\/www.dabusarquitetura.com.br\/blog\/#\/schema\/person\/978b78d74759412a1cd43634996237c4\",\"name\":\"heloisa.dabus\",\"image\":{\"@type\":\"ImageObject\",\"inLanguage\":\"pt-BR\",\"@id\":\"https:\/\/www.dabusarquitetura.com.br\/blog\/#\/schema\/person\/image\/\",\"url\":\"https:\/\/secure.gravatar.com\/avatar\/4078f4f8e54fb70a99a5e9edc642ecb1?s=96&d=mm&r=g\",\"contentUrl\":\"https:\/\/secure.gravatar.com\/avatar\/4078f4f8e54fb70a99a5e9edc642ecb1?s=96&d=mm&r=g\",\"caption\":\"heloisa.dabus\"},\"url\":\"https:\/\/www.dabusarquitetura.com.br\/blog\/author\/heloisa-dabus\/\"}]}<\/script>\n<!-- \/ Yoast SEO plugin. -->","yoast_head_json":{"title":"Descubra 5 grandes dicas ao definir cores para escrit\u00f3rio","description":"A defini\u00e7\u00e3o de cores para escrit\u00f3rio jamais deve partir de meros gostos pessoais. Ela deve ser estrat\u00e9gica. Saiba o que considerar!","robots":{"index":"index","follow":"follow","max-snippet":"max-snippet:-1","max-image-preview":"max-image-preview:large","max-video-preview":"max-video-preview:-1"},"canonical":"https:\/\/www.dabusarquitetura.com.br\/blog\/dicas-definir-cores-para-escritorio\/","og_locale":"pt_BR","og_type":"article","og_title":"Descubra 5 grandes dicas ao definir cores para escrit\u00f3rio","og_description":"A defini\u00e7\u00e3o de cores para escrit\u00f3rio jamais deve partir de meros gostos pessoais. Ela deve ser estrat\u00e9gica. Saiba o que considerar!","og_url":"https:\/\/www.dabusarquitetura.com.br\/blog\/dicas-definir-cores-para-escritorio\/","og_site_name":"DABUS ARQUITETURA","article_published_time":"2022-06-28T01:16:30+00:00","og_image":[{"url":"https:\/\/www.dabusarquitetura.com.br\/blog\/wp-content\/uploads\/2022\/06\/definir-cores-escritorio.jpg"}],"author":"heloisa.dabus","twitter_card":"summary_large_image","twitter_misc":{"Escrito por":"heloisa.dabus","Est. tempo de leitura":"3 minutos"},"schema":{"@context":"https:\/\/schema.org","@graph":[{"@type":"WebPage","@id":"https:\/\/www.dabusarquitetura.com.br\/blog\/dicas-definir-cores-para-escritorio\/","url":"https:\/\/www.dabusarquitetura.com.br\/blog\/dicas-definir-cores-para-escritorio\/","name":"Descubra 5 grandes dicas ao definir cores para escrit\u00f3rio","isPartOf":{"@id":"https:\/\/www.dabusarquitetura.com.br\/blog\/#website"},"datePublished":"2022-06-28T01:16:30+00:00","dateModified":"2022-06-28T01:16:30+00:00","author":{"@id":"https:\/\/www.dabusarquitetura.com.br\/blog\/#\/schema\/person\/978b78d74759412a1cd43634996237c4"},"description":"A defini\u00e7\u00e3o de cores para escrit\u00f3rio jamais deve partir de meros gostos pessoais. Ela deve ser estrat\u00e9gica. Saiba o que considerar!","breadcrumb":{"@id":"https:\/\/www.dabusarquitetura.com.br\/blog\/dicas-definir-cores-para-escritorio\/#breadcrumb"},"inLanguage":"pt-BR","potentialAction":[{"@type":"ReadAction","target":["https:\/\/www.dabusarquitetura.com.br\/blog\/dicas-definir-cores-para-escritorio\/"]}]},{"@type":"BreadcrumbList","@id":"https:\/\/www.dabusarquitetura.com.br\/blog\/dicas-definir-cores-para-escritorio\/#breadcrumb","itemListElement":[{"@type":"ListItem","position":1,"name":"In\u00edcio","item":"https:\/\/www.dabusarquitetura.com.br\/blog\/"},{"@type":"ListItem","position":2,"name":"5 dicas ao definir cores para escrit\u00f3rio"}]},{"@type":"WebSite","@id":"https:\/\/www.dabusarquitetura.com.br\/blog\/#website","url":"https:\/\/www.dabusarquitetura.com.br\/blog\/","name":"DABUS ARQUITETURA","description":"Arquitetura Corporativa","potentialAction":[{"@type":"SearchAction","target":{"@type":"EntryPoint","urlTemplate":"https:\/\/www.dabusarquitetura.com.br\/blog\/?s={search_term_string}"},"query-input":"required name=search_term_string"}],"inLanguage":"pt-BR"},{"@type":"Person","@id":"https:\/\/www.dabusarquitetura.com.br\/blog\/#\/schema\/person\/978b78d74759412a1cd43634996237c4","name":"heloisa.dabus","image":{"@type":"ImageObject","inLanguage":"pt-BR","@id":"https:\/\/www.dabusarquitetura.com.br\/blog\/#\/schema\/person\/image\/","url":"https:\/\/secure.gravatar.com\/avatar\/4078f4f8e54fb70a99a5e9edc642ecb1?s=96&d=mm&r=g","contentUrl":"https:\/\/secure.gravatar.com\/avatar\/4078f4f8e54fb70a99a5e9edc642ecb1?s=96&d=mm&r=g","caption":"heloisa.dabus"},"url":"https:\/\/www.dabusarquitetura.com.br\/blog\/author\/heloisa-dabus\/"}]}},"_links":{"self":[{"href":"https:\/\/www.dabusarquitetura.com.br\/blog\/wp-json\/wp\/v2\/posts\/16082"}],"collection":[{"href":"https:\/\/www.dabusarquitetura.com.br\/blog\/wp-json\/wp\/v2\/posts"}],"about":[{"href":"https:\/\/www.dabusarquitetura.com.br\/blog\/wp-json\/wp\/v2\/types\/post"}],"author":[{"embeddable":true,"href":"https:\/\/www.dabusarquitetura.com.br\/blog\/wp-json\/wp\/v2\/users\/3"}],"replies":[{"embeddable":true,"href":"https:\/\/www.dabusarquitetura.com.br\/blog\/wp-json\/wp\/v2\/comments?post=16082"}],"version-history":[{"count":5,"href":"https:\/\/www.dabusarquitetura.com.br\/blog\/wp-json\/wp\/v2\/posts\/16082\/revisions"}],"predecessor-version":[{"id":16089,"href":"https:\/\/www.dabusarquitetura.com.br\/blog\/wp-json\/wp\/v2\/posts\/16082\/revisions\/16089"}],"wp:attachment":[{"href":"https:\/\/www.dabusarquitetura.com.br\/blog\/wp-json\/wp\/v2\/media?parent=16082"}],"wp:term":[{"taxonomy":"category","embeddable":true,"href":"https:\/\/www.dabusarquitetura.com.br\/blog\/wp-json\/wp\/v2\/categories?post=16082"},{"taxonomy":"post_tag","embeddable":true,"href":"https:\/\/www.dabusarquitetura.com.br\/blog\/wp-json\/wp\/v2\/tags?post=16082"}],"curies":[{"name":"wp","href":"https:\/\/api.w.org\/{rel}","templated":true}]}}