{"id":16013,"date":"2022-05-23T02:26:18","date_gmt":"2022-05-22T23:26:18","guid":{"rendered":"http:\/\/www.dabusarquitetura.com.br\/blog\/?p=16013"},"modified":"2022-05-23T02:26:19","modified_gmt":"2022-05-22T23:26:19","slug":"conheca-escritorio-colaborativo-gft","status":"publish","type":"post","link":"https:\/\/www.dabusarquitetura.com.br\/blog\/conheca-escritorio-colaborativo-gft\/","title":{"rendered":"Conhe\u00e7a o escrit\u00f3rio colaborativo desenvolvido para a GFT"},"content":{"rendered":"\n<div class=\"wp-block-image\"><figure class=\"aligncenter\"><img decoding=\"async\" loading=\"lazy\" width=\"834\" height=\"317\" src=\"http:\/\/www.dabusarquitetura.com.br\/blog\/wp-content\/uploads\/2022\/05\/escritorio-colaborativo-projeto-gft.jpg\" alt=\"Escrit\u00f3rio colaborativo desenvolvido para a GFT\" class=\"wp-image-16051\" srcset=\"https:\/\/www.dabusarquitetura.com.br\/blog\/wp-content\/uploads\/2022\/05\/escritorio-colaborativo-projeto-gft.jpg 834w, https:\/\/www.dabusarquitetura.com.br\/blog\/wp-content\/uploads\/2022\/05\/escritorio-colaborativo-projeto-gft-300x114.jpg 300w, https:\/\/www.dabusarquitetura.com.br\/blog\/wp-content\/uploads\/2022\/05\/escritorio-colaborativo-projeto-gft-768x292.jpg 768w\" sizes=\"(max-width: 834px) 100vw, 834px\" \/><\/figure><\/div>\n\n\n\n<p>H\u00e1 muitas vantagens em se contar com um <strong>escrit\u00f3rio colaborativo<\/strong>. Entre elas, a f\u00e1cil<strong> intera\u00e7\u00e3o e engajamento<\/strong> do time. Esse modelo acelera a comunica\u00e7\u00e3o no dia a dia, motivando os insights e a resolu\u00e7\u00e3o de problemas de maneira mais \u00e1gil. Foi neste caminho que desenvolvemos o <strong>projeto de Arquitetura Corporativa da GFT<\/strong>.<\/p>\n\n\n\n<p>Fundada em 1987, a empresa \u00e9 refer\u00eancia no desenvolvimento de tecnologias exponenciais para a transforma\u00e7\u00e3o digital dos mais diversos tipos de neg\u00f3cios.<\/p>\n\n\n\n<p>Acompanhe o post de hoje e confira o resultado do projeto. Voc\u00ea vai se apaixonar!<\/p>\n\n\n\n<h2 class=\"wp-block-heading\">Sobre a GFT<\/h2>\n\n\n\n<p>Com mais de 35 anos de atua\u00e7\u00e3o, a GFT est\u00e1 presente em <strong>mais 15 pa\u00edses<\/strong>. Sua equipe global ultrapassa o n\u00famero de 9.000 especialistas.<\/p>\n\n\n\n<p>Assessorando institui\u00e7\u00f5es l\u00edderes de mercado, a companhia cria <strong>solu\u00e7\u00f5es de TI personalizadas<\/strong>. As quais v\u00e3o de apps banc\u00e1rios e trading systems, at\u00e9 implementa\u00e7\u00e3o e suporte de plataformas e moderniza\u00e7\u00e3o de sistemas core banking.<\/p>\n\n\n\n<p>Al\u00e9m disso, o time de inova\u00e7\u00e3o tamb\u00e9m desenvolve novos modelos de neg\u00f3cio. Nesse sentido, abrange tecnologias exponenciais como Open Bank, Mobile, Big Data, API e Integra\u00e7\u00e3o de Sistemas para canais digitais.<\/p>\n\n\n\n<h3 class=\"wp-block-heading\">Sobre o projeto de escrit\u00f3rio colaborativo<\/h3>\n\n\n\n<p>O projeto de <strong><a href=\"https:\/\/www.dabusarquitetura.com.br\/site\/arquitetura-corporativa\" target=\"_blank\" rel=\"noreferrer noopener\" aria-label=\" (abre numa nova aba)\">Arquitetura Corporativa<\/a><\/strong>, que deu luz a um moderno escrit\u00f3rio colaborativo, contemplou uma \u00e1rea de 958,00 m2.<\/p>\n\n\n\n<p>A nova sede da GFT em Barueri, S\u00e3o Paulo, exigiu meses de muito trabalho e de muitas inspira\u00e7\u00f5es. Assim, foi&nbsp; idealizado um <strong>ambiente open space <\/strong>com v\u00e1rias tipologias de espa\u00e7o. Isto para que ele fosse capaz de atender a diversas atividades. Preferencialmente de maneira colaborativa.<\/p>\n\n\n\n<div class=\"wp-block-image\"><figure class=\"aligncenter\"><img decoding=\"async\" loading=\"lazy\" width=\"1000\" height=\"667\" src=\"http:\/\/www.dabusarquitetura.com.br\/blog\/wp-content\/uploads\/2022\/05\/arquitetura-corporativa-gft-2.png\" alt=\"Arquitetura Corporativa GFT\" class=\"wp-image-16021\" srcset=\"https:\/\/www.dabusarquitetura.com.br\/blog\/wp-content\/uploads\/2022\/05\/arquitetura-corporativa-gft-2.png 1000w, https:\/\/www.dabusarquitetura.com.br\/blog\/wp-content\/uploads\/2022\/05\/arquitetura-corporativa-gft-2-300x200.png 300w, https:\/\/www.dabusarquitetura.com.br\/blog\/wp-content\/uploads\/2022\/05\/arquitetura-corporativa-gft-2-768x512.png 768w\" sizes=\"(max-width: 1000px) 100vw, 1000px\" \/><\/figure><\/div>\n\n\n\n<div class=\"wp-block-image\"><figure class=\"aligncenter\"><img decoding=\"async\" loading=\"lazy\" width=\"1000\" height=\"667\" src=\"http:\/\/www.dabusarquitetura.com.br\/blog\/wp-content\/uploads\/2022\/05\/arquitetura-corporativa-gft-3.png\" alt=\"Arquitetura Corporativa GFT\" class=\"wp-image-16022\" srcset=\"https:\/\/www.dabusarquitetura.com.br\/blog\/wp-content\/uploads\/2022\/05\/arquitetura-corporativa-gft-3.png 1000w, https:\/\/www.dabusarquitetura.com.br\/blog\/wp-content\/uploads\/2022\/05\/arquitetura-corporativa-gft-3-300x200.png 300w, https:\/\/www.dabusarquitetura.com.br\/blog\/wp-content\/uploads\/2022\/05\/arquitetura-corporativa-gft-3-768x512.png 768w\" sizes=\"(max-width: 1000px) 100vw, 1000px\" \/><\/figure><\/div>\n\n\n\n<div class=\"wp-block-image\"><figure class=\"aligncenter\"><img decoding=\"async\" loading=\"lazy\" width=\"1000\" height=\"667\" src=\"http:\/\/www.dabusarquitetura.com.br\/blog\/wp-content\/uploads\/2022\/05\/arquitetura-corporativa-gft-04.png\" alt=\"Arquitetura Corporativa GFT\" class=\"wp-image-16053\" srcset=\"https:\/\/www.dabusarquitetura.com.br\/blog\/wp-content\/uploads\/2022\/05\/arquitetura-corporativa-gft-04.png 1000w, https:\/\/www.dabusarquitetura.com.br\/blog\/wp-content\/uploads\/2022\/05\/arquitetura-corporativa-gft-04-300x200.png 300w, https:\/\/www.dabusarquitetura.com.br\/blog\/wp-content\/uploads\/2022\/05\/arquitetura-corporativa-gft-04-768x512.png 768w\" sizes=\"(max-width: 1000px) 100vw, 1000px\" \/><\/figure><\/div>\n\n\n\n<div class=\"wp-block-image\"><figure class=\"aligncenter\"><img decoding=\"async\" loading=\"lazy\" width=\"1000\" height=\"667\" src=\"http:\/\/www.dabusarquitetura.com.br\/blog\/wp-content\/uploads\/2022\/05\/arquitetura-corporativa-gft-5.png\" alt=\"Arquitetura Corporativa GFT\" class=\"wp-image-16024\" srcset=\"https:\/\/www.dabusarquitetura.com.br\/blog\/wp-content\/uploads\/2022\/05\/arquitetura-corporativa-gft-5.png 1000w, https:\/\/www.dabusarquitetura.com.br\/blog\/wp-content\/uploads\/2022\/05\/arquitetura-corporativa-gft-5-300x200.png 300w, https:\/\/www.dabusarquitetura.com.br\/blog\/wp-content\/uploads\/2022\/05\/arquitetura-corporativa-gft-5-768x512.png 768w\" sizes=\"(max-width: 1000px) 100vw, 1000px\" \/><\/figure><\/div>\n\n\n\n<div class=\"wp-block-image\"><figure class=\"aligncenter\"><img decoding=\"async\" loading=\"lazy\" width=\"1000\" height=\"667\" src=\"http:\/\/www.dabusarquitetura.com.br\/blog\/wp-content\/uploads\/2022\/05\/arquitetura-corporativa-gft-6.png\" alt=\"Arquitetura Corporativa GFT\" class=\"wp-image-16025\" srcset=\"https:\/\/www.dabusarquitetura.com.br\/blog\/wp-content\/uploads\/2022\/05\/arquitetura-corporativa-gft-6.png 1000w, https:\/\/www.dabusarquitetura.com.br\/blog\/wp-content\/uploads\/2022\/05\/arquitetura-corporativa-gft-6-300x200.png 300w, https:\/\/www.dabusarquitetura.com.br\/blog\/wp-content\/uploads\/2022\/05\/arquitetura-corporativa-gft-6-768x512.png 768w\" sizes=\"(max-width: 1000px) 100vw, 1000px\" \/><\/figure><\/div>\n\n\n\n<div class=\"wp-block-image\"><figure class=\"aligncenter\"><img decoding=\"async\" loading=\"lazy\" width=\"1000\" height=\"667\" src=\"http:\/\/www.dabusarquitetura.com.br\/blog\/wp-content\/uploads\/2022\/05\/arquitetura-corporativa-gft-7.png\" alt=\"Arquitetura Corporativa GFT\" class=\"wp-image-16026\" srcset=\"https:\/\/www.dabusarquitetura.com.br\/blog\/wp-content\/uploads\/2022\/05\/arquitetura-corporativa-gft-7.png 1000w, https:\/\/www.dabusarquitetura.com.br\/blog\/wp-content\/uploads\/2022\/05\/arquitetura-corporativa-gft-7-300x200.png 300w, https:\/\/www.dabusarquitetura.com.br\/blog\/wp-content\/uploads\/2022\/05\/arquitetura-corporativa-gft-7-768x512.png 768w\" sizes=\"(max-width: 1000px) 100vw, 1000px\" \/><\/figure><\/div>\n\n\n\n<div class=\"wp-block-image\"><figure class=\"aligncenter\"><img decoding=\"async\" loading=\"lazy\" width=\"1000\" height=\"667\" src=\"http:\/\/www.dabusarquitetura.com.br\/blog\/wp-content\/uploads\/2022\/05\/arquitetura-corporativa-gft-8.png\" alt=\"Arquitetura Corporativa GFT\" class=\"wp-image-16027\" srcset=\"https:\/\/www.dabusarquitetura.com.br\/blog\/wp-content\/uploads\/2022\/05\/arquitetura-corporativa-gft-8.png 1000w, https:\/\/www.dabusarquitetura.com.br\/blog\/wp-content\/uploads\/2022\/05\/arquitetura-corporativa-gft-8-300x200.png 300w, https:\/\/www.dabusarquitetura.com.br\/blog\/wp-content\/uploads\/2022\/05\/arquitetura-corporativa-gft-8-768x512.png 768w\" sizes=\"(max-width: 1000px) 100vw, 1000px\" \/><\/figure><\/div>\n\n\n\n<p>Um dos grandes objetivos buscados neste projeto foi o <strong>encantamento dos colaboradores <\/strong>no dia a dia. Portanto, foram criados espa\u00e7os acolhedores, alegres e funcionais. Tudo para <strong>elevar a sensa\u00e7\u00e3o de bem-estar<\/strong> e, ao mesmo tempo, <strong>estimular a produtividade<\/strong>.<\/p>\n\n\n\n<div class=\"wp-block-image\"><figure class=\"aligncenter\"><img decoding=\"async\" loading=\"lazy\" width=\"1000\" height=\"667\" src=\"http:\/\/www.dabusarquitetura.com.br\/blog\/wp-content\/uploads\/2022\/05\/arquitetura-corporativa-gft-9.png\" alt=\"Arquitetura Corporativa GFT\" class=\"wp-image-16028\" srcset=\"https:\/\/www.dabusarquitetura.com.br\/blog\/wp-content\/uploads\/2022\/05\/arquitetura-corporativa-gft-9.png 1000w, https:\/\/www.dabusarquitetura.com.br\/blog\/wp-content\/uploads\/2022\/05\/arquitetura-corporativa-gft-9-300x200.png 300w, https:\/\/www.dabusarquitetura.com.br\/blog\/wp-content\/uploads\/2022\/05\/arquitetura-corporativa-gft-9-768x512.png 768w\" sizes=\"(max-width: 1000px) 100vw, 1000px\" \/><\/figure><\/div>\n\n\n\n<div class=\"wp-block-image\"><figure class=\"aligncenter\"><img decoding=\"async\" loading=\"lazy\" width=\"1000\" height=\"667\" src=\"http:\/\/www.dabusarquitetura.com.br\/blog\/wp-content\/uploads\/2022\/05\/arquitetura-corporativa-gft-10.png\" alt=\"Arquitetura Corporativa GFT\" class=\"wp-image-16029\" srcset=\"https:\/\/www.dabusarquitetura.com.br\/blog\/wp-content\/uploads\/2022\/05\/arquitetura-corporativa-gft-10.png 1000w, https:\/\/www.dabusarquitetura.com.br\/blog\/wp-content\/uploads\/2022\/05\/arquitetura-corporativa-gft-10-300x200.png 300w, https:\/\/www.dabusarquitetura.com.br\/blog\/wp-content\/uploads\/2022\/05\/arquitetura-corporativa-gft-10-768x512.png 768w\" sizes=\"(max-width: 1000px) 100vw, 1000px\" \/><\/figure><\/div>\n\n\n\n<div class=\"wp-block-image\"><figure class=\"aligncenter\"><img decoding=\"async\" loading=\"lazy\" width=\"1000\" height=\"667\" src=\"http:\/\/www.dabusarquitetura.com.br\/blog\/wp-content\/uploads\/2022\/05\/arquitetura-corporativa-gft-11.png\" alt=\"Arquitetura Corporativa GFT\" class=\"wp-image-16030\" srcset=\"https:\/\/www.dabusarquitetura.com.br\/blog\/wp-content\/uploads\/2022\/05\/arquitetura-corporativa-gft-11.png 1000w, https:\/\/www.dabusarquitetura.com.br\/blog\/wp-content\/uploads\/2022\/05\/arquitetura-corporativa-gft-11-300x200.png 300w, https:\/\/www.dabusarquitetura.com.br\/blog\/wp-content\/uploads\/2022\/05\/arquitetura-corporativa-gft-11-768x512.png 768w\" sizes=\"(max-width: 1000px) 100vw, 1000px\" \/><\/figure><\/div>\n\n\n\n<div class=\"wp-block-image\"><figure class=\"aligncenter\"><img decoding=\"async\" loading=\"lazy\" width=\"1000\" height=\"667\" src=\"http:\/\/www.dabusarquitetura.com.br\/blog\/wp-content\/uploads\/2022\/05\/arquitetura-corporativa-gft-12.png\" alt=\"Arquitetura Corporativa GFT\" class=\"wp-image-16031\" srcset=\"https:\/\/www.dabusarquitetura.com.br\/blog\/wp-content\/uploads\/2022\/05\/arquitetura-corporativa-gft-12.png 1000w, https:\/\/www.dabusarquitetura.com.br\/blog\/wp-content\/uploads\/2022\/05\/arquitetura-corporativa-gft-12-300x200.png 300w, https:\/\/www.dabusarquitetura.com.br\/blog\/wp-content\/uploads\/2022\/05\/arquitetura-corporativa-gft-12-768x512.png 768w\" sizes=\"(max-width: 1000px) 100vw, 1000px\" \/><\/figure><\/div>\n\n\n\n<div class=\"wp-block-image\"><figure class=\"aligncenter\"><img decoding=\"async\" loading=\"lazy\" width=\"1000\" height=\"667\" src=\"http:\/\/www.dabusarquitetura.com.br\/blog\/wp-content\/uploads\/2022\/05\/arquitetura-corporativa-gft-13.png\" alt=\"Arquitetura Corporativa GFT\" class=\"wp-image-16032\" srcset=\"https:\/\/www.dabusarquitetura.com.br\/blog\/wp-content\/uploads\/2022\/05\/arquitetura-corporativa-gft-13.png 1000w, https:\/\/www.dabusarquitetura.com.br\/blog\/wp-content\/uploads\/2022\/05\/arquitetura-corporativa-gft-13-300x200.png 300w, https:\/\/www.dabusarquitetura.com.br\/blog\/wp-content\/uploads\/2022\/05\/arquitetura-corporativa-gft-13-768x512.png 768w\" sizes=\"(max-width: 1000px) 100vw, 1000px\" \/><\/figure><\/div>\n\n\n\n<div class=\"wp-block-image\"><figure class=\"aligncenter\"><img decoding=\"async\" loading=\"lazy\" width=\"1000\" height=\"667\" src=\"http:\/\/www.dabusarquitetura.com.br\/blog\/wp-content\/uploads\/2022\/05\/arquitetura-corporativa-gft-14.png\" alt=\"Arquitetura Corporativa GFT\" class=\"wp-image-16033\" srcset=\"https:\/\/www.dabusarquitetura.com.br\/blog\/wp-content\/uploads\/2022\/05\/arquitetura-corporativa-gft-14.png 1000w, https:\/\/www.dabusarquitetura.com.br\/blog\/wp-content\/uploads\/2022\/05\/arquitetura-corporativa-gft-14-300x200.png 300w, https:\/\/www.dabusarquitetura.com.br\/blog\/wp-content\/uploads\/2022\/05\/arquitetura-corporativa-gft-14-768x512.png 768w\" sizes=\"(max-width: 1000px) 100vw, 1000px\" \/><\/figure><\/div>\n\n\n\n<div class=\"wp-block-image\"><figure class=\"aligncenter\"><img decoding=\"async\" loading=\"lazy\" width=\"1000\" height=\"667\" src=\"http:\/\/www.dabusarquitetura.com.br\/blog\/wp-content\/uploads\/2022\/05\/arquitetura-corporativa-gft-15.png\" alt=\"Arquitetura Corporativa GFT\" class=\"wp-image-16034\" srcset=\"https:\/\/www.dabusarquitetura.com.br\/blog\/wp-content\/uploads\/2022\/05\/arquitetura-corporativa-gft-15.png 1000w, https:\/\/www.dabusarquitetura.com.br\/blog\/wp-content\/uploads\/2022\/05\/arquitetura-corporativa-gft-15-300x200.png 300w, https:\/\/www.dabusarquitetura.com.br\/blog\/wp-content\/uploads\/2022\/05\/arquitetura-corporativa-gft-15-768x512.png 768w\" sizes=\"(max-width: 1000px) 100vw, 1000px\" \/><\/figure><\/div>\n\n\n\n<div class=\"wp-block-image\"><figure class=\"aligncenter\"><img decoding=\"async\" loading=\"lazy\" width=\"1000\" height=\"667\" src=\"http:\/\/www.dabusarquitetura.com.br\/blog\/wp-content\/uploads\/2022\/05\/arquitetura-corporativa-gft-16.png\" alt=\"Arquitetura Corporativa GFT\" class=\"wp-image-16036\" srcset=\"https:\/\/www.dabusarquitetura.com.br\/blog\/wp-content\/uploads\/2022\/05\/arquitetura-corporativa-gft-16.png 1000w, https:\/\/www.dabusarquitetura.com.br\/blog\/wp-content\/uploads\/2022\/05\/arquitetura-corporativa-gft-16-300x200.png 300w, https:\/\/www.dabusarquitetura.com.br\/blog\/wp-content\/uploads\/2022\/05\/arquitetura-corporativa-gft-16-768x512.png 768w\" sizes=\"(max-width: 1000px) 100vw, 1000px\" \/><\/figure><\/div>\n\n\n\n<p>Fomos extremamente atentos aos pequenos detalhes. Desse modo, os acabamentos, o mobili\u00e1rio diferenciado, a marcenaria especial, os balan\u00e7os e a ilumina\u00e7\u00e3o conferiram um charme todo especial aos ambientes do escrit\u00f3rio colaborativo.<\/p>\n\n\n\n<div class=\"wp-block-image\"><figure class=\"aligncenter\"><img decoding=\"async\" loading=\"lazy\" width=\"1000\" height=\"667\" src=\"http:\/\/www.dabusarquitetura.com.br\/blog\/wp-content\/uploads\/2022\/05\/arquitetura-corporativa-gft-17.png\" alt=\"Arquitetura Corporativa GFT\" class=\"wp-image-16037\" srcset=\"https:\/\/www.dabusarquitetura.com.br\/blog\/wp-content\/uploads\/2022\/05\/arquitetura-corporativa-gft-17.png 1000w, https:\/\/www.dabusarquitetura.com.br\/blog\/wp-content\/uploads\/2022\/05\/arquitetura-corporativa-gft-17-300x200.png 300w, https:\/\/www.dabusarquitetura.com.br\/blog\/wp-content\/uploads\/2022\/05\/arquitetura-corporativa-gft-17-768x512.png 768w\" sizes=\"(max-width: 1000px) 100vw, 1000px\" \/><\/figure><\/div>\n\n\n\n<div class=\"wp-block-image\"><figure class=\"aligncenter\"><img decoding=\"async\" loading=\"lazy\" width=\"1000\" height=\"667\" src=\"http:\/\/www.dabusarquitetura.com.br\/blog\/wp-content\/uploads\/2022\/05\/arquitetura-corporativa-gft-18.png\" alt=\"Arquitetura Corporativa GFT\" class=\"wp-image-16038\" srcset=\"https:\/\/www.dabusarquitetura.com.br\/blog\/wp-content\/uploads\/2022\/05\/arquitetura-corporativa-gft-18.png 1000w, https:\/\/www.dabusarquitetura.com.br\/blog\/wp-content\/uploads\/2022\/05\/arquitetura-corporativa-gft-18-300x200.png 300w, https:\/\/www.dabusarquitetura.com.br\/blog\/wp-content\/uploads\/2022\/05\/arquitetura-corporativa-gft-18-768x512.png 768w\" sizes=\"(max-width: 1000px) 100vw, 1000px\" \/><\/figure><\/div>\n\n\n\n<div class=\"wp-block-image\"><figure class=\"aligncenter\"><img decoding=\"async\" loading=\"lazy\" width=\"1000\" height=\"667\" src=\"http:\/\/www.dabusarquitetura.com.br\/blog\/wp-content\/uploads\/2022\/05\/arquitetura-corporativa-gft-19.png\" alt=\"Arquitetura Corporativa GFT\" class=\"wp-image-16039\" srcset=\"https:\/\/www.dabusarquitetura.com.br\/blog\/wp-content\/uploads\/2022\/05\/arquitetura-corporativa-gft-19.png 1000w, https:\/\/www.dabusarquitetura.com.br\/blog\/wp-content\/uploads\/2022\/05\/arquitetura-corporativa-gft-19-300x200.png 300w, https:\/\/www.dabusarquitetura.com.br\/blog\/wp-content\/uploads\/2022\/05\/arquitetura-corporativa-gft-19-768x512.png 768w\" sizes=\"(max-width: 1000px) 100vw, 1000px\" \/><\/figure><\/div>\n\n\n\n<div class=\"wp-block-image\"><figure class=\"aligncenter\"><img decoding=\"async\" loading=\"lazy\" width=\"1000\" height=\"667\" src=\"http:\/\/www.dabusarquitetura.com.br\/blog\/wp-content\/uploads\/2022\/05\/arquitetura-corporativa-gft-20.png\" alt=\"Arquitetura Corporativa GFT\" class=\"wp-image-16040\" srcset=\"https:\/\/www.dabusarquitetura.com.br\/blog\/wp-content\/uploads\/2022\/05\/arquitetura-corporativa-gft-20.png 1000w, https:\/\/www.dabusarquitetura.com.br\/blog\/wp-content\/uploads\/2022\/05\/arquitetura-corporativa-gft-20-300x200.png 300w, https:\/\/www.dabusarquitetura.com.br\/blog\/wp-content\/uploads\/2022\/05\/arquitetura-corporativa-gft-20-768x512.png 768w\" sizes=\"(max-width: 1000px) 100vw, 1000px\" \/><\/figure><\/div>\n\n\n\n<div class=\"wp-block-image\"><figure class=\"aligncenter\"><img decoding=\"async\" loading=\"lazy\" width=\"1000\" height=\"667\" src=\"http:\/\/www.dabusarquitetura.com.br\/blog\/wp-content\/uploads\/2022\/05\/arquitetura-corporativa-gft-21.png\" alt=\"Arquitetura Corporativa GFT\" class=\"wp-image-16041\" srcset=\"https:\/\/www.dabusarquitetura.com.br\/blog\/wp-content\/uploads\/2022\/05\/arquitetura-corporativa-gft-21.png 1000w, https:\/\/www.dabusarquitetura.com.br\/blog\/wp-content\/uploads\/2022\/05\/arquitetura-corporativa-gft-21-300x200.png 300w, https:\/\/www.dabusarquitetura.com.br\/blog\/wp-content\/uploads\/2022\/05\/arquitetura-corporativa-gft-21-768x512.png 768w\" sizes=\"(max-width: 1000px) 100vw, 1000px\" \/><\/figure><\/div>\n\n\n\n<div class=\"wp-block-image\"><figure class=\"aligncenter\"><img decoding=\"async\" loading=\"lazy\" width=\"1000\" height=\"667\" src=\"http:\/\/www.dabusarquitetura.com.br\/blog\/wp-content\/uploads\/2022\/05\/arquitetura-corporativa-gft-22.png\" alt=\"Arquitetura Corporativa GFT\" class=\"wp-image-16042\" srcset=\"https:\/\/www.dabusarquitetura.com.br\/blog\/wp-content\/uploads\/2022\/05\/arquitetura-corporativa-gft-22.png 1000w, https:\/\/www.dabusarquitetura.com.br\/blog\/wp-content\/uploads\/2022\/05\/arquitetura-corporativa-gft-22-300x200.png 300w, https:\/\/www.dabusarquitetura.com.br\/blog\/wp-content\/uploads\/2022\/05\/arquitetura-corporativa-gft-22-768x512.png 768w\" sizes=\"(max-width: 1000px) 100vw, 1000px\" \/><\/figure><\/div>\n\n\n\n<div class=\"wp-block-image\"><figure class=\"aligncenter\"><img decoding=\"async\" loading=\"lazy\" width=\"1000\" height=\"667\" src=\"http:\/\/www.dabusarquitetura.com.br\/blog\/wp-content\/uploads\/2022\/05\/arquitetura-corporativa-gft-23.png\" alt=\"Arquitetura Corporativa GFT\" class=\"wp-image-16043\" srcset=\"https:\/\/www.dabusarquitetura.com.br\/blog\/wp-content\/uploads\/2022\/05\/arquitetura-corporativa-gft-23.png 1000w, https:\/\/www.dabusarquitetura.com.br\/blog\/wp-content\/uploads\/2022\/05\/arquitetura-corporativa-gft-23-300x200.png 300w, https:\/\/www.dabusarquitetura.com.br\/blog\/wp-content\/uploads\/2022\/05\/arquitetura-corporativa-gft-23-768x512.png 768w\" sizes=\"(max-width: 1000px) 100vw, 1000px\" \/><\/figure><\/div>\n\n\n\n<div class=\"wp-block-image\"><figure class=\"aligncenter\"><img decoding=\"async\" loading=\"lazy\" width=\"1000\" height=\"667\" src=\"http:\/\/www.dabusarquitetura.com.br\/blog\/wp-content\/uploads\/2022\/05\/arquitetura-corporativa-gft-24.png\" alt=\"Arquitetura Corporativa GFT\" class=\"wp-image-16044\" srcset=\"https:\/\/www.dabusarquitetura.com.br\/blog\/wp-content\/uploads\/2022\/05\/arquitetura-corporativa-gft-24.png 1000w, https:\/\/www.dabusarquitetura.com.br\/blog\/wp-content\/uploads\/2022\/05\/arquitetura-corporativa-gft-24-300x200.png 300w, https:\/\/www.dabusarquitetura.com.br\/blog\/wp-content\/uploads\/2022\/05\/arquitetura-corporativa-gft-24-768x512.png 768w\" sizes=\"(max-width: 1000px) 100vw, 1000px\" \/><\/figure><\/div>\n\n\n\n<p>Entre em contato com a gente pelo <strong><a rel=\"noreferrer noopener\" aria-label=\" (abre numa nova aba)\" href=\"https:\/\/api.whatsapp.com\/send?l=pt&amp;phone=5511983276060\" target=\"_blank\">WhatsApp (11) 98327-6060<\/a><\/strong> e saiba como podemos desenvolver tamb\u00e9m a Arquitetura Corporativa da sua empresa. Ser\u00e1 um prazer construir esse sonho junto com voc\u00ea!<\/p>\n","protected":false},"excerpt":{"rendered":"<p>H\u00e1 muitas vantagens em se contar com um escrit\u00f3rio colaborativo. Entre elas, a f\u00e1cil intera\u00e7\u00e3o e engajamento do time. Esse modelo acelera a comunica\u00e7\u00e3o no [&hellip;]<\/p>\n","protected":false},"author":3,"featured_media":0,"comment_status":"open","ping_status":"open","sticky":false,"template":"","format":"standard","meta":[],"categories":[7],"tags":[],"yoast_head":"<!-- This site is optimized with the Yoast SEO plugin v20.8 - https:\/\/yoast.com\/wordpress\/plugins\/seo\/ -->\n<title>Conhe\u00e7a o escrit\u00f3rio colaborativo desenvolvido para a GFT<\/title>\n<meta name=\"description\" content=\"Confira o reultado do projeto de Arquitetura Corporativa que desenvolvemos para a GFT, empresa de tecnologia. Um escrit\u00f3rio colaborativo, cheio de estilo!\" \/>\n<meta name=\"robots\" content=\"index, follow, max-snippet:-1, max-image-preview:large, max-video-preview:-1\" \/>\n<link rel=\"canonical\" href=\"https:\/\/www.dabusarquitetura.com.br\/blog\/conheca-escritorio-colaborativo-gft\/\" \/>\n<meta property=\"og:locale\" content=\"pt_BR\" \/>\n<meta property=\"og:type\" content=\"article\" \/>\n<meta property=\"og:title\" content=\"Conhe\u00e7a o escrit\u00f3rio colaborativo desenvolvido para a GFT\" \/>\n<meta property=\"og:description\" content=\"Confira o reultado do projeto de Arquitetura Corporativa que desenvolvemos para a GFT, empresa de tecnologia. Um escrit\u00f3rio colaborativo, cheio de estilo!\" \/>\n<meta property=\"og:url\" content=\"https:\/\/www.dabusarquitetura.com.br\/blog\/conheca-escritorio-colaborativo-gft\/\" \/>\n<meta property=\"og:site_name\" content=\"DABUS ARQUITETURA\" \/>\n<meta property=\"article:published_time\" content=\"2022-05-22T23:26:18+00:00\" \/>\n<meta property=\"article:modified_time\" content=\"2022-05-22T23:26:19+00:00\" \/>\n<meta property=\"og:image\" content=\"http:\/\/www.dabusarquitetura.com.br\/blog\/wp-content\/uploads\/2022\/05\/escritorio-colaborativo-projeto-gft.jpg\" \/>\n<meta name=\"author\" content=\"heloisa.dabus\" \/>\n<meta name=\"twitter:card\" content=\"summary_large_image\" \/>\n<meta name=\"twitter:label1\" content=\"Escrito por\" \/>\n\t<meta name=\"twitter:data1\" content=\"heloisa.dabus\" \/>\n\t<meta name=\"twitter:label2\" content=\"Est. tempo de leitura\" \/>\n\t<meta name=\"twitter:data2\" content=\"2 minutos\" \/>\n<script type=\"application\/ld+json\" class=\"yoast-schema-graph\">{\"@context\":\"https:\/\/schema.org\",\"@graph\":[{\"@type\":\"WebPage\",\"@id\":\"https:\/\/www.dabusarquitetura.com.br\/blog\/conheca-escritorio-colaborativo-gft\/\",\"url\":\"https:\/\/www.dabusarquitetura.com.br\/blog\/conheca-escritorio-colaborativo-gft\/\",\"name\":\"Conhe\u00e7a o escrit\u00f3rio colaborativo desenvolvido para a GFT\",\"isPartOf\":{\"@id\":\"https:\/\/www.dabusarquitetura.com.br\/blog\/#website\"},\"datePublished\":\"2022-05-22T23:26:18+00:00\",\"dateModified\":\"2022-05-22T23:26:19+00:00\",\"author\":{\"@id\":\"https:\/\/www.dabusarquitetura.com.br\/blog\/#\/schema\/person\/978b78d74759412a1cd43634996237c4\"},\"description\":\"Confira o reultado do projeto de Arquitetura Corporativa que desenvolvemos para a GFT, empresa de tecnologia. Um escrit\u00f3rio colaborativo, cheio de estilo!\",\"breadcrumb\":{\"@id\":\"https:\/\/www.dabusarquitetura.com.br\/blog\/conheca-escritorio-colaborativo-gft\/#breadcrumb\"},\"inLanguage\":\"pt-BR\",\"potentialAction\":[{\"@type\":\"ReadAction\",\"target\":[\"https:\/\/www.dabusarquitetura.com.br\/blog\/conheca-escritorio-colaborativo-gft\/\"]}]},{\"@type\":\"BreadcrumbList\",\"@id\":\"https:\/\/www.dabusarquitetura.com.br\/blog\/conheca-escritorio-colaborativo-gft\/#breadcrumb\",\"itemListElement\":[{\"@type\":\"ListItem\",\"position\":1,\"name\":\"In\u00edcio\",\"item\":\"https:\/\/www.dabusarquitetura.com.br\/blog\/\"},{\"@type\":\"ListItem\",\"position\":2,\"name\":\"Conhe\u00e7a o escrit\u00f3rio colaborativo desenvolvido para a GFT\"}]},{\"@type\":\"WebSite\",\"@id\":\"https:\/\/www.dabusarquitetura.com.br\/blog\/#website\",\"url\":\"https:\/\/www.dabusarquitetura.com.br\/blog\/\",\"name\":\"DABUS ARQUITETURA\",\"description\":\"Arquitetura Corporativa\",\"potentialAction\":[{\"@type\":\"SearchAction\",\"target\":{\"@type\":\"EntryPoint\",\"urlTemplate\":\"https:\/\/www.dabusarquitetura.com.br\/blog\/?s={search_term_string}\"},\"query-input\":\"required name=search_term_string\"}],\"inLanguage\":\"pt-BR\"},{\"@type\":\"Person\",\"@id\":\"https:\/\/www.dabusarquitetura.com.br\/blog\/#\/schema\/person\/978b78d74759412a1cd43634996237c4\",\"name\":\"heloisa.dabus\",\"image\":{\"@type\":\"ImageObject\",\"inLanguage\":\"pt-BR\",\"@id\":\"https:\/\/www.dabusarquitetura.com.br\/blog\/#\/schema\/person\/image\/\",\"url\":\"https:\/\/secure.gravatar.com\/avatar\/4078f4f8e54fb70a99a5e9edc642ecb1?s=96&d=mm&r=g\",\"contentUrl\":\"https:\/\/secure.gravatar.com\/avatar\/4078f4f8e54fb70a99a5e9edc642ecb1?s=96&d=mm&r=g\",\"caption\":\"heloisa.dabus\"},\"url\":\"https:\/\/www.dabusarquitetura.com.br\/blog\/author\/heloisa-dabus\/\"}]}<\/script>\n<!-- \/ Yoast SEO plugin. -->","yoast_head_json":{"title":"Conhe\u00e7a o escrit\u00f3rio colaborativo desenvolvido para a GFT","description":"Confira o reultado do projeto de Arquitetura Corporativa que desenvolvemos para a GFT, empresa de tecnologia. Um escrit\u00f3rio colaborativo, cheio de estilo!","robots":{"index":"index","follow":"follow","max-snippet":"max-snippet:-1","max-image-preview":"max-image-preview:large","max-video-preview":"max-video-preview:-1"},"canonical":"https:\/\/www.dabusarquitetura.com.br\/blog\/conheca-escritorio-colaborativo-gft\/","og_locale":"pt_BR","og_type":"article","og_title":"Conhe\u00e7a o escrit\u00f3rio colaborativo desenvolvido para a GFT","og_description":"Confira o reultado do projeto de Arquitetura Corporativa que desenvolvemos para a GFT, empresa de tecnologia. Um escrit\u00f3rio colaborativo, cheio de estilo!","og_url":"https:\/\/www.dabusarquitetura.com.br\/blog\/conheca-escritorio-colaborativo-gft\/","og_site_name":"DABUS ARQUITETURA","article_published_time":"2022-05-22T23:26:18+00:00","article_modified_time":"2022-05-22T23:26:19+00:00","og_image":[{"url":"http:\/\/www.dabusarquitetura.com.br\/blog\/wp-content\/uploads\/2022\/05\/escritorio-colaborativo-projeto-gft.jpg"}],"author":"heloisa.dabus","twitter_card":"summary_large_image","twitter_misc":{"Escrito por":"heloisa.dabus","Est. tempo de leitura":"2 minutos"},"schema":{"@context":"https:\/\/schema.org","@graph":[{"@type":"WebPage","@id":"https:\/\/www.dabusarquitetura.com.br\/blog\/conheca-escritorio-colaborativo-gft\/","url":"https:\/\/www.dabusarquitetura.com.br\/blog\/conheca-escritorio-colaborativo-gft\/","name":"Conhe\u00e7a o escrit\u00f3rio colaborativo desenvolvido para a GFT","isPartOf":{"@id":"https:\/\/www.dabusarquitetura.com.br\/blog\/#website"},"datePublished":"2022-05-22T23:26:18+00:00","dateModified":"2022-05-22T23:26:19+00:00","author":{"@id":"https:\/\/www.dabusarquitetura.com.br\/blog\/#\/schema\/person\/978b78d74759412a1cd43634996237c4"},"description":"Confira o reultado do projeto de Arquitetura Corporativa que desenvolvemos para a GFT, empresa de tecnologia. Um escrit\u00f3rio colaborativo, cheio de estilo!","breadcrumb":{"@id":"https:\/\/www.dabusarquitetura.com.br\/blog\/conheca-escritorio-colaborativo-gft\/#breadcrumb"},"inLanguage":"pt-BR","potentialAction":[{"@type":"ReadAction","target":["https:\/\/www.dabusarquitetura.com.br\/blog\/conheca-escritorio-colaborativo-gft\/"]}]},{"@type":"BreadcrumbList","@id":"https:\/\/www.dabusarquitetura.com.br\/blog\/conheca-escritorio-colaborativo-gft\/#breadcrumb","itemListElement":[{"@type":"ListItem","position":1,"name":"In\u00edcio","item":"https:\/\/www.dabusarquitetura.com.br\/blog\/"},{"@type":"ListItem","position":2,"name":"Conhe\u00e7a o escrit\u00f3rio colaborativo desenvolvido para a GFT"}]},{"@type":"WebSite","@id":"https:\/\/www.dabusarquitetura.com.br\/blog\/#website","url":"https:\/\/www.dabusarquitetura.com.br\/blog\/","name":"DABUS ARQUITETURA","description":"Arquitetura Corporativa","potentialAction":[{"@type":"SearchAction","target":{"@type":"EntryPoint","urlTemplate":"https:\/\/www.dabusarquitetura.com.br\/blog\/?s={search_term_string}"},"query-input":"required name=search_term_string"}],"inLanguage":"pt-BR"},{"@type":"Person","@id":"https:\/\/www.dabusarquitetura.com.br\/blog\/#\/schema\/person\/978b78d74759412a1cd43634996237c4","name":"heloisa.dabus","image":{"@type":"ImageObject","inLanguage":"pt-BR","@id":"https:\/\/www.dabusarquitetura.com.br\/blog\/#\/schema\/person\/image\/","url":"https:\/\/secure.gravatar.com\/avatar\/4078f4f8e54fb70a99a5e9edc642ecb1?s=96&d=mm&r=g","contentUrl":"https:\/\/secure.gravatar.com\/avatar\/4078f4f8e54fb70a99a5e9edc642ecb1?s=96&d=mm&r=g","caption":"heloisa.dabus"},"url":"https:\/\/www.dabusarquitetura.com.br\/blog\/author\/heloisa-dabus\/"}]}},"_links":{"self":[{"href":"https:\/\/www.dabusarquitetura.com.br\/blog\/wp-json\/wp\/v2\/posts\/16013"}],"collection":[{"href":"https:\/\/www.dabusarquitetura.com.br\/blog\/wp-json\/wp\/v2\/posts"}],"about":[{"href":"https:\/\/www.dabusarquitetura.com.br\/blog\/wp-json\/wp\/v2\/types\/post"}],"author":[{"embeddable":true,"href":"https:\/\/www.dabusarquitetura.com.br\/blog\/wp-json\/wp\/v2\/users\/3"}],"replies":[{"embeddable":true,"href":"https:\/\/www.dabusarquitetura.com.br\/blog\/wp-json\/wp\/v2\/comments?post=16013"}],"version-history":[{"count":15,"href":"https:\/\/www.dabusarquitetura.com.br\/blog\/wp-json\/wp\/v2\/posts\/16013\/revisions"}],"predecessor-version":[{"id":16055,"href":"https:\/\/www.dabusarquitetura.com.br\/blog\/wp-json\/wp\/v2\/posts\/16013\/revisions\/16055"}],"wp:attachment":[{"href":"https:\/\/www.dabusarquitetura.com.br\/blog\/wp-json\/wp\/v2\/media?parent=16013"}],"wp:term":[{"taxonomy":"category","embeddable":true,"href":"https:\/\/www.dabusarquitetura.com.br\/blog\/wp-json\/wp\/v2\/categories?post=16013"},{"taxonomy":"post_tag","embeddable":true,"href":"https:\/\/www.dabusarquitetura.com.br\/blog\/wp-json\/wp\/v2\/tags?post=16013"}],"curies":[{"name":"wp","href":"https:\/\/api.w.org\/{rel}","templated":true}]}}