{"id":15869,"date":"2021-11-13T21:53:00","date_gmt":"2021-11-13T18:53:00","guid":{"rendered":"http:\/\/www.dabusarquitetura.com.br\/blog\/?p=15869"},"modified":"2021-11-13T21:53:02","modified_gmt":"2021-11-13T18:53:02","slug":"novos-espacos-colaborativos-mesas-compartilhadas","status":"publish","type":"post","link":"https:\/\/www.dabusarquitetura.com.br\/blog\/novos-espacos-colaborativos-mesas-compartilhadas\/","title":{"rendered":"Novos espa\u00e7os colaborativos: mesas compartilhadas"},"content":{"rendered":"\n<div class=\"wp-block-image\"><figure class=\"aligncenter\"><img decoding=\"async\" loading=\"lazy\" width=\"834\" height=\"317\" src=\"http:\/\/www.dabusarquitetura.com.br\/blog\/wp-content\/uploads\/2021\/11\/mesas-compartilhadas-colaboracao.png\" alt=\"Mesas compartilhadas\" class=\"wp-image-15871\" srcset=\"https:\/\/www.dabusarquitetura.com.br\/blog\/wp-content\/uploads\/2021\/11\/mesas-compartilhadas-colaboracao.png 834w, https:\/\/www.dabusarquitetura.com.br\/blog\/wp-content\/uploads\/2021\/11\/mesas-compartilhadas-colaboracao-300x114.png 300w, https:\/\/www.dabusarquitetura.com.br\/blog\/wp-content\/uploads\/2021\/11\/mesas-compartilhadas-colaboracao-768x292.png 768w\" sizes=\"(max-width: 834px) 100vw, 834px\" \/><figcaption><a href=\"https:\/\/www.dabusarquitetura.com.br\/site\/arquitetura-corporativa\/e-o-game-280721100748.html\" target=\"_blank\" rel=\"noreferrer noopener\" aria-label=\"Projeto de Arquitetura Corporativa desenvolvido para a \u00c9 o Game (abre numa nova aba)\">Projeto de Arquitetura Corporativa desenvolvido para a \u00c9 o Game<\/a>.<\/figcaption><\/figure><\/div>\n\n\n\n<p><strong>Mesas compartilhadas<\/strong> j\u00e1 s\u00e3o velhas conhecidas das empresas. Entretanto, configura\u00e7\u00f5es espec\u00edficas passaram a ser necess\u00e1rias no contexto dos novos espa\u00e7os colaborativos. Sim, \u201cnovos\u201d, porque n\u00e3o s\u00f3 a pr\u00f3pria evolu\u00e7\u00e3o do tempo, como a pandemia de COVID-19, mudaram a forma de se pensar e planejar o layout dos escrit\u00f3rios.<\/p>\n\n\n\n<p>Algumas medidas assumem um car\u00e1ter provis\u00f3rio, \u00e9 verdade. Sobretudo ao que diz respeito \u00e0 intensifica\u00e7\u00e3o dos cuidados com a sa\u00fade e seguran\u00e7a dos ocupantes. Contudo, outras provid\u00eancias devem ser incorporadas de maneira mais permanente, como reflexo de uma <strong>mudan\u00e7a mais profunda de mentalidade e cultura<\/strong>.<\/p>\n\n\n\n<p>O modo como as pessoas se sentam junto \u00e0 mesa de trabalho e ali realizam suas tarefas, trocam experi\u00eancias e passam boa parte de seu dia, precisa ser visto com aten\u00e7\u00e3o. As configura\u00e7\u00f5es n\u00e3o podem ser as mesmas de sempre. \u00c9 necess\u00e1rio encontrar solu\u00e7\u00f5es diferenciadas, fazer adapta\u00e7\u00f5es e otimizar o uso do espa\u00e7o no intuito de mant\u00ea-lo sempre atualizado.<\/p>\n\n\n\n<h3 class=\"wp-block-heading\">Benef\u00edcios das mesas compartilhadas<\/h3>\n\n\n\n<p>A ades\u00e3o a mesas compartilhadas se intensificou \u00e0 medida que a pr\u00e1tica do <a href=\"https:\/\/www.wework.com\/pt-BR\/ideas\/workspace-solutions\/what-is-hot-desking\">hot-desking<\/a> e dos espa\u00e7os de coworking ganharam terreno. Isto muito se deve a novas maneiras de conceber o desenvolvimento dos neg\u00f3cios, diante de <strong>cen\u00e1rios extremamente din\u00e2micos<\/strong>, em constante mudan\u00e7a.<\/p>\n\n\n\n<p>Naturalmente, a <strong>colabora\u00e7\u00e3o \u00e9 um dos fatores valorizados e visados<\/strong> neste contexto. A agilidade de comunica\u00e7\u00e3o, o est\u00edmulo a insights e o senso de liberdade s\u00e3o alguns dos benef\u00edcios buscados. E, claro, as mesas compartilhadas facilitam muito a promo\u00e7\u00e3o deles.&nbsp;<\/p>\n\n\n\n<p>O mobili\u00e1rio tamb\u00e9m pode ser adotado como um recurso para a otimiza\u00e7\u00e3o de espa\u00e7os, o fortalecimento do esp\u00edrito de equipe e at\u00e9 mesmo a melhoria da <a href=\"https:\/\/www.dabusarquitetura.com.br\/blog\/2018\/11\/dicas-gestao-pessoas-equipe-eficiente\/\"><strong>gest\u00e3o de pessoas<\/strong><\/a>, dentre outras solu\u00e7\u00f5es.<\/p>\n\n\n\n<h3 class=\"wp-block-heading\">Como devem ser as mesas compartilhadas dos novos espa\u00e7os colaborativos<\/h3>\n\n\n\n<p>Apesar de toda aten\u00e7\u00e3o e preocupa\u00e7\u00e3o com a volta do conv\u00edvio no espa\u00e7o f\u00edsico do escrit\u00f3rio, o trabalho colaborativo n\u00e3o deixar\u00e1 de existir. Nem de ser pertinente. Assim como <strong>layouts que prezam pela colabora\u00e7\u00e3o n\u00e3o ser\u00e3o anulados<\/strong>. Todavia, provid\u00eancias precisar\u00e3o ser tomadas.<\/p>\n\n\n\n<p>Com rela\u00e7\u00e3o \u00e0s mesas compartilhadas, \u00e9 ideal que seja respeitado o <strong>distanciamento de 1,8 metros <\/strong>entre os usu\u00e1rios. Para tanto, pode ser necess\u00e1rio tirar alguns assentos. Isto se n\u00e3o for uma op\u00e7\u00e3o providenciar adapta\u00e7\u00f5es, como a instala\u00e7\u00e3o de divis\u00f3rias (frontais e laterais)&nbsp; ou mesmo a compra de um novo m\u00f3vel, j\u00e1 com as prote\u00e7\u00f5es adequadas.<\/p>\n\n\n\n<p>Estas divis\u00f5es servem tamb\u00e9m para gerar certo grau de <strong>individualidade<\/strong>, que pode ser muito bem-vindo em algumas fun\u00e7\u00f5es. \u00c9 importante tamb\u00e9m considerar as demais necessidades do time e sempre lembrar de garantir n\u00e3o s\u00f3 a higiene, como tamb\u00e9m a <strong>ergonomia<\/strong>! Vale assinalar que, quanto \u00e0 limpeza, vale a pena investir em superf\u00edcies lisas, que facilitam a manuten\u00e7\u00e3o.<\/p>\n\n\n\n<p>N\u00f3s, da <strong>DABUS ARQUITETURA<\/strong>, somos especialistas em <strong>Arquitetura Corporativa<\/strong>. Portanto, temos a expertise certa para tornar a sua empresa um local mais produtivo, seguro e atualizado.<\/p>\n\n\n\n<p>Ent\u00e3o, n\u00e3o perca tempo. Fale conosco pelo <strong><a rel=\"noreferrer noopener\" aria-label=\" (abre numa nova aba)\" href=\"https:\/\/api.whatsapp.com\/send?l=pt&amp;phone=5511983276060\" target=\"_blank\">WhatsApp (11) 98327-6060<\/a><\/strong>.<\/p>\n","protected":false},"excerpt":{"rendered":"<p>Mesas compartilhadas j\u00e1 s\u00e3o velhas conhecidas das empresas. Entretanto, configura\u00e7\u00f5es espec\u00edficas passaram a ser necess\u00e1rias no contexto dos novos espa\u00e7os colaborativos. Sim, \u201cnovos\u201d, porque n\u00e3o [&hellip;]<\/p>\n","protected":false},"author":3,"featured_media":0,"comment_status":"open","ping_status":"open","sticky":false,"template":"","format":"standard","meta":[],"categories":[7],"tags":[],"yoast_head":"<!-- This site is optimized with the Yoast SEO plugin v20.8 - https:\/\/yoast.com\/wordpress\/plugins\/seo\/ -->\n<title>Novos espa\u00e7os colaborativos: mesas compartilhadas<\/title>\n<meta name=\"description\" content=\"As mesas compartilhadas j\u00e1 fazem parte da rotina de muitas empresas. Por\u00e9m, o mobili\u00e1rio deve ser adaptado aos novos tempos. Veja as dicas.\" \/>\n<meta name=\"robots\" content=\"index, follow, max-snippet:-1, max-image-preview:large, max-video-preview:-1\" \/>\n<link rel=\"canonical\" href=\"https:\/\/www.dabusarquitetura.com.br\/blog\/novos-espacos-colaborativos-mesas-compartilhadas\/\" \/>\n<meta property=\"og:locale\" content=\"pt_BR\" \/>\n<meta property=\"og:type\" content=\"article\" \/>\n<meta property=\"og:title\" content=\"Novos espa\u00e7os colaborativos: mesas compartilhadas\" \/>\n<meta property=\"og:description\" content=\"As mesas compartilhadas j\u00e1 fazem parte da rotina de muitas empresas. Por\u00e9m, o mobili\u00e1rio deve ser adaptado aos novos tempos. Veja as dicas.\" \/>\n<meta property=\"og:url\" content=\"https:\/\/www.dabusarquitetura.com.br\/blog\/novos-espacos-colaborativos-mesas-compartilhadas\/\" \/>\n<meta property=\"og:site_name\" content=\"DABUS ARQUITETURA\" \/>\n<meta property=\"article:published_time\" content=\"2021-11-13T18:53:00+00:00\" \/>\n<meta property=\"article:modified_time\" content=\"2021-11-13T18:53:02+00:00\" \/>\n<meta property=\"og:image\" content=\"http:\/\/www.dabusarquitetura.com.br\/blog\/wp-content\/uploads\/2021\/11\/mesas-compartilhadas-colaboracao.png\" \/>\n<meta name=\"author\" content=\"heloisa.dabus\" \/>\n<meta name=\"twitter:card\" content=\"summary_large_image\" \/>\n<meta name=\"twitter:label1\" content=\"Escrito por\" \/>\n\t<meta name=\"twitter:data1\" content=\"heloisa.dabus\" \/>\n\t<meta name=\"twitter:label2\" content=\"Est. tempo de leitura\" \/>\n\t<meta name=\"twitter:data2\" content=\"3 minutos\" \/>\n<script type=\"application\/ld+json\" class=\"yoast-schema-graph\">{\"@context\":\"https:\/\/schema.org\",\"@graph\":[{\"@type\":\"WebPage\",\"@id\":\"https:\/\/www.dabusarquitetura.com.br\/blog\/novos-espacos-colaborativos-mesas-compartilhadas\/\",\"url\":\"https:\/\/www.dabusarquitetura.com.br\/blog\/novos-espacos-colaborativos-mesas-compartilhadas\/\",\"name\":\"Novos espa\u00e7os colaborativos: mesas compartilhadas\",\"isPartOf\":{\"@id\":\"https:\/\/www.dabusarquitetura.com.br\/blog\/#website\"},\"datePublished\":\"2021-11-13T18:53:00+00:00\",\"dateModified\":\"2021-11-13T18:53:02+00:00\",\"author\":{\"@id\":\"https:\/\/www.dabusarquitetura.com.br\/blog\/#\/schema\/person\/978b78d74759412a1cd43634996237c4\"},\"description\":\"As mesas compartilhadas j\u00e1 fazem parte da rotina de muitas empresas. Por\u00e9m, o mobili\u00e1rio deve ser adaptado aos novos tempos. Veja as dicas.\",\"breadcrumb\":{\"@id\":\"https:\/\/www.dabusarquitetura.com.br\/blog\/novos-espacos-colaborativos-mesas-compartilhadas\/#breadcrumb\"},\"inLanguage\":\"pt-BR\",\"potentialAction\":[{\"@type\":\"ReadAction\",\"target\":[\"https:\/\/www.dabusarquitetura.com.br\/blog\/novos-espacos-colaborativos-mesas-compartilhadas\/\"]}]},{\"@type\":\"BreadcrumbList\",\"@id\":\"https:\/\/www.dabusarquitetura.com.br\/blog\/novos-espacos-colaborativos-mesas-compartilhadas\/#breadcrumb\",\"itemListElement\":[{\"@type\":\"ListItem\",\"position\":1,\"name\":\"In\u00edcio\",\"item\":\"https:\/\/www.dabusarquitetura.com.br\/blog\/\"},{\"@type\":\"ListItem\",\"position\":2,\"name\":\"Novos espa\u00e7os colaborativos: mesas compartilhadas\"}]},{\"@type\":\"WebSite\",\"@id\":\"https:\/\/www.dabusarquitetura.com.br\/blog\/#website\",\"url\":\"https:\/\/www.dabusarquitetura.com.br\/blog\/\",\"name\":\"DABUS ARQUITETURA\",\"description\":\"Arquitetura Corporativa\",\"potentialAction\":[{\"@type\":\"SearchAction\",\"target\":{\"@type\":\"EntryPoint\",\"urlTemplate\":\"https:\/\/www.dabusarquitetura.com.br\/blog\/?s={search_term_string}\"},\"query-input\":\"required name=search_term_string\"}],\"inLanguage\":\"pt-BR\"},{\"@type\":\"Person\",\"@id\":\"https:\/\/www.dabusarquitetura.com.br\/blog\/#\/schema\/person\/978b78d74759412a1cd43634996237c4\",\"name\":\"heloisa.dabus\",\"image\":{\"@type\":\"ImageObject\",\"inLanguage\":\"pt-BR\",\"@id\":\"https:\/\/www.dabusarquitetura.com.br\/blog\/#\/schema\/person\/image\/\",\"url\":\"https:\/\/secure.gravatar.com\/avatar\/4078f4f8e54fb70a99a5e9edc642ecb1?s=96&d=mm&r=g\",\"contentUrl\":\"https:\/\/secure.gravatar.com\/avatar\/4078f4f8e54fb70a99a5e9edc642ecb1?s=96&d=mm&r=g\",\"caption\":\"heloisa.dabus\"},\"url\":\"https:\/\/www.dabusarquitetura.com.br\/blog\/author\/heloisa-dabus\/\"}]}<\/script>\n<!-- \/ Yoast SEO plugin. -->","yoast_head_json":{"title":"Novos espa\u00e7os colaborativos: mesas compartilhadas","description":"As mesas compartilhadas j\u00e1 fazem parte da rotina de muitas empresas. Por\u00e9m, o mobili\u00e1rio deve ser adaptado aos novos tempos. Veja as dicas.","robots":{"index":"index","follow":"follow","max-snippet":"max-snippet:-1","max-image-preview":"max-image-preview:large","max-video-preview":"max-video-preview:-1"},"canonical":"https:\/\/www.dabusarquitetura.com.br\/blog\/novos-espacos-colaborativos-mesas-compartilhadas\/","og_locale":"pt_BR","og_type":"article","og_title":"Novos espa\u00e7os colaborativos: mesas compartilhadas","og_description":"As mesas compartilhadas j\u00e1 fazem parte da rotina de muitas empresas. Por\u00e9m, o mobili\u00e1rio deve ser adaptado aos novos tempos. Veja as dicas.","og_url":"https:\/\/www.dabusarquitetura.com.br\/blog\/novos-espacos-colaborativos-mesas-compartilhadas\/","og_site_name":"DABUS ARQUITETURA","article_published_time":"2021-11-13T18:53:00+00:00","article_modified_time":"2021-11-13T18:53:02+00:00","og_image":[{"url":"http:\/\/www.dabusarquitetura.com.br\/blog\/wp-content\/uploads\/2021\/11\/mesas-compartilhadas-colaboracao.png"}],"author":"heloisa.dabus","twitter_card":"summary_large_image","twitter_misc":{"Escrito por":"heloisa.dabus","Est. tempo de leitura":"3 minutos"},"schema":{"@context":"https:\/\/schema.org","@graph":[{"@type":"WebPage","@id":"https:\/\/www.dabusarquitetura.com.br\/blog\/novos-espacos-colaborativos-mesas-compartilhadas\/","url":"https:\/\/www.dabusarquitetura.com.br\/blog\/novos-espacos-colaborativos-mesas-compartilhadas\/","name":"Novos espa\u00e7os colaborativos: mesas compartilhadas","isPartOf":{"@id":"https:\/\/www.dabusarquitetura.com.br\/blog\/#website"},"datePublished":"2021-11-13T18:53:00+00:00","dateModified":"2021-11-13T18:53:02+00:00","author":{"@id":"https:\/\/www.dabusarquitetura.com.br\/blog\/#\/schema\/person\/978b78d74759412a1cd43634996237c4"},"description":"As mesas compartilhadas j\u00e1 fazem parte da rotina de muitas empresas. Por\u00e9m, o mobili\u00e1rio deve ser adaptado aos novos tempos. Veja as dicas.","breadcrumb":{"@id":"https:\/\/www.dabusarquitetura.com.br\/blog\/novos-espacos-colaborativos-mesas-compartilhadas\/#breadcrumb"},"inLanguage":"pt-BR","potentialAction":[{"@type":"ReadAction","target":["https:\/\/www.dabusarquitetura.com.br\/blog\/novos-espacos-colaborativos-mesas-compartilhadas\/"]}]},{"@type":"BreadcrumbList","@id":"https:\/\/www.dabusarquitetura.com.br\/blog\/novos-espacos-colaborativos-mesas-compartilhadas\/#breadcrumb","itemListElement":[{"@type":"ListItem","position":1,"name":"In\u00edcio","item":"https:\/\/www.dabusarquitetura.com.br\/blog\/"},{"@type":"ListItem","position":2,"name":"Novos espa\u00e7os colaborativos: mesas compartilhadas"}]},{"@type":"WebSite","@id":"https:\/\/www.dabusarquitetura.com.br\/blog\/#website","url":"https:\/\/www.dabusarquitetura.com.br\/blog\/","name":"DABUS ARQUITETURA","description":"Arquitetura Corporativa","potentialAction":[{"@type":"SearchAction","target":{"@type":"EntryPoint","urlTemplate":"https:\/\/www.dabusarquitetura.com.br\/blog\/?s={search_term_string}"},"query-input":"required name=search_term_string"}],"inLanguage":"pt-BR"},{"@type":"Person","@id":"https:\/\/www.dabusarquitetura.com.br\/blog\/#\/schema\/person\/978b78d74759412a1cd43634996237c4","name":"heloisa.dabus","image":{"@type":"ImageObject","inLanguage":"pt-BR","@id":"https:\/\/www.dabusarquitetura.com.br\/blog\/#\/schema\/person\/image\/","url":"https:\/\/secure.gravatar.com\/avatar\/4078f4f8e54fb70a99a5e9edc642ecb1?s=96&d=mm&r=g","contentUrl":"https:\/\/secure.gravatar.com\/avatar\/4078f4f8e54fb70a99a5e9edc642ecb1?s=96&d=mm&r=g","caption":"heloisa.dabus"},"url":"https:\/\/www.dabusarquitetura.com.br\/blog\/author\/heloisa-dabus\/"}]}},"_links":{"self":[{"href":"https:\/\/www.dabusarquitetura.com.br\/blog\/wp-json\/wp\/v2\/posts\/15869"}],"collection":[{"href":"https:\/\/www.dabusarquitetura.com.br\/blog\/wp-json\/wp\/v2\/posts"}],"about":[{"href":"https:\/\/www.dabusarquitetura.com.br\/blog\/wp-json\/wp\/v2\/types\/post"}],"author":[{"embeddable":true,"href":"https:\/\/www.dabusarquitetura.com.br\/blog\/wp-json\/wp\/v2\/users\/3"}],"replies":[{"embeddable":true,"href":"https:\/\/www.dabusarquitetura.com.br\/blog\/wp-json\/wp\/v2\/comments?post=15869"}],"version-history":[{"count":2,"href":"https:\/\/www.dabusarquitetura.com.br\/blog\/wp-json\/wp\/v2\/posts\/15869\/revisions"}],"predecessor-version":[{"id":15872,"href":"https:\/\/www.dabusarquitetura.com.br\/blog\/wp-json\/wp\/v2\/posts\/15869\/revisions\/15872"}],"wp:attachment":[{"href":"https:\/\/www.dabusarquitetura.com.br\/blog\/wp-json\/wp\/v2\/media?parent=15869"}],"wp:term":[{"taxonomy":"category","embeddable":true,"href":"https:\/\/www.dabusarquitetura.com.br\/blog\/wp-json\/wp\/v2\/categories?post=15869"},{"taxonomy":"post_tag","embeddable":true,"href":"https:\/\/www.dabusarquitetura.com.br\/blog\/wp-json\/wp\/v2\/tags?post=15869"}],"curies":[{"name":"wp","href":"https:\/\/api.w.org\/{rel}","templated":true}]}}