{"id":15814,"date":"2021-09-19T23:07:52","date_gmt":"2021-09-19T20:07:52","guid":{"rendered":"http:\/\/www.dabusarquitetura.com.br\/blog\/?p=15814"},"modified":"2021-09-19T23:07:53","modified_gmt":"2021-09-19T20:07:53","slug":"arquitetura-emocional-o-que-e-objetivo","status":"publish","type":"post","link":"https:\/\/www.dabusarquitetura.com.br\/blog\/arquitetura-emocional-o-que-e-objetivo\/","title":{"rendered":"Arquitetura emocional: o que \u00e9 e qual seu objetivo?"},"content":{"rendered":"\n<div class=\"wp-block-image\"><figure class=\"aligncenter\"><img decoding=\"async\" loading=\"lazy\" width=\"834\" height=\"317\" src=\"http:\/\/www.dabusarquitetura.com.br\/blog\/wp-content\/uploads\/2021\/09\/arquitetura-emocional.png\" alt=\"Arquitetura emocional\" class=\"wp-image-15819\" srcset=\"https:\/\/www.dabusarquitetura.com.br\/blog\/wp-content\/uploads\/2021\/09\/arquitetura-emocional.png 834w, https:\/\/www.dabusarquitetura.com.br\/blog\/wp-content\/uploads\/2021\/09\/arquitetura-emocional-300x114.png 300w, https:\/\/www.dabusarquitetura.com.br\/blog\/wp-content\/uploads\/2021\/09\/arquitetura-emocional-768x292.png 768w\" sizes=\"(max-width: 834px) 100vw, 834px\" \/><\/figure><\/div>\n\n\n\n<p>A vida \u00e9 repleta de emo\u00e7\u00f5es e s\u00e3o elas que tornam cada momento especial. H\u00e1 est\u00edmulos que desencadeiam sensa\u00e7\u00f5es negativas, e aqueles que despertam alegria, conforto e prazer. Tudo isso pode surgir a partir do espa\u00e7o em que nos encontramos. J\u00e1 prestou aten\u00e7\u00e3o? Portanto, falar em <strong>Arquitetura emocional<\/strong> \u00e9 t\u00e3o relevante.<\/p>\n\n\n\n<p>Seja em casa ou na empresa, na rua ou em um estabelecimento comercial, <strong>nossas viv\u00eancias s\u00e3o permeadas de emo\u00e7\u00f5es<\/strong>. O que muitos n\u00e3o observam \u00e9 como esses ambientes acabam influenciando aquilo que sentem.<\/p>\n\n\n\n<p>No entanto, todo bom projeto de Arquitetura \u00e9 planejado e articulado para impactar os ocupantes de determinada forma. Sobretudo, se ele for voltado ao ramo <strong>Comercial<\/strong> ou <strong>Corporativo<\/strong>.<\/p>\n\n\n\n<p>Acompanhe a seguir e entenda melhor!<\/p>\n\n\n\n<h2 class=\"wp-block-heading\">O que \u00e9 Arquitetura emocional?&nbsp;<\/h2>\n\n\n\n<p>De certa forma, <strong>todo projeto arquitet\u00f4nico \u00e9 emocional<\/strong>, pois, uma vez voltado \u00e0 ocupa\u00e7\u00e3o humana ou aos seus objetivos, ele precisa considerar como ser\u00e3o, ou dever\u00e3o ser, as experi\u00eancias das pessoas. Como elas devem se sentir? De que maneira devem interagir com o espa\u00e7o? Estas s\u00e3o perguntas que jamais podem ser deixadas de lado.<\/p>\n\n\n\n<p>Entretanto, \u00e9 poss\u00edvel falar de Arquitetura Emocional de forma mais espec\u00edfica, como uma especialidade abarcada pela <a href=\"https:\/\/www.dabusarquitetura.com.br\/blog\/2019\/05\/neuroarquitetura-impacta-projetos\/\"><strong>Neuroarquitetura<\/strong><\/a>. Como o pr\u00f3prio nome j\u00e1 revela, este \u00e9 um conceito que define a aplica\u00e7\u00e3o da Neuroci\u00eancia \u00e0 Arquitetura. Seu objeto de estudo s\u00e3o as <strong>respostas f\u00edsicas e psicol\u00f3gicas<\/strong> dos usu\u00e1rios com rela\u00e7\u00e3o ao ambiente que os cerca.<\/p>\n\n\n\n<p>Diversas \u00e1reas do conhecimento precisam ser acionadas para se chegar a tal compreens\u00e3o. Primeiramente \u00e9 necess\u00e1rio pensar na experi\u00eancia dentro dos espa\u00e7os f\u00edsicos como um <strong>mix de est\u00edmulos aos cinco sentidos<\/strong>. Ent\u00e3o, deve-se considerar que os sentimentos provocados desta exposi\u00e7\u00e3o podem ser os mais diversos poss\u00edveis, j\u00e1 que dependem de uma s\u00e9rie de particularidades, como o <strong>momento de cada indiv\u00edduo, seu humor e seus tra\u00e7os emocionais<\/strong>.<\/p>\n\n\n\n<h3 class=\"wp-block-heading\">Emo\u00e7\u00f5es despertadas pela Arquitetura<\/h3>\n\n\n\n<p>\u00c9 importante compreender que as emo\u00e7\u00f5es nascem como resultados de <strong>rea\u00e7\u00f5es bioqu\u00edmicas<\/strong>. Estas s\u00e3o desencadeadas por respostas tempor\u00e1rias a est\u00edmulos tanto internos, quanto externos. Mas, de acordo com a intensidade e frequ\u00eancia deles, modifica\u00e7\u00f5es mais permanentes podem alterar o funcionamento de alguns neur\u00f4nios.<\/p>\n\n\n\n<p>Assim, quando algum elemento da <a href=\"https:\/\/www.dabusarquitetura.com.br\/blog\/2021\/02\/o-que-e-arquitetura-de-interiores-atribuicoes\/\"><strong>Arquitetura de Interiores<\/strong><\/a><strong> <\/strong>n\u00e3o \u00e9 ergon\u00f4mico, por exemplo, ele gera desconfortos que afloram emo\u00e7\u00f5es negativas. Se a situa\u00e7\u00e3o permanecer por um tempo maior, <strong>a emo\u00e7\u00e3o pode evoluir para um sentimento<\/strong>, que tem car\u00e1ter mais duradouro. Ent\u00e3o, frases como \u201codeio essa cadeira\u201d ou \u201cdetesto essa mesa\u201d poder\u00e3o ser ouvidas.<\/p>\n\n\n\n<p>De modo diferente, se o mobili\u00e1rio proporcionar conforto e aconchego, o funcion\u00e1rio poder\u00e1 se sentir bem o suficiente at\u00e9 para experimentar um <strong>loop emocional<\/strong>. Ou seja, a partir daquela experi\u00eancia agrad\u00e1vel, pode ser encerrado um ciclo de estresse passado em casa ou no tr\u00e2nsito. Deste modo, ele ter\u00e1 condi\u00e7\u00f5es de <strong>trabalhar de forma mais produtiva<\/strong>.<\/p>\n\n\n\n<h3 class=\"wp-block-heading\">A Arquitetura emocional na Arquitetura Corporativa e Comercial<\/h3>\n\n\n\n<p>Nos projetos Corporativos e Comerciais a Arquitetura emocional \u00e9 indispens\u00e1vel porque ela precisa <strong>conectar as edifica\u00e7\u00f5es, ambientes e cen\u00e1rios ao discurso e personalidade da marca<\/strong>. Todos precisam falar a mesma l\u00edngua e buscar despertar as mesmas emo\u00e7\u00f5es!<\/p>\n\n\n\n<p>Se o comercial da TV provoca sensa\u00e7\u00f5es que n\u00e3o s\u00e3o espelhadas nos espa\u00e7os f\u00edsicos, ent\u00e3o, o <a href=\"https:\/\/www.dabusarquitetura.com.br\/blog\/2019\/06\/branding-em-arquitetura-como-criar\/\"><strong>branding<\/strong><\/a> se torna ineficiente. A imagem do neg\u00f3cio n\u00e3o ser\u00e1 fixada. A \u201chist\u00f3ria\u201d como um todo n\u00e3o far\u00e1 sentido.<\/p>\n\n\n\n<p>N\u00f3s, da <strong>DABUS ARQUITETURA<\/strong>, desenvolvemos projetos para escrit\u00f3rios e estabelecimentos comerciais h\u00e1 mais de 30 anos. Entre em contato conosco pelo <a href=\"https:\/\/api.whatsapp.com\/send?l=pt&amp;phone=5511983276060\"><strong>WhatsApp (11) 98327-6060<\/strong><\/a> e saiba como podemos ajudar o seu neg\u00f3cio!<\/p>\n\n\n\n<p>Refer\u00eancias: <a href=\"https:\/\/blog.fway.com\/arquitetura-emocional\/\">Blog F.WAY<\/a>, <a href=\"https:\/\/habitusbrasil.com\/arquitetura-emocional-impacto-marcas\/\">Habitus Brasil<\/a>, <a href=\"https:\/\/vogue.globo.com\/Vogue-Gente\/noticia\/2019\/06\/casa-com-afeto-tudo-que-voce-precisa-entender-sobre-arquitetura-emocional.html\">Vogue<\/a>.<\/p>\n","protected":false},"excerpt":{"rendered":"<p>A vida \u00e9 repleta de emo\u00e7\u00f5es e s\u00e3o elas que tornam cada momento especial. H\u00e1 est\u00edmulos que desencadeiam sensa\u00e7\u00f5es negativas, e aqueles que despertam alegria, [&hellip;]<\/p>\n","protected":false},"author":3,"featured_media":0,"comment_status":"open","ping_status":"open","sticky":false,"template":"","format":"standard","meta":[],"categories":[49],"tags":[],"yoast_head":"<!-- This site is optimized with the Yoast SEO plugin v20.8 - https:\/\/yoast.com\/wordpress\/plugins\/seo\/ -->\n<title>Arquitetura emocional: o que \u00e9 e qual seu objetivo?<\/title>\n<meta name=\"description\" content=\"A Arquitetura emocional dialoga diretamente com a natureza humana. Ambientes n\u00e3o t\u00eam valor apenas pr\u00e1tico, mas tamb\u00e9m subjetivo.\" \/>\n<meta name=\"robots\" content=\"index, follow, max-snippet:-1, max-image-preview:large, max-video-preview:-1\" \/>\n<link rel=\"canonical\" href=\"https:\/\/www.dabusarquitetura.com.br\/blog\/arquitetura-emocional-o-que-e-objetivo\/\" \/>\n<meta property=\"og:locale\" content=\"pt_BR\" \/>\n<meta property=\"og:type\" content=\"article\" \/>\n<meta property=\"og:title\" content=\"Arquitetura emocional: o que \u00e9 e qual seu objetivo?\" \/>\n<meta property=\"og:description\" content=\"A Arquitetura emocional dialoga diretamente com a natureza humana. Ambientes n\u00e3o t\u00eam valor apenas pr\u00e1tico, mas tamb\u00e9m subjetivo.\" \/>\n<meta property=\"og:url\" content=\"https:\/\/www.dabusarquitetura.com.br\/blog\/arquitetura-emocional-o-que-e-objetivo\/\" \/>\n<meta property=\"og:site_name\" content=\"DABUS ARQUITETURA\" \/>\n<meta property=\"article:published_time\" content=\"2021-09-19T20:07:52+00:00\" \/>\n<meta property=\"article:modified_time\" content=\"2021-09-19T20:07:53+00:00\" \/>\n<meta property=\"og:image\" content=\"http:\/\/www.dabusarquitetura.com.br\/blog\/wp-content\/uploads\/2021\/09\/arquitetura-emocional.png\" \/>\n<meta name=\"author\" content=\"heloisa.dabus\" \/>\n<meta name=\"twitter:card\" content=\"summary_large_image\" \/>\n<meta name=\"twitter:label1\" content=\"Escrito por\" \/>\n\t<meta name=\"twitter:data1\" content=\"heloisa.dabus\" \/>\n\t<meta name=\"twitter:label2\" content=\"Est. tempo de leitura\" \/>\n\t<meta name=\"twitter:data2\" content=\"3 minutos\" \/>\n<script type=\"application\/ld+json\" class=\"yoast-schema-graph\">{\"@context\":\"https:\/\/schema.org\",\"@graph\":[{\"@type\":\"WebPage\",\"@id\":\"https:\/\/www.dabusarquitetura.com.br\/blog\/arquitetura-emocional-o-que-e-objetivo\/\",\"url\":\"https:\/\/www.dabusarquitetura.com.br\/blog\/arquitetura-emocional-o-que-e-objetivo\/\",\"name\":\"Arquitetura emocional: o que \u00e9 e qual seu objetivo?\",\"isPartOf\":{\"@id\":\"https:\/\/www.dabusarquitetura.com.br\/blog\/#website\"},\"datePublished\":\"2021-09-19T20:07:52+00:00\",\"dateModified\":\"2021-09-19T20:07:53+00:00\",\"author\":{\"@id\":\"https:\/\/www.dabusarquitetura.com.br\/blog\/#\/schema\/person\/978b78d74759412a1cd43634996237c4\"},\"description\":\"A Arquitetura emocional dialoga diretamente com a natureza humana. Ambientes n\u00e3o t\u00eam valor apenas pr\u00e1tico, mas tamb\u00e9m subjetivo.\",\"breadcrumb\":{\"@id\":\"https:\/\/www.dabusarquitetura.com.br\/blog\/arquitetura-emocional-o-que-e-objetivo\/#breadcrumb\"},\"inLanguage\":\"pt-BR\",\"potentialAction\":[{\"@type\":\"ReadAction\",\"target\":[\"https:\/\/www.dabusarquitetura.com.br\/blog\/arquitetura-emocional-o-que-e-objetivo\/\"]}]},{\"@type\":\"BreadcrumbList\",\"@id\":\"https:\/\/www.dabusarquitetura.com.br\/blog\/arquitetura-emocional-o-que-e-objetivo\/#breadcrumb\",\"itemListElement\":[{\"@type\":\"ListItem\",\"position\":1,\"name\":\"In\u00edcio\",\"item\":\"https:\/\/www.dabusarquitetura.com.br\/blog\/\"},{\"@type\":\"ListItem\",\"position\":2,\"name\":\"Arquitetura emocional: o que \u00e9 e qual seu objetivo?\"}]},{\"@type\":\"WebSite\",\"@id\":\"https:\/\/www.dabusarquitetura.com.br\/blog\/#website\",\"url\":\"https:\/\/www.dabusarquitetura.com.br\/blog\/\",\"name\":\"DABUS ARQUITETURA\",\"description\":\"Arquitetura Corporativa\",\"potentialAction\":[{\"@type\":\"SearchAction\",\"target\":{\"@type\":\"EntryPoint\",\"urlTemplate\":\"https:\/\/www.dabusarquitetura.com.br\/blog\/?s={search_term_string}\"},\"query-input\":\"required name=search_term_string\"}],\"inLanguage\":\"pt-BR\"},{\"@type\":\"Person\",\"@id\":\"https:\/\/www.dabusarquitetura.com.br\/blog\/#\/schema\/person\/978b78d74759412a1cd43634996237c4\",\"name\":\"heloisa.dabus\",\"image\":{\"@type\":\"ImageObject\",\"inLanguage\":\"pt-BR\",\"@id\":\"https:\/\/www.dabusarquitetura.com.br\/blog\/#\/schema\/person\/image\/\",\"url\":\"https:\/\/secure.gravatar.com\/avatar\/4078f4f8e54fb70a99a5e9edc642ecb1?s=96&d=mm&r=g\",\"contentUrl\":\"https:\/\/secure.gravatar.com\/avatar\/4078f4f8e54fb70a99a5e9edc642ecb1?s=96&d=mm&r=g\",\"caption\":\"heloisa.dabus\"},\"url\":\"https:\/\/www.dabusarquitetura.com.br\/blog\/author\/heloisa-dabus\/\"}]}<\/script>\n<!-- \/ Yoast SEO plugin. -->","yoast_head_json":{"title":"Arquitetura emocional: o que \u00e9 e qual seu objetivo?","description":"A Arquitetura emocional dialoga diretamente com a natureza humana. Ambientes n\u00e3o t\u00eam valor apenas pr\u00e1tico, mas tamb\u00e9m subjetivo.","robots":{"index":"index","follow":"follow","max-snippet":"max-snippet:-1","max-image-preview":"max-image-preview:large","max-video-preview":"max-video-preview:-1"},"canonical":"https:\/\/www.dabusarquitetura.com.br\/blog\/arquitetura-emocional-o-que-e-objetivo\/","og_locale":"pt_BR","og_type":"article","og_title":"Arquitetura emocional: o que \u00e9 e qual seu objetivo?","og_description":"A Arquitetura emocional dialoga diretamente com a natureza humana. Ambientes n\u00e3o t\u00eam valor apenas pr\u00e1tico, mas tamb\u00e9m subjetivo.","og_url":"https:\/\/www.dabusarquitetura.com.br\/blog\/arquitetura-emocional-o-que-e-objetivo\/","og_site_name":"DABUS ARQUITETURA","article_published_time":"2021-09-19T20:07:52+00:00","article_modified_time":"2021-09-19T20:07:53+00:00","og_image":[{"url":"http:\/\/www.dabusarquitetura.com.br\/blog\/wp-content\/uploads\/2021\/09\/arquitetura-emocional.png"}],"author":"heloisa.dabus","twitter_card":"summary_large_image","twitter_misc":{"Escrito por":"heloisa.dabus","Est. tempo de leitura":"3 minutos"},"schema":{"@context":"https:\/\/schema.org","@graph":[{"@type":"WebPage","@id":"https:\/\/www.dabusarquitetura.com.br\/blog\/arquitetura-emocional-o-que-e-objetivo\/","url":"https:\/\/www.dabusarquitetura.com.br\/blog\/arquitetura-emocional-o-que-e-objetivo\/","name":"Arquitetura emocional: o que \u00e9 e qual seu objetivo?","isPartOf":{"@id":"https:\/\/www.dabusarquitetura.com.br\/blog\/#website"},"datePublished":"2021-09-19T20:07:52+00:00","dateModified":"2021-09-19T20:07:53+00:00","author":{"@id":"https:\/\/www.dabusarquitetura.com.br\/blog\/#\/schema\/person\/978b78d74759412a1cd43634996237c4"},"description":"A Arquitetura emocional dialoga diretamente com a natureza humana. Ambientes n\u00e3o t\u00eam valor apenas pr\u00e1tico, mas tamb\u00e9m subjetivo.","breadcrumb":{"@id":"https:\/\/www.dabusarquitetura.com.br\/blog\/arquitetura-emocional-o-que-e-objetivo\/#breadcrumb"},"inLanguage":"pt-BR","potentialAction":[{"@type":"ReadAction","target":["https:\/\/www.dabusarquitetura.com.br\/blog\/arquitetura-emocional-o-que-e-objetivo\/"]}]},{"@type":"BreadcrumbList","@id":"https:\/\/www.dabusarquitetura.com.br\/blog\/arquitetura-emocional-o-que-e-objetivo\/#breadcrumb","itemListElement":[{"@type":"ListItem","position":1,"name":"In\u00edcio","item":"https:\/\/www.dabusarquitetura.com.br\/blog\/"},{"@type":"ListItem","position":2,"name":"Arquitetura emocional: o que \u00e9 e qual seu objetivo?"}]},{"@type":"WebSite","@id":"https:\/\/www.dabusarquitetura.com.br\/blog\/#website","url":"https:\/\/www.dabusarquitetura.com.br\/blog\/","name":"DABUS ARQUITETURA","description":"Arquitetura Corporativa","potentialAction":[{"@type":"SearchAction","target":{"@type":"EntryPoint","urlTemplate":"https:\/\/www.dabusarquitetura.com.br\/blog\/?s={search_term_string}"},"query-input":"required name=search_term_string"}],"inLanguage":"pt-BR"},{"@type":"Person","@id":"https:\/\/www.dabusarquitetura.com.br\/blog\/#\/schema\/person\/978b78d74759412a1cd43634996237c4","name":"heloisa.dabus","image":{"@type":"ImageObject","inLanguage":"pt-BR","@id":"https:\/\/www.dabusarquitetura.com.br\/blog\/#\/schema\/person\/image\/","url":"https:\/\/secure.gravatar.com\/avatar\/4078f4f8e54fb70a99a5e9edc642ecb1?s=96&d=mm&r=g","contentUrl":"https:\/\/secure.gravatar.com\/avatar\/4078f4f8e54fb70a99a5e9edc642ecb1?s=96&d=mm&r=g","caption":"heloisa.dabus"},"url":"https:\/\/www.dabusarquitetura.com.br\/blog\/author\/heloisa-dabus\/"}]}},"_links":{"self":[{"href":"https:\/\/www.dabusarquitetura.com.br\/blog\/wp-json\/wp\/v2\/posts\/15814"}],"collection":[{"href":"https:\/\/www.dabusarquitetura.com.br\/blog\/wp-json\/wp\/v2\/posts"}],"about":[{"href":"https:\/\/www.dabusarquitetura.com.br\/blog\/wp-json\/wp\/v2\/types\/post"}],"author":[{"embeddable":true,"href":"https:\/\/www.dabusarquitetura.com.br\/blog\/wp-json\/wp\/v2\/users\/3"}],"replies":[{"embeddable":true,"href":"https:\/\/www.dabusarquitetura.com.br\/blog\/wp-json\/wp\/v2\/comments?post=15814"}],"version-history":[{"count":4,"href":"https:\/\/www.dabusarquitetura.com.br\/blog\/wp-json\/wp\/v2\/posts\/15814\/revisions"}],"predecessor-version":[{"id":15820,"href":"https:\/\/www.dabusarquitetura.com.br\/blog\/wp-json\/wp\/v2\/posts\/15814\/revisions\/15820"}],"wp:attachment":[{"href":"https:\/\/www.dabusarquitetura.com.br\/blog\/wp-json\/wp\/v2\/media?parent=15814"}],"wp:term":[{"taxonomy":"category","embeddable":true,"href":"https:\/\/www.dabusarquitetura.com.br\/blog\/wp-json\/wp\/v2\/categories?post=15814"},{"taxonomy":"post_tag","embeddable":true,"href":"https:\/\/www.dabusarquitetura.com.br\/blog\/wp-json\/wp\/v2\/tags?post=15814"}],"curies":[{"name":"wp","href":"https:\/\/api.w.org\/{rel}","templated":true}]}}