{"id":15745,"date":"2021-06-22T16:46:47","date_gmt":"2021-06-22T13:46:47","guid":{"rendered":"http:\/\/www.dabusarquitetura.com.br\/blog\/?p=15745"},"modified":"2021-06-22T16:48:13","modified_gmt":"2021-06-22T13:48:13","slug":"qualidades-de-um-arquiteto-priorizadas","status":"publish","type":"post","link":"https:\/\/www.dabusarquitetura.com.br\/blog\/qualidades-de-um-arquiteto-priorizadas\/","title":{"rendered":"5 qualidades de um arquiteto a serem priorizadas"},"content":{"rendered":"\n<div class=\"wp-block-image\"><figure class=\"aligncenter\"><img decoding=\"async\" loading=\"lazy\" width=\"834\" height=\"317\" src=\"http:\/\/www.dabusarquitetura.com.br\/blog\/wp-content\/uploads\/2021\/06\/qualidades-arquiteto.png\" alt=\"Qualidades de um arquiteto\" class=\"wp-image-15746\" srcset=\"https:\/\/www.dabusarquitetura.com.br\/blog\/wp-content\/uploads\/2021\/06\/qualidades-arquiteto.png 834w, https:\/\/www.dabusarquitetura.com.br\/blog\/wp-content\/uploads\/2021\/06\/qualidades-arquiteto-300x114.png 300w, https:\/\/www.dabusarquitetura.com.br\/blog\/wp-content\/uploads\/2021\/06\/qualidades-arquiteto-768x292.png 768w\" sizes=\"(max-width: 834px) 100vw, 834px\" \/><figcaption>Equipe DABUS ARQUITETURA.<\/figcaption><\/figure><\/div>\n\n\n\n<p>A Arquitetura \u00e9 um ramo amplo, interdisciplinar e repleto de possibilidades de atua\u00e7\u00e3o. Portanto, \u00e9 de se esperar que as <strong>qualidades de um arquiteto<\/strong> tamb\u00e9m sejam vastas. Al\u00e9m do talento, \u00e9 necess\u00e1rio muito estudo e aperfei\u00e7oamento para acompanhar as mudan\u00e7as e novidades do mercado.<\/p>\n\n\n\n<p>O surgimento das novas tecnologias trouxe uma s\u00e9rie de benef\u00edcios para o trabalho desse profissional. Entretanto, <strong>elevou os n\u00edveis de exig\u00eancia<\/strong> com rela\u00e7\u00e3o ao seu conhecimento t\u00e9cnico. Hoje, n\u00e3o basta que ele domine apenas os c\u00e1lculos e o senso est\u00e9tico. \u00c9 necess\u00e1rio tamb\u00e9m que saiba tirar o melhor proveito poss\u00edvel dos softwares dispon\u00edveis.<\/p>\n\n\n\n<p>Em meio a tantas habilidades e compet\u00eancias, voc\u00ea sabe quais valorizar na hora de <strong>contratar um arquiteto<\/strong>? Conhecer algumas de suas qualidades mais importantes pode fazer a diferen\u00e7a no resultado do projeto. Por isso, acompanhe!<\/p>\n\n\n\n<h2 class=\"wp-block-heading\">Qualidades de um arquiteto b\u00e1sicas<\/h2>\n\n\n\n<p>Embasamento te\u00f3rico, compet\u00eancia t\u00e9cnica e criatividade s\u00e3o qualidades de um arquiteto que podem ser consideradas b\u00e1sicas. Afinal, sem elas, sua atua\u00e7\u00e3o se tornaria invi\u00e1vel. Ao longo de sua carreira \u00e9 indispens\u00e1vel que sejam desenvolvidas ou aprimoradas outras caracter\u00edsticas que o torne um profissional diferenciado. S\u00f3 assim ele \u00e9 capaz de obter um lugar no mercado e se destacar.<\/p>\n\n\n\n<p>A seguir relacionamos outros atributos que devem ser priorizados. Sobretudo diante da necessidade de uma contrata\u00e7\u00e3o. Saiba qual perfil trazer para o seu projeto!<\/p>\n\n\n\n<h3 class=\"wp-block-heading\">1. Conhecimento especializado<\/h3>\n\n\n\n<p>N\u00e3o estamos falando aqui da mera forma\u00e7\u00e3o em Arquitetura e Urbanismo. Mas sim de um conhecimento que foi lapidado ao longo do tempo, por meio de muito estudo, atualiza\u00e7\u00e3o e pr\u00e1tica em uma determinada \u00e1rea ou tecnologia. Assim, o profissional tem condi\u00e7\u00f5es de entregar muito mais assertividade a um projeto espec\u00edfico, com suas particularidades, limita\u00e7\u00f5es e potenciais pr\u00f3prios. Nesse quesito a <strong>experi\u00eancia<\/strong> do profissional conta muito a seu favor.<\/p>\n\n\n\n<h3 class=\"wp-block-heading\">2. Sensibilidade<\/h3>\n\n\n\n<p>Arquitetura \u00e9 muito mais que c\u00e1lculos e proje\u00e7\u00f5es objetivas. Ela \u00e9 tamb\u00e9m arte voltada a proporcionar <strong>bem-estar, prazer e qualidade de vida<\/strong>. Portanto, \u00e9 uma \u00e1rea que requer entendimento do ser humano. Nada deve ser criado sem t\u00ea-lo em primeiro plano! Ent\u00e3o, o arquiteto precisa fazer uso de sua sensualidade, a fim de desenvolver espa\u00e7os acolhedores, funcionais e relevantes.<\/p>\n\n\n\n<h3 class=\"wp-block-heading\">3. Capacidade de planejar para o longo prazo<\/h3>\n\n\n\n<p>Mais do que um planejamento pontual, o arquiteto deve ser capaz de olhar para o futuro e prever aplica\u00e7\u00f5es que perdurem a toda sorte de mudan\u00e7as. Claro que n\u00e3o \u00e9 poss\u00edvel antever tudo. Entretanto, o profissional tem de oferecer uma <strong>vis\u00e3o anal\u00edtica<\/strong> que embase o desenvolvimento de <strong>solu\u00e7\u00f5es vers\u00e1teis e duradouras<\/strong>. Uma Arquitetura que se desgasta f\u00edsica e esteticamente em um curto per\u00edodo de tempo n\u00e3o pode ser aceit\u00e1vel.<\/p>\n\n\n\n<h3 class=\"wp-block-heading\">4. Pensamento sustent\u00e1vel<\/h3>\n\n\n\n<p>A <a href=\"https:\/\/www.dabusarquitetura.com.br\/blog\/2021\/04\/boas-praticas-obra-sustentavel\/\"><strong>sustentabilidade<\/strong><\/a> \u00e9 uma urg\u00eancia no pa\u00eds &#8211; e no mundo. Por isso, este \u00e9 um requisito de suma relev\u00e2ncia a ser contemplado em um projeto de Arquitetura. Muitos conceitos, tecnologias e aplica\u00e7\u00f5es nesse sentido ainda est\u00e3o ganhando forma. O arquiteto deve buscar conhec\u00ea-los e, por que n\u00e3o, <strong>criar<\/strong> <strong>alternativas<\/strong> que ajudem a poupar o meio ambiente. Esta \u00e9 uma responsabilidade que requer empenho e atualiza\u00e7\u00e3o de diversas pr\u00e1ticas.<\/p>\n\n\n\n<h3 class=\"wp-block-heading\">5. Capacidade de antecipar tend\u00eancias<\/h3>\n\n\n\n<p>A atualiza\u00e7\u00e3o com rela\u00e7\u00e3o \u00e0s necessidades do mercado, \u00e0s novas tecnologias, estudos e legisla\u00e7\u00f5es \u00e9 crucial entre as qualidades de um arquiteto. Ele precisa ter o olhar para o futuro e ser capaz de trazer para seu cliente o que h\u00e1 de melhor, de mais moderno em prol do projeto. Antecipar tend\u00eancias n\u00e3o tem a ver com absorver modismos. Mas sim com empregar as solu\u00e7\u00f5es mais eficientes <strong>antes mesmo de sua populariza\u00e7\u00e3o<\/strong> ou banaliza\u00e7\u00e3o.<\/p>\n\n\n\n<p>N\u00f3s, da <strong>DABUS<\/strong> <strong>ARQUITETURA<\/strong>, temos orgulho de contar com um time altamente capacitado e atualizado, que se empenha em busca da <strong>inova\u00e7\u00e3o<\/strong> atrelada \u00e0 funcionalidade e \u00e0 intelig\u00eancia de cada projeto. S\u00e3o <strong>mais de 30 anos<\/strong> de experi\u00eancia concretizando sonhos e fortalecendo a credibilidade de um <strong>escrit\u00f3rio de Arquitetura<\/strong> polivalente, criativo e apaixonado por surpreender.&nbsp;<\/p>\n\n\n\n<p><strong><a href=\"https:\/\/www.dabusarquitetura.com.br\/site\/contato\/orcamento\" target=\"_blank\" rel=\"noreferrer noopener\" aria-label=\" (abre numa nova aba)\">Entre em contato<\/a><\/strong> e saiba mais! Se preferir, chame no WhatsApp <strong>(11) 98327-6060<\/strong>. Ser\u00e1 um prazer conhecer voc\u00ea e seu neg\u00f3cio!<\/p>\n","protected":false},"excerpt":{"rendered":"<p>A Arquitetura \u00e9 um ramo amplo, interdisciplinar e repleto de possibilidades de atua\u00e7\u00e3o. Portanto, \u00e9 de se esperar que as qualidades de um arquiteto tamb\u00e9m [&hellip;]<\/p>\n","protected":false},"author":3,"featured_media":0,"comment_status":"open","ping_status":"open","sticky":false,"template":"","format":"standard","meta":[],"categories":[49],"tags":[],"yoast_head":"<!-- This site is optimized with the Yoast SEO plugin v20.8 - https:\/\/yoast.com\/wordpress\/plugins\/seo\/ -->\n<title>5 qualidades de um arquiteto a serem priorizadas. Conhe\u00e7a!<\/title>\n<meta name=\"description\" content=\"As qualidades de um arquiteto devem ser diversificadas. Por\u00e9m, voc\u00ea sabe quais priorizar? N\u00f3s relacionamos 5 delas para te ajudar na hora da contrata\u00e7\u00e3o!\" \/>\n<meta name=\"robots\" content=\"index, follow, max-snippet:-1, max-image-preview:large, max-video-preview:-1\" \/>\n<link rel=\"canonical\" href=\"https:\/\/www.dabusarquitetura.com.br\/blog\/qualidades-de-um-arquiteto-priorizadas\/\" \/>\n<meta property=\"og:locale\" content=\"pt_BR\" \/>\n<meta property=\"og:type\" content=\"article\" \/>\n<meta property=\"og:title\" content=\"5 qualidades de um arquiteto a serem priorizadas. Conhe\u00e7a!\" \/>\n<meta property=\"og:description\" content=\"As qualidades de um arquiteto devem ser diversificadas. Por\u00e9m, voc\u00ea sabe quais priorizar? N\u00f3s relacionamos 5 delas para te ajudar na hora da contrata\u00e7\u00e3o!\" \/>\n<meta property=\"og:url\" content=\"https:\/\/www.dabusarquitetura.com.br\/blog\/qualidades-de-um-arquiteto-priorizadas\/\" \/>\n<meta property=\"og:site_name\" content=\"DABUS ARQUITETURA\" \/>\n<meta property=\"article:published_time\" content=\"2021-06-22T13:46:47+00:00\" \/>\n<meta property=\"article:modified_time\" content=\"2021-06-22T13:48:13+00:00\" \/>\n<meta property=\"og:image\" content=\"http:\/\/www.dabusarquitetura.com.br\/blog\/wp-content\/uploads\/2021\/06\/qualidades-arquiteto.png\" \/>\n<meta name=\"author\" content=\"heloisa.dabus\" \/>\n<meta name=\"twitter:card\" content=\"summary_large_image\" \/>\n<meta name=\"twitter:label1\" content=\"Escrito por\" \/>\n\t<meta name=\"twitter:data1\" content=\"heloisa.dabus\" \/>\n\t<meta name=\"twitter:label2\" content=\"Est. tempo de leitura\" \/>\n\t<meta name=\"twitter:data2\" content=\"4 minutos\" \/>\n<script type=\"application\/ld+json\" class=\"yoast-schema-graph\">{\"@context\":\"https:\/\/schema.org\",\"@graph\":[{\"@type\":\"WebPage\",\"@id\":\"https:\/\/www.dabusarquitetura.com.br\/blog\/qualidades-de-um-arquiteto-priorizadas\/\",\"url\":\"https:\/\/www.dabusarquitetura.com.br\/blog\/qualidades-de-um-arquiteto-priorizadas\/\",\"name\":\"5 qualidades de um arquiteto a serem priorizadas. Conhe\u00e7a!\",\"isPartOf\":{\"@id\":\"https:\/\/www.dabusarquitetura.com.br\/blog\/#website\"},\"datePublished\":\"2021-06-22T13:46:47+00:00\",\"dateModified\":\"2021-06-22T13:48:13+00:00\",\"author\":{\"@id\":\"https:\/\/www.dabusarquitetura.com.br\/blog\/#\/schema\/person\/978b78d74759412a1cd43634996237c4\"},\"description\":\"As qualidades de um arquiteto devem ser diversificadas. Por\u00e9m, voc\u00ea sabe quais priorizar? N\u00f3s relacionamos 5 delas para te ajudar na hora da contrata\u00e7\u00e3o!\",\"breadcrumb\":{\"@id\":\"https:\/\/www.dabusarquitetura.com.br\/blog\/qualidades-de-um-arquiteto-priorizadas\/#breadcrumb\"},\"inLanguage\":\"pt-BR\",\"potentialAction\":[{\"@type\":\"ReadAction\",\"target\":[\"https:\/\/www.dabusarquitetura.com.br\/blog\/qualidades-de-um-arquiteto-priorizadas\/\"]}]},{\"@type\":\"BreadcrumbList\",\"@id\":\"https:\/\/www.dabusarquitetura.com.br\/blog\/qualidades-de-um-arquiteto-priorizadas\/#breadcrumb\",\"itemListElement\":[{\"@type\":\"ListItem\",\"position\":1,\"name\":\"In\u00edcio\",\"item\":\"https:\/\/www.dabusarquitetura.com.br\/blog\/\"},{\"@type\":\"ListItem\",\"position\":2,\"name\":\"5 qualidades de um arquiteto a serem priorizadas\"}]},{\"@type\":\"WebSite\",\"@id\":\"https:\/\/www.dabusarquitetura.com.br\/blog\/#website\",\"url\":\"https:\/\/www.dabusarquitetura.com.br\/blog\/\",\"name\":\"DABUS ARQUITETURA\",\"description\":\"Arquitetura Corporativa\",\"potentialAction\":[{\"@type\":\"SearchAction\",\"target\":{\"@type\":\"EntryPoint\",\"urlTemplate\":\"https:\/\/www.dabusarquitetura.com.br\/blog\/?s={search_term_string}\"},\"query-input\":\"required name=search_term_string\"}],\"inLanguage\":\"pt-BR\"},{\"@type\":\"Person\",\"@id\":\"https:\/\/www.dabusarquitetura.com.br\/blog\/#\/schema\/person\/978b78d74759412a1cd43634996237c4\",\"name\":\"heloisa.dabus\",\"image\":{\"@type\":\"ImageObject\",\"inLanguage\":\"pt-BR\",\"@id\":\"https:\/\/www.dabusarquitetura.com.br\/blog\/#\/schema\/person\/image\/\",\"url\":\"https:\/\/secure.gravatar.com\/avatar\/4078f4f8e54fb70a99a5e9edc642ecb1?s=96&d=mm&r=g\",\"contentUrl\":\"https:\/\/secure.gravatar.com\/avatar\/4078f4f8e54fb70a99a5e9edc642ecb1?s=96&d=mm&r=g\",\"caption\":\"heloisa.dabus\"},\"url\":\"https:\/\/www.dabusarquitetura.com.br\/blog\/author\/heloisa-dabus\/\"}]}<\/script>\n<!-- \/ Yoast SEO plugin. -->","yoast_head_json":{"title":"5 qualidades de um arquiteto a serem priorizadas. Conhe\u00e7a!","description":"As qualidades de um arquiteto devem ser diversificadas. Por\u00e9m, voc\u00ea sabe quais priorizar? N\u00f3s relacionamos 5 delas para te ajudar na hora da contrata\u00e7\u00e3o!","robots":{"index":"index","follow":"follow","max-snippet":"max-snippet:-1","max-image-preview":"max-image-preview:large","max-video-preview":"max-video-preview:-1"},"canonical":"https:\/\/www.dabusarquitetura.com.br\/blog\/qualidades-de-um-arquiteto-priorizadas\/","og_locale":"pt_BR","og_type":"article","og_title":"5 qualidades de um arquiteto a serem priorizadas. Conhe\u00e7a!","og_description":"As qualidades de um arquiteto devem ser diversificadas. Por\u00e9m, voc\u00ea sabe quais priorizar? N\u00f3s relacionamos 5 delas para te ajudar na hora da contrata\u00e7\u00e3o!","og_url":"https:\/\/www.dabusarquitetura.com.br\/blog\/qualidades-de-um-arquiteto-priorizadas\/","og_site_name":"DABUS ARQUITETURA","article_published_time":"2021-06-22T13:46:47+00:00","article_modified_time":"2021-06-22T13:48:13+00:00","og_image":[{"url":"http:\/\/www.dabusarquitetura.com.br\/blog\/wp-content\/uploads\/2021\/06\/qualidades-arquiteto.png"}],"author":"heloisa.dabus","twitter_card":"summary_large_image","twitter_misc":{"Escrito por":"heloisa.dabus","Est. tempo de leitura":"4 minutos"},"schema":{"@context":"https:\/\/schema.org","@graph":[{"@type":"WebPage","@id":"https:\/\/www.dabusarquitetura.com.br\/blog\/qualidades-de-um-arquiteto-priorizadas\/","url":"https:\/\/www.dabusarquitetura.com.br\/blog\/qualidades-de-um-arquiteto-priorizadas\/","name":"5 qualidades de um arquiteto a serem priorizadas. Conhe\u00e7a!","isPartOf":{"@id":"https:\/\/www.dabusarquitetura.com.br\/blog\/#website"},"datePublished":"2021-06-22T13:46:47+00:00","dateModified":"2021-06-22T13:48:13+00:00","author":{"@id":"https:\/\/www.dabusarquitetura.com.br\/blog\/#\/schema\/person\/978b78d74759412a1cd43634996237c4"},"description":"As qualidades de um arquiteto devem ser diversificadas. Por\u00e9m, voc\u00ea sabe quais priorizar? N\u00f3s relacionamos 5 delas para te ajudar na hora da contrata\u00e7\u00e3o!","breadcrumb":{"@id":"https:\/\/www.dabusarquitetura.com.br\/blog\/qualidades-de-um-arquiteto-priorizadas\/#breadcrumb"},"inLanguage":"pt-BR","potentialAction":[{"@type":"ReadAction","target":["https:\/\/www.dabusarquitetura.com.br\/blog\/qualidades-de-um-arquiteto-priorizadas\/"]}]},{"@type":"BreadcrumbList","@id":"https:\/\/www.dabusarquitetura.com.br\/blog\/qualidades-de-um-arquiteto-priorizadas\/#breadcrumb","itemListElement":[{"@type":"ListItem","position":1,"name":"In\u00edcio","item":"https:\/\/www.dabusarquitetura.com.br\/blog\/"},{"@type":"ListItem","position":2,"name":"5 qualidades de um arquiteto a serem priorizadas"}]},{"@type":"WebSite","@id":"https:\/\/www.dabusarquitetura.com.br\/blog\/#website","url":"https:\/\/www.dabusarquitetura.com.br\/blog\/","name":"DABUS ARQUITETURA","description":"Arquitetura Corporativa","potentialAction":[{"@type":"SearchAction","target":{"@type":"EntryPoint","urlTemplate":"https:\/\/www.dabusarquitetura.com.br\/blog\/?s={search_term_string}"},"query-input":"required name=search_term_string"}],"inLanguage":"pt-BR"},{"@type":"Person","@id":"https:\/\/www.dabusarquitetura.com.br\/blog\/#\/schema\/person\/978b78d74759412a1cd43634996237c4","name":"heloisa.dabus","image":{"@type":"ImageObject","inLanguage":"pt-BR","@id":"https:\/\/www.dabusarquitetura.com.br\/blog\/#\/schema\/person\/image\/","url":"https:\/\/secure.gravatar.com\/avatar\/4078f4f8e54fb70a99a5e9edc642ecb1?s=96&d=mm&r=g","contentUrl":"https:\/\/secure.gravatar.com\/avatar\/4078f4f8e54fb70a99a5e9edc642ecb1?s=96&d=mm&r=g","caption":"heloisa.dabus"},"url":"https:\/\/www.dabusarquitetura.com.br\/blog\/author\/heloisa-dabus\/"}]}},"_links":{"self":[{"href":"https:\/\/www.dabusarquitetura.com.br\/blog\/wp-json\/wp\/v2\/posts\/15745"}],"collection":[{"href":"https:\/\/www.dabusarquitetura.com.br\/blog\/wp-json\/wp\/v2\/posts"}],"about":[{"href":"https:\/\/www.dabusarquitetura.com.br\/blog\/wp-json\/wp\/v2\/types\/post"}],"author":[{"embeddable":true,"href":"https:\/\/www.dabusarquitetura.com.br\/blog\/wp-json\/wp\/v2\/users\/3"}],"replies":[{"embeddable":true,"href":"https:\/\/www.dabusarquitetura.com.br\/blog\/wp-json\/wp\/v2\/comments?post=15745"}],"version-history":[{"count":4,"href":"https:\/\/www.dabusarquitetura.com.br\/blog\/wp-json\/wp\/v2\/posts\/15745\/revisions"}],"predecessor-version":[{"id":15750,"href":"https:\/\/www.dabusarquitetura.com.br\/blog\/wp-json\/wp\/v2\/posts\/15745\/revisions\/15750"}],"wp:attachment":[{"href":"https:\/\/www.dabusarquitetura.com.br\/blog\/wp-json\/wp\/v2\/media?parent=15745"}],"wp:term":[{"taxonomy":"category","embeddable":true,"href":"https:\/\/www.dabusarquitetura.com.br\/blog\/wp-json\/wp\/v2\/categories?post=15745"},{"taxonomy":"post_tag","embeddable":true,"href":"https:\/\/www.dabusarquitetura.com.br\/blog\/wp-json\/wp\/v2\/tags?post=15745"}],"curies":[{"name":"wp","href":"https:\/\/api.w.org\/{rel}","templated":true}]}}