{"id":15739,"date":"2021-06-16T00:37:09","date_gmt":"2021-06-15T21:37:09","guid":{"rendered":"http:\/\/www.dabusarquitetura.com.br\/blog\/?p=15739"},"modified":"2021-06-16T00:37:11","modified_gmt":"2021-06-15T21:37:11","slug":"por-que-fortalecer-relacao-escola-e-familia","status":"publish","type":"post","link":"https:\/\/www.dabusarquitetura.com.br\/blog\/por-que-fortalecer-relacao-escola-e-familia\/","title":{"rendered":"Por que fortalecer a rela\u00e7\u00e3o entre escola e fam\u00edlia?"},"content":{"rendered":"\n<div class=\"wp-block-image\"><figure class=\"aligncenter\"><img decoding=\"async\" loading=\"lazy\" width=\"834\" height=\"317\" src=\"http:\/\/www.dabusarquitetura.com.br\/blog\/wp-content\/uploads\/2021\/06\/fortalecer-relacao-escola-familia.png\" alt=\"Rela\u00e7\u00e3o entre escola e fam\u00edlia\" class=\"wp-image-15742\" srcset=\"https:\/\/www.dabusarquitetura.com.br\/blog\/wp-content\/uploads\/2021\/06\/fortalecer-relacao-escola-familia.png 834w, https:\/\/www.dabusarquitetura.com.br\/blog\/wp-content\/uploads\/2021\/06\/fortalecer-relacao-escola-familia-300x114.png 300w, https:\/\/www.dabusarquitetura.com.br\/blog\/wp-content\/uploads\/2021\/06\/fortalecer-relacao-escola-familia-768x292.png 768w\" sizes=\"(max-width: 834px) 100vw, 834px\" \/><\/figure><\/div>\n\n\n\n<p><strong>Escola e fam\u00edlia<\/strong> s\u00e3o dois eixos fundamentais na forma\u00e7\u00e3o de um ser humano. Enquanto \u00e0 primeira cabe a tarefa de conduzi-lo pelas etapas da escolariza\u00e7\u00e3o formal, \u00e0 segunda compete o trabalho mais amplo de educar. Por fim, \u00e9 poss\u00edvel dizer que ambas as partes contribuem de maneira decisiva para a educa\u00e7\u00e3o como um todo.<\/p>\n\n\n\n<p>Com o passar dos anos a rela\u00e7\u00e3o entre escola e fam\u00edlia foi se transformando. O que \u00e9 natural, tendo em vista as mudan\u00e7as que cada um desses lados passaram de maneira particularizada. O surgimento das <strong>novas<\/strong> <strong>tecnologias<\/strong> e o acesso mais difundido a elas teve influ\u00eancia not\u00f3ria sobre a <strong>constru\u00e7\u00e3o de novos h\u00e1bitos<\/strong>.<\/p>\n\n\n\n<p>A sociedade j\u00e1 n\u00e3o \u00e9 mais a mesma. Mas a alian\u00e7a entre a comunidade escolar e os pais continua sendo de suma import\u00e2ncia para o bom desenvolvimento de alunos e cidad\u00e3os.<\/p>\n\n\n\n<p>No post de hoje, veremos por que vale a pena buscar fortalecer essa parceria. Acompanhe!<\/p>\n\n\n\n<h2 class=\"wp-block-heading\">A pandemia e o estreitamento entre escola e fam\u00edlia<\/h2>\n\n\n\n<p>Como j\u00e1 n\u00e3o \u00e9 novidade, a pandemia da COVID 19 obrigou os alunos a acompanharem as aulas de maneira remota, como m\u00e9todo de preven\u00e7\u00e3o \u00e0 doen\u00e7a. Assim, consequentemente, <strong>a escola passou a adentrar os lares<\/strong> e a ficar mais pr\u00f3xima do cotidiano das fam\u00edlias. Este fen\u00f4meno intensificou ainda mais a import\u00e2ncia da participa\u00e7\u00e3o dos pais na vida escolar de seus filhos.<\/p>\n\n\n\n<p>As <strong>fam\u00edlias que se envolveram com maior afinco<\/strong> nesse processo puderam compreender melhor as li\u00e7\u00f5es e as din\u00e2micas das aulas, os m\u00e9todos aplicados, as formas de avalia\u00e7\u00e3o e at\u00e9 mesmo as dificuldades dos estudantes, entre outros aspectos.<\/p>\n\n\n\n<p>Tal envolvimento deve ser alimentado daqui para frente, sobretudo, considerando um mundo que ainda viver\u00e1 com muitas d\u00favidas e receios frente ao novo normal. Mais do que nunca, incentivar, apoiar e orientar os jovens far\u00e1 toda a diferen\u00e7a em sua forma\u00e7\u00e3o acad\u00eamica.<\/p>\n\n\n\n<h3 class=\"wp-block-heading\">Benef\u00edcios da rela\u00e7\u00e3o entre escola e fam\u00edlia<\/h3>\n\n\n\n<p>Quando escola e fam\u00edlia caminham lado a lado, alimentando uma rela\u00e7\u00e3o complementar, os resultados podem ser vistos al\u00e9m de boas notas no boletim. Este elo tende a proporcionar <strong>bases<\/strong> <strong>socioemocionais<\/strong> mais consistentes \u00e0s crian\u00e7as e jovens que ganham, ent\u00e3o, maior confian\u00e7a e equil\u00edbrio. Eles passam a se sentir mais amparados e assistidos. Suas conquistas se tornam mais vis\u00edveis, enquanto suas limita\u00e7\u00f5es podem ser trabalhadas sob diferentes \u00e2ngulos. Al\u00e9m disso, os n\u00edveis de evas\u00e3o e delinqu\u00eancia se tornam menores.<\/p>\n\n\n\n<p>A escola precisa criar oportunidades e pontos de contato para integrar o acompanhamento dos pais. J\u00e1 estes devem se esfor\u00e7ar para irem al\u00e9m de apenas levar e buscar os filhos na escola. A verdadeira participa\u00e7\u00e3o se aprofunda em seus interesses, suas potencialidades e conflitos.<\/p>\n\n\n\n<p>Uma \u00e9poca que merece especial aten\u00e7\u00e3o \u00e9 a <strong>transi\u00e7\u00e3o do ensino<\/strong> m\u00e9dio para a pr\u00f3xima fase. A escolha de uma profiss\u00e3o ou de qualquer outro caminho costuma gerar ang\u00fastias e inseguran\u00e7as, que podem assumir quadros mais complicados sem um suporte familiar dedicado e sens\u00edvel. Portanto, esta \u00e9 uma \u00f3tima hora para escola e fam\u00edlia unirem for\u00e7as em prol da <strong>sa\u00fade, f\u00edsica e mental, do jovem<\/strong> em prepara\u00e7\u00e3o para a vida adulta.<\/p>\n\n\n\n<h3 class=\"wp-block-heading\">Novas oportunidades<\/h3>\n\n\n\n<p>Com o <strong>m\u00e9todo de ensino h\u00edbrido<\/strong>, que mescla aulas presenciais e remotas, o elo que foi estreitado dentro dos lares em tempos de isolamento social n\u00e3o ser\u00e1 perdido. Ent\u00e3o, haver\u00e1 novas e \u00f3timas ocasi\u00f5es para continuar estimulando a participa\u00e7\u00e3o dos pais na vida escolar de seus filhos. \u00c9 necess\u00e1rio se adaptar! Entretanto, <strong>se adaptar com qualidade<\/strong> para o melhor rendimento poss\u00edvel e forma\u00e7\u00e3o das novas gera\u00e7\u00f5es.<\/p>\n\n\n\n<p>Leia mais sobre <strong><a href=\"https:\/\/www.dabusarquitetura.com.br\/blog\/2021\/03\/ensino-hibrido-modelos-aplicacao\/\">ensino h\u00edbrido neste artigo que relaciona modelos b\u00e1sicos<\/a><\/strong><a href=\"https:\/\/www.dabusarquitetura.com.br\/blog\/2021\/03\/ensino-hibrido-modelos-aplicacao\/\"> para <\/a>a sua aplica\u00e7\u00e3o.<\/p>\n\n\n\n<p>Refer\u00eancias: <a rel=\"noreferrer noopener\" aria-label=\" (abre numa nova aba)\" href=\"https:\/\/www.correiobraziliense.com.br\/app\/noticia\/escolhaaescola\/2019\/09\/28\/interna_escolhaaescola,791327\/familia-e-escola-parceria-imprescindivel.shtml\" target=\"_blank\">Correio Braziliense<\/a>, <a rel=\"noreferrer noopener\" aria-label=\" (abre numa nova aba)\" href=\"https:\/\/direcionalescolas.com.br\/familia-e-escola-parceria-relacionamento-interacao-e-novas-dinamicas\/\" target=\"_blank\">Direcional Escolas<\/a>, <a href=\"https:\/\/escolaemmovimento.com.br\/blog\/a-importancia-da-parceria-entre-pais-e-escola-para-um-bom-rendimento-escolar-dos-filhos\/\" target=\"_blank\" rel=\"noreferrer noopener\" aria-label=\" (abre numa nova aba)\">Escola em Movimento<\/a>.<\/p>\n","protected":false},"excerpt":{"rendered":"<p>Escola e fam\u00edlia s\u00e3o dois eixos fundamentais na forma\u00e7\u00e3o de um ser humano. Enquanto \u00e0 primeira cabe a tarefa de conduzi-lo pelas etapas da escolariza\u00e7\u00e3o [&hellip;]<\/p>\n","protected":false},"author":3,"featured_media":0,"comment_status":"open","ping_status":"open","sticky":false,"template":"","format":"standard","meta":[],"categories":[49],"tags":[],"yoast_head":"<!-- This site is optimized with the Yoast SEO plugin v20.8 - https:\/\/yoast.com\/wordpress\/plugins\/seo\/ -->\n<title>Por que fortalecer a rela\u00e7\u00e3o entre escola e fam\u00edlia?<\/title>\n<meta name=\"description\" content=\"Escola e fam\u00edlia s\u00e3o dois eixos fundamentais na forma\u00e7\u00e3o do ser humano. Assim, este \u00e9 um elo que precisa ser alimentado, sobretudo no mundo p\u00f3s-pandemia.\" \/>\n<meta name=\"robots\" content=\"index, follow, max-snippet:-1, max-image-preview:large, max-video-preview:-1\" \/>\n<link rel=\"canonical\" href=\"https:\/\/www.dabusarquitetura.com.br\/blog\/por-que-fortalecer-relacao-escola-e-familia\/\" \/>\n<meta property=\"og:locale\" content=\"pt_BR\" \/>\n<meta property=\"og:type\" content=\"article\" \/>\n<meta property=\"og:title\" content=\"Por que fortalecer a rela\u00e7\u00e3o entre escola e fam\u00edlia?\" \/>\n<meta property=\"og:description\" content=\"Escola e fam\u00edlia s\u00e3o dois eixos fundamentais na forma\u00e7\u00e3o do ser humano. Assim, este \u00e9 um elo que precisa ser alimentado, sobretudo no mundo p\u00f3s-pandemia.\" \/>\n<meta property=\"og:url\" content=\"https:\/\/www.dabusarquitetura.com.br\/blog\/por-que-fortalecer-relacao-escola-e-familia\/\" \/>\n<meta property=\"og:site_name\" content=\"DABUS ARQUITETURA\" \/>\n<meta property=\"article:published_time\" content=\"2021-06-15T21:37:09+00:00\" \/>\n<meta property=\"article:modified_time\" content=\"2021-06-15T21:37:11+00:00\" \/>\n<meta property=\"og:image\" content=\"http:\/\/www.dabusarquitetura.com.br\/blog\/wp-content\/uploads\/2021\/06\/fortalecer-relacao-escola-familia.png\" \/>\n<meta name=\"author\" content=\"heloisa.dabus\" \/>\n<meta name=\"twitter:card\" content=\"summary_large_image\" \/>\n<meta name=\"twitter:label1\" content=\"Escrito por\" \/>\n\t<meta name=\"twitter:data1\" content=\"heloisa.dabus\" \/>\n\t<meta name=\"twitter:label2\" content=\"Est. tempo de leitura\" \/>\n\t<meta name=\"twitter:data2\" content=\"3 minutos\" \/>\n<script type=\"application\/ld+json\" class=\"yoast-schema-graph\">{\"@context\":\"https:\/\/schema.org\",\"@graph\":[{\"@type\":\"WebPage\",\"@id\":\"https:\/\/www.dabusarquitetura.com.br\/blog\/por-que-fortalecer-relacao-escola-e-familia\/\",\"url\":\"https:\/\/www.dabusarquitetura.com.br\/blog\/por-que-fortalecer-relacao-escola-e-familia\/\",\"name\":\"Por que fortalecer a rela\u00e7\u00e3o entre escola e fam\u00edlia?\",\"isPartOf\":{\"@id\":\"https:\/\/www.dabusarquitetura.com.br\/blog\/#website\"},\"datePublished\":\"2021-06-15T21:37:09+00:00\",\"dateModified\":\"2021-06-15T21:37:11+00:00\",\"author\":{\"@id\":\"https:\/\/www.dabusarquitetura.com.br\/blog\/#\/schema\/person\/978b78d74759412a1cd43634996237c4\"},\"description\":\"Escola e fam\u00edlia s\u00e3o dois eixos fundamentais na forma\u00e7\u00e3o do ser humano. Assim, este \u00e9 um elo que precisa ser alimentado, sobretudo no mundo p\u00f3s-pandemia.\",\"breadcrumb\":{\"@id\":\"https:\/\/www.dabusarquitetura.com.br\/blog\/por-que-fortalecer-relacao-escola-e-familia\/#breadcrumb\"},\"inLanguage\":\"pt-BR\",\"potentialAction\":[{\"@type\":\"ReadAction\",\"target\":[\"https:\/\/www.dabusarquitetura.com.br\/blog\/por-que-fortalecer-relacao-escola-e-familia\/\"]}]},{\"@type\":\"BreadcrumbList\",\"@id\":\"https:\/\/www.dabusarquitetura.com.br\/blog\/por-que-fortalecer-relacao-escola-e-familia\/#breadcrumb\",\"itemListElement\":[{\"@type\":\"ListItem\",\"position\":1,\"name\":\"In\u00edcio\",\"item\":\"https:\/\/www.dabusarquitetura.com.br\/blog\/\"},{\"@type\":\"ListItem\",\"position\":2,\"name\":\"Por que fortalecer a rela\u00e7\u00e3o entre escola e fam\u00edlia?\"}]},{\"@type\":\"WebSite\",\"@id\":\"https:\/\/www.dabusarquitetura.com.br\/blog\/#website\",\"url\":\"https:\/\/www.dabusarquitetura.com.br\/blog\/\",\"name\":\"DABUS ARQUITETURA\",\"description\":\"Arquitetura Corporativa\",\"potentialAction\":[{\"@type\":\"SearchAction\",\"target\":{\"@type\":\"EntryPoint\",\"urlTemplate\":\"https:\/\/www.dabusarquitetura.com.br\/blog\/?s={search_term_string}\"},\"query-input\":\"required name=search_term_string\"}],\"inLanguage\":\"pt-BR\"},{\"@type\":\"Person\",\"@id\":\"https:\/\/www.dabusarquitetura.com.br\/blog\/#\/schema\/person\/978b78d74759412a1cd43634996237c4\",\"name\":\"heloisa.dabus\",\"image\":{\"@type\":\"ImageObject\",\"inLanguage\":\"pt-BR\",\"@id\":\"https:\/\/www.dabusarquitetura.com.br\/blog\/#\/schema\/person\/image\/\",\"url\":\"https:\/\/secure.gravatar.com\/avatar\/4078f4f8e54fb70a99a5e9edc642ecb1?s=96&d=mm&r=g\",\"contentUrl\":\"https:\/\/secure.gravatar.com\/avatar\/4078f4f8e54fb70a99a5e9edc642ecb1?s=96&d=mm&r=g\",\"caption\":\"heloisa.dabus\"},\"url\":\"https:\/\/www.dabusarquitetura.com.br\/blog\/author\/heloisa-dabus\/\"}]}<\/script>\n<!-- \/ Yoast SEO plugin. -->","yoast_head_json":{"title":"Por que fortalecer a rela\u00e7\u00e3o entre escola e fam\u00edlia?","description":"Escola e fam\u00edlia s\u00e3o dois eixos fundamentais na forma\u00e7\u00e3o do ser humano. Assim, este \u00e9 um elo que precisa ser alimentado, sobretudo no mundo p\u00f3s-pandemia.","robots":{"index":"index","follow":"follow","max-snippet":"max-snippet:-1","max-image-preview":"max-image-preview:large","max-video-preview":"max-video-preview:-1"},"canonical":"https:\/\/www.dabusarquitetura.com.br\/blog\/por-que-fortalecer-relacao-escola-e-familia\/","og_locale":"pt_BR","og_type":"article","og_title":"Por que fortalecer a rela\u00e7\u00e3o entre escola e fam\u00edlia?","og_description":"Escola e fam\u00edlia s\u00e3o dois eixos fundamentais na forma\u00e7\u00e3o do ser humano. Assim, este \u00e9 um elo que precisa ser alimentado, sobretudo no mundo p\u00f3s-pandemia.","og_url":"https:\/\/www.dabusarquitetura.com.br\/blog\/por-que-fortalecer-relacao-escola-e-familia\/","og_site_name":"DABUS ARQUITETURA","article_published_time":"2021-06-15T21:37:09+00:00","article_modified_time":"2021-06-15T21:37:11+00:00","og_image":[{"url":"http:\/\/www.dabusarquitetura.com.br\/blog\/wp-content\/uploads\/2021\/06\/fortalecer-relacao-escola-familia.png"}],"author":"heloisa.dabus","twitter_card":"summary_large_image","twitter_misc":{"Escrito por":"heloisa.dabus","Est. tempo de leitura":"3 minutos"},"schema":{"@context":"https:\/\/schema.org","@graph":[{"@type":"WebPage","@id":"https:\/\/www.dabusarquitetura.com.br\/blog\/por-que-fortalecer-relacao-escola-e-familia\/","url":"https:\/\/www.dabusarquitetura.com.br\/blog\/por-que-fortalecer-relacao-escola-e-familia\/","name":"Por que fortalecer a rela\u00e7\u00e3o entre escola e fam\u00edlia?","isPartOf":{"@id":"https:\/\/www.dabusarquitetura.com.br\/blog\/#website"},"datePublished":"2021-06-15T21:37:09+00:00","dateModified":"2021-06-15T21:37:11+00:00","author":{"@id":"https:\/\/www.dabusarquitetura.com.br\/blog\/#\/schema\/person\/978b78d74759412a1cd43634996237c4"},"description":"Escola e fam\u00edlia s\u00e3o dois eixos fundamentais na forma\u00e7\u00e3o do ser humano. Assim, este \u00e9 um elo que precisa ser alimentado, sobretudo no mundo p\u00f3s-pandemia.","breadcrumb":{"@id":"https:\/\/www.dabusarquitetura.com.br\/blog\/por-que-fortalecer-relacao-escola-e-familia\/#breadcrumb"},"inLanguage":"pt-BR","potentialAction":[{"@type":"ReadAction","target":["https:\/\/www.dabusarquitetura.com.br\/blog\/por-que-fortalecer-relacao-escola-e-familia\/"]}]},{"@type":"BreadcrumbList","@id":"https:\/\/www.dabusarquitetura.com.br\/blog\/por-que-fortalecer-relacao-escola-e-familia\/#breadcrumb","itemListElement":[{"@type":"ListItem","position":1,"name":"In\u00edcio","item":"https:\/\/www.dabusarquitetura.com.br\/blog\/"},{"@type":"ListItem","position":2,"name":"Por que fortalecer a rela\u00e7\u00e3o entre escola e fam\u00edlia?"}]},{"@type":"WebSite","@id":"https:\/\/www.dabusarquitetura.com.br\/blog\/#website","url":"https:\/\/www.dabusarquitetura.com.br\/blog\/","name":"DABUS ARQUITETURA","description":"Arquitetura Corporativa","potentialAction":[{"@type":"SearchAction","target":{"@type":"EntryPoint","urlTemplate":"https:\/\/www.dabusarquitetura.com.br\/blog\/?s={search_term_string}"},"query-input":"required name=search_term_string"}],"inLanguage":"pt-BR"},{"@type":"Person","@id":"https:\/\/www.dabusarquitetura.com.br\/blog\/#\/schema\/person\/978b78d74759412a1cd43634996237c4","name":"heloisa.dabus","image":{"@type":"ImageObject","inLanguage":"pt-BR","@id":"https:\/\/www.dabusarquitetura.com.br\/blog\/#\/schema\/person\/image\/","url":"https:\/\/secure.gravatar.com\/avatar\/4078f4f8e54fb70a99a5e9edc642ecb1?s=96&d=mm&r=g","contentUrl":"https:\/\/secure.gravatar.com\/avatar\/4078f4f8e54fb70a99a5e9edc642ecb1?s=96&d=mm&r=g","caption":"heloisa.dabus"},"url":"https:\/\/www.dabusarquitetura.com.br\/blog\/author\/heloisa-dabus\/"}]}},"_links":{"self":[{"href":"https:\/\/www.dabusarquitetura.com.br\/blog\/wp-json\/wp\/v2\/posts\/15739"}],"collection":[{"href":"https:\/\/www.dabusarquitetura.com.br\/blog\/wp-json\/wp\/v2\/posts"}],"about":[{"href":"https:\/\/www.dabusarquitetura.com.br\/blog\/wp-json\/wp\/v2\/types\/post"}],"author":[{"embeddable":true,"href":"https:\/\/www.dabusarquitetura.com.br\/blog\/wp-json\/wp\/v2\/users\/3"}],"replies":[{"embeddable":true,"href":"https:\/\/www.dabusarquitetura.com.br\/blog\/wp-json\/wp\/v2\/comments?post=15739"}],"version-history":[{"count":4,"href":"https:\/\/www.dabusarquitetura.com.br\/blog\/wp-json\/wp\/v2\/posts\/15739\/revisions"}],"predecessor-version":[{"id":15744,"href":"https:\/\/www.dabusarquitetura.com.br\/blog\/wp-json\/wp\/v2\/posts\/15739\/revisions\/15744"}],"wp:attachment":[{"href":"https:\/\/www.dabusarquitetura.com.br\/blog\/wp-json\/wp\/v2\/media?parent=15739"}],"wp:term":[{"taxonomy":"category","embeddable":true,"href":"https:\/\/www.dabusarquitetura.com.br\/blog\/wp-json\/wp\/v2\/categories?post=15739"},{"taxonomy":"post_tag","embeddable":true,"href":"https:\/\/www.dabusarquitetura.com.br\/blog\/wp-json\/wp\/v2\/tags?post=15739"}],"curies":[{"name":"wp","href":"https:\/\/api.w.org\/{rel}","templated":true}]}}