{"id":15721,"date":"2021-05-26T19:32:50","date_gmt":"2021-05-26T16:32:50","guid":{"rendered":"http:\/\/www.dabusarquitetura.com.br\/blog\/?p=15721"},"modified":"2021-05-26T19:32:51","modified_gmt":"2021-05-26T16:32:51","slug":"fatores-volta-ao-escritorio-pos-pandemia","status":"publish","type":"post","link":"https:\/\/www.dabusarquitetura.com.br\/blog\/fatores-volta-ao-escritorio-pos-pandemia\/","title":{"rendered":"3 fatores que motivam a volta ao escrit\u00f3rio p\u00f3s-pandemia"},"content":{"rendered":"\n<div class=\"wp-block-image\"><figure class=\"aligncenter\"><img decoding=\"async\" loading=\"lazy\" width=\"834\" height=\"317\" src=\"http:\/\/www.dabusarquitetura.com.br\/blog\/wp-content\/uploads\/2021\/05\/volta-ao-escritorio-pos-pandemia.png\" alt=\"Volta ao escrit\u00f3rio p\u00f3s-pandemia \" class=\"wp-image-15722\" srcset=\"https:\/\/www.dabusarquitetura.com.br\/blog\/wp-content\/uploads\/2021\/05\/volta-ao-escritorio-pos-pandemia.png 834w, https:\/\/www.dabusarquitetura.com.br\/blog\/wp-content\/uploads\/2021\/05\/volta-ao-escritorio-pos-pandemia-300x114.png 300w, https:\/\/www.dabusarquitetura.com.br\/blog\/wp-content\/uploads\/2021\/05\/volta-ao-escritorio-pos-pandemia-768x292.png 768w\" sizes=\"(max-width: 834px) 100vw, 834px\" \/><\/figure><\/div>\n\n\n\n<p>Ap\u00f3s um longo per\u00edodo de isolamento social em casa, aos poucos, se d\u00e1 o fen\u00f4meno da <strong>volta ao escrit\u00f3rio<\/strong>. N\u00e3o foi s\u00f3 a rela\u00e7\u00e3o com os cuidados de sa\u00fade que mudou devido \u00e0 pandemia da COVID-19. As formas de trabalho tamb\u00e9m mudaram. Nos mais diversos setores, os profissionais se acostumaram com a <strong>atua\u00e7\u00e3o de maneira remota<\/strong>. Ent\u00e3o, afinal, por que voltar? O que os motivar\u00e1 a estar novamente dentro de salas fechadas com outros colegas?<\/p>\n\n\n\n<p>No post de hoje iremos debater sobre essas quest\u00f5es, que passar\u00e3o a fazer parte da realidade de muitos neg\u00f3cios. O <strong>gerenciamento de pessoas <\/strong>precisar\u00e1 implementar abordagens diferenciadas e, em muitos casos, lidar com o <strong>modelo h\u00edbrido<\/strong>, que mistura formas de trabalho presenciais e remotas.<\/p>\n\n\n\n<p>N\u00e3o h\u00e1 uma receita pronta com todas as respostas. Entretanto, j\u00e1 sabemos que a capacidade de se reinventar \u00e9 um ingrediente indispens\u00e1vel no mundo p\u00f3s-pandemia. No que tange ao retorno da equipe ao ambiente f\u00edsico da empresa, \u00e9 poss\u00edvel explorar potenciais que j\u00e1 existem e d\u00e3o sentido a esse movimento.<\/p>\n\n\n\n<p>Acompanhe!<\/p>\n\n\n\n<h2 class=\"wp-block-heading\">Cuidados de preven\u00e7\u00e3o<\/h2>\n\n\n\n<p>Ap\u00f3s tudo que o mundo passou, certamente todos estar\u00e3o muito atentos aos cuidados de preven\u00e7\u00e3o com rela\u00e7\u00e3o n\u00e3o s\u00f3 \u00e0 COVID-19 como tamb\u00e9m a outras doen\u00e7as. A luz acesa sobre essa p\u00e1gina n\u00e3o se apagar\u00e1 e exigir\u00e1 das organiza\u00e7\u00f5es todas as provid\u00eancias necess\u00e1rias para que seus ocupantes se sintam <strong>seguros e confort\u00e1veis <\/strong>novamente. Portanto, o fornecimento dessas condi\u00e7\u00f5es precisa ser garantido e divulgado, de modo que os colaboradores saibam que podem confiar no espa\u00e7o onde estar\u00e3o, mesmo que seja apenas em alguns dias da semana.<\/p>\n\n\n\n<p>Al\u00e9m dessa quest\u00e3o, outros todos que contribuir\u00e3o para a volta ao escrit\u00f3rio s\u00e3o:<\/p>\n\n\n\n<h3 class=\"wp-block-heading\">1. Colabora\u00e7\u00e3o<\/h3>\n\n\n\n<p>Embora muitas ferramentas digitais permitam e promovam processos colaborativos, nada se compara \u00e0 conviv\u00eancia no mesmo ambiente. Ali, a <strong>colabora\u00e7\u00e3o pode acontecer de maneira espont\u00e2nea<\/strong>. Sobretudo se ela faz parte da cultura da empresa e conta com espa\u00e7os prop\u00edcios a intera\u00e7\u00f5es, como \u00e1reas de conviv\u00eancia, lounges e salas de reuni\u00e3o.<\/p>\n\n\n\n<h3 class=\"wp-block-heading\">2. Aprendizado intensificado<\/h3>\n\n\n\n<p>Sem as intera\u00e7\u00f5es, ideias e colabora\u00e7\u00e3o espont\u00e2nea dos colegas o aprendizado pode ser prejudicado. Em casa, os colaboradores s\u00f3 podem, na maior parte do tempo, contar com suas pr\u00f3prias pesquisas, as quais costumam ser direcionadas a tarefas ou problemas espec\u00edficos. Assim, n\u00e3o h\u00e1 uma <strong>aprendizagem multidisciplinar<\/strong>, que acelera o desenvolvimento da equipe e de suas solu\u00e7\u00f5es.<\/p>\n\n\n\n<h3 class=\"wp-block-heading\">3. Senso de pertencimento<\/h3>\n\n\n\n<p>Todo o tempo de isolamento social fez com que muitas pessoas se sentissem sozinhas. No contexto corporativo n\u00e3o foi diferente. O resultado disso se refletiu, por exemplo, em equipes desengajadas e com baixo desempenho.<\/p>\n\n\n\n<p>O ambiente da empresa traz uma identidade, uma cultura que une todos aqueles que s\u00e3o comprometidos com sua miss\u00e3o. Isso aflora um senso de pertencimento, que <strong>norteia e motiva o time como uma comunidade<\/strong> em busca de algo maior. A conex\u00e3o com os colegas \u00e9 capaz de inspirar, acelerar o aprendizado e estimular a produtividade. Em outras palavras, a comunidade n\u00e3o s\u00f3 contribui para o bem-estar dos trabalhadores, como tamb\u00e9m leva a <strong>melhores resultados de neg\u00f3cios<\/strong>.<\/p>\n\n\n\n<p>Por essas e outras raz\u00f5es, a volta ao escrit\u00f3rio pode e deve ser percebida como uma oportunidade para um novo crescimento. Portanto, saiba focar nos pontos certos para conquistar a ades\u00e3o do time.<\/p>\n\n\n\n<p>Leia tamb\u00e9m nosso artigo em que apontamos as <strong><a href=\"https:\/\/www.dabusarquitetura.com.br\/blog\/2020\/05\/como-sera-ambiente-de-trabalho-pos-pandemia\/\" target=\"_blank\" rel=\"noreferrer noopener\" aria-label=\" (abre numa nova aba)\">provid\u00eancias necess\u00e1rias ao ambiente de trabalho p\u00f3s-pandemia<\/a><\/strong>!<\/p>\n\n\n\n<p style=\"text-align:center\">Refer\u00eancia: <a href=\"https:\/\/www.workdesign.com\/2021\/05\/the-12-building-blocks-of-the-new-workplace\/?utm_source=Subscribers&amp;utm_campaign=dc6ff27e7e-ManagingChange_EMAIL_CAMPAIGN_11__23_20_COPY_01&amp;utm_medium=email&amp;utm_term=0_add981fc0f-dc6ff27e7e-320115548\">Work Design Magazine<\/a>.<\/p>\n","protected":false},"excerpt":{"rendered":"<p>Ap\u00f3s um longo per\u00edodo de isolamento social em casa, aos poucos, se d\u00e1 o fen\u00f4meno da volta ao escrit\u00f3rio. N\u00e3o foi s\u00f3 a rela\u00e7\u00e3o com [&hellip;]<\/p>\n","protected":false},"author":3,"featured_media":0,"comment_status":"open","ping_status":"open","sticky":false,"template":"","format":"standard","meta":[],"categories":[49],"tags":[],"yoast_head":"<!-- This site is optimized with the Yoast SEO plugin v20.8 - https:\/\/yoast.com\/wordpress\/plugins\/seo\/ -->\n<title>3 fatores que motivam a volta ao escrit\u00f3rio p\u00f3s-pandemia<\/title>\n<meta name=\"description\" content=\"A volta ao escrit\u00f3rio resguarda motiva\u00e7\u00f5es que s\u00e3o capazes de\" \/>\n<meta name=\"robots\" content=\"index, follow, max-snippet:-1, max-image-preview:large, max-video-preview:-1\" \/>\n<link rel=\"canonical\" href=\"https:\/\/www.dabusarquitetura.com.br\/blog\/fatores-volta-ao-escritorio-pos-pandemia\/\" \/>\n<meta property=\"og:locale\" content=\"pt_BR\" \/>\n<meta property=\"og:type\" content=\"article\" \/>\n<meta property=\"og:title\" content=\"3 fatores que motivam a volta ao escrit\u00f3rio p\u00f3s-pandemia\" \/>\n<meta property=\"og:description\" content=\"A volta ao escrit\u00f3rio resguarda motiva\u00e7\u00f5es que s\u00e3o capazes de\" \/>\n<meta property=\"og:url\" content=\"https:\/\/www.dabusarquitetura.com.br\/blog\/fatores-volta-ao-escritorio-pos-pandemia\/\" \/>\n<meta property=\"og:site_name\" content=\"DABUS ARQUITETURA\" \/>\n<meta property=\"article:published_time\" content=\"2021-05-26T16:32:50+00:00\" \/>\n<meta property=\"article:modified_time\" content=\"2021-05-26T16:32:51+00:00\" \/>\n<meta property=\"og:image\" content=\"http:\/\/www.dabusarquitetura.com.br\/blog\/wp-content\/uploads\/2021\/05\/volta-ao-escritorio-pos-pandemia.png\" \/>\n<meta name=\"author\" content=\"heloisa.dabus\" \/>\n<meta name=\"twitter:card\" content=\"summary_large_image\" \/>\n<meta name=\"twitter:label1\" content=\"Escrito por\" \/>\n\t<meta name=\"twitter:data1\" content=\"heloisa.dabus\" \/>\n\t<meta name=\"twitter:label2\" content=\"Est. tempo de leitura\" \/>\n\t<meta name=\"twitter:data2\" content=\"3 minutos\" \/>\n<script type=\"application\/ld+json\" class=\"yoast-schema-graph\">{\"@context\":\"https:\/\/schema.org\",\"@graph\":[{\"@type\":\"WebPage\",\"@id\":\"https:\/\/www.dabusarquitetura.com.br\/blog\/fatores-volta-ao-escritorio-pos-pandemia\/\",\"url\":\"https:\/\/www.dabusarquitetura.com.br\/blog\/fatores-volta-ao-escritorio-pos-pandemia\/\",\"name\":\"3 fatores que motivam a volta ao escrit\u00f3rio p\u00f3s-pandemia\",\"isPartOf\":{\"@id\":\"https:\/\/www.dabusarquitetura.com.br\/blog\/#website\"},\"datePublished\":\"2021-05-26T16:32:50+00:00\",\"dateModified\":\"2021-05-26T16:32:51+00:00\",\"author\":{\"@id\":\"https:\/\/www.dabusarquitetura.com.br\/blog\/#\/schema\/person\/978b78d74759412a1cd43634996237c4\"},\"description\":\"A volta ao escrit\u00f3rio resguarda motiva\u00e7\u00f5es que s\u00e3o capazes de\",\"breadcrumb\":{\"@id\":\"https:\/\/www.dabusarquitetura.com.br\/blog\/fatores-volta-ao-escritorio-pos-pandemia\/#breadcrumb\"},\"inLanguage\":\"pt-BR\",\"potentialAction\":[{\"@type\":\"ReadAction\",\"target\":[\"https:\/\/www.dabusarquitetura.com.br\/blog\/fatores-volta-ao-escritorio-pos-pandemia\/\"]}]},{\"@type\":\"BreadcrumbList\",\"@id\":\"https:\/\/www.dabusarquitetura.com.br\/blog\/fatores-volta-ao-escritorio-pos-pandemia\/#breadcrumb\",\"itemListElement\":[{\"@type\":\"ListItem\",\"position\":1,\"name\":\"In\u00edcio\",\"item\":\"https:\/\/www.dabusarquitetura.com.br\/blog\/\"},{\"@type\":\"ListItem\",\"position\":2,\"name\":\"3 fatores que motivam a volta ao escrit\u00f3rio p\u00f3s-pandemia\"}]},{\"@type\":\"WebSite\",\"@id\":\"https:\/\/www.dabusarquitetura.com.br\/blog\/#website\",\"url\":\"https:\/\/www.dabusarquitetura.com.br\/blog\/\",\"name\":\"DABUS ARQUITETURA\",\"description\":\"Arquitetura Corporativa\",\"potentialAction\":[{\"@type\":\"SearchAction\",\"target\":{\"@type\":\"EntryPoint\",\"urlTemplate\":\"https:\/\/www.dabusarquitetura.com.br\/blog\/?s={search_term_string}\"},\"query-input\":\"required name=search_term_string\"}],\"inLanguage\":\"pt-BR\"},{\"@type\":\"Person\",\"@id\":\"https:\/\/www.dabusarquitetura.com.br\/blog\/#\/schema\/person\/978b78d74759412a1cd43634996237c4\",\"name\":\"heloisa.dabus\",\"image\":{\"@type\":\"ImageObject\",\"inLanguage\":\"pt-BR\",\"@id\":\"https:\/\/www.dabusarquitetura.com.br\/blog\/#\/schema\/person\/image\/\",\"url\":\"https:\/\/secure.gravatar.com\/avatar\/4078f4f8e54fb70a99a5e9edc642ecb1?s=96&d=mm&r=g\",\"contentUrl\":\"https:\/\/secure.gravatar.com\/avatar\/4078f4f8e54fb70a99a5e9edc642ecb1?s=96&d=mm&r=g\",\"caption\":\"heloisa.dabus\"},\"url\":\"https:\/\/www.dabusarquitetura.com.br\/blog\/author\/heloisa-dabus\/\"}]}<\/script>\n<!-- \/ Yoast SEO plugin. -->","yoast_head_json":{"title":"3 fatores que motivam a volta ao escrit\u00f3rio p\u00f3s-pandemia","description":"A volta ao escrit\u00f3rio resguarda motiva\u00e7\u00f5es que s\u00e3o capazes de","robots":{"index":"index","follow":"follow","max-snippet":"max-snippet:-1","max-image-preview":"max-image-preview:large","max-video-preview":"max-video-preview:-1"},"canonical":"https:\/\/www.dabusarquitetura.com.br\/blog\/fatores-volta-ao-escritorio-pos-pandemia\/","og_locale":"pt_BR","og_type":"article","og_title":"3 fatores que motivam a volta ao escrit\u00f3rio p\u00f3s-pandemia","og_description":"A volta ao escrit\u00f3rio resguarda motiva\u00e7\u00f5es que s\u00e3o capazes de","og_url":"https:\/\/www.dabusarquitetura.com.br\/blog\/fatores-volta-ao-escritorio-pos-pandemia\/","og_site_name":"DABUS ARQUITETURA","article_published_time":"2021-05-26T16:32:50+00:00","article_modified_time":"2021-05-26T16:32:51+00:00","og_image":[{"url":"http:\/\/www.dabusarquitetura.com.br\/blog\/wp-content\/uploads\/2021\/05\/volta-ao-escritorio-pos-pandemia.png"}],"author":"heloisa.dabus","twitter_card":"summary_large_image","twitter_misc":{"Escrito por":"heloisa.dabus","Est. tempo de leitura":"3 minutos"},"schema":{"@context":"https:\/\/schema.org","@graph":[{"@type":"WebPage","@id":"https:\/\/www.dabusarquitetura.com.br\/blog\/fatores-volta-ao-escritorio-pos-pandemia\/","url":"https:\/\/www.dabusarquitetura.com.br\/blog\/fatores-volta-ao-escritorio-pos-pandemia\/","name":"3 fatores que motivam a volta ao escrit\u00f3rio p\u00f3s-pandemia","isPartOf":{"@id":"https:\/\/www.dabusarquitetura.com.br\/blog\/#website"},"datePublished":"2021-05-26T16:32:50+00:00","dateModified":"2021-05-26T16:32:51+00:00","author":{"@id":"https:\/\/www.dabusarquitetura.com.br\/blog\/#\/schema\/person\/978b78d74759412a1cd43634996237c4"},"description":"A volta ao escrit\u00f3rio resguarda motiva\u00e7\u00f5es que s\u00e3o capazes de","breadcrumb":{"@id":"https:\/\/www.dabusarquitetura.com.br\/blog\/fatores-volta-ao-escritorio-pos-pandemia\/#breadcrumb"},"inLanguage":"pt-BR","potentialAction":[{"@type":"ReadAction","target":["https:\/\/www.dabusarquitetura.com.br\/blog\/fatores-volta-ao-escritorio-pos-pandemia\/"]}]},{"@type":"BreadcrumbList","@id":"https:\/\/www.dabusarquitetura.com.br\/blog\/fatores-volta-ao-escritorio-pos-pandemia\/#breadcrumb","itemListElement":[{"@type":"ListItem","position":1,"name":"In\u00edcio","item":"https:\/\/www.dabusarquitetura.com.br\/blog\/"},{"@type":"ListItem","position":2,"name":"3 fatores que motivam a volta ao escrit\u00f3rio p\u00f3s-pandemia"}]},{"@type":"WebSite","@id":"https:\/\/www.dabusarquitetura.com.br\/blog\/#website","url":"https:\/\/www.dabusarquitetura.com.br\/blog\/","name":"DABUS ARQUITETURA","description":"Arquitetura Corporativa","potentialAction":[{"@type":"SearchAction","target":{"@type":"EntryPoint","urlTemplate":"https:\/\/www.dabusarquitetura.com.br\/blog\/?s={search_term_string}"},"query-input":"required name=search_term_string"}],"inLanguage":"pt-BR"},{"@type":"Person","@id":"https:\/\/www.dabusarquitetura.com.br\/blog\/#\/schema\/person\/978b78d74759412a1cd43634996237c4","name":"heloisa.dabus","image":{"@type":"ImageObject","inLanguage":"pt-BR","@id":"https:\/\/www.dabusarquitetura.com.br\/blog\/#\/schema\/person\/image\/","url":"https:\/\/secure.gravatar.com\/avatar\/4078f4f8e54fb70a99a5e9edc642ecb1?s=96&d=mm&r=g","contentUrl":"https:\/\/secure.gravatar.com\/avatar\/4078f4f8e54fb70a99a5e9edc642ecb1?s=96&d=mm&r=g","caption":"heloisa.dabus"},"url":"https:\/\/www.dabusarquitetura.com.br\/blog\/author\/heloisa-dabus\/"}]}},"_links":{"self":[{"href":"https:\/\/www.dabusarquitetura.com.br\/blog\/wp-json\/wp\/v2\/posts\/15721"}],"collection":[{"href":"https:\/\/www.dabusarquitetura.com.br\/blog\/wp-json\/wp\/v2\/posts"}],"about":[{"href":"https:\/\/www.dabusarquitetura.com.br\/blog\/wp-json\/wp\/v2\/types\/post"}],"author":[{"embeddable":true,"href":"https:\/\/www.dabusarquitetura.com.br\/blog\/wp-json\/wp\/v2\/users\/3"}],"replies":[{"embeddable":true,"href":"https:\/\/www.dabusarquitetura.com.br\/blog\/wp-json\/wp\/v2\/comments?post=15721"}],"version-history":[{"count":1,"href":"https:\/\/www.dabusarquitetura.com.br\/blog\/wp-json\/wp\/v2\/posts\/15721\/revisions"}],"predecessor-version":[{"id":15723,"href":"https:\/\/www.dabusarquitetura.com.br\/blog\/wp-json\/wp\/v2\/posts\/15721\/revisions\/15723"}],"wp:attachment":[{"href":"https:\/\/www.dabusarquitetura.com.br\/blog\/wp-json\/wp\/v2\/media?parent=15721"}],"wp:term":[{"taxonomy":"category","embeddable":true,"href":"https:\/\/www.dabusarquitetura.com.br\/blog\/wp-json\/wp\/v2\/categories?post=15721"},{"taxonomy":"post_tag","embeddable":true,"href":"https:\/\/www.dabusarquitetura.com.br\/blog\/wp-json\/wp\/v2\/tags?post=15721"}],"curies":[{"name":"wp","href":"https:\/\/api.w.org\/{rel}","templated":true}]}}