{"id":15679,"date":"2021-04-08T18:40:16","date_gmt":"2021-04-08T15:40:16","guid":{"rendered":"http:\/\/www.dabusarquitetura.com.br\/blog\/?p=15679"},"modified":"2021-04-08T18:40:17","modified_gmt":"2021-04-08T15:40:17","slug":"medidas-arquitetura-ambiente-escolar-pos-pandemia","status":"publish","type":"post","link":"https:\/\/www.dabusarquitetura.com.br\/blog\/medidas-arquitetura-ambiente-escolar-pos-pandemia\/","title":{"rendered":"5 medidas de Arquitetura para o ambiente escolar p\u00f3s-pandemia"},"content":{"rendered":"\n<div class=\"wp-block-image\"><figure class=\"aligncenter\"><img decoding=\"async\" loading=\"lazy\" width=\"834\" height=\"317\" src=\"http:\/\/www.dabusarquitetura.com.br\/blog\/wp-content\/uploads\/2021\/04\/ambiente-escolar-pos-pandemia.png\" alt=\"Ambiente escolar p\u00f3s-pandemia\" class=\"wp-image-15681\" srcset=\"https:\/\/www.dabusarquitetura.com.br\/blog\/wp-content\/uploads\/2021\/04\/ambiente-escolar-pos-pandemia.png 834w, https:\/\/www.dabusarquitetura.com.br\/blog\/wp-content\/uploads\/2021\/04\/ambiente-escolar-pos-pandemia-300x114.png 300w, https:\/\/www.dabusarquitetura.com.br\/blog\/wp-content\/uploads\/2021\/04\/ambiente-escolar-pos-pandemia-768x292.png 768w\" sizes=\"(max-width: 834px) 100vw, 834px\" \/><figcaption><a href=\"https:\/\/www.dabusarquitetura.com.br\/site\/arquitetura-escolas\/cultura-inglesa-180320140330.html\" target=\"_blank\" rel=\"noreferrer noopener\" aria-label=\" (abre numa nova aba)\">Projeto da DABUS ARQUITETURA para unidade da Cultura Inglesa<\/a>.<\/figcaption><\/figure><\/div>\n\n\n\n<p>Novos costumes e novos cuidados passaram a fazer parte da vida das pessoas por conta da luta contra a COVID-19. Na escola, claro, n\u00e3o poderia ser diferente. Al\u00e9m das medidas de preven\u00e7\u00e3o comportamentais, a Arquitetura do <strong>ambiente escolar p\u00f3s-pandemia<\/strong> tamb\u00e9m dever\u00e1 trazer solu\u00e7\u00f5es para um conv\u00edvio e uso do local mais seguros.<\/p>\n\n\n\n<p>Embora atendam a uma <strong>urg\u00eancia<\/strong> <strong>sanit\u00e1ria<\/strong>, as mudan\u00e7as tamb\u00e9m acompanham as transforma\u00e7\u00f5es na educa\u00e7\u00e3o. Muitas delas, reflexos da pr\u00f3pria intensifica\u00e7\u00e3o do <strong>aprendizado \u00e0 dist\u00e2ncia<\/strong>, decorrente do isolamento social. Assim, espa\u00e7os diferenciados ganhar\u00e3o maior ades\u00e3o tendo em vista as <strong>novas metodologias de ensino<\/strong>.<\/p>\n\n\n\n<p>Acompanhe a seguir e fique por dentro!<\/p>\n\n\n\n<h2 class=\"wp-block-heading\">Como o ambiente escolar p\u00f3s-pandemia pode ser mais saud\u00e1vel?&nbsp;<\/h2>\n\n\n\n<p>Adapta\u00e7\u00f5es exigem sempre um pouco mais de aten\u00e7\u00e3o. Sobretudo, quando elas envolvem quest\u00f5es t\u00e3o delicadas de sa\u00fade. Portanto, \u00e9 essencial que as institui\u00e7\u00f5es se mantenham atentas \u00e0 <strong>sensibilidade dos ocupantes<\/strong> e busquem praticar abordagens mais acolhedoras.<\/p>\n\n\n\n<p>Todos os profissionais dever\u00e3o estar engajados com os cuidados a serem praticados e com o seu <strong>papel de lideran\u00e7a<\/strong> quanto \u00e0 adequada utiliza\u00e7\u00e3o dos novos espa\u00e7os. Os alunos ir\u00e3o se deparar com outros cen\u00e1rios e outras maneiras de interagir com os recursos dispon\u00edveis. Por isso, precisar\u00e3o ser orientados e reeducados. S\u00f3 assim a Arquitetura do ambiente escolar p\u00f3s-pandemia se tornar\u00e1 realmente eficiente e saud\u00e1vel.<\/p>\n\n\n\n<p>Mas, quais medidas arquitet\u00f4nicas poder\u00e3o ser projetadas para assegurar a presen\u00e7a f\u00edsica de alunos e professores? Abaixo relacionamos 5 delas!<\/p>\n\n\n\n<h3 class=\"wp-block-heading\">1. Maior contato com a natureza<\/h3>\n\n\n\n<p>A aprendizagem para al\u00e9m das salas tradicionais j\u00e1 despontava como uma tend\u00eancia. O contato dos alunos com a natureza \u00e9 capaz de <strong>estimular a aten\u00e7\u00e3o e o envolvimento<\/strong> com a disciplina &#8211; que n\u00e3o precisa ser apenas Ci\u00eancias e Biologia. Al\u00e9m disso, os espa\u00e7os integrados com o exterior ajudar\u00e3o a facilitar esse contato com o mundo natural. At\u00e9 mesmo as salas de aula poder\u00e3o ser <strong>abertas a locais como p\u00e1tios e jardins<\/strong>.<\/p>\n\n\n\n<h3 class=\"wp-block-heading\">2. Open space<\/h3>\n\n\n\n<p>\u00c1reas mais amplas e abertas facilitar\u00e3o o espa\u00e7amento entre os usu\u00e1rios e, consequentemente, as medidas de preven\u00e7\u00e3o. O <a href=\"https:\/\/www.dabusarquitetura.com.br\/blog\/2011\/10\/compartilhamento-e-versatilidade-na-arquitetura-corporativa-com-ambientes-open-space\/\"><strong>open space<\/strong><\/a> \u00e9 um layout que passou a ser muito explorado pelas empresas. Agora, as escolas tamb\u00e9m encontrar\u00e3o nele novas maneiras de direcionar as intera\u00e7\u00f5es, os processos colaborativos e a dinamicidade de uma <strong>educa\u00e7\u00e3o mais \u00e1gil, pr\u00e1tica e segura<\/strong>.&nbsp;<\/p>\n\n\n\n<h3 class=\"wp-block-heading\">3. P\u00e9-direito alto<\/h3>\n\n\n\n<p>Espa\u00e7os com p\u00e9-direito alto ajudar\u00e3o a dar mais amplitude para o ambiente escolar p\u00f3s-pandemia. Com eles ser\u00e1 interessante explorar a ilumina\u00e7\u00e3o e a ventila\u00e7\u00e3o naturais, que propiciam a <strong>renova\u00e7\u00e3o do ar<\/strong>. Al\u00e9m disso, o teto mais elevado criar\u00e1 uma <strong>sensa\u00e7\u00e3o maior de liberdade<\/strong> para criar e produzir.<\/p>\n\n\n\n<h3 class=\"wp-block-heading\">4. Acesso facilitado \u00e0 higieniza\u00e7\u00e3o<\/h3>\n\n\n\n<p>Fontes de \u00e1gua e de higieniza\u00e7\u00e3o dever\u00e3o ter acesso facilitado no ambiente escolar p\u00f3s-pandemia. Ent\u00e3o, a localiza\u00e7\u00e3o dos banheiros, por exemplo, ter\u00e1 de ser repensada a fim de permitir uma utiliza\u00e7\u00e3o mais frequente e tamb\u00e9m mais segura. Entretanto, sem prejudicar o andamento das aulas.<\/p>\n\n\n\n<h3 class=\"wp-block-heading\">5. Fortalecimento da sinaliza\u00e7\u00e3o<\/h3>\n\n\n\n<p>A Arquitetura tamb\u00e9m \u00e9 respons\u00e1vel por prever a sinaliza\u00e7\u00e3o adequada em cada edif\u00edcio. No caso das escolas, ela dever\u00e1 refor\u00e7ar orienta\u00e7\u00f5es como a quantidade de pessoas ideal a cada ambiente e fluxo, assim como o distanciamento f\u00edsico necess\u00e1rio. Com uma <a href=\"https:\/\/www.dabusarquitetura.com.br\/blog\/2019\/05\/beneficios-comunicacao-visual-arquitetura\/\"><strong>comunica\u00e7\u00e3o visual bem programada<\/strong><\/a> ser\u00e1 poss\u00edvel evitar confus\u00f5es e <strong>refor\u00e7ar as medidas de preven\u00e7\u00e3o<\/strong>.<\/p>\n\n\n\n<p>N\u00f3s da <strong>DABUS<\/strong> <strong>ARQUITETURA<\/strong> estamos preparados para somar for\u00e7as com a sua institui\u00e7\u00e3o e assim criar novos espa\u00e7os de ensino, alinhados com as atuais necessidades sanit\u00e1rias e pedag\u00f3gicas.&nbsp;<\/p>\n\n\n\n<p class=\"has-background has-very-light-gray-background-color\">Fale com nossos especialistas pelo WhatsApp e saiba mais: <strong><a href=\"https:\/\/api.whatsapp.com\/send?l=pt&amp;phone=5511983276060\" target=\"_blank\" rel=\"noreferrer noopener\" aria-label=\" (abre numa nova aba)\">(11) 98327-6060<\/a><\/strong>.<\/p>\n","protected":false},"excerpt":{"rendered":"<p>Novos costumes e novos cuidados passaram a fazer parte da vida das pessoas por conta da luta contra a COVID-19. Na escola, claro, n\u00e3o poderia [&hellip;]<\/p>\n","protected":false},"author":3,"featured_media":0,"comment_status":"open","ping_status":"open","sticky":false,"template":"","format":"standard","meta":[],"categories":[268],"tags":[],"yoast_head":"<!-- This site is optimized with the Yoast SEO plugin v20.8 - https:\/\/yoast.com\/wordpress\/plugins\/seo\/ -->\n<title>5 medidas de Arquitetura para o ambiente escolar p\u00f3s-pandemia<\/title>\n<meta name=\"description\" content=\"Conhe\u00e7a as solu\u00e7\u00f5es de Arquitetura para o ambiente escolar p\u00f3s-pandemia. Saiba o que impactar\u00e1 o processo de aprendizagem!\" \/>\n<meta name=\"robots\" content=\"index, follow, max-snippet:-1, max-image-preview:large, max-video-preview:-1\" \/>\n<link rel=\"canonical\" href=\"https:\/\/www.dabusarquitetura.com.br\/blog\/medidas-arquitetura-ambiente-escolar-pos-pandemia\/\" \/>\n<meta property=\"og:locale\" content=\"pt_BR\" \/>\n<meta property=\"og:type\" content=\"article\" \/>\n<meta property=\"og:title\" content=\"5 medidas de Arquitetura para o ambiente escolar p\u00f3s-pandemia\" \/>\n<meta property=\"og:description\" content=\"Conhe\u00e7a as solu\u00e7\u00f5es de Arquitetura para o ambiente escolar p\u00f3s-pandemia. Saiba o que impactar\u00e1 o processo de aprendizagem!\" \/>\n<meta property=\"og:url\" content=\"https:\/\/www.dabusarquitetura.com.br\/blog\/medidas-arquitetura-ambiente-escolar-pos-pandemia\/\" \/>\n<meta property=\"og:site_name\" content=\"DABUS ARQUITETURA\" \/>\n<meta property=\"article:published_time\" content=\"2021-04-08T15:40:16+00:00\" \/>\n<meta property=\"article:modified_time\" content=\"2021-04-08T15:40:17+00:00\" \/>\n<meta property=\"og:image\" content=\"http:\/\/www.dabusarquitetura.com.br\/blog\/wp-content\/uploads\/2021\/04\/ambiente-escolar-pos-pandemia.png\" \/>\n<meta name=\"author\" content=\"heloisa.dabus\" \/>\n<meta name=\"twitter:card\" content=\"summary_large_image\" \/>\n<meta name=\"twitter:label1\" content=\"Escrito por\" \/>\n\t<meta name=\"twitter:data1\" content=\"heloisa.dabus\" \/>\n\t<meta name=\"twitter:label2\" content=\"Est. tempo de leitura\" \/>\n\t<meta name=\"twitter:data2\" content=\"3 minutos\" \/>\n<script type=\"application\/ld+json\" class=\"yoast-schema-graph\">{\"@context\":\"https:\/\/schema.org\",\"@graph\":[{\"@type\":\"WebPage\",\"@id\":\"https:\/\/www.dabusarquitetura.com.br\/blog\/medidas-arquitetura-ambiente-escolar-pos-pandemia\/\",\"url\":\"https:\/\/www.dabusarquitetura.com.br\/blog\/medidas-arquitetura-ambiente-escolar-pos-pandemia\/\",\"name\":\"5 medidas de Arquitetura para o ambiente escolar p\u00f3s-pandemia\",\"isPartOf\":{\"@id\":\"https:\/\/www.dabusarquitetura.com.br\/blog\/#website\"},\"datePublished\":\"2021-04-08T15:40:16+00:00\",\"dateModified\":\"2021-04-08T15:40:17+00:00\",\"author\":{\"@id\":\"https:\/\/www.dabusarquitetura.com.br\/blog\/#\/schema\/person\/978b78d74759412a1cd43634996237c4\"},\"description\":\"Conhe\u00e7a as solu\u00e7\u00f5es de Arquitetura para o ambiente escolar p\u00f3s-pandemia. Saiba o que impactar\u00e1 o processo de aprendizagem!\",\"breadcrumb\":{\"@id\":\"https:\/\/www.dabusarquitetura.com.br\/blog\/medidas-arquitetura-ambiente-escolar-pos-pandemia\/#breadcrumb\"},\"inLanguage\":\"pt-BR\",\"potentialAction\":[{\"@type\":\"ReadAction\",\"target\":[\"https:\/\/www.dabusarquitetura.com.br\/blog\/medidas-arquitetura-ambiente-escolar-pos-pandemia\/\"]}]},{\"@type\":\"BreadcrumbList\",\"@id\":\"https:\/\/www.dabusarquitetura.com.br\/blog\/medidas-arquitetura-ambiente-escolar-pos-pandemia\/#breadcrumb\",\"itemListElement\":[{\"@type\":\"ListItem\",\"position\":1,\"name\":\"In\u00edcio\",\"item\":\"https:\/\/www.dabusarquitetura.com.br\/blog\/\"},{\"@type\":\"ListItem\",\"position\":2,\"name\":\"5 medidas de Arquitetura para o ambiente escolar p\u00f3s-pandemia\"}]},{\"@type\":\"WebSite\",\"@id\":\"https:\/\/www.dabusarquitetura.com.br\/blog\/#website\",\"url\":\"https:\/\/www.dabusarquitetura.com.br\/blog\/\",\"name\":\"DABUS ARQUITETURA\",\"description\":\"Arquitetura Corporativa\",\"potentialAction\":[{\"@type\":\"SearchAction\",\"target\":{\"@type\":\"EntryPoint\",\"urlTemplate\":\"https:\/\/www.dabusarquitetura.com.br\/blog\/?s={search_term_string}\"},\"query-input\":\"required name=search_term_string\"}],\"inLanguage\":\"pt-BR\"},{\"@type\":\"Person\",\"@id\":\"https:\/\/www.dabusarquitetura.com.br\/blog\/#\/schema\/person\/978b78d74759412a1cd43634996237c4\",\"name\":\"heloisa.dabus\",\"image\":{\"@type\":\"ImageObject\",\"inLanguage\":\"pt-BR\",\"@id\":\"https:\/\/www.dabusarquitetura.com.br\/blog\/#\/schema\/person\/image\/\",\"url\":\"https:\/\/secure.gravatar.com\/avatar\/4078f4f8e54fb70a99a5e9edc642ecb1?s=96&d=mm&r=g\",\"contentUrl\":\"https:\/\/secure.gravatar.com\/avatar\/4078f4f8e54fb70a99a5e9edc642ecb1?s=96&d=mm&r=g\",\"caption\":\"heloisa.dabus\"},\"url\":\"https:\/\/www.dabusarquitetura.com.br\/blog\/author\/heloisa-dabus\/\"}]}<\/script>\n<!-- \/ Yoast SEO plugin. -->","yoast_head_json":{"title":"5 medidas de Arquitetura para o ambiente escolar p\u00f3s-pandemia","description":"Conhe\u00e7a as solu\u00e7\u00f5es de Arquitetura para o ambiente escolar p\u00f3s-pandemia. Saiba o que impactar\u00e1 o processo de aprendizagem!","robots":{"index":"index","follow":"follow","max-snippet":"max-snippet:-1","max-image-preview":"max-image-preview:large","max-video-preview":"max-video-preview:-1"},"canonical":"https:\/\/www.dabusarquitetura.com.br\/blog\/medidas-arquitetura-ambiente-escolar-pos-pandemia\/","og_locale":"pt_BR","og_type":"article","og_title":"5 medidas de Arquitetura para o ambiente escolar p\u00f3s-pandemia","og_description":"Conhe\u00e7a as solu\u00e7\u00f5es de Arquitetura para o ambiente escolar p\u00f3s-pandemia. Saiba o que impactar\u00e1 o processo de aprendizagem!","og_url":"https:\/\/www.dabusarquitetura.com.br\/blog\/medidas-arquitetura-ambiente-escolar-pos-pandemia\/","og_site_name":"DABUS ARQUITETURA","article_published_time":"2021-04-08T15:40:16+00:00","article_modified_time":"2021-04-08T15:40:17+00:00","og_image":[{"url":"http:\/\/www.dabusarquitetura.com.br\/blog\/wp-content\/uploads\/2021\/04\/ambiente-escolar-pos-pandemia.png"}],"author":"heloisa.dabus","twitter_card":"summary_large_image","twitter_misc":{"Escrito por":"heloisa.dabus","Est. tempo de leitura":"3 minutos"},"schema":{"@context":"https:\/\/schema.org","@graph":[{"@type":"WebPage","@id":"https:\/\/www.dabusarquitetura.com.br\/blog\/medidas-arquitetura-ambiente-escolar-pos-pandemia\/","url":"https:\/\/www.dabusarquitetura.com.br\/blog\/medidas-arquitetura-ambiente-escolar-pos-pandemia\/","name":"5 medidas de Arquitetura para o ambiente escolar p\u00f3s-pandemia","isPartOf":{"@id":"https:\/\/www.dabusarquitetura.com.br\/blog\/#website"},"datePublished":"2021-04-08T15:40:16+00:00","dateModified":"2021-04-08T15:40:17+00:00","author":{"@id":"https:\/\/www.dabusarquitetura.com.br\/blog\/#\/schema\/person\/978b78d74759412a1cd43634996237c4"},"description":"Conhe\u00e7a as solu\u00e7\u00f5es de Arquitetura para o ambiente escolar p\u00f3s-pandemia. Saiba o que impactar\u00e1 o processo de aprendizagem!","breadcrumb":{"@id":"https:\/\/www.dabusarquitetura.com.br\/blog\/medidas-arquitetura-ambiente-escolar-pos-pandemia\/#breadcrumb"},"inLanguage":"pt-BR","potentialAction":[{"@type":"ReadAction","target":["https:\/\/www.dabusarquitetura.com.br\/blog\/medidas-arquitetura-ambiente-escolar-pos-pandemia\/"]}]},{"@type":"BreadcrumbList","@id":"https:\/\/www.dabusarquitetura.com.br\/blog\/medidas-arquitetura-ambiente-escolar-pos-pandemia\/#breadcrumb","itemListElement":[{"@type":"ListItem","position":1,"name":"In\u00edcio","item":"https:\/\/www.dabusarquitetura.com.br\/blog\/"},{"@type":"ListItem","position":2,"name":"5 medidas de Arquitetura para o ambiente escolar p\u00f3s-pandemia"}]},{"@type":"WebSite","@id":"https:\/\/www.dabusarquitetura.com.br\/blog\/#website","url":"https:\/\/www.dabusarquitetura.com.br\/blog\/","name":"DABUS ARQUITETURA","description":"Arquitetura Corporativa","potentialAction":[{"@type":"SearchAction","target":{"@type":"EntryPoint","urlTemplate":"https:\/\/www.dabusarquitetura.com.br\/blog\/?s={search_term_string}"},"query-input":"required name=search_term_string"}],"inLanguage":"pt-BR"},{"@type":"Person","@id":"https:\/\/www.dabusarquitetura.com.br\/blog\/#\/schema\/person\/978b78d74759412a1cd43634996237c4","name":"heloisa.dabus","image":{"@type":"ImageObject","inLanguage":"pt-BR","@id":"https:\/\/www.dabusarquitetura.com.br\/blog\/#\/schema\/person\/image\/","url":"https:\/\/secure.gravatar.com\/avatar\/4078f4f8e54fb70a99a5e9edc642ecb1?s=96&d=mm&r=g","contentUrl":"https:\/\/secure.gravatar.com\/avatar\/4078f4f8e54fb70a99a5e9edc642ecb1?s=96&d=mm&r=g","caption":"heloisa.dabus"},"url":"https:\/\/www.dabusarquitetura.com.br\/blog\/author\/heloisa-dabus\/"}]}},"_links":{"self":[{"href":"https:\/\/www.dabusarquitetura.com.br\/blog\/wp-json\/wp\/v2\/posts\/15679"}],"collection":[{"href":"https:\/\/www.dabusarquitetura.com.br\/blog\/wp-json\/wp\/v2\/posts"}],"about":[{"href":"https:\/\/www.dabusarquitetura.com.br\/blog\/wp-json\/wp\/v2\/types\/post"}],"author":[{"embeddable":true,"href":"https:\/\/www.dabusarquitetura.com.br\/blog\/wp-json\/wp\/v2\/users\/3"}],"replies":[{"embeddable":true,"href":"https:\/\/www.dabusarquitetura.com.br\/blog\/wp-json\/wp\/v2\/comments?post=15679"}],"version-history":[{"count":4,"href":"https:\/\/www.dabusarquitetura.com.br\/blog\/wp-json\/wp\/v2\/posts\/15679\/revisions"}],"predecessor-version":[{"id":15684,"href":"https:\/\/www.dabusarquitetura.com.br\/blog\/wp-json\/wp\/v2\/posts\/15679\/revisions\/15684"}],"wp:attachment":[{"href":"https:\/\/www.dabusarquitetura.com.br\/blog\/wp-json\/wp\/v2\/media?parent=15679"}],"wp:term":[{"taxonomy":"category","embeddable":true,"href":"https:\/\/www.dabusarquitetura.com.br\/blog\/wp-json\/wp\/v2\/categories?post=15679"},{"taxonomy":"post_tag","embeddable":true,"href":"https:\/\/www.dabusarquitetura.com.br\/blog\/wp-json\/wp\/v2\/tags?post=15679"}],"curies":[{"name":"wp","href":"https:\/\/api.w.org\/{rel}","templated":true}]}}