{"id":15584,"date":"2021-02-24T01:48:29","date_gmt":"2021-02-23T22:48:29","guid":{"rendered":"http:\/\/www.dabusarquitetura.com.br\/blog\/?p=15584"},"modified":"2021-02-24T01:48:32","modified_gmt":"2021-02-23T22:48:32","slug":"marca-cancelada-dicas-evitar","status":"publish","type":"post","link":"https:\/\/www.dabusarquitetura.com.br\/blog\/marca-cancelada-dicas-evitar\/","title":{"rendered":"Marca cancelada: 5 dicas para evitar o problema"},"content":{"rendered":"\n<div class=\"wp-block-image\"><figure class=\"aligncenter\"><img decoding=\"async\" loading=\"lazy\" width=\"834\" height=\"317\" src=\"http:\/\/www.dabusarquitetura.com.br\/blog\/wp-content\/uploads\/2021\/02\/marca-cancelada.png\" alt=\"Marca cancelada\" class=\"wp-image-15585\" srcset=\"https:\/\/www.dabusarquitetura.com.br\/blog\/wp-content\/uploads\/2021\/02\/marca-cancelada.png 834w, https:\/\/www.dabusarquitetura.com.br\/blog\/wp-content\/uploads\/2021\/02\/marca-cancelada-300x114.png 300w, https:\/\/www.dabusarquitetura.com.br\/blog\/wp-content\/uploads\/2021\/02\/marca-cancelada-768x292.png 768w\" sizes=\"(max-width: 834px) 100vw, 834px\" \/><\/figure><\/div>\n\n\n\n<p>J\u00e1 pensou no que aconteceria se tivesse a sua <strong>marca cancelada<\/strong>? N\u00e3o se engane. Esse risco n\u00e3o \u00e9 \u201cprivil\u00e9gio\u201d dos famosos ou das grandes companhias. Hoje, p\u00fablicos dos mais diferentes mercados t\u00eam apresentado um comportamento cr\u00edtico e militante. Portanto, o seu neg\u00f3cio n\u00e3o pode ignorar o <strong>poder que est\u00e1 nas m\u00e3os do consumidor<\/strong>.<\/p>\n\n\n\n<p>A <strong>\u201ccultura do cancelamento\u201d<\/strong> ganhou for\u00e7a em 2019. Tanto que, de acordo com o <a href=\"https:\/\/www.macquariedictionary.com.au\/\">Dicion\u00e1rio Macquarie<\/a>, esse foi o termo daquele ano. De maneira pr\u00e1tica, o cancelamento \u00e9 uma resposta conjunta de um grupo de pessoas diante de um comportamento considerado incoerente, irrespons\u00e1vel, insens\u00edvel ou negligente de uma figura p\u00fablica. Al\u00e9m de cr\u00edticas, isso pode ser elevado ao <strong>boicote<\/strong> da audi\u00eancia e da compra de produtos relacionados \u00e0quele artista ou empresa. Ou seja, se traduz em <strong>preju\u00edzos de cunho financeiro <\/strong>para ele!<\/p>\n\n\n\n<p>Quer evitar o problema? Ent\u00e3o, confira as dicas de hoje!<\/p>\n\n\n\n<h2 class=\"wp-block-heading\">Posicionamento de marca<\/h2>\n\n\n\n<p>A coer\u00eancia com rela\u00e7\u00e3o aos <strong>valores e promessas <\/strong>apresentados \u00e9 um dos pontos mais importantes a se analisar em uma marca cancelada. Assim, n\u00e3o \u00e9 surpresa que o fato tenha acontecido se ela prometeu um pre\u00e7o e praticou outro, por exemplo. Ou se ela disse valorizar os direitos humanos, mas trabalha com produtos produzidos por m\u00e3o de obra escrava.<\/p>\n\n\n\n<p>A maneira como sua empresa deve ser percebida n\u00e3o se provar\u00e1 simplesmente pelo discurso. \u00c9 a pr\u00e1tica que a validar\u00e1 junto aos consumidores! Portanto, \u00e9 essencial planejar muito bem o posicionamento. Quais <strong>valores<\/strong> far\u00e3o parte dele? Quais <strong>causas<\/strong> ser\u00e3o defendidas? Quais <strong>projetos<\/strong> ser\u00e3o abra\u00e7ados?<\/p>\n\n\n\n<p>Tudo isso deve partir de uma profunda compreens\u00e3o sobre o <strong>p\u00fablico-alvo<\/strong>. Entretanto, supor qualquer coisa pode ser fatal. \u00c9 necess\u00e1rio pesquisar bem e manter o relacionamento sempre aproximado com ele.<\/p>\n\n\n\n<h3 class=\"wp-block-heading\">O que fazer para n\u00e3o ter a marca cancelada<\/h3>\n\n\n\n<p>Veja a seguir 5 cuidados indispens\u00e1veis para construir uma imagem de credibilidade e com mais chances de evoluir no\u00a0 mercado.<\/p>\n\n\n\n<h3 class=\"wp-block-heading\">1. Respeite a cultura<\/h3>\n\n\n\n<p>A cultura de uma popula\u00e7\u00e3o, ou de um grupo de pessoas, jamais pode ser desrespeitada. Mesmo que nem todas as caracter\u00edsticas fa\u00e7am parte da proposta de valor do seu neg\u00f3cio, \u00e9 altamente prejudicial ignorar ou atacar aspectos culturais, pois eles fazem parte de uma <strong>identidade pessoal e coletiva<\/strong>. Por isso, fique bem atento a esse fator a fim de n\u00e3o fechar as pontes do di\u00e1logo com o p\u00fablico.<\/p>\n\n\n\n<h3 class=\"wp-block-heading\">2. Saiba pedir desculpas\u00a0<\/h3>\n\n\n\n<p>Saber pedir desculpas n\u00e3o \u00e9 simplesmente pedir perd\u00e3o. Mas sim demonstrar com gestos coerentes a percep\u00e7\u00e3o sobre um erro cometido. Ser proativo faz toda diferen\u00e7a. Muitas marcas e artistas s\u00f3 se desculpam ap\u00f3s a press\u00e3o do p\u00fablico, o que costuma vir acompanhado de cr\u00edticas \u00e1cidas. Mesmo que a retrata\u00e7\u00e3o seja feita, se n\u00e3o for espont\u00e2nea, pouco valer\u00e1.<\/p>\n\n\n\n<h3 class=\"wp-block-heading\">3. Escolha a dedo as parcerias<\/h3>\n\n\n\n<p>Se a sua empresa trabalha com produtos veganos, n\u00e3o faz sentido que ela tenha parceiros que testam produtos em animais. N\u00e3o \u00e9 apenas o senso cr\u00edtico das pessoas que tem aumentado. Mas tamb\u00e9m o seu poder de aten\u00e7\u00e3o e pesquisa para identificar os pontos incongruentes.<\/p>\n\n\n\n<h3 class=\"wp-block-heading\">4. Cumpra com o prometido<\/h3>\n\n\n\n<p>Aqui, mais uma vez, falamos sobre o posicionamento da marca. As suas promessas e os seus valores precisam ser cumpridos. Ent\u00e3o, muito cuidado com a comunica\u00e7\u00e3o e o marketing do neg\u00f3cio. Definitivamente, n\u00e3o basta mais apenas dizer frases bonitas ou politicamente corretas. Como j\u00e1 mencionado, <strong>\u00e9 a atitude que valer\u00e1<\/strong>, no fim das contas. H\u00e1 at\u00e9 grupos que se dedicam a achar os <em>gaps<\/em> para divulgar e promover a cultura do cancelamento. Ent\u00e3o, cumpra com o prometido, mas muito cuidado com ele. \u00c9 necess\u00e1rio respeitar a cultura dos indiv\u00edduos, al\u00e9m dos direitos humanos e pol\u00edticos.<\/p>\n\n\n\n<h3 class=\"wp-block-heading\">5. Jamais subestime o p\u00fablico<\/h3>\n\n\n\n<p>Acreditar que uma incoer\u00eancia possa passar despercebida pode ser fatal. Entretanto, al\u00e9m disso, o consumidor tamb\u00e9m j\u00e1 n\u00e3o tolera mais um <strong>posicionamento abusivo<\/strong>. Exemplo disso \u00e9 o caso de uma marca de roupas que, na pandemia, lan\u00e7ou m\u00e1scaras que foram consideradas caras demais para apenas \u201cdepois peda\u00e7os de pano\u201d. O resultado foi a retirada do produto de circula\u00e7\u00e3o para evitar maiores pol\u00eamicas. Assim, vemos como at\u00e9 a <strong>pol\u00edtica de pre\u00e7os <\/strong>tem de ser muito bem definida para n\u00e3o gerar revolta, piada e, claro, o cancelamento.<\/p>\n\n\n\n<p>Seu time est\u00e1 empenhado em n\u00e3o gerar uma marca cancelada? Lembre-se que \u00e9 indispens\u00e1vel contar com todo apoio dele. Afinal, s\u00e3o esses profissionais que lidar\u00e3o com as cr\u00edticas.<\/p>\n\n\n\n<p>Complemente sua leitura! Leia tamb\u00e9m nosso artigo sobre <a href=\"https:\/\/www.dabusarquitetura.com.br\/blog\/2020\/05\/marcas-na-crise-estrategias-posicionar\/\"><strong>como posicionar a marca em tempos de crise<\/strong><\/a>.<\/p>\n","protected":false},"excerpt":{"rendered":"<p>J\u00e1 pensou no que aconteceria se tivesse a sua marca cancelada? N\u00e3o se engane. Esse risco n\u00e3o \u00e9 \u201cprivil\u00e9gio\u201d dos famosos ou das grandes companhias. [&hellip;]<\/p>\n","protected":false},"author":3,"featured_media":0,"comment_status":"open","ping_status":"open","sticky":false,"template":"","format":"standard","meta":[],"categories":[49],"tags":[],"yoast_head":"<!-- This site is optimized with the Yoast SEO plugin v20.8 - https:\/\/yoast.com\/wordpress\/plugins\/seo\/ -->\n<title>Marca cancelada: 5 dicas para evitar esse problema<\/title>\n<meta name=\"description\" content=\"O que fazer para n\u00e3o ter a sua marca cancelada? Confira as dicas para n\u00e3o cair no cancelamento do p\u00fablico, problema que pode resultar at\u00e9 no fim do neg\u00f3cio.\" \/>\n<meta name=\"robots\" content=\"index, follow, max-snippet:-1, max-image-preview:large, max-video-preview:-1\" \/>\n<link rel=\"canonical\" href=\"https:\/\/www.dabusarquitetura.com.br\/blog\/marca-cancelada-dicas-evitar\/\" \/>\n<meta property=\"og:locale\" content=\"pt_BR\" \/>\n<meta property=\"og:type\" content=\"article\" \/>\n<meta property=\"og:title\" content=\"Marca cancelada: 5 dicas para evitar esse problema\" \/>\n<meta property=\"og:description\" content=\"O que fazer para n\u00e3o ter a sua marca cancelada? Confira as dicas para n\u00e3o cair no cancelamento do p\u00fablico, problema que pode resultar at\u00e9 no fim do neg\u00f3cio.\" \/>\n<meta property=\"og:url\" content=\"https:\/\/www.dabusarquitetura.com.br\/blog\/marca-cancelada-dicas-evitar\/\" \/>\n<meta property=\"og:site_name\" content=\"DABUS ARQUITETURA\" \/>\n<meta property=\"article:published_time\" content=\"2021-02-23T22:48:29+00:00\" \/>\n<meta property=\"article:modified_time\" content=\"2021-02-23T22:48:32+00:00\" \/>\n<meta property=\"og:image\" content=\"http:\/\/www.dabusarquitetura.com.br\/blog\/wp-content\/uploads\/2021\/02\/marca-cancelada.png\" \/>\n<meta name=\"author\" content=\"heloisa.dabus\" \/>\n<meta name=\"twitter:card\" content=\"summary_large_image\" \/>\n<meta name=\"twitter:label1\" content=\"Escrito por\" \/>\n\t<meta name=\"twitter:data1\" content=\"heloisa.dabus\" \/>\n\t<meta name=\"twitter:label2\" content=\"Est. tempo de leitura\" \/>\n\t<meta name=\"twitter:data2\" content=\"4 minutos\" \/>\n<script type=\"application\/ld+json\" class=\"yoast-schema-graph\">{\"@context\":\"https:\/\/schema.org\",\"@graph\":[{\"@type\":\"WebPage\",\"@id\":\"https:\/\/www.dabusarquitetura.com.br\/blog\/marca-cancelada-dicas-evitar\/\",\"url\":\"https:\/\/www.dabusarquitetura.com.br\/blog\/marca-cancelada-dicas-evitar\/\",\"name\":\"Marca cancelada: 5 dicas para evitar esse problema\",\"isPartOf\":{\"@id\":\"https:\/\/www.dabusarquitetura.com.br\/blog\/#website\"},\"datePublished\":\"2021-02-23T22:48:29+00:00\",\"dateModified\":\"2021-02-23T22:48:32+00:00\",\"author\":{\"@id\":\"https:\/\/www.dabusarquitetura.com.br\/blog\/#\/schema\/person\/978b78d74759412a1cd43634996237c4\"},\"description\":\"O que fazer para n\u00e3o ter a sua marca cancelada? Confira as dicas para n\u00e3o cair no cancelamento do p\u00fablico, problema que pode resultar at\u00e9 no fim do neg\u00f3cio.\",\"breadcrumb\":{\"@id\":\"https:\/\/www.dabusarquitetura.com.br\/blog\/marca-cancelada-dicas-evitar\/#breadcrumb\"},\"inLanguage\":\"pt-BR\",\"potentialAction\":[{\"@type\":\"ReadAction\",\"target\":[\"https:\/\/www.dabusarquitetura.com.br\/blog\/marca-cancelada-dicas-evitar\/\"]}]},{\"@type\":\"BreadcrumbList\",\"@id\":\"https:\/\/www.dabusarquitetura.com.br\/blog\/marca-cancelada-dicas-evitar\/#breadcrumb\",\"itemListElement\":[{\"@type\":\"ListItem\",\"position\":1,\"name\":\"In\u00edcio\",\"item\":\"https:\/\/www.dabusarquitetura.com.br\/blog\/\"},{\"@type\":\"ListItem\",\"position\":2,\"name\":\"Marca cancelada: 5 dicas para evitar o problema\"}]},{\"@type\":\"WebSite\",\"@id\":\"https:\/\/www.dabusarquitetura.com.br\/blog\/#website\",\"url\":\"https:\/\/www.dabusarquitetura.com.br\/blog\/\",\"name\":\"DABUS ARQUITETURA\",\"description\":\"Arquitetura Corporativa\",\"potentialAction\":[{\"@type\":\"SearchAction\",\"target\":{\"@type\":\"EntryPoint\",\"urlTemplate\":\"https:\/\/www.dabusarquitetura.com.br\/blog\/?s={search_term_string}\"},\"query-input\":\"required name=search_term_string\"}],\"inLanguage\":\"pt-BR\"},{\"@type\":\"Person\",\"@id\":\"https:\/\/www.dabusarquitetura.com.br\/blog\/#\/schema\/person\/978b78d74759412a1cd43634996237c4\",\"name\":\"heloisa.dabus\",\"image\":{\"@type\":\"ImageObject\",\"inLanguage\":\"pt-BR\",\"@id\":\"https:\/\/www.dabusarquitetura.com.br\/blog\/#\/schema\/person\/image\/\",\"url\":\"https:\/\/secure.gravatar.com\/avatar\/4078f4f8e54fb70a99a5e9edc642ecb1?s=96&d=mm&r=g\",\"contentUrl\":\"https:\/\/secure.gravatar.com\/avatar\/4078f4f8e54fb70a99a5e9edc642ecb1?s=96&d=mm&r=g\",\"caption\":\"heloisa.dabus\"},\"url\":\"https:\/\/www.dabusarquitetura.com.br\/blog\/author\/heloisa-dabus\/\"}]}<\/script>\n<!-- \/ Yoast SEO plugin. -->","yoast_head_json":{"title":"Marca cancelada: 5 dicas para evitar esse problema","description":"O que fazer para n\u00e3o ter a sua marca cancelada? Confira as dicas para n\u00e3o cair no cancelamento do p\u00fablico, problema que pode resultar at\u00e9 no fim do neg\u00f3cio.","robots":{"index":"index","follow":"follow","max-snippet":"max-snippet:-1","max-image-preview":"max-image-preview:large","max-video-preview":"max-video-preview:-1"},"canonical":"https:\/\/www.dabusarquitetura.com.br\/blog\/marca-cancelada-dicas-evitar\/","og_locale":"pt_BR","og_type":"article","og_title":"Marca cancelada: 5 dicas para evitar esse problema","og_description":"O que fazer para n\u00e3o ter a sua marca cancelada? Confira as dicas para n\u00e3o cair no cancelamento do p\u00fablico, problema que pode resultar at\u00e9 no fim do neg\u00f3cio.","og_url":"https:\/\/www.dabusarquitetura.com.br\/blog\/marca-cancelada-dicas-evitar\/","og_site_name":"DABUS ARQUITETURA","article_published_time":"2021-02-23T22:48:29+00:00","article_modified_time":"2021-02-23T22:48:32+00:00","og_image":[{"url":"http:\/\/www.dabusarquitetura.com.br\/blog\/wp-content\/uploads\/2021\/02\/marca-cancelada.png"}],"author":"heloisa.dabus","twitter_card":"summary_large_image","twitter_misc":{"Escrito por":"heloisa.dabus","Est. tempo de leitura":"4 minutos"},"schema":{"@context":"https:\/\/schema.org","@graph":[{"@type":"WebPage","@id":"https:\/\/www.dabusarquitetura.com.br\/blog\/marca-cancelada-dicas-evitar\/","url":"https:\/\/www.dabusarquitetura.com.br\/blog\/marca-cancelada-dicas-evitar\/","name":"Marca cancelada: 5 dicas para evitar esse problema","isPartOf":{"@id":"https:\/\/www.dabusarquitetura.com.br\/blog\/#website"},"datePublished":"2021-02-23T22:48:29+00:00","dateModified":"2021-02-23T22:48:32+00:00","author":{"@id":"https:\/\/www.dabusarquitetura.com.br\/blog\/#\/schema\/person\/978b78d74759412a1cd43634996237c4"},"description":"O que fazer para n\u00e3o ter a sua marca cancelada? Confira as dicas para n\u00e3o cair no cancelamento do p\u00fablico, problema que pode resultar at\u00e9 no fim do neg\u00f3cio.","breadcrumb":{"@id":"https:\/\/www.dabusarquitetura.com.br\/blog\/marca-cancelada-dicas-evitar\/#breadcrumb"},"inLanguage":"pt-BR","potentialAction":[{"@type":"ReadAction","target":["https:\/\/www.dabusarquitetura.com.br\/blog\/marca-cancelada-dicas-evitar\/"]}]},{"@type":"BreadcrumbList","@id":"https:\/\/www.dabusarquitetura.com.br\/blog\/marca-cancelada-dicas-evitar\/#breadcrumb","itemListElement":[{"@type":"ListItem","position":1,"name":"In\u00edcio","item":"https:\/\/www.dabusarquitetura.com.br\/blog\/"},{"@type":"ListItem","position":2,"name":"Marca cancelada: 5 dicas para evitar o problema"}]},{"@type":"WebSite","@id":"https:\/\/www.dabusarquitetura.com.br\/blog\/#website","url":"https:\/\/www.dabusarquitetura.com.br\/blog\/","name":"DABUS ARQUITETURA","description":"Arquitetura Corporativa","potentialAction":[{"@type":"SearchAction","target":{"@type":"EntryPoint","urlTemplate":"https:\/\/www.dabusarquitetura.com.br\/blog\/?s={search_term_string}"},"query-input":"required name=search_term_string"}],"inLanguage":"pt-BR"},{"@type":"Person","@id":"https:\/\/www.dabusarquitetura.com.br\/blog\/#\/schema\/person\/978b78d74759412a1cd43634996237c4","name":"heloisa.dabus","image":{"@type":"ImageObject","inLanguage":"pt-BR","@id":"https:\/\/www.dabusarquitetura.com.br\/blog\/#\/schema\/person\/image\/","url":"https:\/\/secure.gravatar.com\/avatar\/4078f4f8e54fb70a99a5e9edc642ecb1?s=96&d=mm&r=g","contentUrl":"https:\/\/secure.gravatar.com\/avatar\/4078f4f8e54fb70a99a5e9edc642ecb1?s=96&d=mm&r=g","caption":"heloisa.dabus"},"url":"https:\/\/www.dabusarquitetura.com.br\/blog\/author\/heloisa-dabus\/"}]}},"_links":{"self":[{"href":"https:\/\/www.dabusarquitetura.com.br\/blog\/wp-json\/wp\/v2\/posts\/15584"}],"collection":[{"href":"https:\/\/www.dabusarquitetura.com.br\/blog\/wp-json\/wp\/v2\/posts"}],"about":[{"href":"https:\/\/www.dabusarquitetura.com.br\/blog\/wp-json\/wp\/v2\/types\/post"}],"author":[{"embeddable":true,"href":"https:\/\/www.dabusarquitetura.com.br\/blog\/wp-json\/wp\/v2\/users\/3"}],"replies":[{"embeddable":true,"href":"https:\/\/www.dabusarquitetura.com.br\/blog\/wp-json\/wp\/v2\/comments?post=15584"}],"version-history":[{"count":3,"href":"https:\/\/www.dabusarquitetura.com.br\/blog\/wp-json\/wp\/v2\/posts\/15584\/revisions"}],"predecessor-version":[{"id":15588,"href":"https:\/\/www.dabusarquitetura.com.br\/blog\/wp-json\/wp\/v2\/posts\/15584\/revisions\/15588"}],"wp:attachment":[{"href":"https:\/\/www.dabusarquitetura.com.br\/blog\/wp-json\/wp\/v2\/media?parent=15584"}],"wp:term":[{"taxonomy":"category","embeddable":true,"href":"https:\/\/www.dabusarquitetura.com.br\/blog\/wp-json\/wp\/v2\/categories?post=15584"},{"taxonomy":"post_tag","embeddable":true,"href":"https:\/\/www.dabusarquitetura.com.br\/blog\/wp-json\/wp\/v2\/tags?post=15584"}],"curies":[{"name":"wp","href":"https:\/\/api.w.org\/{rel}","templated":true}]}}