{"id":15549,"date":"2021-01-25T03:32:44","date_gmt":"2021-01-25T00:32:44","guid":{"rendered":"http:\/\/www.dabusarquitetura.com.br\/blog\/?p=15549"},"modified":"2021-01-28T02:48:53","modified_gmt":"2021-01-27T23:48:53","slug":"tendencias-nas-midias-sociais-2021","status":"publish","type":"post","link":"https:\/\/www.dabusarquitetura.com.br\/blog\/tendencias-nas-midias-sociais-2021\/","title":{"rendered":"4 tend\u00eancias nas m\u00eddias sociais para apostar em 2021"},"content":{"rendered":"\n<div class=\"wp-block-image\"><figure class=\"aligncenter\"><img decoding=\"async\" loading=\"lazy\" width=\"834\" height=\"317\" src=\"http:\/\/www.dabusarquitetura.com.br\/blog\/wp-content\/uploads\/2021\/01\/tendencias-nas-midias-sociais.png\" alt=\"Tend\u00eancias nas m\u00eddias sociais\" class=\"wp-image-15556\" srcset=\"https:\/\/www.dabusarquitetura.com.br\/blog\/wp-content\/uploads\/2021\/01\/tendencias-nas-midias-sociais.png 834w, https:\/\/www.dabusarquitetura.com.br\/blog\/wp-content\/uploads\/2021\/01\/tendencias-nas-midias-sociais-300x114.png 300w, https:\/\/www.dabusarquitetura.com.br\/blog\/wp-content\/uploads\/2021\/01\/tendencias-nas-midias-sociais-768x292.png 768w\" sizes=\"(max-width: 834px) 100vw, 834px\" \/><\/figure><\/div>\n\n\n\n<p>A maneira como as pessoas utilizam a internet e os recursos tecnol\u00f3gicos se transforma ao longo do tempo. Assim, como n\u00e3o poderia deixar de ser, <strong>tend\u00eancias nas m\u00eddias sociais<\/strong> tomam forma. Sobretudo diante de <strong>mudan\u00e7as significativas no estilo de vida<\/strong> das pessoas, como aconteceu ao longo da pandemia do <a href=\"https:\/\/www.dabusarquitetura.com.br\/blog\/2020\/06\/covid-19-trabalho-ambientes-adequados\/\"><strong>novo coronav\u00edrus<\/strong><\/a>.<\/p>\n\n\n\n<p>De acordo com um relat\u00f3rio do <a href=\"https:\/\/www.appannie.com\/en\/\" target=\"_blank\" rel=\"noreferrer noopener\" aria-label=\" (abre numa nova aba)\">App Annie<\/a>, empresa que realiza an\u00e1lises do mercado mobile mundial, o <strong>Brasil continuou em segundo lugar<\/strong> no ranking das na\u00e7\u00f5es que ficam mais tempo conectadas em aplicativos. O que representa cerca de <strong>4,8 horas por dia<\/strong>. Sendo que, de 2019 para 2020, houve um aumento de uso de 26,32%.<\/p>\n\n\n\n<p>O estudo levou em considera\u00e7\u00e3o os aplicativos sociais mais acessados ativamente nos \u00faltimos dois anos em diversos pa\u00edses. Entre outros dados, ele revelou ainda que, de maneira global, o uso das m\u00eddias sociais vem crescendo 325%, anualmente.<\/p>\n\n\n\n<h2 class=\"wp-block-heading\">Redes sociais mais utilizadas&nbsp;<\/h2>\n\n\n\n<p>A mesma pesquisa mostrou que o <strong>WhatsApp<\/strong> ficou no topo do ranking nacional. Em 2020, os brasileiros passaram cerca de 30,3 horas por m\u00eas conectados na rede social. Varia\u00e7\u00e3o de 15,65% ante 2019.<\/p>\n\n\n\n<p>Na segunda posi\u00e7\u00e3o, apareceu o app do Facebook, onde os usu\u00e1rios ficaram por volta de 15,6 horas mensais. Em seguida, veio o Instagram, que registrou uso de 14 horas por m\u00eas no pa\u00eds.<\/p>\n\n\n\n<p>Mas, afinal, o que promete fazer mais sucesso agora em 2021? Acompanhe e saiba onde a sua empresa deve investir!<\/p>\n\n\n\n<h3 class=\"wp-block-heading\">Atento \u00e0s tend\u00eancias nas m\u00eddias sociais<\/h3>\n\n\n\n<p>As tend\u00eancias nas m\u00eddias sociais colocam em foco o posicionamento da marca atrelado, preferencialmente, a <strong>causas sociais<\/strong>.<\/p>\n\n\n\n<p>Seu neg\u00f3cio sabe se colocar diante delas com coer\u00eancia? Ent\u00e3o, \u00e9 hora de alinhar a estrat\u00e9gia!<\/p>\n\n\n\n<h3 class=\"wp-block-heading\"><strong>1. TikTok<\/strong><\/h3>\n\n\n\n<p>Entre as novas plataformas no mercado, destaca-se o <a rel=\"noreferrer noopener\" aria-label=\"TikToK (abre numa nova aba)\" href=\"https:\/\/www.tiktok.com\/pt-BR\" target=\"_blank\">TikTok<\/a>, rede social para postagem e compartilhamento de v\u00eddeos r\u00e1pidos. O formato conquistou, principalmente, o p\u00fablico mais jovem, que gosta de acompanhar <strong>influenciadores e tend\u00eancias constantes<\/strong>. Hoje, a plataforma conta com cerca de 1,5 bilh\u00e3o de usu\u00e1rios mensais. O p\u00fablico mais ass\u00edduo tem entre 16 a 24 anos. Dessa forma, ser\u00e1 essencial que as organiza\u00e7\u00f5es aprendam a criar conte\u00fados dentro dessa proposta que, inclusive, casa muito bem com um lado mais <strong>bem-humorado<\/strong>.<\/p>\n\n\n\n<h3 class=\"wp-block-heading\"><strong>2. Explora\u00e7\u00e3o dos Stories<\/strong><\/h3>\n\n\n\n<p>Os Stories s\u00e3o um tipo de m\u00eddia que ficou muito conhecido no <strong>Instagram<\/strong>. Por\u00e9m, atualmente, diversas outras redes sociais passaram a disponibiliz\u00e1-lo. YouTube, WhatsApp, Twitter e at\u00e9 o LinkedIn s\u00e3o algumas delas. Explorar esse modelo de postagem nos diferentes servi\u00e7os ser\u00e1 importante para <strong>conquistar maior engajamento<\/strong> em 2021. Para tanto, ser\u00e1 necess\u00e1rio planejar conte\u00fados espec\u00edficos para o formato.<\/p>\n\n\n\n<h3 class=\"wp-block-heading\"><strong>3. Micro-ifluenciadores<\/strong><\/h3>\n\n\n\n<p>Os influenciadores se tornaram os novos garotos-propaganda. Blogueiros e at\u00e9 mesmo artistas das m\u00eddias tradicionais desenvolveram m\u00e9todos de abordagem diferentes, pr\u00f3prios para os meios digitais. Contudo, quem est\u00e1 em alta, agora, s\u00e3o os micro-influenciadores. Pessoas com menor alcance nas redes sociais, por\u00e9m, que proporcionam para as marcas um <strong>di\u00e1logo de maior qualidade delas com os p\u00fablicos de nicho<\/strong>. Ou seja, estamos falando de uma segmenta\u00e7\u00e3o maior para gerar resultados mais s\u00f3lidos e satisfat\u00f3rios.<\/p>\n\n\n\n<h3 class=\"wp-block-heading\"><strong>4. Posicionamento militante<\/strong><\/h3>\n\n\n\n<p>Nos mais diversos segmentos, os p\u00fablicos t\u00eam se tornado cada vez mais cr\u00edticos e exigentes com rela\u00e7\u00e3o a posicionamentos diante de quest\u00f5es sociais. Portanto, manter-se imparcial ou ignorar os casos, mesmo os mais pol\u00eamicos, poder\u00e1 fazer com que uma marca ganhe a antipatia dos consumidores. A partir de agora, as empresas ter\u00e3o de <strong>romper com a neutralidade<\/strong> para passar a defender pontos de vista alinhados aos seus valores. Assim, elas dever\u00e3o aprender a trabalhar a quest\u00e3o de modo estrat\u00e9gico, a ponto de gerar, por exemplo, uma <strong>imagem humanizada e diferenciada no mercado<\/strong>.<\/p>\n\n\n\n<p>Sua empresa est\u00e1 preparada para utilizar essas ferramentas e estrat\u00e9gias em 2021? Continue acompanhando nosso blog e tamb\u00e9m o nosso <strong><a href=\"https:\/\/instagram.com\/dabus.arquitetura?igshid=1i2ybqh8xksbe\" target=\"_blank\" rel=\"noreferrer noopener\" aria-label=\" (abre numa nova aba)\">Instagram<\/a><\/strong> para ficar por dentro das dicas que far\u00e3o a diferen\u00e7a para o seu neg\u00f3cio!<\/p>\n\n\n\n<p style=\"text-align:center\">Relat\u00f3rios: <a rel=\"noreferrer noopener\" aria-label=\" (abre numa nova aba)\" href=\"https:\/\/administradores.com.br\/noticias\/brasileiros-passaram-quase-5-horas-por-dia-nas-redes-sociais-em-2020\" target=\"_blank\">Administradores<\/a>, <a href=\"https:\/\/www.amper.ag\/post\/10-tendencias-nas-midias-sociais-para-o-ano-de-2021\" target=\"_blank\" rel=\"noreferrer noopener\" aria-label=\" (abre numa nova aba)\">Amper<\/a>.<\/p>\n","protected":false},"excerpt":{"rendered":"<p>A maneira como as pessoas utilizam a internet e os recursos tecnol\u00f3gicos se transforma ao longo do tempo. Assim, como n\u00e3o poderia deixar de ser, [&hellip;]<\/p>\n","protected":false},"author":3,"featured_media":0,"comment_status":"open","ping_status":"open","sticky":false,"template":"","format":"standard","meta":[],"categories":[49],"tags":[],"yoast_head":"<!-- This site is optimized with the Yoast SEO plugin v20.8 - https:\/\/yoast.com\/wordpress\/plugins\/seo\/ -->\n<title>4 tend\u00eancias nas m\u00eddias sociais para apostar em 2021<\/title>\n<meta name=\"description\" content=\"As tend\u00eancias nas m\u00eddias sociais tomam forma, sobretudo diante de mudan\u00e7as significativas no estilo de vida das pessoas. Saiba onde investir!\" \/>\n<meta name=\"robots\" content=\"index, follow, max-snippet:-1, max-image-preview:large, max-video-preview:-1\" \/>\n<link rel=\"canonical\" href=\"https:\/\/www.dabusarquitetura.com.br\/blog\/tendencias-nas-midias-sociais-2021\/\" \/>\n<meta property=\"og:locale\" content=\"pt_BR\" \/>\n<meta property=\"og:type\" content=\"article\" \/>\n<meta property=\"og:title\" content=\"4 tend\u00eancias nas m\u00eddias sociais para apostar em 2021\" \/>\n<meta property=\"og:description\" content=\"As tend\u00eancias nas m\u00eddias sociais tomam forma, sobretudo diante de mudan\u00e7as significativas no estilo de vida das pessoas. Saiba onde investir!\" \/>\n<meta property=\"og:url\" content=\"https:\/\/www.dabusarquitetura.com.br\/blog\/tendencias-nas-midias-sociais-2021\/\" \/>\n<meta property=\"og:site_name\" content=\"DABUS ARQUITETURA\" \/>\n<meta property=\"article:published_time\" content=\"2021-01-25T00:32:44+00:00\" \/>\n<meta property=\"article:modified_time\" content=\"2021-01-27T23:48:53+00:00\" \/>\n<meta property=\"og:image\" content=\"http:\/\/www.dabusarquitetura.com.br\/blog\/wp-content\/uploads\/2021\/01\/tendencias-nas-midias-sociais.png\" \/>\n<meta name=\"author\" content=\"heloisa.dabus\" \/>\n<meta name=\"twitter:card\" content=\"summary_large_image\" \/>\n<meta name=\"twitter:label1\" content=\"Escrito por\" \/>\n\t<meta name=\"twitter:data1\" content=\"heloisa.dabus\" \/>\n\t<meta name=\"twitter:label2\" content=\"Est. tempo de leitura\" \/>\n\t<meta name=\"twitter:data2\" content=\"3 minutos\" \/>\n<script type=\"application\/ld+json\" class=\"yoast-schema-graph\">{\"@context\":\"https:\/\/schema.org\",\"@graph\":[{\"@type\":\"WebPage\",\"@id\":\"https:\/\/www.dabusarquitetura.com.br\/blog\/tendencias-nas-midias-sociais-2021\/\",\"url\":\"https:\/\/www.dabusarquitetura.com.br\/blog\/tendencias-nas-midias-sociais-2021\/\",\"name\":\"4 tend\u00eancias nas m\u00eddias sociais para apostar em 2021\",\"isPartOf\":{\"@id\":\"https:\/\/www.dabusarquitetura.com.br\/blog\/#website\"},\"datePublished\":\"2021-01-25T00:32:44+00:00\",\"dateModified\":\"2021-01-27T23:48:53+00:00\",\"author\":{\"@id\":\"https:\/\/www.dabusarquitetura.com.br\/blog\/#\/schema\/person\/978b78d74759412a1cd43634996237c4\"},\"description\":\"As tend\u00eancias nas m\u00eddias sociais tomam forma, sobretudo diante de mudan\u00e7as significativas no estilo de vida das pessoas. Saiba onde investir!\",\"breadcrumb\":{\"@id\":\"https:\/\/www.dabusarquitetura.com.br\/blog\/tendencias-nas-midias-sociais-2021\/#breadcrumb\"},\"inLanguage\":\"pt-BR\",\"potentialAction\":[{\"@type\":\"ReadAction\",\"target\":[\"https:\/\/www.dabusarquitetura.com.br\/blog\/tendencias-nas-midias-sociais-2021\/\"]}]},{\"@type\":\"BreadcrumbList\",\"@id\":\"https:\/\/www.dabusarquitetura.com.br\/blog\/tendencias-nas-midias-sociais-2021\/#breadcrumb\",\"itemListElement\":[{\"@type\":\"ListItem\",\"position\":1,\"name\":\"In\u00edcio\",\"item\":\"https:\/\/www.dabusarquitetura.com.br\/blog\/\"},{\"@type\":\"ListItem\",\"position\":2,\"name\":\"4 tend\u00eancias nas m\u00eddias sociais para apostar em 2021\"}]},{\"@type\":\"WebSite\",\"@id\":\"https:\/\/www.dabusarquitetura.com.br\/blog\/#website\",\"url\":\"https:\/\/www.dabusarquitetura.com.br\/blog\/\",\"name\":\"DABUS ARQUITETURA\",\"description\":\"Arquitetura Corporativa\",\"potentialAction\":[{\"@type\":\"SearchAction\",\"target\":{\"@type\":\"EntryPoint\",\"urlTemplate\":\"https:\/\/www.dabusarquitetura.com.br\/blog\/?s={search_term_string}\"},\"query-input\":\"required name=search_term_string\"}],\"inLanguage\":\"pt-BR\"},{\"@type\":\"Person\",\"@id\":\"https:\/\/www.dabusarquitetura.com.br\/blog\/#\/schema\/person\/978b78d74759412a1cd43634996237c4\",\"name\":\"heloisa.dabus\",\"image\":{\"@type\":\"ImageObject\",\"inLanguage\":\"pt-BR\",\"@id\":\"https:\/\/www.dabusarquitetura.com.br\/blog\/#\/schema\/person\/image\/\",\"url\":\"https:\/\/secure.gravatar.com\/avatar\/4078f4f8e54fb70a99a5e9edc642ecb1?s=96&d=mm&r=g\",\"contentUrl\":\"https:\/\/secure.gravatar.com\/avatar\/4078f4f8e54fb70a99a5e9edc642ecb1?s=96&d=mm&r=g\",\"caption\":\"heloisa.dabus\"},\"url\":\"https:\/\/www.dabusarquitetura.com.br\/blog\/author\/heloisa-dabus\/\"}]}<\/script>\n<!-- \/ Yoast SEO plugin. -->","yoast_head_json":{"title":"4 tend\u00eancias nas m\u00eddias sociais para apostar em 2021","description":"As tend\u00eancias nas m\u00eddias sociais tomam forma, sobretudo diante de mudan\u00e7as significativas no estilo de vida das pessoas. Saiba onde investir!","robots":{"index":"index","follow":"follow","max-snippet":"max-snippet:-1","max-image-preview":"max-image-preview:large","max-video-preview":"max-video-preview:-1"},"canonical":"https:\/\/www.dabusarquitetura.com.br\/blog\/tendencias-nas-midias-sociais-2021\/","og_locale":"pt_BR","og_type":"article","og_title":"4 tend\u00eancias nas m\u00eddias sociais para apostar em 2021","og_description":"As tend\u00eancias nas m\u00eddias sociais tomam forma, sobretudo diante de mudan\u00e7as significativas no estilo de vida das pessoas. Saiba onde investir!","og_url":"https:\/\/www.dabusarquitetura.com.br\/blog\/tendencias-nas-midias-sociais-2021\/","og_site_name":"DABUS ARQUITETURA","article_published_time":"2021-01-25T00:32:44+00:00","article_modified_time":"2021-01-27T23:48:53+00:00","og_image":[{"url":"http:\/\/www.dabusarquitetura.com.br\/blog\/wp-content\/uploads\/2021\/01\/tendencias-nas-midias-sociais.png"}],"author":"heloisa.dabus","twitter_card":"summary_large_image","twitter_misc":{"Escrito por":"heloisa.dabus","Est. tempo de leitura":"3 minutos"},"schema":{"@context":"https:\/\/schema.org","@graph":[{"@type":"WebPage","@id":"https:\/\/www.dabusarquitetura.com.br\/blog\/tendencias-nas-midias-sociais-2021\/","url":"https:\/\/www.dabusarquitetura.com.br\/blog\/tendencias-nas-midias-sociais-2021\/","name":"4 tend\u00eancias nas m\u00eddias sociais para apostar em 2021","isPartOf":{"@id":"https:\/\/www.dabusarquitetura.com.br\/blog\/#website"},"datePublished":"2021-01-25T00:32:44+00:00","dateModified":"2021-01-27T23:48:53+00:00","author":{"@id":"https:\/\/www.dabusarquitetura.com.br\/blog\/#\/schema\/person\/978b78d74759412a1cd43634996237c4"},"description":"As tend\u00eancias nas m\u00eddias sociais tomam forma, sobretudo diante de mudan\u00e7as significativas no estilo de vida das pessoas. Saiba onde investir!","breadcrumb":{"@id":"https:\/\/www.dabusarquitetura.com.br\/blog\/tendencias-nas-midias-sociais-2021\/#breadcrumb"},"inLanguage":"pt-BR","potentialAction":[{"@type":"ReadAction","target":["https:\/\/www.dabusarquitetura.com.br\/blog\/tendencias-nas-midias-sociais-2021\/"]}]},{"@type":"BreadcrumbList","@id":"https:\/\/www.dabusarquitetura.com.br\/blog\/tendencias-nas-midias-sociais-2021\/#breadcrumb","itemListElement":[{"@type":"ListItem","position":1,"name":"In\u00edcio","item":"https:\/\/www.dabusarquitetura.com.br\/blog\/"},{"@type":"ListItem","position":2,"name":"4 tend\u00eancias nas m\u00eddias sociais para apostar em 2021"}]},{"@type":"WebSite","@id":"https:\/\/www.dabusarquitetura.com.br\/blog\/#website","url":"https:\/\/www.dabusarquitetura.com.br\/blog\/","name":"DABUS ARQUITETURA","description":"Arquitetura Corporativa","potentialAction":[{"@type":"SearchAction","target":{"@type":"EntryPoint","urlTemplate":"https:\/\/www.dabusarquitetura.com.br\/blog\/?s={search_term_string}"},"query-input":"required name=search_term_string"}],"inLanguage":"pt-BR"},{"@type":"Person","@id":"https:\/\/www.dabusarquitetura.com.br\/blog\/#\/schema\/person\/978b78d74759412a1cd43634996237c4","name":"heloisa.dabus","image":{"@type":"ImageObject","inLanguage":"pt-BR","@id":"https:\/\/www.dabusarquitetura.com.br\/blog\/#\/schema\/person\/image\/","url":"https:\/\/secure.gravatar.com\/avatar\/4078f4f8e54fb70a99a5e9edc642ecb1?s=96&d=mm&r=g","contentUrl":"https:\/\/secure.gravatar.com\/avatar\/4078f4f8e54fb70a99a5e9edc642ecb1?s=96&d=mm&r=g","caption":"heloisa.dabus"},"url":"https:\/\/www.dabusarquitetura.com.br\/blog\/author\/heloisa-dabus\/"}]}},"_links":{"self":[{"href":"https:\/\/www.dabusarquitetura.com.br\/blog\/wp-json\/wp\/v2\/posts\/15549"}],"collection":[{"href":"https:\/\/www.dabusarquitetura.com.br\/blog\/wp-json\/wp\/v2\/posts"}],"about":[{"href":"https:\/\/www.dabusarquitetura.com.br\/blog\/wp-json\/wp\/v2\/types\/post"}],"author":[{"embeddable":true,"href":"https:\/\/www.dabusarquitetura.com.br\/blog\/wp-json\/wp\/v2\/users\/3"}],"replies":[{"embeddable":true,"href":"https:\/\/www.dabusarquitetura.com.br\/blog\/wp-json\/wp\/v2\/comments?post=15549"}],"version-history":[{"count":5,"href":"https:\/\/www.dabusarquitetura.com.br\/blog\/wp-json\/wp\/v2\/posts\/15549\/revisions"}],"predecessor-version":[{"id":15557,"href":"https:\/\/www.dabusarquitetura.com.br\/blog\/wp-json\/wp\/v2\/posts\/15549\/revisions\/15557"}],"wp:attachment":[{"href":"https:\/\/www.dabusarquitetura.com.br\/blog\/wp-json\/wp\/v2\/media?parent=15549"}],"wp:term":[{"taxonomy":"category","embeddable":true,"href":"https:\/\/www.dabusarquitetura.com.br\/blog\/wp-json\/wp\/v2\/categories?post=15549"},{"taxonomy":"post_tag","embeddable":true,"href":"https:\/\/www.dabusarquitetura.com.br\/blog\/wp-json\/wp\/v2\/tags?post=15549"}],"curies":[{"name":"wp","href":"https:\/\/api.w.org\/{rel}","templated":true}]}}