{"id":15498,"date":"2021-01-04T18:05:10","date_gmt":"2021-01-04T15:05:10","guid":{"rendered":"http:\/\/www.dabusarquitetura.com.br\/blog\/?p=15498"},"modified":"2021-01-04T18:05:11","modified_gmt":"2021-01-04T15:05:11","slug":"empresas-na-pandemia-artigos-gestao","status":"publish","type":"post","link":"https:\/\/www.dabusarquitetura.com.br\/blog\/empresas-na-pandemia-artigos-gestao\/","title":{"rendered":"Empresas na pandemia: 8 artigos para conduzir a gest\u00e3o"},"content":{"rendered":"\n<div class=\"wp-block-image\"><figure class=\"aligncenter\"><img decoding=\"async\" loading=\"lazy\" width=\"834\" height=\"317\" src=\"http:\/\/www.dabusarquitetura.com.br\/blog\/wp-content\/uploads\/2021\/01\/dicas-empresas-na-pandemia.png\" alt=\"Empresas na pandemia\" class=\"wp-image-15501\" srcset=\"https:\/\/www.dabusarquitetura.com.br\/blog\/wp-content\/uploads\/2021\/01\/dicas-empresas-na-pandemia.png 834w, https:\/\/www.dabusarquitetura.com.br\/blog\/wp-content\/uploads\/2021\/01\/dicas-empresas-na-pandemia-300x114.png 300w, https:\/\/www.dabusarquitetura.com.br\/blog\/wp-content\/uploads\/2021\/01\/dicas-empresas-na-pandemia-768x292.png 768w\" sizes=\"(max-width: 834px) 100vw, 834px\" \/><\/figure><\/div>\n\n\n\n<p>Os desafios de gest\u00e3o para as <strong>empresas na pandemia<\/strong> s\u00e3o diversos. Por\u00e9m, passados alguns meses desde quando o surto come\u00e7ou, muitas j\u00e1 adquiriram alguma experi\u00eancia para fazer os ajustes necess\u00e1rios. Outras, infelizmente n\u00e3o se adaptaram a tempo.<\/p>\n\n\n\n<p>Cen\u00e1rios novos s\u00e3o sempre incertos. Sobretudo quando h\u00e1 uma <strong>crise no mercado global<\/strong>. Por outro lado, companhias que se desenvolveram a partir de um <strong>DNA inovador<\/strong>, ou que o fomentaram nos \u00faltimos anos, apresentaram maior facilidade para encontrar oportunidades em meio a tantas mudan\u00e7as.<\/p>\n\n\n\n<p>Mas, isso n\u00e3o \u00e9 tudo. A partir de 2021 ser\u00e1 cada vez mais importante que os neg\u00f3cios <strong>definam bem os seus prop\u00f3sitos <\/strong>e se mantenham fieis a eles, os quais precisar\u00e3o ser emp\u00e1ticos com os consumidores, respons\u00e1veis e consistentes.<\/p>\n\n\n\n<h3 class=\"wp-block-heading\">Para al\u00e9m das empresas na pandemia<\/h3>\n\n\n\n<p>Elaborada pela rede Deloitte Global, a <a rel=\"noreferrer noopener\" aria-label=\"esquisa \u201c2021 Global Marketing Trends: Find your focus\u201d (abre numa nova aba)\" href=\"https:\/\/www.em.com.br\/app\/noticia\/feminino-e-masculino\/2021\/01\/03\/interna_feminino_e_masculino,1225285\/empatia-sera-fundamental-para-sucesso-das-marcas.shtml\" target=\"_blank\">pesquisa \u201c2021 Global Marketing Trends: Find your focus\u201d<\/a> ouviu tanto consumidores (para entender as mudan\u00e7as em seus h\u00e1bitos de consumo), quanto mais de 400 executivos (para entender suas estrat\u00e9gias e expectativas) ao redor do mundo.<\/p>\n\n\n\n<p>Os estudo revelou dados interessantes, tais como:<\/p>\n\n\n\n<ul><li>&#8211; 4 entre cinco pessoas seriam capazes de mencionar ao menos uma marca que respondeu positivamente \u00e0 pandemia;<\/li><li>&#8211; Para um quinto dos consumidores esse tipo de comportamento aumentou sua confian\u00e7a na marca;<\/li><li>&#8211; Mais de 25% dos pesquisados deixaram de consumir as marcas que eles perceberam <strong>agir apenas em favor pr\u00f3prio<\/strong>;<\/li><li>&#8211; 63% acreditam que, em 2021, v\u00e3o consumir mais <strong>tecnologias digitais<\/strong> do que antes;<\/li><li>&#8211; 58% dos respondentes se lembraram de, pelo menos, uma marca que rapidamente direcionou seus esfor\u00e7os para <strong>melhor atender \u00e0s necessidades<\/strong> dos consumidores.<\/li><\/ul>\n\n\n\n<p>Para ajudar empresas na pandemia e para al\u00e9m dela, relacionamos a seguir  8 artigos que ir\u00e3o ajudar a conduzir uma gest\u00e3o mais atenta e atualizada ao novo normal.<\/p>\n\n\n\n<p>Ent\u00e3o, acompanhe e fa\u00e7a todas as leituras!<\/p>\n\n\n\n<h3 class=\"wp-block-heading\">Como gerenciar equipes \u00e0 dist\u00e2ncia?<\/h3>\n\n\n\n<p>As empresas na pandemia tiveram de aprender a trabalhar com seus colaboradores de maneira remota. Ent\u00e3o, n\u00f3s selecionamos 5 dicas para <strong><a rel=\"noreferrer noopener\" aria-label=\"gerenciar equipes \u00e0 dist\u00e2ncia (abre numa nova aba)\" href=\"https:\/\/www.dabusarquitetura.com.br\/blog\/2020\/04\/como-gerenciar-equipes-a-distancia\/\" target=\"_blank\">gerenciar equipes \u00e0 dist\u00e2ncia<\/a><\/strong> de modo produtivo.<\/p>\n\n\n\n<h3 class=\"wp-block-heading\">3 medidas para adotar o home office no seu neg\u00f3cio<\/h3>\n\n\n\n<p>Migrar o trabalho para o home office n\u00e3o \u00e9 assim uma tarefa t\u00e3o simples. Principalmente se a pr\u00e1tica n\u00e3o fazia parte da cultura da empresa. Portanto, n\u00f3s apontamos <strong><a rel=\"noreferrer noopener\" aria-label=\"3 provid\u00eancias cruciais para o neg\u00f3cio n\u00e3o ser prejudicado (abre numa nova aba)\" href=\"http:\/\/dabusarquitetura.com.br\/blog\/2020\/04\/medidas-adotar-o-home-office-negocio\/\" target=\"_blank\">3 provid\u00eancias cruciais para o neg\u00f3cio n\u00e3o ser prejudicado<\/a><\/strong> nessa transi\u00e7\u00e3o.<\/p>\n\n\n\n<h3 class=\"wp-block-heading\">5 dicas para gerenciar equipes em momentos de crise<\/h3>\n\n\n\n<p>Medo, ansiedade, falta de produtividade. Momentos de crise geram um estado estressante entre os funcion\u00e1rios. \u00c9 preciso ter <strong><a href=\"https:\/\/www.dabusarquitetura.com.br\/blog\/2020\/04\/dicas-gerenciar-equipes-momentos-de-crise\/\" target=\"_blank\" rel=\"noreferrer noopener\" aria-label=\"sensibilidade e tamb\u00e9m boas habilidades de gest\u00e3o de pessoas (abre numa nova aba)\">sensibilidade e tamb\u00e9m boas habilidades de gest\u00e3o de pessoas<\/a><\/strong>. Saiba o que \u00e9 poss\u00edvel fazer nesse sentido!<\/p>\n\n\n\n<h3 class=\"wp-block-heading\">Medidas para promover a sa\u00fade ocupacional<\/h3>\n\n\n\n<p>Ap\u00f3s a pandemia do novo coronav\u00edrus, a sa\u00fade ocupacional passou a ocupar um lugar de destaque dentro das companhias. Al\u00e9m de quest\u00f5es de higiene, pontuamos outros <a rel=\"noreferrer noopener\" aria-label=\"medidas que n\u00e3o podem faltar (abre numa nova aba)\" href=\"https:\/\/www.dabusarquitetura.com.br\/blog\/2020\/04\/medidas-promover-saude-ocupacional\/\" target=\"_blank\"><strong>cuidados laborais que n\u00e3o podem faltar<\/strong><\/a>. <\/p>\n\n\n\n<h3 class=\"wp-block-heading\">Como ser\u00e1 o ambiente de trabalho p\u00f3s-pandemia?<\/h3>\n\n\n\n<p>Conhe\u00e7a <strong><a rel=\"noreferrer noopener\" href=\"https:\/\/www.dabusarquitetura.com.br\/blog\/2020\/06\/covid-19-trabalho-ambientes-adequados\/\" target=\"_blank\">7 tend\u00eancias que passar\u00e3o a fazer parte dos ambientes de trabalho<\/a><\/strong> a fim de otimizar as precau\u00e7\u00f5es com a sa\u00fade dos colaboradores.<\/p>\n\n\n\n<h3 class=\"wp-block-heading\">Covid-19 no trabalho: 6 ambientes a serem adequados<\/h3>\n\n\n\n<p>Ainda dentro do campo da <strong>Arquitetura Corporativa<\/strong>, explicamos quais adequa\u00e7\u00f5es ser\u00e3o necess\u00e1rias nos <strong><a rel=\"noreferrer noopener\" aria-label=\"principais espa\u00e7os do escrit\u00f3ri (abre numa nova aba)\" href=\"https:\/\/www.dabusarquitetura.com.br\/blog\/2020\/06\/covid-19-trabalho-ambientes-adequados\/\" target=\"_blank\">principais espa\u00e7os do escrit\u00f3rio<\/a><\/strong>.<\/p>\n\n\n\n<h3 class=\"wp-block-heading\">Como ficar\u00e3o os h\u00e1bitos de consumo p\u00f3s-pandemia?<\/h3>\n\n\n\n<p>O per\u00edodo do <strong>isolamento social<\/strong> acelerou a ado\u00e7\u00e3o de alguns h\u00e1bitos perante as facilidades proporcionadas pela tecnologia. Leia o artigo e saiba <strong><a rel=\"noreferrer noopener\" aria-label=\"por quais caminhos o consumo ser\u00e1 conduzido (abre numa nova aba)\" href=\"https:\/\/www.dabusarquitetura.com.br\/blog\/2020\/07\/habitos-de-consumo-pos-pandemia-mercado\/\" target=\"_blank\">por quais caminhos o consumo ser\u00e1 conduzido<\/a><\/strong>.<\/p>\n\n\n\n<h3 class=\"wp-block-heading\">3 dicas para o atendimento ao cliente p\u00f3s-pandemia<\/h3>\n\n\n\n<p>Acostumado \u00e0s praticidades dos servi\u00e7os delivery e a outras solu\u00e7\u00f5es personalizadas, o consumidor tem novas expectativas que n\u00e3o poder\u00e3o ser frustradas. Portanto, saiba <strong><a rel=\"noreferrer noopener\" aria-label=\"em quais pontos o atendimento n\u00e3o poder\u00e1 falhar (abre numa nova aba)\" href=\"https:\/\/www.dabusarquitetura.com.br\/blog\/2020\/08\/dicas-atendimento-ao-cliente-pos-pandemia\/\" target=\"_blank\">em quais pontos o atendimento n\u00e3o poder\u00e1 falhar<\/a><\/strong>!<\/p>\n\n\n\n<p>Continue acompanhando nosso blog para mais dicas e informa\u00e7\u00f5es essenciais ao seu neg\u00f3cio. Siga a gente tamb\u00e9m no&nbsp;<a href=\"https:\/\/www.instagram.com\/dabus.arquitetura\/\"><strong>Instagram<\/strong><\/a>. Assim, voc\u00ea ficar\u00e1 por dentro de todas as nossas novidades!<\/p>\n","protected":false},"excerpt":{"rendered":"<p>Os desafios de gest\u00e3o para as empresas na pandemia s\u00e3o diversos. Por\u00e9m, passados alguns meses desde quando o surto come\u00e7ou, muitas j\u00e1 adquiriram alguma experi\u00eancia [&hellip;]<\/p>\n","protected":false},"author":3,"featured_media":0,"comment_status":"open","ping_status":"open","sticky":false,"template":"","format":"standard","meta":[],"categories":[49,1],"tags":[],"yoast_head":"<!-- This site is optimized with the Yoast SEO plugin v20.8 - https:\/\/yoast.com\/wordpress\/plugins\/seo\/ -->\n<title>Empresas na pandemia: 8 artigos para conduzir a gest\u00e3o<\/title>\n<meta name=\"description\" content=\"S\u00e3o diversos os desafios de gest\u00e3o para as empresas na pandemia. Mas n\u00f3s temos uma s\u00e9rie de dicas que ir\u00e3o transformar as dificuldades em oportunidades!\" \/>\n<meta name=\"robots\" content=\"index, follow, max-snippet:-1, max-image-preview:large, max-video-preview:-1\" \/>\n<link rel=\"canonical\" href=\"https:\/\/www.dabusarquitetura.com.br\/blog\/empresas-na-pandemia-artigos-gestao\/\" \/>\n<meta property=\"og:locale\" content=\"pt_BR\" \/>\n<meta property=\"og:type\" content=\"article\" \/>\n<meta property=\"og:title\" content=\"Empresas na pandemia: 8 artigos para conduzir a gest\u00e3o\" \/>\n<meta property=\"og:description\" content=\"S\u00e3o diversos os desafios de gest\u00e3o para as empresas na pandemia. Mas n\u00f3s temos uma s\u00e9rie de dicas que ir\u00e3o transformar as dificuldades em oportunidades!\" \/>\n<meta property=\"og:url\" content=\"https:\/\/www.dabusarquitetura.com.br\/blog\/empresas-na-pandemia-artigos-gestao\/\" \/>\n<meta property=\"og:site_name\" content=\"DABUS ARQUITETURA\" \/>\n<meta property=\"article:published_time\" content=\"2021-01-04T15:05:10+00:00\" \/>\n<meta property=\"article:modified_time\" content=\"2021-01-04T15:05:11+00:00\" \/>\n<meta property=\"og:image\" content=\"http:\/\/www.dabusarquitetura.com.br\/blog\/wp-content\/uploads\/2021\/01\/dicas-empresas-na-pandemia.png\" \/>\n<meta name=\"author\" content=\"heloisa.dabus\" \/>\n<meta name=\"twitter:card\" content=\"summary_large_image\" \/>\n<meta name=\"twitter:label1\" content=\"Escrito por\" \/>\n\t<meta name=\"twitter:data1\" content=\"heloisa.dabus\" \/>\n\t<meta name=\"twitter:label2\" content=\"Est. tempo de leitura\" \/>\n\t<meta name=\"twitter:data2\" content=\"3 minutos\" \/>\n<script type=\"application\/ld+json\" class=\"yoast-schema-graph\">{\"@context\":\"https:\/\/schema.org\",\"@graph\":[{\"@type\":\"WebPage\",\"@id\":\"https:\/\/www.dabusarquitetura.com.br\/blog\/empresas-na-pandemia-artigos-gestao\/\",\"url\":\"https:\/\/www.dabusarquitetura.com.br\/blog\/empresas-na-pandemia-artigos-gestao\/\",\"name\":\"Empresas na pandemia: 8 artigos para conduzir a gest\u00e3o\",\"isPartOf\":{\"@id\":\"https:\/\/www.dabusarquitetura.com.br\/blog\/#website\"},\"datePublished\":\"2021-01-04T15:05:10+00:00\",\"dateModified\":\"2021-01-04T15:05:11+00:00\",\"author\":{\"@id\":\"https:\/\/www.dabusarquitetura.com.br\/blog\/#\/schema\/person\/978b78d74759412a1cd43634996237c4\"},\"description\":\"S\u00e3o diversos os desafios de gest\u00e3o para as empresas na pandemia. Mas n\u00f3s temos uma s\u00e9rie de dicas que ir\u00e3o transformar as dificuldades em oportunidades!\",\"breadcrumb\":{\"@id\":\"https:\/\/www.dabusarquitetura.com.br\/blog\/empresas-na-pandemia-artigos-gestao\/#breadcrumb\"},\"inLanguage\":\"pt-BR\",\"potentialAction\":[{\"@type\":\"ReadAction\",\"target\":[\"https:\/\/www.dabusarquitetura.com.br\/blog\/empresas-na-pandemia-artigos-gestao\/\"]}]},{\"@type\":\"BreadcrumbList\",\"@id\":\"https:\/\/www.dabusarquitetura.com.br\/blog\/empresas-na-pandemia-artigos-gestao\/#breadcrumb\",\"itemListElement\":[{\"@type\":\"ListItem\",\"position\":1,\"name\":\"In\u00edcio\",\"item\":\"https:\/\/www.dabusarquitetura.com.br\/blog\/\"},{\"@type\":\"ListItem\",\"position\":2,\"name\":\"Empresas na pandemia: 8 artigos para conduzir a gest\u00e3o\"}]},{\"@type\":\"WebSite\",\"@id\":\"https:\/\/www.dabusarquitetura.com.br\/blog\/#website\",\"url\":\"https:\/\/www.dabusarquitetura.com.br\/blog\/\",\"name\":\"DABUS ARQUITETURA\",\"description\":\"Arquitetura Corporativa\",\"potentialAction\":[{\"@type\":\"SearchAction\",\"target\":{\"@type\":\"EntryPoint\",\"urlTemplate\":\"https:\/\/www.dabusarquitetura.com.br\/blog\/?s={search_term_string}\"},\"query-input\":\"required name=search_term_string\"}],\"inLanguage\":\"pt-BR\"},{\"@type\":\"Person\",\"@id\":\"https:\/\/www.dabusarquitetura.com.br\/blog\/#\/schema\/person\/978b78d74759412a1cd43634996237c4\",\"name\":\"heloisa.dabus\",\"image\":{\"@type\":\"ImageObject\",\"inLanguage\":\"pt-BR\",\"@id\":\"https:\/\/www.dabusarquitetura.com.br\/blog\/#\/schema\/person\/image\/\",\"url\":\"https:\/\/secure.gravatar.com\/avatar\/4078f4f8e54fb70a99a5e9edc642ecb1?s=96&d=mm&r=g\",\"contentUrl\":\"https:\/\/secure.gravatar.com\/avatar\/4078f4f8e54fb70a99a5e9edc642ecb1?s=96&d=mm&r=g\",\"caption\":\"heloisa.dabus\"},\"url\":\"https:\/\/www.dabusarquitetura.com.br\/blog\/author\/heloisa-dabus\/\"}]}<\/script>\n<!-- \/ Yoast SEO plugin. -->","yoast_head_json":{"title":"Empresas na pandemia: 8 artigos para conduzir a gest\u00e3o","description":"S\u00e3o diversos os desafios de gest\u00e3o para as empresas na pandemia. Mas n\u00f3s temos uma s\u00e9rie de dicas que ir\u00e3o transformar as dificuldades em oportunidades!","robots":{"index":"index","follow":"follow","max-snippet":"max-snippet:-1","max-image-preview":"max-image-preview:large","max-video-preview":"max-video-preview:-1"},"canonical":"https:\/\/www.dabusarquitetura.com.br\/blog\/empresas-na-pandemia-artigos-gestao\/","og_locale":"pt_BR","og_type":"article","og_title":"Empresas na pandemia: 8 artigos para conduzir a gest\u00e3o","og_description":"S\u00e3o diversos os desafios de gest\u00e3o para as empresas na pandemia. Mas n\u00f3s temos uma s\u00e9rie de dicas que ir\u00e3o transformar as dificuldades em oportunidades!","og_url":"https:\/\/www.dabusarquitetura.com.br\/blog\/empresas-na-pandemia-artigos-gestao\/","og_site_name":"DABUS ARQUITETURA","article_published_time":"2021-01-04T15:05:10+00:00","article_modified_time":"2021-01-04T15:05:11+00:00","og_image":[{"url":"http:\/\/www.dabusarquitetura.com.br\/blog\/wp-content\/uploads\/2021\/01\/dicas-empresas-na-pandemia.png"}],"author":"heloisa.dabus","twitter_card":"summary_large_image","twitter_misc":{"Escrito por":"heloisa.dabus","Est. tempo de leitura":"3 minutos"},"schema":{"@context":"https:\/\/schema.org","@graph":[{"@type":"WebPage","@id":"https:\/\/www.dabusarquitetura.com.br\/blog\/empresas-na-pandemia-artigos-gestao\/","url":"https:\/\/www.dabusarquitetura.com.br\/blog\/empresas-na-pandemia-artigos-gestao\/","name":"Empresas na pandemia: 8 artigos para conduzir a gest\u00e3o","isPartOf":{"@id":"https:\/\/www.dabusarquitetura.com.br\/blog\/#website"},"datePublished":"2021-01-04T15:05:10+00:00","dateModified":"2021-01-04T15:05:11+00:00","author":{"@id":"https:\/\/www.dabusarquitetura.com.br\/blog\/#\/schema\/person\/978b78d74759412a1cd43634996237c4"},"description":"S\u00e3o diversos os desafios de gest\u00e3o para as empresas na pandemia. Mas n\u00f3s temos uma s\u00e9rie de dicas que ir\u00e3o transformar as dificuldades em oportunidades!","breadcrumb":{"@id":"https:\/\/www.dabusarquitetura.com.br\/blog\/empresas-na-pandemia-artigos-gestao\/#breadcrumb"},"inLanguage":"pt-BR","potentialAction":[{"@type":"ReadAction","target":["https:\/\/www.dabusarquitetura.com.br\/blog\/empresas-na-pandemia-artigos-gestao\/"]}]},{"@type":"BreadcrumbList","@id":"https:\/\/www.dabusarquitetura.com.br\/blog\/empresas-na-pandemia-artigos-gestao\/#breadcrumb","itemListElement":[{"@type":"ListItem","position":1,"name":"In\u00edcio","item":"https:\/\/www.dabusarquitetura.com.br\/blog\/"},{"@type":"ListItem","position":2,"name":"Empresas na pandemia: 8 artigos para conduzir a gest\u00e3o"}]},{"@type":"WebSite","@id":"https:\/\/www.dabusarquitetura.com.br\/blog\/#website","url":"https:\/\/www.dabusarquitetura.com.br\/blog\/","name":"DABUS ARQUITETURA","description":"Arquitetura Corporativa","potentialAction":[{"@type":"SearchAction","target":{"@type":"EntryPoint","urlTemplate":"https:\/\/www.dabusarquitetura.com.br\/blog\/?s={search_term_string}"},"query-input":"required name=search_term_string"}],"inLanguage":"pt-BR"},{"@type":"Person","@id":"https:\/\/www.dabusarquitetura.com.br\/blog\/#\/schema\/person\/978b78d74759412a1cd43634996237c4","name":"heloisa.dabus","image":{"@type":"ImageObject","inLanguage":"pt-BR","@id":"https:\/\/www.dabusarquitetura.com.br\/blog\/#\/schema\/person\/image\/","url":"https:\/\/secure.gravatar.com\/avatar\/4078f4f8e54fb70a99a5e9edc642ecb1?s=96&d=mm&r=g","contentUrl":"https:\/\/secure.gravatar.com\/avatar\/4078f4f8e54fb70a99a5e9edc642ecb1?s=96&d=mm&r=g","caption":"heloisa.dabus"},"url":"https:\/\/www.dabusarquitetura.com.br\/blog\/author\/heloisa-dabus\/"}]}},"_links":{"self":[{"href":"https:\/\/www.dabusarquitetura.com.br\/blog\/wp-json\/wp\/v2\/posts\/15498"}],"collection":[{"href":"https:\/\/www.dabusarquitetura.com.br\/blog\/wp-json\/wp\/v2\/posts"}],"about":[{"href":"https:\/\/www.dabusarquitetura.com.br\/blog\/wp-json\/wp\/v2\/types\/post"}],"author":[{"embeddable":true,"href":"https:\/\/www.dabusarquitetura.com.br\/blog\/wp-json\/wp\/v2\/users\/3"}],"replies":[{"embeddable":true,"href":"https:\/\/www.dabusarquitetura.com.br\/blog\/wp-json\/wp\/v2\/comments?post=15498"}],"version-history":[{"count":35,"href":"https:\/\/www.dabusarquitetura.com.br\/blog\/wp-json\/wp\/v2\/posts\/15498\/revisions"}],"predecessor-version":[{"id":15536,"href":"https:\/\/www.dabusarquitetura.com.br\/blog\/wp-json\/wp\/v2\/posts\/15498\/revisions\/15536"}],"wp:attachment":[{"href":"https:\/\/www.dabusarquitetura.com.br\/blog\/wp-json\/wp\/v2\/media?parent=15498"}],"wp:term":[{"taxonomy":"category","embeddable":true,"href":"https:\/\/www.dabusarquitetura.com.br\/blog\/wp-json\/wp\/v2\/categories?post=15498"},{"taxonomy":"post_tag","embeddable":true,"href":"https:\/\/www.dabusarquitetura.com.br\/blog\/wp-json\/wp\/v2\/tags?post=15498"}],"curies":[{"name":"wp","href":"https:\/\/api.w.org\/{rel}","templated":true}]}}