{"id":15430,"date":"2020-11-14T20:27:38","date_gmt":"2020-11-14T20:27:38","guid":{"rendered":"http:\/\/www.dabus.com.br\/blog\/?p=15430"},"modified":"2020-11-14T20:27:39","modified_gmt":"2020-11-14T20:27:39","slug":"pilares-trabalho-arquiteto-do-futuro","status":"publish","type":"post","link":"https:\/\/www.dabusarquitetura.com.br\/blog\/pilares-trabalho-arquiteto-do-futuro\/","title":{"rendered":"6 pilares cruciais no trabalho do arquiteto do futuro"},"content":{"rendered":"\n<div class=\"wp-block-image\"><figure class=\"aligncenter\"><img decoding=\"async\" loading=\"lazy\" width=\"834\" height=\"317\" src=\"http:\/\/www.dabus.com.br\/blog\/wp-content\/uploads\/2020\/11\/arquiteto-do-futuro.png\" alt=\"Arquiteto do futuro\" class=\"wp-image-15431\" srcset=\"https:\/\/www.dabusarquitetura.com.br\/blog\/wp-content\/uploads\/2020\/11\/arquiteto-do-futuro.png 834w, https:\/\/www.dabusarquitetura.com.br\/blog\/wp-content\/uploads\/2020\/11\/arquiteto-do-futuro-300x114.png 300w, https:\/\/www.dabusarquitetura.com.br\/blog\/wp-content\/uploads\/2020\/11\/arquiteto-do-futuro-768x292.png 768w\" sizes=\"(max-width: 834px) 100vw, 834px\" \/><\/figure><\/div>\n\n\n\n<p>Olhar para o futuro \u00e9 sempre um exerc\u00edcio de <strong>pensar sobre o presente<\/strong>. Gra\u00e7as \u00e0s novas tecnologias ficou um pouco mais f\u00e1cil imaginar como ser\u00e3o os pr\u00f3ximos anos. Para o <strong>arquiteto do futuro<\/strong> elas far\u00e3o toda a diferen\u00e7a, pois permear\u00e3o ainda mais o seu trabalho.\u00a0<\/p>\n\n\n\n<p>Embora focar em novos softwares, intelig\u00eancias artificiais e outros recursos tecnol\u00f3gicos tragam, num primeiro momento, um cen\u00e1rio cinzento e frio, a verdade \u00e9 que <strong>o ser humano n\u00e3o deixar\u00e1 de ser o protagonista<\/strong> das solu\u00e7\u00f5es previstas pela Arquitetura. Assim, esse imagin\u00e1rio \u201csombrio\u201d se desfaz e ganha tonalidades mais quentes e acolhedoras.<\/p>\n\n\n\n<p>Saiba mais a seguir!<\/p>\n\n\n\n<h2 class=\"wp-block-heading\">Arquiteto do futuro x Tecnologia<\/h2>\n\n\n\n<p>Com m\u00e1quinas cada vez mais aut\u00f4nomas e\u00a0 inteligentes, o arquiteto do futuro n\u00e3o ter\u00e1 o seu lugar roubado?\u00a0<\/p>\n\n\n\n<p>A resposta \u00e9 n\u00e3o! Todos os esfor\u00e7os desenvolvidos visam uma melhora na qualidade de vida do homem. Seu conforto, suas emo\u00e7\u00f5es e outras subjetividades continuar\u00e3o a depender da <strong>sensibilidade de profissionais<\/strong> capazes de instrumentalizar a tecnologia a partir de uma vis\u00e3o essencialmente humana.<\/p>\n\n\n\n<p>Abaixo, n\u00f3s relacionamos alguns dos pilares que ser\u00e3o indispens\u00e1veis no trabalho dos arquitetos.<\/p>\n\n\n\n<h3 class=\"wp-block-heading\">1. Inclus\u00e3o em todos os detalhes<\/h3>\n\n\n\n<p>Os princ\u00edpios do <a href=\"https:\/\/siteantigo.portaleducacao.com.br\/conteudo\/artigos\/idiomas\/desenho-universal\/25786\" target=\"_blank\" rel=\"noreferrer noopener\" aria-label=\" (abre numa nova aba)\">Desenho Universal<\/a> n\u00e3o s\u00e3o novos e nem desconhecidos dos arquitetos. Por\u00e9m, em um futuro muito pr\u00f3ximo, nada dever\u00e1 ser projetado sem a incorpora\u00e7\u00e3o desse conceito. Rampas para cadeirantes e banheiros adaptados deixar\u00e3o de ser solu\u00e7\u00f5es isoladas. Junto delas, dever\u00e1 existir um <em>pool<\/em> de recursos pensados para facilitar a vida de pessoas com os mais variados tipos de limita\u00e7\u00f5es: visuais, auditivas, t\u00e1teis, locomotivas, cognitivas ou simplesmente de idade.<\/p>\n\n\n\n<h3 class=\"wp-block-heading\">2. Sustentabilidade obrigat\u00f3ria<\/h3>\n\n\n\n<p>Hoje, projetos que abra\u00e7am a <a href=\"https:\/\/www.dabus.com.br\/blog\/2019\/05\/construcao-sustentavel-solucoes\/\"><strong>sustentabilidade<\/strong><\/a> se destacam no mercado. Contudo, logo eles se tornar\u00e3o comuns, no sentido de serem obrigat\u00f3rios a todos os empreendimentos. Ent\u00e3o, o arquiteto do futuro dever\u00e1 ter profundo conhecimento sobre ecologia, recursos naturais, consumo consciente e outros conceitos que se somam \u00e0 <strong>preserva\u00e7\u00e3o local e do planeta<\/strong> como um todo. Ent\u00e3o, as constru\u00e7\u00f5es ir\u00e3o muito al\u00e9m de quest\u00f5es intr\u00ednsecas. Elas levar\u00e3o em conta todo o seu entorno, sua cidade e o lixo que podem gerar.<\/p>\n\n\n\n<h3 class=\"wp-block-heading\">3. Experi\u00eancia imersiva<\/h3>\n\n\n\n<p>A <strong>realidade<\/strong> <strong>aumentada<\/strong> \u00e9 um recurso ainda em experimento, mas que se tornar\u00e1 indispens\u00e1vel no trabalho do arquiteto do futuro que, com ele, poder\u00e1 oferecer ao cliente uma vis\u00e3o muito mais precisa do resultado final. Mais do que isso, ser\u00e1 uma experi\u00eancia imersiva com alto poder de encantamento.<\/p>\n\n\n\n<h3 class=\"wp-block-heading\">4. Internet das Coisas<\/h3>\n\n\n\n<p>A IoT, ou Internet of Things, traz um conceito j\u00e1 definido. Diz respeito aos objetos do cotidiano com a capacidade de realizar a\u00e7\u00f5es inteligentes gra\u00e7as \u00e0 sua <strong>conex\u00e3o com a internet<\/strong>. Entretanto, o dom\u00ednio desse campo ainda est\u00e1 restrito aos desenvolvedores. No futuro, com a dissemina\u00e7\u00e3o desse tipo de tecnologia, os arquitetos passar\u00e3o a ter mais propriedade e criatividade para incorpor\u00e1-la em seus projetos. A <strong>automa\u00e7\u00e3o<\/strong> ser\u00e1 um ponto importante a ser contemplado, a fim de tornar a experi\u00eancia com os ambientes muito mais pr\u00e1tica, r\u00e1pida, segura e inclusiva.<\/p>\n\n\n\n<h3 class=\"wp-block-heading\">5. Qualidade de vida<\/h3>\n\n\n\n<p>Proporcionar melhor qualidade de vida \u00e9 o grande objetivo por tr\u00e1s de todos os conceitos e tecnologias relacionados aqui. Portanto, como j\u00e1 mencionado, o arquiteto do futuro n\u00e3o perder\u00e1 seu espa\u00e7o e nem deixar\u00e1 os valores humanos de lado. O que \u00e9 interessante notar \u00e9 que essa busca por facilitar ainda mais o dia a dia das pessoas n\u00e3o se limita ao individualismo, mas mira em um <strong>mundo mais preservado e saud\u00e1vel<\/strong>.<\/p>\n\n\n\n<h3 class=\"wp-block-heading\">6. Protagonismo do cliente<\/h3>\n\n\n\n<p>O envolvimento do cliente com o projeto dever\u00e1 ser mais estreito. A visualiza\u00e7\u00e3o do resultado final, por meio da realidade aumentada, \u00e9 um exemplo de recurso a ser explorado. Assim, ser\u00e1 firmada uma parceria mais interativa entre as partes. O cliente integrar\u00e1 as solu\u00e7\u00f5es aplicadas e, desse modo, os <strong>projetos assumir\u00e3o perfis altamente customizados<\/strong>.\u00a0<\/p>\n\n\n\n<p>N\u00f3s da <strong>DABUS<\/strong> <strong>ARQUITETURA<\/strong> estamos sempre em busca de novidades a serem agregadas aos projetos de nossos clientes. Desta forma, buscamos antecipar solu\u00e7\u00f5es e tend\u00eancias, de modo a atender da melhor forma poss\u00edvel \u00e0s necessidades identificadas.<\/p>\n\n\n\n<p>Al\u00e9m disso, claro, mantemos nossa equipe atualizada, para que ela possa caminhar rumo ao futuro de maneira preparada e consciente.\u00a0<\/p>\n\n\n\n<p class=\"has-background has-very-light-gray-background-color\">Entre em contato com <strong><a href=\"https:\/\/api.whatsapp.com\/send?l=pt&amp;phone=5511983276060\" target=\"_blank\" rel=\"noreferrer noopener\" aria-label=\" (abre numa nova aba)\">este WhatsApp<\/a><\/strong> e saiba como podemos te ajudar!<\/p>\n","protected":false},"excerpt":{"rendered":"<p>Olhar para o futuro \u00e9 sempre um exerc\u00edcio de pensar sobre o presente. Gra\u00e7as \u00e0s novas tecnologias ficou um pouco mais f\u00e1cil imaginar como ser\u00e3o [&hellip;]<\/p>\n","protected":false},"author":3,"featured_media":0,"comment_status":"open","ping_status":"open","sticky":false,"template":"","format":"standard","meta":[],"categories":[49],"tags":[],"yoast_head":"<!-- This site is optimized with the Yoast SEO plugin v20.8 - https:\/\/yoast.com\/wordpress\/plugins\/seo\/ -->\n<title>6 pilares cruciais no trabalho do arquiteto do futuro<\/title>\n<meta name=\"description\" content=\"Tecnologia e humanidade envolver\u00e3o o arquiteto do futuro. Conhe\u00e7a os conceitos, recursos e tend\u00eancias com os quais esse profissional ter\u00e1 de atuar!\" \/>\n<meta name=\"robots\" content=\"index, follow, max-snippet:-1, max-image-preview:large, max-video-preview:-1\" \/>\n<link rel=\"canonical\" href=\"https:\/\/www.dabusarquitetura.com.br\/blog\/pilares-trabalho-arquiteto-do-futuro\/\" \/>\n<meta property=\"og:locale\" content=\"pt_BR\" \/>\n<meta property=\"og:type\" content=\"article\" \/>\n<meta property=\"og:title\" content=\"6 pilares cruciais no trabalho do arquiteto do futuro\" \/>\n<meta property=\"og:description\" content=\"Tecnologia e humanidade envolver\u00e3o o arquiteto do futuro. Conhe\u00e7a os conceitos, recursos e tend\u00eancias com os quais esse profissional ter\u00e1 de atuar!\" \/>\n<meta property=\"og:url\" content=\"https:\/\/www.dabusarquitetura.com.br\/blog\/pilares-trabalho-arquiteto-do-futuro\/\" \/>\n<meta property=\"og:site_name\" content=\"DABUS ARQUITETURA\" \/>\n<meta property=\"article:published_time\" content=\"2020-11-14T20:27:38+00:00\" \/>\n<meta property=\"article:modified_time\" content=\"2020-11-14T20:27:39+00:00\" \/>\n<meta property=\"og:image\" content=\"http:\/\/www.dabus.com.br\/blog\/wp-content\/uploads\/2020\/11\/arquiteto-do-futuro.png\" \/>\n<meta name=\"author\" content=\"heloisa.dabus\" \/>\n<meta name=\"twitter:card\" content=\"summary_large_image\" \/>\n<meta name=\"twitter:label1\" content=\"Escrito por\" \/>\n\t<meta name=\"twitter:data1\" content=\"heloisa.dabus\" \/>\n\t<meta name=\"twitter:label2\" content=\"Est. tempo de leitura\" \/>\n\t<meta name=\"twitter:data2\" content=\"4 minutos\" \/>\n<script type=\"application\/ld+json\" class=\"yoast-schema-graph\">{\"@context\":\"https:\/\/schema.org\",\"@graph\":[{\"@type\":\"WebPage\",\"@id\":\"https:\/\/www.dabusarquitetura.com.br\/blog\/pilares-trabalho-arquiteto-do-futuro\/\",\"url\":\"https:\/\/www.dabusarquitetura.com.br\/blog\/pilares-trabalho-arquiteto-do-futuro\/\",\"name\":\"6 pilares cruciais no trabalho do arquiteto do futuro\",\"isPartOf\":{\"@id\":\"https:\/\/www.dabusarquitetura.com.br\/blog\/#website\"},\"datePublished\":\"2020-11-14T20:27:38+00:00\",\"dateModified\":\"2020-11-14T20:27:39+00:00\",\"author\":{\"@id\":\"https:\/\/www.dabusarquitetura.com.br\/blog\/#\/schema\/person\/978b78d74759412a1cd43634996237c4\"},\"description\":\"Tecnologia e humanidade envolver\u00e3o o arquiteto do futuro. Conhe\u00e7a os conceitos, recursos e tend\u00eancias com os quais esse profissional ter\u00e1 de atuar!\",\"breadcrumb\":{\"@id\":\"https:\/\/www.dabusarquitetura.com.br\/blog\/pilares-trabalho-arquiteto-do-futuro\/#breadcrumb\"},\"inLanguage\":\"pt-BR\",\"potentialAction\":[{\"@type\":\"ReadAction\",\"target\":[\"https:\/\/www.dabusarquitetura.com.br\/blog\/pilares-trabalho-arquiteto-do-futuro\/\"]}]},{\"@type\":\"BreadcrumbList\",\"@id\":\"https:\/\/www.dabusarquitetura.com.br\/blog\/pilares-trabalho-arquiteto-do-futuro\/#breadcrumb\",\"itemListElement\":[{\"@type\":\"ListItem\",\"position\":1,\"name\":\"In\u00edcio\",\"item\":\"https:\/\/www.dabusarquitetura.com.br\/blog\/\"},{\"@type\":\"ListItem\",\"position\":2,\"name\":\"6 pilares cruciais no trabalho do arquiteto do futuro\"}]},{\"@type\":\"WebSite\",\"@id\":\"https:\/\/www.dabusarquitetura.com.br\/blog\/#website\",\"url\":\"https:\/\/www.dabusarquitetura.com.br\/blog\/\",\"name\":\"DABUS ARQUITETURA\",\"description\":\"Arquitetura Corporativa\",\"potentialAction\":[{\"@type\":\"SearchAction\",\"target\":{\"@type\":\"EntryPoint\",\"urlTemplate\":\"https:\/\/www.dabusarquitetura.com.br\/blog\/?s={search_term_string}\"},\"query-input\":\"required name=search_term_string\"}],\"inLanguage\":\"pt-BR\"},{\"@type\":\"Person\",\"@id\":\"https:\/\/www.dabusarquitetura.com.br\/blog\/#\/schema\/person\/978b78d74759412a1cd43634996237c4\",\"name\":\"heloisa.dabus\",\"image\":{\"@type\":\"ImageObject\",\"inLanguage\":\"pt-BR\",\"@id\":\"https:\/\/www.dabusarquitetura.com.br\/blog\/#\/schema\/person\/image\/\",\"url\":\"https:\/\/secure.gravatar.com\/avatar\/4078f4f8e54fb70a99a5e9edc642ecb1?s=96&d=mm&r=g\",\"contentUrl\":\"https:\/\/secure.gravatar.com\/avatar\/4078f4f8e54fb70a99a5e9edc642ecb1?s=96&d=mm&r=g\",\"caption\":\"heloisa.dabus\"},\"url\":\"https:\/\/www.dabusarquitetura.com.br\/blog\/author\/heloisa-dabus\/\"}]}<\/script>\n<!-- \/ Yoast SEO plugin. -->","yoast_head_json":{"title":"6 pilares cruciais no trabalho do arquiteto do futuro","description":"Tecnologia e humanidade envolver\u00e3o o arquiteto do futuro. Conhe\u00e7a os conceitos, recursos e tend\u00eancias com os quais esse profissional ter\u00e1 de atuar!","robots":{"index":"index","follow":"follow","max-snippet":"max-snippet:-1","max-image-preview":"max-image-preview:large","max-video-preview":"max-video-preview:-1"},"canonical":"https:\/\/www.dabusarquitetura.com.br\/blog\/pilares-trabalho-arquiteto-do-futuro\/","og_locale":"pt_BR","og_type":"article","og_title":"6 pilares cruciais no trabalho do arquiteto do futuro","og_description":"Tecnologia e humanidade envolver\u00e3o o arquiteto do futuro. Conhe\u00e7a os conceitos, recursos e tend\u00eancias com os quais esse profissional ter\u00e1 de atuar!","og_url":"https:\/\/www.dabusarquitetura.com.br\/blog\/pilares-trabalho-arquiteto-do-futuro\/","og_site_name":"DABUS ARQUITETURA","article_published_time":"2020-11-14T20:27:38+00:00","article_modified_time":"2020-11-14T20:27:39+00:00","og_image":[{"url":"http:\/\/www.dabus.com.br\/blog\/wp-content\/uploads\/2020\/11\/arquiteto-do-futuro.png"}],"author":"heloisa.dabus","twitter_card":"summary_large_image","twitter_misc":{"Escrito por":"heloisa.dabus","Est. tempo de leitura":"4 minutos"},"schema":{"@context":"https:\/\/schema.org","@graph":[{"@type":"WebPage","@id":"https:\/\/www.dabusarquitetura.com.br\/blog\/pilares-trabalho-arquiteto-do-futuro\/","url":"https:\/\/www.dabusarquitetura.com.br\/blog\/pilares-trabalho-arquiteto-do-futuro\/","name":"6 pilares cruciais no trabalho do arquiteto do futuro","isPartOf":{"@id":"https:\/\/www.dabusarquitetura.com.br\/blog\/#website"},"datePublished":"2020-11-14T20:27:38+00:00","dateModified":"2020-11-14T20:27:39+00:00","author":{"@id":"https:\/\/www.dabusarquitetura.com.br\/blog\/#\/schema\/person\/978b78d74759412a1cd43634996237c4"},"description":"Tecnologia e humanidade envolver\u00e3o o arquiteto do futuro. Conhe\u00e7a os conceitos, recursos e tend\u00eancias com os quais esse profissional ter\u00e1 de atuar!","breadcrumb":{"@id":"https:\/\/www.dabusarquitetura.com.br\/blog\/pilares-trabalho-arquiteto-do-futuro\/#breadcrumb"},"inLanguage":"pt-BR","potentialAction":[{"@type":"ReadAction","target":["https:\/\/www.dabusarquitetura.com.br\/blog\/pilares-trabalho-arquiteto-do-futuro\/"]}]},{"@type":"BreadcrumbList","@id":"https:\/\/www.dabusarquitetura.com.br\/blog\/pilares-trabalho-arquiteto-do-futuro\/#breadcrumb","itemListElement":[{"@type":"ListItem","position":1,"name":"In\u00edcio","item":"https:\/\/www.dabusarquitetura.com.br\/blog\/"},{"@type":"ListItem","position":2,"name":"6 pilares cruciais no trabalho do arquiteto do futuro"}]},{"@type":"WebSite","@id":"https:\/\/www.dabusarquitetura.com.br\/blog\/#website","url":"https:\/\/www.dabusarquitetura.com.br\/blog\/","name":"DABUS ARQUITETURA","description":"Arquitetura Corporativa","potentialAction":[{"@type":"SearchAction","target":{"@type":"EntryPoint","urlTemplate":"https:\/\/www.dabusarquitetura.com.br\/blog\/?s={search_term_string}"},"query-input":"required name=search_term_string"}],"inLanguage":"pt-BR"},{"@type":"Person","@id":"https:\/\/www.dabusarquitetura.com.br\/blog\/#\/schema\/person\/978b78d74759412a1cd43634996237c4","name":"heloisa.dabus","image":{"@type":"ImageObject","inLanguage":"pt-BR","@id":"https:\/\/www.dabusarquitetura.com.br\/blog\/#\/schema\/person\/image\/","url":"https:\/\/secure.gravatar.com\/avatar\/4078f4f8e54fb70a99a5e9edc642ecb1?s=96&d=mm&r=g","contentUrl":"https:\/\/secure.gravatar.com\/avatar\/4078f4f8e54fb70a99a5e9edc642ecb1?s=96&d=mm&r=g","caption":"heloisa.dabus"},"url":"https:\/\/www.dabusarquitetura.com.br\/blog\/author\/heloisa-dabus\/"}]}},"_links":{"self":[{"href":"https:\/\/www.dabusarquitetura.com.br\/blog\/wp-json\/wp\/v2\/posts\/15430"}],"collection":[{"href":"https:\/\/www.dabusarquitetura.com.br\/blog\/wp-json\/wp\/v2\/posts"}],"about":[{"href":"https:\/\/www.dabusarquitetura.com.br\/blog\/wp-json\/wp\/v2\/types\/post"}],"author":[{"embeddable":true,"href":"https:\/\/www.dabusarquitetura.com.br\/blog\/wp-json\/wp\/v2\/users\/3"}],"replies":[{"embeddable":true,"href":"https:\/\/www.dabusarquitetura.com.br\/blog\/wp-json\/wp\/v2\/comments?post=15430"}],"version-history":[{"count":3,"href":"https:\/\/www.dabusarquitetura.com.br\/blog\/wp-json\/wp\/v2\/posts\/15430\/revisions"}],"predecessor-version":[{"id":15434,"href":"https:\/\/www.dabusarquitetura.com.br\/blog\/wp-json\/wp\/v2\/posts\/15430\/revisions\/15434"}],"wp:attachment":[{"href":"https:\/\/www.dabusarquitetura.com.br\/blog\/wp-json\/wp\/v2\/media?parent=15430"}],"wp:term":[{"taxonomy":"category","embeddable":true,"href":"https:\/\/www.dabusarquitetura.com.br\/blog\/wp-json\/wp\/v2\/categories?post=15430"},{"taxonomy":"post_tag","embeddable":true,"href":"https:\/\/www.dabusarquitetura.com.br\/blog\/wp-json\/wp\/v2\/tags?post=15430"}],"curies":[{"name":"wp","href":"https:\/\/api.w.org\/{rel}","templated":true}]}}