{"id":15369,"date":"2020-09-19T16:05:15","date_gmt":"2020-09-19T16:05:15","guid":{"rendered":"http:\/\/www.dabus.com.br\/blog\/?p=15369"},"modified":"2020-09-19T16:05:16","modified_gmt":"2020-09-19T16:05:16","slug":"dicas-gestao-das-emocoes-na-escola","status":"publish","type":"post","link":"https:\/\/www.dabusarquitetura.com.br\/blog\/dicas-gestao-das-emocoes-na-escola\/","title":{"rendered":"5 dicas para a gest\u00e3o das emo\u00e7\u00f5es na escola"},"content":{"rendered":"\n<div class=\"wp-block-image\"><figure class=\"aligncenter\"><img decoding=\"async\" loading=\"lazy\" width=\"834\" height=\"317\" src=\"http:\/\/www.dabus.com.br\/blog\/wp-content\/uploads\/2020\/09\/gestao-emocoes-escola.png\" alt=\"Gest\u00e3o das emo\u00e7\u00f5es na escola\" class=\"wp-image-15372\" srcset=\"https:\/\/www.dabusarquitetura.com.br\/blog\/wp-content\/uploads\/2020\/09\/gestao-emocoes-escola.png 834w, https:\/\/www.dabusarquitetura.com.br\/blog\/wp-content\/uploads\/2020\/09\/gestao-emocoes-escola-300x114.png 300w, https:\/\/www.dabusarquitetura.com.br\/blog\/wp-content\/uploads\/2020\/09\/gestao-emocoes-escola-768x292.png 768w\" sizes=\"(max-width: 834px) 100vw, 834px\" \/><\/figure><\/div>\n\n\n\n<p>O ambiente escolar \u00e9 um espa\u00e7o plural, inquieto e desafiador. Lidar com as diferen\u00e7as de maneira harm\u00f4nica e produtiva exige dos profissionais da educa\u00e7\u00e3o compet\u00eancias que v\u00e3o muito al\u00e9m do conhecimento te\u00f3rico de \u00e1reas espec\u00edficas. Para que bons resultados sejam colhidos, \u00e9 essencial trabalhar as subjetividades humanas. Assim, a <strong>gest\u00e3o das emo\u00e7\u00f5es na escola<\/strong> \u00e9 mat\u00e9ria indispens\u00e1vel.<\/p>\n\n\n\n<p>O tema se torna ainda mais relevante diante de um <strong>cen\u00e1rio incerto imposto pelo surto do novo coronav\u00edrus<\/strong>. Nele, sentimentos como inseguran\u00e7a, ansiedade e tristeza se tornaram mais latentes. E n\u00e3o apenas entre os alunos. Diretores, professores e todos os outros funcion\u00e1rios tamb\u00e9m precisam enfrentar os seus limites em prol de uma educa\u00e7\u00e3o realmente eficiente. Educa\u00e7\u00e3o esta que passa pela <strong>forma\u00e7\u00e3o de cidad\u00e3os<\/strong> e n\u00e3o apenas de futuros profissionais.<\/p>\n\n\n\n<p>Embora nem todas as institui\u00e7\u00f5es englobem a chamada <strong>intelig\u00eancia<\/strong> <strong>emocional<\/strong> como parte de seus curr\u00edculos, abra\u00e7ar a quest\u00e3o do ponto de vista gerencial far\u00e1 toda a diferen\u00e7a diante de um mundo ditado pelo \u201cnovo normal\u201d.<\/p>\n\n\n\n<p>A seguir veremos quais pr\u00e1ticas podem ser implementadas para controle nesse sentido.<\/p>\n\n\n\n<h2 class=\"wp-block-heading\">Vantagens da gest\u00e3o das emo\u00e7\u00f5es na escola<\/h2>\n\n\n\n<p>A necessidade de cuidar das emo\u00e7\u00f5es no palco escolar n\u00e3o se d\u00e1 apenas por conta de um futuro ainda cheio de perguntas sem respostas. Faz parte da sociedade atual estados de esp\u00edrito inst\u00e1veis, estressados, cansados e ansiosos.<\/p>\n\n\n\n<p>O estilo de vida pautado em quest\u00f5es como o sucesso profissional a qualquer custo, o esfor\u00e7o implac\u00e1vel de se encaixar em padr\u00f5es preestabelecidos e a velocidade\/excesso da informa\u00e7\u00e3o tendem a conduzir os indiv\u00edduos a um <strong>desequil\u00edbrio emocional<\/strong>, com o qual a escola n\u00e3o est\u00e1 isenta de contribuir. A menos que se comprometa com a causa e procure fornecer sa\u00eddas para minimizar os efeitos negativos de tudo isso.<\/p>\n\n\n\n<p>Como benef\u00edcios desta gest\u00e3o, ela pode colher frutos como:<\/p>\n\n\n\n<ul><li>Ambiente mais pac\u00edfico e aberto ao di\u00e1logo;<\/li><li>Empatia e toler\u00e2ncia entre todos os ocupantes;<\/li><li>Relacionamentos mais saud\u00e1veis:&nbsp;<\/li><li>Colabora\u00e7\u00e3o produtiva;<\/li><li>Sentimento de pertencimento;<\/li><li>Redu\u00e7\u00e3o dos casos de evas\u00e3o escolar;<\/li><li>Aumento da qualidade de vida dos professores;<\/li><li>Otimiza\u00e7\u00e3o do desenho pessoal e profissional;<\/li><li>Entre muitas outras vantagens.<\/li><\/ul>\n\n\n\n<p>Acompanhe 5 dicas para colocar em pr\u00e1tica a gest\u00e3o das emo\u00e7\u00f5es na escola!<\/p>\n\n\n\n<h3 class=\"wp-block-heading\">1. Garanta a seguran\u00e7a<\/h3>\n\n\n\n<p>Em uma realidade p\u00f3s-pandemia os cuidados com a <strong>higieniza\u00e7\u00e3o dos ambientes<\/strong> devem ser redobrados. Isso ajudar\u00e1 a criar um clima de maior tranquilidade. Portanto, a sala de aula tem de contar com \u00e1lcool em gel, rotinas de limpeza redobradas e aferi\u00e7\u00e3o de temperatura. Isso sem falar na seguran\u00e7a do pr\u00e9dio como um todo. C\u00e2meras, sistemas de verifica\u00e7\u00e3o de presen\u00e7a, checagem na entrada, entre outros recursos, s\u00e3o essenciais para que todos se sintam protegidos.<\/p>\n\n\n\n<h3 class=\"wp-block-heading\">2. Dedique-se \u00e0 comunica\u00e7\u00e3o<\/h3>\n\n\n\n<p>Promover reuni\u00f5es entre o time de professores, funcion\u00e1rios e familiares faz toda a diferen\u00e7a para resolver e at\u00e9 evitar problemas. A institui\u00e7\u00e3o precisa oferecer meios de di\u00e1logo pr\u00e1ticos. A partir deles \u00e9 poss\u00edvel gerenciar crises, comunicar a\u00e7\u00f5es importantes, equilibrar expectativas e <strong>humanizar o relacionamento<\/strong>. Em um contexto com tantas incertezas, tais cuidados ajudar\u00e3o a lidar com as emo\u00e7\u00f5es \u00e0 flor da pele.<\/p>\n\n\n\n<h3 class=\"wp-block-heading\">3. Estreite o relacionamento com os colaboradores<\/h3>\n\n\n\n<p>Sem conhecer bem os colaboradores da institui\u00e7\u00e3o n\u00e3o \u00e9 poss\u00edvel compreender seu estado emocional. Ent\u00e3o, \u00e9 necess\u00e1rio buscar um contato mais pr\u00f3ximo com esses agentes da educa\u00e7\u00e3o, a fim de oferecer maior apoio aos desafios coletivos e particulares. Deste modo, cria-se um <strong>lugar de confian\u00e7a, sens\u00edvel e mais saud\u00e1vel<\/strong>.<\/p>\n\n\n\n<h3 class=\"wp-block-heading\">4. Pratique o feedback positivo<\/h3>\n\n\n\n<p>Cr\u00edticas aos alunos ou entre o corpo docente n\u00e3o pavimentando um desenvolvimento construtivo. Assim, \u00e9 importante deix\u00e1-las de lado em favorecimento de feedbacks positivos. Ou seja, posicionamentos que sinalizam o que \u00e9 preciso melhorar a partir do <strong>reconhecimento das potencialidades<\/strong> do indiv\u00edduo. O que pode vir acompanhado de dicas e sugest\u00f5es de caminhos a serem seguidos. Enquanto a cr\u00edtica foca o erro, o feedback positivo ressalta as qualidades existentes para transpor um desafio. Al\u00e9m, \u00e9 claro, de elogiar nos momentos certos.<\/p>\n\n\n\n<h3 class=\"wp-block-heading\">5. Promova a capacita\u00e7\u00e3o<\/h3>\n\n\n\n<p>Novos sistemas, metodologias e paradigmas tendem a gerar inseguran\u00e7a e, em alguns casos, at\u00e9 ang\u00fastia. Tanto alunos quanto professores podem ter passado por isso durante o per\u00edodo das aulas n\u00e3o presenciais, por exemplo. Logo, oferecer programas de capacita\u00e7\u00e3o fomenta <strong>esp\u00edritos mais confiantes<\/strong> diante das novidades e mudan\u00e7as. Tamb\u00e9m \u00e9 interessante estimular a equipe a trabalhar o seu desenvolvimento pessoal e intelig\u00eancia emocional por meio de cursos, terapias e eventos. <\/p>\n\n\n\n<p>Sua escola tem realizado a gest\u00e3o das emo\u00e7\u00f5es? Como tem encarado as transforma\u00e7\u00f5es na educa\u00e7\u00e3o e no estilo de vida das pessoas? <\/p>\n\n\n\n<p>Leia tamb\u00e9m nosso artigo em que relacionamos as <a href=\"https:\/\/www.dabus.com.br\/blog\/2020\/07\/competencias-habilidades-dos-professores-pos-covid-19\/\"><strong>habilidades que precisam ser desenvolvidas pelos professores p\u00f3s-Covid-19<\/strong><\/a>.&nbsp;<\/p>\n\n\n\n<p style=\"text-align:center\">Refer\u00eancias: <a rel=\"noreferrer noopener\" aria-label=\" (abre numa nova aba)\" href=\"https:\/\/escoladainteligencia.com.br\/gestao-da-emocao-como-aplicar-esse-conceito-na-escola\/\" target=\"_blank\">Escola da Intelig\u00eancia<\/a>, <a rel=\"noreferrer noopener\" aria-label=\" (abre numa nova aba)\" href=\"https:\/\/direcionalescolas.com.br\/sua-escola-esta-comprometida-com-a-superacao-e-o-equilibrio-emocional\/\" target=\"_blank\">Direcional Escolas<\/a>, <a href=\"https:\/\/www.fazeducacao.com.br\/post\/como-lidar-com-emocoes-dos-alunos\" target=\"_blank\" rel=\"noreferrer noopener\" aria-label=\" (abre numa nova aba)\">Faz Educa\u00e7\u00e3o &amp; Tecnologia<\/a>, <a href=\"https:\/\/novaescola.org.br\/conteudo\/16090\/a-emocao-na-sala-de-aula-o-que-cabe-ao-professor\">Nova Escola<\/a>.<\/p>\n","protected":false},"excerpt":{"rendered":"<p>O ambiente escolar \u00e9 um espa\u00e7o plural, inquieto e desafiador. Lidar com as diferen\u00e7as de maneira harm\u00f4nica e produtiva exige dos profissionais da educa\u00e7\u00e3o compet\u00eancias [&hellip;]<\/p>\n","protected":false},"author":3,"featured_media":0,"comment_status":"open","ping_status":"open","sticky":false,"template":"","format":"standard","meta":[],"categories":[49],"tags":[],"yoast_head":"<!-- This site is optimized with the Yoast SEO plugin v20.8 - https:\/\/yoast.com\/wordpress\/plugins\/seo\/ -->\n<title>Conhe\u00e7a 5 pr\u00e1ticas de gest\u00e3o das emo\u00e7\u00f5es na escola<\/title>\n<meta name=\"description\" content=\"Em um cen\u00e1rio de constantes mudan\u00e7as, a gest\u00e3o das emo\u00e7\u00f5es na escola se torna mat\u00e9ria urgente. Confira 5 dicas para trabalh\u00e1-la!\" \/>\n<meta name=\"robots\" content=\"index, follow, max-snippet:-1, max-image-preview:large, max-video-preview:-1\" \/>\n<link rel=\"canonical\" href=\"https:\/\/www.dabusarquitetura.com.br\/blog\/dicas-gestao-das-emocoes-na-escola\/\" \/>\n<meta property=\"og:locale\" content=\"pt_BR\" \/>\n<meta property=\"og:type\" content=\"article\" \/>\n<meta property=\"og:title\" content=\"Conhe\u00e7a 5 pr\u00e1ticas de gest\u00e3o das emo\u00e7\u00f5es na escola\" \/>\n<meta property=\"og:description\" content=\"Em um cen\u00e1rio de constantes mudan\u00e7as, a gest\u00e3o das emo\u00e7\u00f5es na escola se torna mat\u00e9ria urgente. Confira 5 dicas para trabalh\u00e1-la!\" \/>\n<meta property=\"og:url\" content=\"https:\/\/www.dabusarquitetura.com.br\/blog\/dicas-gestao-das-emocoes-na-escola\/\" \/>\n<meta property=\"og:site_name\" content=\"DABUS ARQUITETURA\" \/>\n<meta property=\"article:published_time\" content=\"2020-09-19T16:05:15+00:00\" \/>\n<meta property=\"article:modified_time\" content=\"2020-09-19T16:05:16+00:00\" \/>\n<meta property=\"og:image\" content=\"http:\/\/www.dabus.com.br\/blog\/wp-content\/uploads\/2020\/09\/gestao-emocoes-escola.png\" \/>\n<meta name=\"author\" content=\"heloisa.dabus\" \/>\n<meta name=\"twitter:card\" content=\"summary_large_image\" \/>\n<meta name=\"twitter:label1\" content=\"Escrito por\" \/>\n\t<meta name=\"twitter:data1\" content=\"heloisa.dabus\" \/>\n\t<meta name=\"twitter:label2\" content=\"Est. tempo de leitura\" \/>\n\t<meta name=\"twitter:data2\" content=\"4 minutos\" \/>\n<script type=\"application\/ld+json\" class=\"yoast-schema-graph\">{\"@context\":\"https:\/\/schema.org\",\"@graph\":[{\"@type\":\"WebPage\",\"@id\":\"https:\/\/www.dabusarquitetura.com.br\/blog\/dicas-gestao-das-emocoes-na-escola\/\",\"url\":\"https:\/\/www.dabusarquitetura.com.br\/blog\/dicas-gestao-das-emocoes-na-escola\/\",\"name\":\"Conhe\u00e7a 5 pr\u00e1ticas de gest\u00e3o das emo\u00e7\u00f5es na escola\",\"isPartOf\":{\"@id\":\"https:\/\/www.dabusarquitetura.com.br\/blog\/#website\"},\"datePublished\":\"2020-09-19T16:05:15+00:00\",\"dateModified\":\"2020-09-19T16:05:16+00:00\",\"author\":{\"@id\":\"https:\/\/www.dabusarquitetura.com.br\/blog\/#\/schema\/person\/978b78d74759412a1cd43634996237c4\"},\"description\":\"Em um cen\u00e1rio de constantes mudan\u00e7as, a gest\u00e3o das emo\u00e7\u00f5es na escola se torna mat\u00e9ria urgente. Confira 5 dicas para trabalh\u00e1-la!\",\"breadcrumb\":{\"@id\":\"https:\/\/www.dabusarquitetura.com.br\/blog\/dicas-gestao-das-emocoes-na-escola\/#breadcrumb\"},\"inLanguage\":\"pt-BR\",\"potentialAction\":[{\"@type\":\"ReadAction\",\"target\":[\"https:\/\/www.dabusarquitetura.com.br\/blog\/dicas-gestao-das-emocoes-na-escola\/\"]}]},{\"@type\":\"BreadcrumbList\",\"@id\":\"https:\/\/www.dabusarquitetura.com.br\/blog\/dicas-gestao-das-emocoes-na-escola\/#breadcrumb\",\"itemListElement\":[{\"@type\":\"ListItem\",\"position\":1,\"name\":\"In\u00edcio\",\"item\":\"https:\/\/www.dabusarquitetura.com.br\/blog\/\"},{\"@type\":\"ListItem\",\"position\":2,\"name\":\"5 dicas para a gest\u00e3o das emo\u00e7\u00f5es na escola\"}]},{\"@type\":\"WebSite\",\"@id\":\"https:\/\/www.dabusarquitetura.com.br\/blog\/#website\",\"url\":\"https:\/\/www.dabusarquitetura.com.br\/blog\/\",\"name\":\"DABUS ARQUITETURA\",\"description\":\"Arquitetura Corporativa\",\"potentialAction\":[{\"@type\":\"SearchAction\",\"target\":{\"@type\":\"EntryPoint\",\"urlTemplate\":\"https:\/\/www.dabusarquitetura.com.br\/blog\/?s={search_term_string}\"},\"query-input\":\"required name=search_term_string\"}],\"inLanguage\":\"pt-BR\"},{\"@type\":\"Person\",\"@id\":\"https:\/\/www.dabusarquitetura.com.br\/blog\/#\/schema\/person\/978b78d74759412a1cd43634996237c4\",\"name\":\"heloisa.dabus\",\"image\":{\"@type\":\"ImageObject\",\"inLanguage\":\"pt-BR\",\"@id\":\"https:\/\/www.dabusarquitetura.com.br\/blog\/#\/schema\/person\/image\/\",\"url\":\"https:\/\/secure.gravatar.com\/avatar\/4078f4f8e54fb70a99a5e9edc642ecb1?s=96&d=mm&r=g\",\"contentUrl\":\"https:\/\/secure.gravatar.com\/avatar\/4078f4f8e54fb70a99a5e9edc642ecb1?s=96&d=mm&r=g\",\"caption\":\"heloisa.dabus\"},\"url\":\"https:\/\/www.dabusarquitetura.com.br\/blog\/author\/heloisa-dabus\/\"}]}<\/script>\n<!-- \/ Yoast SEO plugin. -->","yoast_head_json":{"title":"Conhe\u00e7a 5 pr\u00e1ticas de gest\u00e3o das emo\u00e7\u00f5es na escola","description":"Em um cen\u00e1rio de constantes mudan\u00e7as, a gest\u00e3o das emo\u00e7\u00f5es na escola se torna mat\u00e9ria urgente. Confira 5 dicas para trabalh\u00e1-la!","robots":{"index":"index","follow":"follow","max-snippet":"max-snippet:-1","max-image-preview":"max-image-preview:large","max-video-preview":"max-video-preview:-1"},"canonical":"https:\/\/www.dabusarquitetura.com.br\/blog\/dicas-gestao-das-emocoes-na-escola\/","og_locale":"pt_BR","og_type":"article","og_title":"Conhe\u00e7a 5 pr\u00e1ticas de gest\u00e3o das emo\u00e7\u00f5es na escola","og_description":"Em um cen\u00e1rio de constantes mudan\u00e7as, a gest\u00e3o das emo\u00e7\u00f5es na escola se torna mat\u00e9ria urgente. Confira 5 dicas para trabalh\u00e1-la!","og_url":"https:\/\/www.dabusarquitetura.com.br\/blog\/dicas-gestao-das-emocoes-na-escola\/","og_site_name":"DABUS ARQUITETURA","article_published_time":"2020-09-19T16:05:15+00:00","article_modified_time":"2020-09-19T16:05:16+00:00","og_image":[{"url":"http:\/\/www.dabus.com.br\/blog\/wp-content\/uploads\/2020\/09\/gestao-emocoes-escola.png"}],"author":"heloisa.dabus","twitter_card":"summary_large_image","twitter_misc":{"Escrito por":"heloisa.dabus","Est. tempo de leitura":"4 minutos"},"schema":{"@context":"https:\/\/schema.org","@graph":[{"@type":"WebPage","@id":"https:\/\/www.dabusarquitetura.com.br\/blog\/dicas-gestao-das-emocoes-na-escola\/","url":"https:\/\/www.dabusarquitetura.com.br\/blog\/dicas-gestao-das-emocoes-na-escola\/","name":"Conhe\u00e7a 5 pr\u00e1ticas de gest\u00e3o das emo\u00e7\u00f5es na escola","isPartOf":{"@id":"https:\/\/www.dabusarquitetura.com.br\/blog\/#website"},"datePublished":"2020-09-19T16:05:15+00:00","dateModified":"2020-09-19T16:05:16+00:00","author":{"@id":"https:\/\/www.dabusarquitetura.com.br\/blog\/#\/schema\/person\/978b78d74759412a1cd43634996237c4"},"description":"Em um cen\u00e1rio de constantes mudan\u00e7as, a gest\u00e3o das emo\u00e7\u00f5es na escola se torna mat\u00e9ria urgente. Confira 5 dicas para trabalh\u00e1-la!","breadcrumb":{"@id":"https:\/\/www.dabusarquitetura.com.br\/blog\/dicas-gestao-das-emocoes-na-escola\/#breadcrumb"},"inLanguage":"pt-BR","potentialAction":[{"@type":"ReadAction","target":["https:\/\/www.dabusarquitetura.com.br\/blog\/dicas-gestao-das-emocoes-na-escola\/"]}]},{"@type":"BreadcrumbList","@id":"https:\/\/www.dabusarquitetura.com.br\/blog\/dicas-gestao-das-emocoes-na-escola\/#breadcrumb","itemListElement":[{"@type":"ListItem","position":1,"name":"In\u00edcio","item":"https:\/\/www.dabusarquitetura.com.br\/blog\/"},{"@type":"ListItem","position":2,"name":"5 dicas para a gest\u00e3o das emo\u00e7\u00f5es na escola"}]},{"@type":"WebSite","@id":"https:\/\/www.dabusarquitetura.com.br\/blog\/#website","url":"https:\/\/www.dabusarquitetura.com.br\/blog\/","name":"DABUS ARQUITETURA","description":"Arquitetura Corporativa","potentialAction":[{"@type":"SearchAction","target":{"@type":"EntryPoint","urlTemplate":"https:\/\/www.dabusarquitetura.com.br\/blog\/?s={search_term_string}"},"query-input":"required name=search_term_string"}],"inLanguage":"pt-BR"},{"@type":"Person","@id":"https:\/\/www.dabusarquitetura.com.br\/blog\/#\/schema\/person\/978b78d74759412a1cd43634996237c4","name":"heloisa.dabus","image":{"@type":"ImageObject","inLanguage":"pt-BR","@id":"https:\/\/www.dabusarquitetura.com.br\/blog\/#\/schema\/person\/image\/","url":"https:\/\/secure.gravatar.com\/avatar\/4078f4f8e54fb70a99a5e9edc642ecb1?s=96&d=mm&r=g","contentUrl":"https:\/\/secure.gravatar.com\/avatar\/4078f4f8e54fb70a99a5e9edc642ecb1?s=96&d=mm&r=g","caption":"heloisa.dabus"},"url":"https:\/\/www.dabusarquitetura.com.br\/blog\/author\/heloisa-dabus\/"}]}},"_links":{"self":[{"href":"https:\/\/www.dabusarquitetura.com.br\/blog\/wp-json\/wp\/v2\/posts\/15369"}],"collection":[{"href":"https:\/\/www.dabusarquitetura.com.br\/blog\/wp-json\/wp\/v2\/posts"}],"about":[{"href":"https:\/\/www.dabusarquitetura.com.br\/blog\/wp-json\/wp\/v2\/types\/post"}],"author":[{"embeddable":true,"href":"https:\/\/www.dabusarquitetura.com.br\/blog\/wp-json\/wp\/v2\/users\/3"}],"replies":[{"embeddable":true,"href":"https:\/\/www.dabusarquitetura.com.br\/blog\/wp-json\/wp\/v2\/comments?post=15369"}],"version-history":[{"count":5,"href":"https:\/\/www.dabusarquitetura.com.br\/blog\/wp-json\/wp\/v2\/posts\/15369\/revisions"}],"predecessor-version":[{"id":15375,"href":"https:\/\/www.dabusarquitetura.com.br\/blog\/wp-json\/wp\/v2\/posts\/15369\/revisions\/15375"}],"wp:attachment":[{"href":"https:\/\/www.dabusarquitetura.com.br\/blog\/wp-json\/wp\/v2\/media?parent=15369"}],"wp:term":[{"taxonomy":"category","embeddable":true,"href":"https:\/\/www.dabusarquitetura.com.br\/blog\/wp-json\/wp\/v2\/categories?post=15369"},{"taxonomy":"post_tag","embeddable":true,"href":"https:\/\/www.dabusarquitetura.com.br\/blog\/wp-json\/wp\/v2\/tags?post=15369"}],"curies":[{"name":"wp","href":"https:\/\/api.w.org\/{rel}","templated":true}]}}