{"id":15350,"date":"2020-08-28T17:38:04","date_gmt":"2020-08-28T17:38:04","guid":{"rendered":"http:\/\/www.dabus.com.br\/blog\/?p=15350"},"modified":"2020-08-28T17:46:13","modified_gmt":"2020-08-28T17:46:13","slug":"arquitetura-e-comunicacao-visual-como-alia-las","status":"publish","type":"post","link":"https:\/\/www.dabusarquitetura.com.br\/blog\/arquitetura-e-comunicacao-visual-como-alia-las\/","title":{"rendered":"Arquitetura e comunica\u00e7\u00e3o visual: Como ali\u00e1-las?"},"content":{"rendered":"\n<div class=\"wp-block-image\"><figure class=\"aligncenter\"><img decoding=\"async\" loading=\"lazy\" width=\"834\" height=\"317\" src=\"http:\/\/www.dabus.com.br\/blog\/wp-content\/uploads\/2020\/08\/arquitetura-e-comunicacao-visual.png\" alt=\"Arquitetura e comunica\u00e7\u00e3o visual\" class=\"wp-image-15351\" srcset=\"https:\/\/www.dabusarquitetura.com.br\/blog\/wp-content\/uploads\/2020\/08\/arquitetura-e-comunicacao-visual.png 834w, https:\/\/www.dabusarquitetura.com.br\/blog\/wp-content\/uploads\/2020\/08\/arquitetura-e-comunicacao-visual-300x114.png 300w, https:\/\/www.dabusarquitetura.com.br\/blog\/wp-content\/uploads\/2020\/08\/arquitetura-e-comunicacao-visual-768x292.png 768w\" sizes=\"(max-width: 834px) 100vw, 834px\" \/><figcaption><a href=\"https:\/\/www.dabus.com.br\/site\/arquitetura-corporativa\/prestes-incorporadora-200420160438.html\" target=\"_blank\" rel=\"noreferrer noopener\" aria-label=\"Projeto de Arquitetura Corporativa para a Prestes Incorporadora (abre numa nova aba)\">Projeto de Arquitetura Corporativa para a Prestes Incorporadora<\/a>.<\/figcaption><\/figure><\/div>\n\n\n\n<p>Empresas, estabelecimentos comerciais, institui\u00e7\u00f5es de ensino e qualquer outro tipo de neg\u00f3cio precisam cuidar da imagem que transmitem ao mercado. Al\u00e9m das campanhas de marketing, um fator que influencia nesse sentido \u00e9 o espa\u00e7o f\u00edsico da marca. Portanto, trabalhar a rela\u00e7\u00e3o entre <strong>Arquitetura e comunica\u00e7\u00e3o visual<\/strong> \u00e9 indispens\u00e1vel para fortalecer a sua identidade.<\/p>\n\n\n\n<p>A m\u00e1xima de que \u201cuma imagem vale mais que mil palavras\u201d n\u00e3o pode ser esquecida no ambiente de trabalho ou onde os clientes s\u00e3o atendidos. \u00c9 fundamental <strong>impact\u00e1-los com uma mensagem consistente<\/strong>. Assim, o projeto arquitet\u00f4nico tem de estar alinhado ao posicionamento da marca e at\u00e9 mesmo ao plano de neg\u00f3cios.<\/p>\n\n\n\n<p>Acompanhe o post de hoje e entenda melhor de que maneira \u00e9 poss\u00edvel fazer com que Arquitetura e comunica\u00e7\u00e3o visual caminhem juntas.<\/p>\n\n\n\n<h2 class=\"wp-block-heading\">Defini\u00e7\u00e3o da marca<\/h2>\n\n\n\n<p>Antes de pensar no projeto arquitet\u00f4nico \u00e9 necess\u00e1rio <strong>mergulhar na identidade da marca<\/strong>. Seus valores est\u00e3o tra\u00e7ados? Seu logotipo e outros elementos visuais s\u00e3o claros? A marca reflete a identidade do neg\u00f3cio e sua proposta? Ou seja, \u00e9 preciso contar com os materiais e a base conceitual primeiro.<\/p>\n\n\n\n<h3 class=\"wp-block-heading\">Marketing e arquitetura\u00a0<\/h3>\n\n\n\n<p>Compete \u00e0 \u00e1rea de Marketing definir, apresentar e defender a identidade criada. Tamb\u00e9m \u00e9 ela quem ser\u00e1 respons\u00e1vel por criar estrat\u00e9gias de divulga\u00e7\u00e3o em dire\u00e7\u00e3o do posicionamento almejado. Acima de tudo, nesse ponto estamos falando de <strong><a rel=\"noreferrer noopener\" aria-label=\" (abre numa nova aba)\" href=\"https:\/\/www.dabus.com.br\/blog\/2019\/06\/branding-em-arquitetura-como-criar\/\" target=\"_blank\">branding<\/a><\/strong>.<\/p>\n\n\n\n<p><em>\u201cBranding: persuadir os de fora a comprar e persuadir os de dentro a acreditar\u201d, Wally Olins.<\/em><\/p>\n\n\n\n<p>Dessa forma, os arquitetos envolvidos em um projeto devem estudar muito bem o neg\u00f3cio e entender com o pessoal do Marketing os principais objetivos buscados. Depois, \u00e9 a equipe de Design quem deve passar as coordenadas sobre a <strong>identidade visual da marca<\/strong>. S\u00f3 assim ser\u00e1 poss\u00edvel criar ambientes, fachadas e outras solu\u00e7\u00f5es que dialoguem com o todo formatado. Garantir a coer\u00eancia da mensagem a ser passada faz toda a diferen\u00e7a!<\/p>\n\n\n\n<h3 class=\"wp-block-heading\">Elementos de Arquitetura e comunica\u00e7\u00e3o visual<\/h3>\n\n\n\n<p>H\u00e1 diferentes pontos onde a comunica\u00e7\u00e3o visual fica evidente e exerce um papel de destaque na Arquitetura. Alguns deles s\u00e3o:<\/p>\n\n\n\n<ul><li>&#8211; <strong>Cores:<\/strong> a paleta de cores, incluindo seu manual de aplica\u00e7\u00f5es, deve ser respeitada. Isso n\u00e3o significa que toda a fachada de uma empresa, por exemplo, deva ser pintada de vermelho s\u00f3 porque o logo tem essa cor. O projeto arquitet\u00f4nico precisa propor solu\u00e7\u00f5es de maneira coerente e criativa.\u00a0<\/li><\/ul>\n\n\n\n<ul><li>&#8211; <strong>Materiais:<\/strong> por possu\u00edrem personalidades pr\u00f3prias, os materiais devem ser escolhidos com cuidado. Para neg\u00f3cios que trabalham com produtos naturais, a madeira tende a fazer sentido. J\u00e1 para os que s\u00e3o da \u00e1rea tecnol\u00f3gica, a\u00e7o e vidro podem traduzir de modo adequado a proposta.\u00a0<\/li><\/ul>\n\n\n\n<ul><li>&#8211; <strong>Design: <\/strong>o design tamb\u00e9m \u00e9 um elemento muito importante na rela\u00e7\u00e3o entre arquitetura e comunica\u00e7\u00e3o visual. A partir de seu desenho, ou formas, ele tra\u00e7a um aspecto de estilo, capaz de <strong>demonstrar a personalidade da marca<\/strong>.<\/li><\/ul>\n\n\n\n<h3 class=\"wp-block-heading\">Escolha dos profissionais\u00a0<\/h3>\n\n\n\n<p>Em um projeto que envolve o posicionamento estrat\u00e9gico do neg\u00f3cio \u00e9 de suma import\u00e2ncia a experi\u00eancia dos arquitetos. A <strong>DABUS<\/strong> <strong>ARQUITETURA<\/strong> atua com uma equipe altamente capacitada, com expertise em diferentes \u00e1reas e diversos cases de sucesso.<\/p>\n\n\n\n<p class=\"has-background has-very-light-gray-background-color\">Por isso, entre em contato pelo WhatsApp e saiba como a sua empresa pode ser beneficiada: <strong><a rel=\"noreferrer noopener\" aria-label=\" (abre numa nova aba)\" href=\"https:\/\/api.whatsapp.com\/send?l=pt&amp;phone=5511983276060\" target=\"_blank\">11 98327-6060<\/a><\/strong>*.<br><br>*Atendimento em hor\u00e1rio comercial.<\/p>\n","protected":false},"excerpt":{"rendered":"<p>Empresas, estabelecimentos comerciais, institui\u00e7\u00f5es de ensino e qualquer outro tipo de neg\u00f3cio precisam cuidar da imagem que transmitem ao mercado. Al\u00e9m das campanhas de marketing, [&hellip;]<\/p>\n","protected":false},"author":3,"featured_media":0,"comment_status":"open","ping_status":"open","sticky":false,"template":"","format":"standard","meta":[],"categories":[49],"tags":[],"yoast_head":"<!-- This site is optimized with the Yoast SEO plugin v20.8 - https:\/\/yoast.com\/wordpress\/plugins\/seo\/ -->\n<title>Arquitetura e comunica\u00e7\u00e3o visual: Como ali\u00e1-las? Veja as dicas!<\/title>\n<meta name=\"description\" content=\"Arquitetura e comunica\u00e7\u00e3o visual devem caminhar juntas pelo bem da marca e do neg\u00f3cio. Veja as dicas de como promover essa alian\u00e7a!\" \/>\n<meta name=\"robots\" content=\"index, follow, max-snippet:-1, max-image-preview:large, max-video-preview:-1\" \/>\n<link rel=\"canonical\" href=\"https:\/\/www.dabusarquitetura.com.br\/blog\/arquitetura-e-comunicacao-visual-como-alia-las\/\" \/>\n<meta property=\"og:locale\" content=\"pt_BR\" \/>\n<meta property=\"og:type\" content=\"article\" \/>\n<meta property=\"og:title\" content=\"Arquitetura e comunica\u00e7\u00e3o visual: Como ali\u00e1-las? Veja as dicas!\" \/>\n<meta property=\"og:description\" content=\"Arquitetura e comunica\u00e7\u00e3o visual devem caminhar juntas pelo bem da marca e do neg\u00f3cio. Veja as dicas de como promover essa alian\u00e7a!\" \/>\n<meta property=\"og:url\" content=\"https:\/\/www.dabusarquitetura.com.br\/blog\/arquitetura-e-comunicacao-visual-como-alia-las\/\" \/>\n<meta property=\"og:site_name\" content=\"DABUS ARQUITETURA\" \/>\n<meta property=\"article:published_time\" content=\"2020-08-28T17:38:04+00:00\" \/>\n<meta property=\"article:modified_time\" content=\"2020-08-28T17:46:13+00:00\" \/>\n<meta property=\"og:image\" content=\"http:\/\/www.dabus.com.br\/blog\/wp-content\/uploads\/2020\/08\/arquitetura-e-comunicacao-visual.png\" \/>\n<meta name=\"author\" content=\"heloisa.dabus\" \/>\n<meta name=\"twitter:card\" content=\"summary_large_image\" \/>\n<meta name=\"twitter:label1\" content=\"Escrito por\" \/>\n\t<meta name=\"twitter:data1\" content=\"heloisa.dabus\" \/>\n\t<meta name=\"twitter:label2\" content=\"Est. tempo de leitura\" \/>\n\t<meta name=\"twitter:data2\" content=\"3 minutos\" \/>\n<script type=\"application\/ld+json\" class=\"yoast-schema-graph\">{\"@context\":\"https:\/\/schema.org\",\"@graph\":[{\"@type\":\"WebPage\",\"@id\":\"https:\/\/www.dabusarquitetura.com.br\/blog\/arquitetura-e-comunicacao-visual-como-alia-las\/\",\"url\":\"https:\/\/www.dabusarquitetura.com.br\/blog\/arquitetura-e-comunicacao-visual-como-alia-las\/\",\"name\":\"Arquitetura e comunica\u00e7\u00e3o visual: Como ali\u00e1-las? Veja as dicas!\",\"isPartOf\":{\"@id\":\"https:\/\/www.dabusarquitetura.com.br\/blog\/#website\"},\"datePublished\":\"2020-08-28T17:38:04+00:00\",\"dateModified\":\"2020-08-28T17:46:13+00:00\",\"author\":{\"@id\":\"https:\/\/www.dabusarquitetura.com.br\/blog\/#\/schema\/person\/978b78d74759412a1cd43634996237c4\"},\"description\":\"Arquitetura e comunica\u00e7\u00e3o visual devem caminhar juntas pelo bem da marca e do neg\u00f3cio. Veja as dicas de como promover essa alian\u00e7a!\",\"breadcrumb\":{\"@id\":\"https:\/\/www.dabusarquitetura.com.br\/blog\/arquitetura-e-comunicacao-visual-como-alia-las\/#breadcrumb\"},\"inLanguage\":\"pt-BR\",\"potentialAction\":[{\"@type\":\"ReadAction\",\"target\":[\"https:\/\/www.dabusarquitetura.com.br\/blog\/arquitetura-e-comunicacao-visual-como-alia-las\/\"]}]},{\"@type\":\"BreadcrumbList\",\"@id\":\"https:\/\/www.dabusarquitetura.com.br\/blog\/arquitetura-e-comunicacao-visual-como-alia-las\/#breadcrumb\",\"itemListElement\":[{\"@type\":\"ListItem\",\"position\":1,\"name\":\"In\u00edcio\",\"item\":\"https:\/\/www.dabusarquitetura.com.br\/blog\/\"},{\"@type\":\"ListItem\",\"position\":2,\"name\":\"Arquitetura e comunica\u00e7\u00e3o visual: Como ali\u00e1-las?\"}]},{\"@type\":\"WebSite\",\"@id\":\"https:\/\/www.dabusarquitetura.com.br\/blog\/#website\",\"url\":\"https:\/\/www.dabusarquitetura.com.br\/blog\/\",\"name\":\"DABUS ARQUITETURA\",\"description\":\"Arquitetura Corporativa\",\"potentialAction\":[{\"@type\":\"SearchAction\",\"target\":{\"@type\":\"EntryPoint\",\"urlTemplate\":\"https:\/\/www.dabusarquitetura.com.br\/blog\/?s={search_term_string}\"},\"query-input\":\"required name=search_term_string\"}],\"inLanguage\":\"pt-BR\"},{\"@type\":\"Person\",\"@id\":\"https:\/\/www.dabusarquitetura.com.br\/blog\/#\/schema\/person\/978b78d74759412a1cd43634996237c4\",\"name\":\"heloisa.dabus\",\"image\":{\"@type\":\"ImageObject\",\"inLanguage\":\"pt-BR\",\"@id\":\"https:\/\/www.dabusarquitetura.com.br\/blog\/#\/schema\/person\/image\/\",\"url\":\"https:\/\/secure.gravatar.com\/avatar\/4078f4f8e54fb70a99a5e9edc642ecb1?s=96&d=mm&r=g\",\"contentUrl\":\"https:\/\/secure.gravatar.com\/avatar\/4078f4f8e54fb70a99a5e9edc642ecb1?s=96&d=mm&r=g\",\"caption\":\"heloisa.dabus\"},\"url\":\"https:\/\/www.dabusarquitetura.com.br\/blog\/author\/heloisa-dabus\/\"}]}<\/script>\n<!-- \/ Yoast SEO plugin. -->","yoast_head_json":{"title":"Arquitetura e comunica\u00e7\u00e3o visual: Como ali\u00e1-las? Veja as dicas!","description":"Arquitetura e comunica\u00e7\u00e3o visual devem caminhar juntas pelo bem da marca e do neg\u00f3cio. Veja as dicas de como promover essa alian\u00e7a!","robots":{"index":"index","follow":"follow","max-snippet":"max-snippet:-1","max-image-preview":"max-image-preview:large","max-video-preview":"max-video-preview:-1"},"canonical":"https:\/\/www.dabusarquitetura.com.br\/blog\/arquitetura-e-comunicacao-visual-como-alia-las\/","og_locale":"pt_BR","og_type":"article","og_title":"Arquitetura e comunica\u00e7\u00e3o visual: Como ali\u00e1-las? Veja as dicas!","og_description":"Arquitetura e comunica\u00e7\u00e3o visual devem caminhar juntas pelo bem da marca e do neg\u00f3cio. Veja as dicas de como promover essa alian\u00e7a!","og_url":"https:\/\/www.dabusarquitetura.com.br\/blog\/arquitetura-e-comunicacao-visual-como-alia-las\/","og_site_name":"DABUS ARQUITETURA","article_published_time":"2020-08-28T17:38:04+00:00","article_modified_time":"2020-08-28T17:46:13+00:00","og_image":[{"url":"http:\/\/www.dabus.com.br\/blog\/wp-content\/uploads\/2020\/08\/arquitetura-e-comunicacao-visual.png"}],"author":"heloisa.dabus","twitter_card":"summary_large_image","twitter_misc":{"Escrito por":"heloisa.dabus","Est. tempo de leitura":"3 minutos"},"schema":{"@context":"https:\/\/schema.org","@graph":[{"@type":"WebPage","@id":"https:\/\/www.dabusarquitetura.com.br\/blog\/arquitetura-e-comunicacao-visual-como-alia-las\/","url":"https:\/\/www.dabusarquitetura.com.br\/blog\/arquitetura-e-comunicacao-visual-como-alia-las\/","name":"Arquitetura e comunica\u00e7\u00e3o visual: Como ali\u00e1-las? Veja as dicas!","isPartOf":{"@id":"https:\/\/www.dabusarquitetura.com.br\/blog\/#website"},"datePublished":"2020-08-28T17:38:04+00:00","dateModified":"2020-08-28T17:46:13+00:00","author":{"@id":"https:\/\/www.dabusarquitetura.com.br\/blog\/#\/schema\/person\/978b78d74759412a1cd43634996237c4"},"description":"Arquitetura e comunica\u00e7\u00e3o visual devem caminhar juntas pelo bem da marca e do neg\u00f3cio. Veja as dicas de como promover essa alian\u00e7a!","breadcrumb":{"@id":"https:\/\/www.dabusarquitetura.com.br\/blog\/arquitetura-e-comunicacao-visual-como-alia-las\/#breadcrumb"},"inLanguage":"pt-BR","potentialAction":[{"@type":"ReadAction","target":["https:\/\/www.dabusarquitetura.com.br\/blog\/arquitetura-e-comunicacao-visual-como-alia-las\/"]}]},{"@type":"BreadcrumbList","@id":"https:\/\/www.dabusarquitetura.com.br\/blog\/arquitetura-e-comunicacao-visual-como-alia-las\/#breadcrumb","itemListElement":[{"@type":"ListItem","position":1,"name":"In\u00edcio","item":"https:\/\/www.dabusarquitetura.com.br\/blog\/"},{"@type":"ListItem","position":2,"name":"Arquitetura e comunica\u00e7\u00e3o visual: Como ali\u00e1-las?"}]},{"@type":"WebSite","@id":"https:\/\/www.dabusarquitetura.com.br\/blog\/#website","url":"https:\/\/www.dabusarquitetura.com.br\/blog\/","name":"DABUS ARQUITETURA","description":"Arquitetura Corporativa","potentialAction":[{"@type":"SearchAction","target":{"@type":"EntryPoint","urlTemplate":"https:\/\/www.dabusarquitetura.com.br\/blog\/?s={search_term_string}"},"query-input":"required name=search_term_string"}],"inLanguage":"pt-BR"},{"@type":"Person","@id":"https:\/\/www.dabusarquitetura.com.br\/blog\/#\/schema\/person\/978b78d74759412a1cd43634996237c4","name":"heloisa.dabus","image":{"@type":"ImageObject","inLanguage":"pt-BR","@id":"https:\/\/www.dabusarquitetura.com.br\/blog\/#\/schema\/person\/image\/","url":"https:\/\/secure.gravatar.com\/avatar\/4078f4f8e54fb70a99a5e9edc642ecb1?s=96&d=mm&r=g","contentUrl":"https:\/\/secure.gravatar.com\/avatar\/4078f4f8e54fb70a99a5e9edc642ecb1?s=96&d=mm&r=g","caption":"heloisa.dabus"},"url":"https:\/\/www.dabusarquitetura.com.br\/blog\/author\/heloisa-dabus\/"}]}},"_links":{"self":[{"href":"https:\/\/www.dabusarquitetura.com.br\/blog\/wp-json\/wp\/v2\/posts\/15350"}],"collection":[{"href":"https:\/\/www.dabusarquitetura.com.br\/blog\/wp-json\/wp\/v2\/posts"}],"about":[{"href":"https:\/\/www.dabusarquitetura.com.br\/blog\/wp-json\/wp\/v2\/types\/post"}],"author":[{"embeddable":true,"href":"https:\/\/www.dabusarquitetura.com.br\/blog\/wp-json\/wp\/v2\/users\/3"}],"replies":[{"embeddable":true,"href":"https:\/\/www.dabusarquitetura.com.br\/blog\/wp-json\/wp\/v2\/comments?post=15350"}],"version-history":[{"count":4,"href":"https:\/\/www.dabusarquitetura.com.br\/blog\/wp-json\/wp\/v2\/posts\/15350\/revisions"}],"predecessor-version":[{"id":15356,"href":"https:\/\/www.dabusarquitetura.com.br\/blog\/wp-json\/wp\/v2\/posts\/15350\/revisions\/15356"}],"wp:attachment":[{"href":"https:\/\/www.dabusarquitetura.com.br\/blog\/wp-json\/wp\/v2\/media?parent=15350"}],"wp:term":[{"taxonomy":"category","embeddable":true,"href":"https:\/\/www.dabusarquitetura.com.br\/blog\/wp-json\/wp\/v2\/categories?post=15350"},{"taxonomy":"post_tag","embeddable":true,"href":"https:\/\/www.dabusarquitetura.com.br\/blog\/wp-json\/wp\/v2\/tags?post=15350"}],"curies":[{"name":"wp","href":"https:\/\/api.w.org\/{rel}","templated":true}]}}