{"id":15336,"date":"2020-08-16T21:32:51","date_gmt":"2020-08-16T21:32:51","guid":{"rendered":"http:\/\/www.dabus.com.br\/blog\/?p=15336"},"modified":"2020-08-16T21:32:53","modified_gmt":"2020-08-16T21:32:53","slug":"como-reforcar-higiene-nas-escolas","status":"publish","type":"post","link":"https:\/\/www.dabusarquitetura.com.br\/blog\/como-reforcar-higiene-nas-escolas\/","title":{"rendered":"O que fazer para refor\u00e7ar a higiene nas escolas?"},"content":{"rendered":"\n<div class=\"wp-block-image\"><figure class=\"aligncenter\"><img decoding=\"async\" loading=\"lazy\" width=\"834\" height=\"317\" src=\"http:\/\/www.dabus.com.br\/blog\/wp-content\/uploads\/2020\/08\/reforcar-higiene-nas-escolas.png\" alt=\"Como fazer a higiene nas escolas\" class=\"wp-image-15337\" srcset=\"https:\/\/www.dabusarquitetura.com.br\/blog\/wp-content\/uploads\/2020\/08\/reforcar-higiene-nas-escolas.png 834w, https:\/\/www.dabusarquitetura.com.br\/blog\/wp-content\/uploads\/2020\/08\/reforcar-higiene-nas-escolas-300x114.png 300w, https:\/\/www.dabusarquitetura.com.br\/blog\/wp-content\/uploads\/2020\/08\/reforcar-higiene-nas-escolas-768x292.png 768w\" sizes=\"(max-width: 834px) 100vw, 834px\" \/><\/figure><\/div>\n\n\n\n<p>O mundo p\u00f3s-pandemia requer a manuten\u00e7\u00e3o de uma s\u00e9rie de cuidados com a sa\u00fade. A <strong>higiene nas escolas<\/strong> \u00e9 um ponto crucial, dado o volume de pessoas nesse ambiente. Os esfor\u00e7os de limpeza j\u00e1 realizados ali precisam ser redobrados, a fim de proteger toda a comunidade escolar.<\/p>\n\n\n\n<p>O revezamento de grupos de alunos entre as aulas presenciais, a redu\u00e7\u00e3o da capacidade de ocupa\u00e7\u00e3o dos espa\u00e7os e a marca\u00e7\u00e3o de lugares s\u00e3o medidas que contribuir\u00e3o para tornar a escola um local mais seguro. Contudo, hoje queremos destacar a quest\u00e3o da higieniza\u00e7\u00e3o, que dever\u00e1 assumir outras propor\u00e7\u00f5es.<\/p>\n\n\n\n<p>Ent\u00e3o, acompanhe e saiba o que fazer em sua institui\u00e7\u00e3o de ensino!<\/p>\n\n\n\n<h2 class=\"wp-block-heading\">Reeduca\u00e7\u00e3o sobre a higiene nas escolas<\/h2>\n\n\n\n<p>Pouco adianta <strong>definir novas pol\u00edticas escolares<\/strong> se os funcion\u00e1rios n\u00e3o estiverem bem-preparados para coloc\u00e1-las em pr\u00e1tica. Boa parte disso depende de um processo de (re) educa\u00e7\u00e3o e <strong>conscientiza\u00e7\u00e3o<\/strong> acerca dos cuidados que precisam passar a ser tomados.<\/p>\n\n\n\n<p>Professores, inspetores, faxineiros, diretores e todos os outros agentes precisam estar <strong>engajados e comprometidos<\/strong> com a causa do momento. Portanto, mais do que definir protocolos de limpeza, \u00e9 necess\u00e1rio atuar para <strong>mudar a cultura antiga<\/strong>. Essa \u00e9 uma miss\u00e3o que exige alinhamento, treinamento e acompanhamento.<\/p>\n\n\n\n<p>Feitas tais considera\u00e7\u00f5es, a seguir relacionamos algumas dicas que podem ajudar a rever e a redefinir as pr\u00e1ticas de higiene nas escolas.<\/p>\n\n\n\n<h3 class=\"wp-block-heading\">Higieniza\u00e7\u00e3o das m\u00e3os<\/h3>\n\n\n\n<p>Como todos sabem, a limpeza constante das m\u00e3os \u00e9 fundamental contra o coronav\u00edrus. Assim, o ambiente escolar deve facilitar esse h\u00e1bito a partir da disponibiliza\u00e7\u00e3o de \u00e1lcool em gel e lavat\u00f3rios com \u00e1gua e sab\u00e3o. Para aumentar os pontos de contato com esses produtos \u00e9 poss\u00edvel recorrer aos <strong>dispensers<\/strong>. Os modelos com acionamento por pedal s\u00e3o os ideais. Locais de maior circula\u00e7\u00e3o como recep\u00e7\u00e3o, corredores e refeit\u00f3rio devem ser priorizados.<\/p>\n\n\n\n<h3 class=\"wp-block-heading\">Limpeza das salas<\/h3>\n\n\n\n<p>Tanto as salas de aula, quanto as demais, precisam ser desinfectadas logo ap\u00f3s o uso. Entre uma turma e outra as superf\u00edcies devem ser cuidadosamente higienizadas com detergente neutro e, em seguida, com \u00e1lcool 70%, hipoclorito de s\u00f3dio ou \u00e1gua sanit\u00e1ria.<\/p>\n\n\n\n<p>Ao entrar na \u00e1rea a ser limpa, a primeira provid\u00eancia tem de ser abrir as janelas para <strong>arejar o ambiente<\/strong>. Os objetos mais tocados merecem aten\u00e7\u00e3o especial. Entre eles: interruptores, ma\u00e7anetas das portas, mesas, cadeiras e teclados de computadores.<\/p>\n\n\n\n<h3 class=\"wp-block-heading\">Precau\u00e7\u00f5es quanto \u00e0 alimenta\u00e7\u00e3o<\/h3>\n\n\n\n<p>A higiene nas escolas p\u00f3s-pandemia exige extremo cuidado na <strong>hora das refei\u00e7\u00f5es<\/strong>. Por isso, os alunos devem ser orientados a levarem os seus lanches e a utilizarem somente os seus utens\u00edlios. Sem compartilhamento! Os bebedouros precisam ser desativados e os espa\u00e7os para se alimentar devem ter sua ocupa\u00e7\u00e3o reduzida.<\/p>\n\n\n\n<h3 class=\"wp-block-heading\">Uso de EPI<\/h3>\n\n\n\n<p>Todo o processo de limpeza do ambiente escolar deve acontecer por profissionais treinados. O uso de <a href=\"https:\/\/onsafety.com.br\/o-que-e-epi\/\">equipamentos de prote\u00e7\u00e3o individual (EPIs)<\/a> tem de ser uma constante. Ent\u00e3o, cabe \u00e0 dire\u00e7\u00e3o orientar os seus colaboradores e lhes fornecer os materiais necess\u00e1rios para a realiza\u00e7\u00e3o do trabalho de maneira segura. S\u00f3 assim o resultado ser\u00e1 satisfat\u00f3rio.<\/p>\n\n\n\n<p>Vale lembrar que os EPIs reutiliz\u00e1veis devem ser armazenados em embalagens pr\u00f3prias, hermeticamente fechadas e higienizadas. J\u00e1 os equipamentos descart\u00e1veis precisam ser direcionados aos locais apropriados.<\/p>\n\n\n\n<h3 class=\"wp-block-heading\">Lembretes e orienta\u00e7\u00f5es<\/h3>\n\n\n\n<p>Cartazes ilustrativos, checklist de procedimentos, painel com hor\u00e1rios de limpeza e outras informa\u00e7\u00f5es podem ser disponibilizados como forma de lembretes para toda a equipe. Isso ajuda no processo de mudan\u00e7a de cultura e assegura o cumprimento dos protocolos tra\u00e7ados. <\/p>\n\n\n\n<p>Sua institui\u00e7\u00e3o est\u00e1 preparada para uma nova rotina? Leia tamb\u00e9m nosso artigo sobre as <a href=\"https:\/\/www.dabus.com.br\/blog\/2020\/07\/tendencias-escolas-pos-pandemia\/\"><strong>tend\u00eancias para as escolas p\u00f3s-pandemia<\/strong><\/a>! <\/p>\n\n\n\n<p style=\"text-align:center\">Refer\u00eancia: <a href=\"http:\/\/www.rsterceirizacao.com.br\/cuidados-com-higiene-e-limpeza-nas-escolas-pos-pandemia\/\">RS Servi\u00e7os<\/a>.<\/p>\n","protected":false},"excerpt":{"rendered":"<p>O mundo p\u00f3s-pandemia requer a manuten\u00e7\u00e3o de uma s\u00e9rie de cuidados com a sa\u00fade. A higiene nas escolas \u00e9 um ponto crucial, dado o volume [&hellip;]<\/p>\n","protected":false},"author":3,"featured_media":0,"comment_status":"open","ping_status":"open","sticky":false,"template":"","format":"standard","meta":[],"categories":[49],"tags":[],"yoast_head":"<!-- This site is optimized with the Yoast SEO plugin v20.8 - https:\/\/yoast.com\/wordpress\/plugins\/seo\/ -->\n<title>O que fazer para refor\u00e7ar a higiene nas escolas? Veja as dicas!<\/title>\n<meta name=\"description\" content=\"A higiene nas escolas \u00e9 crucial no mundo p\u00f3s-pandemia. A seguran\u00e7a dos alunos e de toda a comunidade depende de pr\u00e1ticas como as relacionadas neste post.\" \/>\n<meta name=\"robots\" content=\"index, follow, max-snippet:-1, max-image-preview:large, max-video-preview:-1\" \/>\n<link rel=\"canonical\" href=\"https:\/\/www.dabusarquitetura.com.br\/blog\/como-reforcar-higiene-nas-escolas\/\" \/>\n<meta property=\"og:locale\" content=\"pt_BR\" \/>\n<meta property=\"og:type\" content=\"article\" \/>\n<meta property=\"og:title\" content=\"O que fazer para refor\u00e7ar a higiene nas escolas? Veja as dicas!\" \/>\n<meta property=\"og:description\" content=\"A higiene nas escolas \u00e9 crucial no mundo p\u00f3s-pandemia. A seguran\u00e7a dos alunos e de toda a comunidade depende de pr\u00e1ticas como as relacionadas neste post.\" \/>\n<meta property=\"og:url\" content=\"https:\/\/www.dabusarquitetura.com.br\/blog\/como-reforcar-higiene-nas-escolas\/\" \/>\n<meta property=\"og:site_name\" content=\"DABUS ARQUITETURA\" \/>\n<meta property=\"article:published_time\" content=\"2020-08-16T21:32:51+00:00\" \/>\n<meta property=\"article:modified_time\" content=\"2020-08-16T21:32:53+00:00\" \/>\n<meta property=\"og:image\" content=\"http:\/\/www.dabus.com.br\/blog\/wp-content\/uploads\/2020\/08\/reforcar-higiene-nas-escolas.png\" \/>\n<meta name=\"author\" content=\"heloisa.dabus\" \/>\n<meta name=\"twitter:card\" content=\"summary_large_image\" \/>\n<meta name=\"twitter:label1\" content=\"Escrito por\" \/>\n\t<meta name=\"twitter:data1\" content=\"heloisa.dabus\" \/>\n\t<meta name=\"twitter:label2\" content=\"Est. tempo de leitura\" \/>\n\t<meta name=\"twitter:data2\" content=\"3 minutos\" \/>\n<script type=\"application\/ld+json\" class=\"yoast-schema-graph\">{\"@context\":\"https:\/\/schema.org\",\"@graph\":[{\"@type\":\"WebPage\",\"@id\":\"https:\/\/www.dabusarquitetura.com.br\/blog\/como-reforcar-higiene-nas-escolas\/\",\"url\":\"https:\/\/www.dabusarquitetura.com.br\/blog\/como-reforcar-higiene-nas-escolas\/\",\"name\":\"O que fazer para refor\u00e7ar a higiene nas escolas? Veja as dicas!\",\"isPartOf\":{\"@id\":\"https:\/\/www.dabusarquitetura.com.br\/blog\/#website\"},\"datePublished\":\"2020-08-16T21:32:51+00:00\",\"dateModified\":\"2020-08-16T21:32:53+00:00\",\"author\":{\"@id\":\"https:\/\/www.dabusarquitetura.com.br\/blog\/#\/schema\/person\/978b78d74759412a1cd43634996237c4\"},\"description\":\"A higiene nas escolas \u00e9 crucial no mundo p\u00f3s-pandemia. A seguran\u00e7a dos alunos e de toda a comunidade depende de pr\u00e1ticas como as relacionadas neste post.\",\"breadcrumb\":{\"@id\":\"https:\/\/www.dabusarquitetura.com.br\/blog\/como-reforcar-higiene-nas-escolas\/#breadcrumb\"},\"inLanguage\":\"pt-BR\",\"potentialAction\":[{\"@type\":\"ReadAction\",\"target\":[\"https:\/\/www.dabusarquitetura.com.br\/blog\/como-reforcar-higiene-nas-escolas\/\"]}]},{\"@type\":\"BreadcrumbList\",\"@id\":\"https:\/\/www.dabusarquitetura.com.br\/blog\/como-reforcar-higiene-nas-escolas\/#breadcrumb\",\"itemListElement\":[{\"@type\":\"ListItem\",\"position\":1,\"name\":\"In\u00edcio\",\"item\":\"https:\/\/www.dabusarquitetura.com.br\/blog\/\"},{\"@type\":\"ListItem\",\"position\":2,\"name\":\"O que fazer para refor\u00e7ar a higiene nas escolas?\"}]},{\"@type\":\"WebSite\",\"@id\":\"https:\/\/www.dabusarquitetura.com.br\/blog\/#website\",\"url\":\"https:\/\/www.dabusarquitetura.com.br\/blog\/\",\"name\":\"DABUS ARQUITETURA\",\"description\":\"Arquitetura Corporativa\",\"potentialAction\":[{\"@type\":\"SearchAction\",\"target\":{\"@type\":\"EntryPoint\",\"urlTemplate\":\"https:\/\/www.dabusarquitetura.com.br\/blog\/?s={search_term_string}\"},\"query-input\":\"required name=search_term_string\"}],\"inLanguage\":\"pt-BR\"},{\"@type\":\"Person\",\"@id\":\"https:\/\/www.dabusarquitetura.com.br\/blog\/#\/schema\/person\/978b78d74759412a1cd43634996237c4\",\"name\":\"heloisa.dabus\",\"image\":{\"@type\":\"ImageObject\",\"inLanguage\":\"pt-BR\",\"@id\":\"https:\/\/www.dabusarquitetura.com.br\/blog\/#\/schema\/person\/image\/\",\"url\":\"https:\/\/secure.gravatar.com\/avatar\/4078f4f8e54fb70a99a5e9edc642ecb1?s=96&d=mm&r=g\",\"contentUrl\":\"https:\/\/secure.gravatar.com\/avatar\/4078f4f8e54fb70a99a5e9edc642ecb1?s=96&d=mm&r=g\",\"caption\":\"heloisa.dabus\"},\"url\":\"https:\/\/www.dabusarquitetura.com.br\/blog\/author\/heloisa-dabus\/\"}]}<\/script>\n<!-- \/ Yoast SEO plugin. -->","yoast_head_json":{"title":"O que fazer para refor\u00e7ar a higiene nas escolas? Veja as dicas!","description":"A higiene nas escolas \u00e9 crucial no mundo p\u00f3s-pandemia. A seguran\u00e7a dos alunos e de toda a comunidade depende de pr\u00e1ticas como as relacionadas neste post.","robots":{"index":"index","follow":"follow","max-snippet":"max-snippet:-1","max-image-preview":"max-image-preview:large","max-video-preview":"max-video-preview:-1"},"canonical":"https:\/\/www.dabusarquitetura.com.br\/blog\/como-reforcar-higiene-nas-escolas\/","og_locale":"pt_BR","og_type":"article","og_title":"O que fazer para refor\u00e7ar a higiene nas escolas? Veja as dicas!","og_description":"A higiene nas escolas \u00e9 crucial no mundo p\u00f3s-pandemia. A seguran\u00e7a dos alunos e de toda a comunidade depende de pr\u00e1ticas como as relacionadas neste post.","og_url":"https:\/\/www.dabusarquitetura.com.br\/blog\/como-reforcar-higiene-nas-escolas\/","og_site_name":"DABUS ARQUITETURA","article_published_time":"2020-08-16T21:32:51+00:00","article_modified_time":"2020-08-16T21:32:53+00:00","og_image":[{"url":"http:\/\/www.dabus.com.br\/blog\/wp-content\/uploads\/2020\/08\/reforcar-higiene-nas-escolas.png"}],"author":"heloisa.dabus","twitter_card":"summary_large_image","twitter_misc":{"Escrito por":"heloisa.dabus","Est. tempo de leitura":"3 minutos"},"schema":{"@context":"https:\/\/schema.org","@graph":[{"@type":"WebPage","@id":"https:\/\/www.dabusarquitetura.com.br\/blog\/como-reforcar-higiene-nas-escolas\/","url":"https:\/\/www.dabusarquitetura.com.br\/blog\/como-reforcar-higiene-nas-escolas\/","name":"O que fazer para refor\u00e7ar a higiene nas escolas? Veja as dicas!","isPartOf":{"@id":"https:\/\/www.dabusarquitetura.com.br\/blog\/#website"},"datePublished":"2020-08-16T21:32:51+00:00","dateModified":"2020-08-16T21:32:53+00:00","author":{"@id":"https:\/\/www.dabusarquitetura.com.br\/blog\/#\/schema\/person\/978b78d74759412a1cd43634996237c4"},"description":"A higiene nas escolas \u00e9 crucial no mundo p\u00f3s-pandemia. A seguran\u00e7a dos alunos e de toda a comunidade depende de pr\u00e1ticas como as relacionadas neste post.","breadcrumb":{"@id":"https:\/\/www.dabusarquitetura.com.br\/blog\/como-reforcar-higiene-nas-escolas\/#breadcrumb"},"inLanguage":"pt-BR","potentialAction":[{"@type":"ReadAction","target":["https:\/\/www.dabusarquitetura.com.br\/blog\/como-reforcar-higiene-nas-escolas\/"]}]},{"@type":"BreadcrumbList","@id":"https:\/\/www.dabusarquitetura.com.br\/blog\/como-reforcar-higiene-nas-escolas\/#breadcrumb","itemListElement":[{"@type":"ListItem","position":1,"name":"In\u00edcio","item":"https:\/\/www.dabusarquitetura.com.br\/blog\/"},{"@type":"ListItem","position":2,"name":"O que fazer para refor\u00e7ar a higiene nas escolas?"}]},{"@type":"WebSite","@id":"https:\/\/www.dabusarquitetura.com.br\/blog\/#website","url":"https:\/\/www.dabusarquitetura.com.br\/blog\/","name":"DABUS ARQUITETURA","description":"Arquitetura Corporativa","potentialAction":[{"@type":"SearchAction","target":{"@type":"EntryPoint","urlTemplate":"https:\/\/www.dabusarquitetura.com.br\/blog\/?s={search_term_string}"},"query-input":"required name=search_term_string"}],"inLanguage":"pt-BR"},{"@type":"Person","@id":"https:\/\/www.dabusarquitetura.com.br\/blog\/#\/schema\/person\/978b78d74759412a1cd43634996237c4","name":"heloisa.dabus","image":{"@type":"ImageObject","inLanguage":"pt-BR","@id":"https:\/\/www.dabusarquitetura.com.br\/blog\/#\/schema\/person\/image\/","url":"https:\/\/secure.gravatar.com\/avatar\/4078f4f8e54fb70a99a5e9edc642ecb1?s=96&d=mm&r=g","contentUrl":"https:\/\/secure.gravatar.com\/avatar\/4078f4f8e54fb70a99a5e9edc642ecb1?s=96&d=mm&r=g","caption":"heloisa.dabus"},"url":"https:\/\/www.dabusarquitetura.com.br\/blog\/author\/heloisa-dabus\/"}]}},"_links":{"self":[{"href":"https:\/\/www.dabusarquitetura.com.br\/blog\/wp-json\/wp\/v2\/posts\/15336"}],"collection":[{"href":"https:\/\/www.dabusarquitetura.com.br\/blog\/wp-json\/wp\/v2\/posts"}],"about":[{"href":"https:\/\/www.dabusarquitetura.com.br\/blog\/wp-json\/wp\/v2\/types\/post"}],"author":[{"embeddable":true,"href":"https:\/\/www.dabusarquitetura.com.br\/blog\/wp-json\/wp\/v2\/users\/3"}],"replies":[{"embeddable":true,"href":"https:\/\/www.dabusarquitetura.com.br\/blog\/wp-json\/wp\/v2\/comments?post=15336"}],"version-history":[{"count":6,"href":"https:\/\/www.dabusarquitetura.com.br\/blog\/wp-json\/wp\/v2\/posts\/15336\/revisions"}],"predecessor-version":[{"id":15343,"href":"https:\/\/www.dabusarquitetura.com.br\/blog\/wp-json\/wp\/v2\/posts\/15336\/revisions\/15343"}],"wp:attachment":[{"href":"https:\/\/www.dabusarquitetura.com.br\/blog\/wp-json\/wp\/v2\/media?parent=15336"}],"wp:term":[{"taxonomy":"category","embeddable":true,"href":"https:\/\/www.dabusarquitetura.com.br\/blog\/wp-json\/wp\/v2\/categories?post=15336"},{"taxonomy":"post_tag","embeddable":true,"href":"https:\/\/www.dabusarquitetura.com.br\/blog\/wp-json\/wp\/v2\/tags?post=15336"}],"curies":[{"name":"wp","href":"https:\/\/api.w.org\/{rel}","templated":true}]}}